
{"id":717,"date":"2016-05-31T10:07:47","date_gmt":"2016-05-31T08:07:47","guid":{"rendered":"http:\/\/www.euroresidentes.com\/empresa\/derecho-mercantil\/?p=717"},"modified":"2018-04-16T13:12:49","modified_gmt":"2018-04-16T11:12:49","slug":"que-novedades-introducira-el-nuevo-reglamento-europeo-de-proteccion-de-datos","status":"publish","type":"post","link":"https:\/\/www.euroresidentes.com\/empresa\/derecho-mercantil\/que-novedades-introducira-el-nuevo-reglamento-europeo-de-proteccion-de-datos\/","title":{"rendered":"\u00bfQu\u00e9 novedades introducir\u00e1 el Nuevo Reglamento Europeo de Protecci\u00f3n de Datos?"},"content":{"rendered":"<p><a href=\"http:\/\/www.euroresidentes.com\/empresa\/derecho-mercantil\/wp-content\/uploads\/sites\/12\/2016\/05\/proteccion-de-datos-personales.jpg\"><img loading=\"lazy\" decoding=\"async\" class=\"aligncenter size-full wp-image-718\" src=\"http:\/\/www.euroresidentes.com\/empresa\/derecho-mercantil\/wp-content\/uploads\/sites\/12\/2016\/05\/proteccion-de-datos-personales.jpg\" alt=\"proteccion-de-datos-personales\" width=\"700\" height=\"525\" srcset=\"https:\/\/www.euroresidentes.com\/empresa\/derecho-mercantil\/wp-content\/uploads\/sites\/12\/2016\/05\/proteccion-de-datos-personales.jpg 700w, https:\/\/www.euroresidentes.com\/empresa\/derecho-mercantil\/wp-content\/uploads\/sites\/12\/2016\/05\/proteccion-de-datos-personales-300x225.jpg 300w\" sizes=\"auto, (max-width: 700px) 100vw, 700px\" \/><\/a>La protecci\u00f3n de datos es una disciplina jur\u00eddica de reciente creaci\u00f3n que tiene por objeto proteger la intimidad y dem\u00e1s derechos fundamentales de las personas f\u00edsicas frente al riesgo que para ellos supone la recopilaci\u00f3n y el uso de sus datos personales, entendiendo como tales a toda aquella informaci\u00f3n que forma parte de su esfera privada y que puede ser utilizada para evaluar determinados aspectos de su personalidad.<\/p>\n<p>&nbsp;<\/p>\n<p>El 4 de mayo de 2016 se public\u00f3 en el Diario Oficial de la Uni\u00f3n Europea el nuevo Reglamento general de protecci\u00f3n de datos. Este Reglamento ser\u00e1 de aplicaci\u00f3n desde el <strong>25 de mayo de 2018<\/strong>, fecha en la que las empresas e instituciones afectadas deber\u00e1n estar adaptadas al Reglamento. La reforma pretende devolver a los ciudadanos el control de sus datos personales y garantizar en toda la Uni\u00f3n Europea unos est\u00e1ndares de protecci\u00f3n elevados y adaptados al entorno digital.<\/p>\n<p>&nbsp;<\/p>\n<p>Mientras tanto, la normativa que se aplicar\u00e1 hasta entonces en Espa\u00f1a en materia de protecci\u00f3n de datos seguir\u00e1 siendo la legislaci\u00f3n actual, es decir, Ley Org\u00e1nica de Protecci\u00f3n de Datos y su normativa de desarrollo.<\/p>\n<p>&nbsp;<\/p>\n<p>El Reglamento se aplicar\u00e1 como hasta ahora a responsables y encargados de tratamiento de datos establecidos en la Uni\u00f3n Europea, y se ampliar\u00e1 a responsables y encargados no establecidos en la Uni\u00f3n Europea siempre que realicen tratamientos derivados de una oferta de bienes o servicios destinados a ciudadanos de la Uni\u00f3n.<\/p>\n<p>&nbsp;<\/p>\n<p>Ello implica que el Reglamento sea aplicable a empresas que, hasta ahora, pod\u00edan estar tratando datos de personas de la Uni\u00f3n y, sin embargo, se reg\u00edan por normativas de regiones o pa\u00edses diferentes que no siempre ofrecen el mismo nivel de protecci\u00f3n.<\/p>\n<p>&nbsp;<\/p>\n<p>La empresa deber\u00e1 nombrar a un delegado de protecci\u00f3n de datos s\u00f3lo si su actividad principal en observar habitual y sistem\u00e1ticamente a personas y tratar datos especialmente sensibles. Las autoridades y organismos p\u00fablicos obligatoriamente s\u00ed deben nombrarlo.<\/p>\n<p>&nbsp;<\/p>\n<p>Las nuevas reglas incluyen, entre otras disposiciones:<\/p>\n<ul>\n<li>El derecho al \u201colvido\u201d, mediante la rectificaci\u00f3n o supresi\u00f3n de los datos personales.<\/li>\n<li>La \u201cportabilidad\u201d, o el derecho a trasladar los datos a otro proveedor de servicios.<\/li>\n<li>El derecho a ser informado si los datos personales han sido pirateados.<\/li>\n<li>Lenguaje claro y comprensible sobre las cl\u00e1usulas de privacidad.<\/li>\n<\/ul>\n<p>&nbsp;<\/p>\n<p>Respecto a la forma en la que hay que obtener el consentimiento, el Reglamento pide que el consentimiento sea <strong>libre, informado, espec\u00edfico <\/strong>e <strong>inequ\u00edvoco<\/strong> y <strong>expl\u00edcito <\/strong>en algunos casos, como puede ser para autorizar el tratamiento de datos sensibles. Hay que tener en cuenta que el consentimiento tiene que ser <strong>verificable <\/strong>y que quienes recopilen datos personales deben ser capaces de demostrar que el afectado les otorg\u00f3 el consentimiento.<\/p>\n<p>&nbsp;<\/p>\n<p>Por lo que se refiere al r\u00e9gimen sancionador del reglamento, prev\u00e9 un sistema de multas que se deber\u00e1n graduar en funci\u00f3n de cada caso, cuyo importe puede alcanzar los 20.000 euros o, trat\u00e1ndose de empresas, el 4% del volumen del negocio total anual global del ejercicio financiero anterior.<\/p>\n<p>&nbsp;<\/p>\n<p>En definitiva, las organizaciones y empresas que tratan con datos personales deber\u00edan comenzar a preparar la aplicaci\u00f3n de estas medidas derivadas del nuevo Reglamento. La ventaja de una aplicaci\u00f3n temprana es que permitir\u00e1 corregir errores para el momento en que el Reglamento sea de aplicaci\u00f3n, detectando las dificultades, insuficiencias en una etapa en la que estas medidas a\u00fan no son obligatorias.<\/p>\n","protected":false},"excerpt":{"rendered":"<p>La protecci\u00f3n de datos es una disciplina jur\u00eddica de reciente creaci\u00f3n que tiene por objeto proteger la intimidad y dem\u00e1s derechos fundamentales de las personas f\u00edsicas frente al riesgo que para ellos supone la recopilaci\u00f3n y el uso de sus datos personales, entendiendo como tales a toda aquella informaci\u00f3n que forma parte de su esfera privada y que puede ser utilizada para evaluar determinados aspectos de su personalidad. &nbsp; El 4 de mayo de 2016 se public\u00f3 en el Diario Oficial de la Uni\u00f3n Europea el nuevo Reglamento general de protecci\u00f3n de datos. Este Reglamento ser\u00e1 de aplicaci\u00f3n desde el <\/p>\n","protected":false},"author":9,"featured_media":718,"comment_status":"closed","ping_status":"open","sticky":false,"template":"","format":"standard","meta":{"footnotes":""},"categories":[178],"tags":[],"class_list":["post-717","post","type-post","status-publish","format-standard","has-post-thumbnail","hentry","category-proteccion-datos","has_thumb"],"yoast_head":"<!-- This site is optimized with the Yoast SEO plugin v27.5 - https:\/\/yoast.com\/product\/yoast-seo-wordpress\/ -->\n<title>\u00bfQu\u00e9 novedades introducir\u00e1 el Nuevo Reglamento Europeo de Protecci\u00f3n de Datos? - Derecho Mercantil<\/title>\n<meta name=\"robots\" content=\"index, follow, max-snippet:-1, max-image-preview:large, max-video-preview:-1\" \/>\n<link rel=\"canonical\" href=\"https:\/\/www.euroresidentes.com\/empresa\/derecho-mercantil\/que-novedades-introducira-el-nuevo-reglamento-europeo-de-proteccion-de-datos\/\" \/>\n<meta property=\"og:locale\" content=\"es_ES\" \/>\n<meta property=\"og:type\" content=\"article\" \/>\n<meta property=\"og:title\" content=\"\u00bfQu\u00e9 novedades introducir\u00e1 el Nuevo Reglamento Europeo de Protecci\u00f3n de Datos? - Derecho Mercantil\" \/>\n<meta property=\"og:description\" content=\"La protecci\u00f3n de datos es una disciplina jur\u00eddica de reciente creaci\u00f3n que tiene por objeto proteger la intimidad y dem\u00e1s derechos fundamentales de las personas f\u00edsicas frente al riesgo que para ellos supone la recopilaci\u00f3n y el uso de sus datos personales, entendiendo como tales a toda aquella informaci\u00f3n que forma parte de su esfera privada y que puede ser utilizada para evaluar determinados aspectos de su personalidad. &nbsp; El 4 de mayo de 2016 se public\u00f3 en el Diario Oficial de la Uni\u00f3n Europea el nuevo Reglamento general de protecci\u00f3n de datos. Este Reglamento ser\u00e1 de aplicaci\u00f3n desde el\" \/>\n<meta property=\"og:url\" content=\"https:\/\/www.euroresidentes.com\/empresa\/derecho-mercantil\/que-novedades-introducira-el-nuevo-reglamento-europeo-de-proteccion-de-datos\/\" \/>\n<meta property=\"og:site_name\" content=\"Derecho Mercantil\" \/>\n<meta property=\"article:publisher\" content=\"https:\/\/www.facebook.com\/euroresidentes\/\" \/>\n<meta property=\"article:published_time\" content=\"2016-05-31T08:07:47+00:00\" \/>\n<meta property=\"article:modified_time\" content=\"2018-04-16T11:12:49+00:00\" \/>\n<meta property=\"og:image\" content=\"https:\/\/www.euroresidentes.com\/empresa\/derecho-mercantil\/wp-content\/uploads\/sites\/12\/2016\/05\/proteccion-de-datos-personales.jpg\" \/>\n\t<meta property=\"og:image:width\" content=\"700\" \/>\n\t<meta property=\"og:image:height\" content=\"525\" \/>\n\t<meta property=\"og:image:type\" content=\"image\/jpeg\" \/>\n<meta name=\"author\" content=\"Manuel Pomares\" \/>\n<meta name=\"twitter:card\" content=\"summary_large_image\" \/>\n<meta name=\"twitter:label1\" content=\"Written by\" \/>\n\t<meta name=\"twitter:data1\" content=\"Manuel Pomares\" \/>\n\t<meta name=\"twitter:label2\" content=\"Est. reading time\" \/>\n\t<meta name=\"twitter:data2\" content=\"3 minutos\" \/>\n<script type=\"application\/ld+json\" class=\"yoast-schema-graph\">{\"@context\":\"https:\\\/\\\/schema.org\",\"@graph\":[{\"@type\":\"Article\",\"@id\":\"https:\\\/\\\/www.euroresidentes.com\\\/empresa\\\/derecho-mercantil\\\/que-novedades-introducira-el-nuevo-reglamento-europeo-de-proteccion-de-datos\\\/#article\",\"isPartOf\":{\"@id\":\"https:\\\/\\\/www.euroresidentes.com\\\/empresa\\\/derecho-mercantil\\\/que-novedades-introducira-el-nuevo-reglamento-europeo-de-proteccion-de-datos\\\/\"},\"author\":{\"name\":\"Manuel Pomares\",\"@id\":\"https:\\\/\\\/www.euroresidentes.com\\\/empresa\\\/derecho-mercantil\\\/#\\\/schema\\\/person\\\/1f848038ac5623245414f398a267708f\"},\"headline\":\"\u00bfQu\u00e9 novedades introducir\u00e1 el Nuevo Reglamento Europeo de Protecci\u00f3n de Datos?\",\"datePublished\":\"2016-05-31T08:07:47+00:00\",\"dateModified\":\"2018-04-16T11:12:49+00:00\",\"mainEntityOfPage\":{\"@id\":\"https:\\\/\\\/www.euroresidentes.com\\\/empresa\\\/derecho-mercantil\\\/que-novedades-introducira-el-nuevo-reglamento-europeo-de-proteccion-de-datos\\\/\"},\"wordCount\":607,\"image\":{\"@id\":\"https:\\\/\\\/www.euroresidentes.com\\\/empresa\\\/derecho-mercantil\\\/que-novedades-introducira-el-nuevo-reglamento-europeo-de-proteccion-de-datos\\\/#primaryimage\"},\"thumbnailUrl\":\"https:\\\/\\\/www.euroresidentes.com\\\/empresa\\\/derecho-mercantil\\\/wp-content\\\/uploads\\\/sites\\\/12\\\/2016\\\/05\\\/proteccion-de-datos-personales.jpg\",\"articleSection\":[\"Protecci\u00f3n de Datos\"],\"inLanguage\":\"es\"},{\"@type\":\"WebPage\",\"@id\":\"https:\\\/\\\/www.euroresidentes.com\\\/empresa\\\/derecho-mercantil\\\/que-novedades-introducira-el-nuevo-reglamento-europeo-de-proteccion-de-datos\\\/\",\"url\":\"https:\\\/\\\/www.euroresidentes.com\\\/empresa\\\/derecho-mercantil\\\/que-novedades-introducira-el-nuevo-reglamento-europeo-de-proteccion-de-datos\\\/\",\"name\":\"\u00bfQu\u00e9 novedades introducir\u00e1 el Nuevo Reglamento Europeo de Protecci\u00f3n de Datos? - Derecho Mercantil\",\"isPartOf\":{\"@id\":\"https:\\\/\\\/www.euroresidentes.com\\\/empresa\\\/derecho-mercantil\\\/#website\"},\"primaryImageOfPage\":{\"@id\":\"https:\\\/\\\/www.euroresidentes.com\\\/empresa\\\/derecho-mercantil\\\/que-novedades-introducira-el-nuevo-reglamento-europeo-de-proteccion-de-datos\\\/#primaryimage\"},\"image\":{\"@id\":\"https:\\\/\\\/www.euroresidentes.com\\\/empresa\\\/derecho-mercantil\\\/que-novedades-introducira-el-nuevo-reglamento-europeo-de-proteccion-de-datos\\\/#primaryimage\"},\"thumbnailUrl\":\"https:\\\/\\\/www.euroresidentes.com\\\/empresa\\\/derecho-mercantil\\\/wp-content\\\/uploads\\\/sites\\\/12\\\/2016\\\/05\\\/proteccion-de-datos-personales.jpg\",\"datePublished\":\"2016-05-31T08:07:47+00:00\",\"dateModified\":\"2018-04-16T11:12:49+00:00\",\"author\":{\"@id\":\"https:\\\/\\\/www.euroresidentes.com\\\/empresa\\\/derecho-mercantil\\\/#\\\/schema\\\/person\\\/1f848038ac5623245414f398a267708f\"},\"breadcrumb\":{\"@id\":\"https:\\\/\\\/www.euroresidentes.com\\\/empresa\\\/derecho-mercantil\\\/que-novedades-introducira-el-nuevo-reglamento-europeo-de-proteccion-de-datos\\\/#breadcrumb\"},\"inLanguage\":\"es\",\"potentialAction\":[{\"@type\":\"ReadAction\",\"target\":[\"https:\\\/\\\/www.euroresidentes.com\\\/empresa\\\/derecho-mercantil\\\/que-novedades-introducira-el-nuevo-reglamento-europeo-de-proteccion-de-datos\\\/\"]}]},{\"@type\":\"ImageObject\",\"inLanguage\":\"es\",\"@id\":\"https:\\\/\\\/www.euroresidentes.com\\\/empresa\\\/derecho-mercantil\\\/que-novedades-introducira-el-nuevo-reglamento-europeo-de-proteccion-de-datos\\\/#primaryimage\",\"url\":\"https:\\\/\\\/www.euroresidentes.com\\\/empresa\\\/derecho-mercantil\\\/wp-content\\\/uploads\\\/sites\\\/12\\\/2016\\\/05\\\/proteccion-de-datos-personales.jpg\",\"contentUrl\":\"https:\\\/\\\/www.euroresidentes.com\\\/empresa\\\/derecho-mercantil\\\/wp-content\\\/uploads\\\/sites\\\/12\\\/2016\\\/05\\\/proteccion-de-datos-personales.jpg\",\"width\":700,\"height\":525},{\"@type\":\"BreadcrumbList\",\"@id\":\"https:\\\/\\\/www.euroresidentes.com\\\/empresa\\\/derecho-mercantil\\\/que-novedades-introducira-el-nuevo-reglamento-europeo-de-proteccion-de-datos\\\/#breadcrumb\",\"itemListElement\":[{\"@type\":\"ListItem\",\"position\":1,\"name\":\"Portada\",\"item\":\"https:\\\/\\\/www.euroresidentes.com\\\/empresa\\\/derecho-mercantil\\\/\"},{\"@type\":\"ListItem\",\"position\":2,\"name\":\"\u00bfQu\u00e9 novedades introducir\u00e1 el Nuevo Reglamento Europeo de Protecci\u00f3n de Datos?\"}]},{\"@type\":\"WebSite\",\"@id\":\"https:\\\/\\\/www.euroresidentes.com\\\/empresa\\\/derecho-mercantil\\\/#website\",\"url\":\"https:\\\/\\\/www.euroresidentes.com\\\/empresa\\\/derecho-mercantil\\\/\",\"name\":\"Derecho Mercantil\",\"description\":\"Derecho y Empresa Euroresidentes\",\"potentialAction\":[{\"@type\":\"SearchAction\",\"target\":{\"@type\":\"EntryPoint\",\"urlTemplate\":\"https:\\\/\\\/www.euroresidentes.com\\\/empresa\\\/derecho-mercantil\\\/?s={search_term_string}\"},\"query-input\":{\"@type\":\"PropertyValueSpecification\",\"valueRequired\":true,\"valueName\":\"search_term_string\"}}],\"inLanguage\":\"es\"},{\"@type\":\"Person\",\"@id\":\"https:\\\/\\\/www.euroresidentes.com\\\/empresa\\\/derecho-mercantil\\\/#\\\/schema\\\/person\\\/1f848038ac5623245414f398a267708f\",\"name\":\"Manuel Pomares\",\"image\":{\"@type\":\"ImageObject\",\"inLanguage\":\"es\",\"@id\":\"https:\\\/\\\/www.euroresidentes.com\\\/empresa\\\/derecho-mercantil\\\/wp-content\\\/uploads\\\/sites\\\/12\\\/2016\\\/08\\\/manuel-pomares-abogados-150x150.jpg\",\"url\":\"https:\\\/\\\/www.euroresidentes.com\\\/empresa\\\/derecho-mercantil\\\/wp-content\\\/uploads\\\/sites\\\/12\\\/2016\\\/08\\\/manuel-pomares-abogados-150x150.jpg\",\"contentUrl\":\"https:\\\/\\\/www.euroresidentes.com\\\/empresa\\\/derecho-mercantil\\\/wp-content\\\/uploads\\\/sites\\\/12\\\/2016\\\/08\\\/manuel-pomares-abogados-150x150.jpg\",\"caption\":\"Manuel Pomares\"},\"description\":\"Manuel PomaresAbogado y socio director de la firma Pomares Abogados. Especialista en derecho mercantil-societario, bancario y responsabilidad civil-seguro.\",\"sameAs\":[\"http:\\\/\\\/www.euroresidentes.com\\\/empresa\\\/manuel-pomares-2.html\"],\"url\":\"https:\\\/\\\/www.euroresidentes.com\\\/empresa\\\/derecho-mercantil\\\/author\\\/manuel\\\/\"}]}<\/script>\n<!-- \/ Yoast SEO plugin. -->","yoast_head_json":{"title":"\u00bfQu\u00e9 novedades introducir\u00e1 el Nuevo Reglamento Europeo de Protecci\u00f3n de Datos? - Derecho Mercantil","robots":{"index":"index","follow":"follow","max-snippet":"max-snippet:-1","max-image-preview":"max-image-preview:large","max-video-preview":"max-video-preview:-1"},"canonical":"https:\/\/www.euroresidentes.com\/empresa\/derecho-mercantil\/que-novedades-introducira-el-nuevo-reglamento-europeo-de-proteccion-de-datos\/","og_locale":"es_ES","og_type":"article","og_title":"\u00bfQu\u00e9 novedades introducir\u00e1 el Nuevo Reglamento Europeo de Protecci\u00f3n de Datos? - Derecho Mercantil","og_description":"La protecci\u00f3n de datos es una disciplina jur\u00eddica de reciente creaci\u00f3n que tiene por objeto proteger la intimidad y dem\u00e1s derechos fundamentales de las personas f\u00edsicas frente al riesgo que para ellos supone la recopilaci\u00f3n y el uso de sus datos personales, entendiendo como tales a toda aquella informaci\u00f3n que forma parte de su esfera privada y que puede ser utilizada para evaluar determinados aspectos de su personalidad. &nbsp; El 4 de mayo de 2016 se public\u00f3 en el Diario Oficial de la Uni\u00f3n Europea el nuevo Reglamento general de protecci\u00f3n de datos. Este Reglamento ser\u00e1 de aplicaci\u00f3n desde el","og_url":"https:\/\/www.euroresidentes.com\/empresa\/derecho-mercantil\/que-novedades-introducira-el-nuevo-reglamento-europeo-de-proteccion-de-datos\/","og_site_name":"Derecho Mercantil","article_publisher":"https:\/\/www.facebook.com\/euroresidentes\/","article_published_time":"2016-05-31T08:07:47+00:00","article_modified_time":"2018-04-16T11:12:49+00:00","og_image":[{"width":700,"height":525,"url":"https:\/\/www.euroresidentes.com\/empresa\/derecho-mercantil\/wp-content\/uploads\/sites\/12\/2016\/05\/proteccion-de-datos-personales.jpg","type":"image\/jpeg"}],"author":"Manuel Pomares","twitter_card":"summary_large_image","twitter_misc":{"Written by":"Manuel Pomares","Est. reading time":"3 minutos"},"schema":{"@context":"https:\/\/schema.org","@graph":[{"@type":"Article","@id":"https:\/\/www.euroresidentes.com\/empresa\/derecho-mercantil\/que-novedades-introducira-el-nuevo-reglamento-europeo-de-proteccion-de-datos\/#article","isPartOf":{"@id":"https:\/\/www.euroresidentes.com\/empresa\/derecho-mercantil\/que-novedades-introducira-el-nuevo-reglamento-europeo-de-proteccion-de-datos\/"},"author":{"name":"Manuel Pomares","@id":"https:\/\/www.euroresidentes.com\/empresa\/derecho-mercantil\/#\/schema\/person\/1f848038ac5623245414f398a267708f"},"headline":"\u00bfQu\u00e9 novedades introducir\u00e1 el Nuevo Reglamento Europeo de Protecci\u00f3n de Datos?","datePublished":"2016-05-31T08:07:47+00:00","dateModified":"2018-04-16T11:12:49+00:00","mainEntityOfPage":{"@id":"https:\/\/www.euroresidentes.com\/empresa\/derecho-mercantil\/que-novedades-introducira-el-nuevo-reglamento-europeo-de-proteccion-de-datos\/"},"wordCount":607,"image":{"@id":"https:\/\/www.euroresidentes.com\/empresa\/derecho-mercantil\/que-novedades-introducira-el-nuevo-reglamento-europeo-de-proteccion-de-datos\/#primaryimage"},"thumbnailUrl":"https:\/\/www.euroresidentes.com\/empresa\/derecho-mercantil\/wp-content\/uploads\/sites\/12\/2016\/05\/proteccion-de-datos-personales.jpg","articleSection":["Protecci\u00f3n de Datos"],"inLanguage":"es"},{"@type":"WebPage","@id":"https:\/\/www.euroresidentes.com\/empresa\/derecho-mercantil\/que-novedades-introducira-el-nuevo-reglamento-europeo-de-proteccion-de-datos\/","url":"https:\/\/www.euroresidentes.com\/empresa\/derecho-mercantil\/que-novedades-introducira-el-nuevo-reglamento-europeo-de-proteccion-de-datos\/","name":"\u00bfQu\u00e9 novedades introducir\u00e1 el Nuevo Reglamento Europeo de Protecci\u00f3n de Datos? - Derecho Mercantil","isPartOf":{"@id":"https:\/\/www.euroresidentes.com\/empresa\/derecho-mercantil\/#website"},"primaryImageOfPage":{"@id":"https:\/\/www.euroresidentes.com\/empresa\/derecho-mercantil\/que-novedades-introducira-el-nuevo-reglamento-europeo-de-proteccion-de-datos\/#primaryimage"},"image":{"@id":"https:\/\/www.euroresidentes.com\/empresa\/derecho-mercantil\/que-novedades-introducira-el-nuevo-reglamento-europeo-de-proteccion-de-datos\/#primaryimage"},"thumbnailUrl":"https:\/\/www.euroresidentes.com\/empresa\/derecho-mercantil\/wp-content\/uploads\/sites\/12\/2016\/05\/proteccion-de-datos-personales.jpg","datePublished":"2016-05-31T08:07:47+00:00","dateModified":"2018-04-16T11:12:49+00:00","author":{"@id":"https:\/\/www.euroresidentes.com\/empresa\/derecho-mercantil\/#\/schema\/person\/1f848038ac5623245414f398a267708f"},"breadcrumb":{"@id":"https:\/\/www.euroresidentes.com\/empresa\/derecho-mercantil\/que-novedades-introducira-el-nuevo-reglamento-europeo-de-proteccion-de-datos\/#breadcrumb"},"inLanguage":"es","potentialAction":[{"@type":"ReadAction","target":["https:\/\/www.euroresidentes.com\/empresa\/derecho-mercantil\/que-novedades-introducira-el-nuevo-reglamento-europeo-de-proteccion-de-datos\/"]}]},{"@type":"ImageObject","inLanguage":"es","@id":"https:\/\/www.euroresidentes.com\/empresa\/derecho-mercantil\/que-novedades-introducira-el-nuevo-reglamento-europeo-de-proteccion-de-datos\/#primaryimage","url":"https:\/\/www.euroresidentes.com\/empresa\/derecho-mercantil\/wp-content\/uploads\/sites\/12\/2016\/05\/proteccion-de-datos-personales.jpg","contentUrl":"https:\/\/www.euroresidentes.com\/empresa\/derecho-mercantil\/wp-content\/uploads\/sites\/12\/2016\/05\/proteccion-de-datos-personales.jpg","width":700,"height":525},{"@type":"BreadcrumbList","@id":"https:\/\/www.euroresidentes.com\/empresa\/derecho-mercantil\/que-novedades-introducira-el-nuevo-reglamento-europeo-de-proteccion-de-datos\/#breadcrumb","itemListElement":[{"@type":"ListItem","position":1,"name":"Portada","item":"https:\/\/www.euroresidentes.com\/empresa\/derecho-mercantil\/"},{"@type":"ListItem","position":2,"name":"\u00bfQu\u00e9 novedades introducir\u00e1 el Nuevo Reglamento Europeo de Protecci\u00f3n de Datos?"}]},{"@type":"WebSite","@id":"https:\/\/www.euroresidentes.com\/empresa\/derecho-mercantil\/#website","url":"https:\/\/www.euroresidentes.com\/empresa\/derecho-mercantil\/","name":"Derecho Mercantil","description":"Derecho y Empresa Euroresidentes","potentialAction":[{"@type":"SearchAction","target":{"@type":"EntryPoint","urlTemplate":"https:\/\/www.euroresidentes.com\/empresa\/derecho-mercantil\/?s={search_term_string}"},"query-input":{"@type":"PropertyValueSpecification","valueRequired":true,"valueName":"search_term_string"}}],"inLanguage":"es"},{"@type":"Person","@id":"https:\/\/www.euroresidentes.com\/empresa\/derecho-mercantil\/#\/schema\/person\/1f848038ac5623245414f398a267708f","name":"Manuel Pomares","image":{"@type":"ImageObject","inLanguage":"es","@id":"https:\/\/www.euroresidentes.com\/empresa\/derecho-mercantil\/wp-content\/uploads\/sites\/12\/2016\/08\/manuel-pomares-abogados-150x150.jpg","url":"https:\/\/www.euroresidentes.com\/empresa\/derecho-mercantil\/wp-content\/uploads\/sites\/12\/2016\/08\/manuel-pomares-abogados-150x150.jpg","contentUrl":"https:\/\/www.euroresidentes.com\/empresa\/derecho-mercantil\/wp-content\/uploads\/sites\/12\/2016\/08\/manuel-pomares-abogados-150x150.jpg","caption":"Manuel Pomares"},"description":"Manuel PomaresAbogado y socio director de la firma Pomares Abogados. Especialista en derecho mercantil-societario, bancario y responsabilidad civil-seguro.","sameAs":["http:\/\/www.euroresidentes.com\/empresa\/manuel-pomares-2.html"],"url":"https:\/\/www.euroresidentes.com\/empresa\/derecho-mercantil\/author\/manuel\/"}]}},"_links":{"self":[{"href":"https:\/\/www.euroresidentes.com\/empresa\/derecho-mercantil\/wp-json\/wp\/v2\/posts\/717","targetHints":{"allow":["GET"]}}],"collection":[{"href":"https:\/\/www.euroresidentes.com\/empresa\/derecho-mercantil\/wp-json\/wp\/v2\/posts"}],"about":[{"href":"https:\/\/www.euroresidentes.com\/empresa\/derecho-mercantil\/wp-json\/wp\/v2\/types\/post"}],"author":[{"embeddable":true,"href":"https:\/\/www.euroresidentes.com\/empresa\/derecho-mercantil\/wp-json\/wp\/v2\/users\/9"}],"replies":[{"embeddable":true,"href":"https:\/\/www.euroresidentes.com\/empresa\/derecho-mercantil\/wp-json\/wp\/v2\/comments?post=717"}],"version-history":[{"count":3,"href":"https:\/\/www.euroresidentes.com\/empresa\/derecho-mercantil\/wp-json\/wp\/v2\/posts\/717\/revisions"}],"predecessor-version":[{"id":721,"href":"https:\/\/www.euroresidentes.com\/empresa\/derecho-mercantil\/wp-json\/wp\/v2\/posts\/717\/revisions\/721"}],"wp:featuredmedia":[{"embeddable":true,"href":"https:\/\/www.euroresidentes.com\/empresa\/derecho-mercantil\/wp-json\/wp\/v2\/media\/718"}],"wp:attachment":[{"href":"https:\/\/www.euroresidentes.com\/empresa\/derecho-mercantil\/wp-json\/wp\/v2\/media?parent=717"}],"wp:term":[{"taxonomy":"category","embeddable":true,"href":"https:\/\/www.euroresidentes.com\/empresa\/derecho-mercantil\/wp-json\/wp\/v2\/categories?post=717"},{"taxonomy":"post_tag","embeddable":true,"href":"https:\/\/www.euroresidentes.com\/empresa\/derecho-mercantil\/wp-json\/wp\/v2\/tags?post=717"}],"curies":[{"name":"wp","href":"https:\/\/api.w.org\/{rel}","templated":true}]}}