
{"id":713,"date":"2016-05-24T10:48:45","date_gmt":"2016-05-24T08:48:45","guid":{"rendered":"http:\/\/www.euroresidentes.com\/empresa\/derecho-mercantil\/?p=713"},"modified":"2017-03-27T14:43:03","modified_gmt":"2017-03-27T12:43:03","slug":"tienen-mis-contratos-de-seguro-clausulas-lesivas","status":"publish","type":"post","link":"https:\/\/www.euroresidentes.com\/empresa\/derecho-mercantil\/tienen-mis-contratos-de-seguro-clausulas-lesivas\/","title":{"rendered":"\u00bfTienen mis contratos de seguro cl\u00e1usulas lesivas?"},"content":{"rendered":"<p><a href=\"http:\/\/www.euroresidentes.com\/empresa\/derecho-mercantil\/wp-content\/uploads\/sites\/12\/2016\/05\/credito.jpg\"><img loading=\"lazy\" decoding=\"async\" class=\"aligncenter size-full wp-image-714\" src=\"http:\/\/www.euroresidentes.com\/empresa\/derecho-mercantil\/wp-content\/uploads\/sites\/12\/2016\/05\/credito.jpg\" alt=\"credito\" width=\"700\" height=\"525\" srcset=\"https:\/\/www.euroresidentes.com\/empresa\/derecho-mercantil\/wp-content\/uploads\/sites\/12\/2016\/05\/credito.jpg 700w, https:\/\/www.euroresidentes.com\/empresa\/derecho-mercantil\/wp-content\/uploads\/sites\/12\/2016\/05\/credito-300x225.jpg 300w\" sizes=\"auto, (max-width: 700px) 100vw, 700px\" \/><\/a>Una reciente sentencia del Tribunal Supremo de fecha 22 de abril de 2016 define el concepto de \u201c<strong>cl\u00e1usula lesiva<\/strong>\u201d como aquella que reduce considerablemente de manera desproporcionada el derecho del asegurado, vaci\u00e1ndolo de contenido, de manera que es pr\u00e1cticamente imposible acceder a la cobertura del siniestro. En consecuencia, son aquellas cl\u00e1usulas que impiden la eficacia de la p\u00f3liza.<\/p>\n<p>&nbsp;<\/p>\n<p>Para entender mejor el concepto, es preciso deslindarlo de otros conceptos similares. As\u00ed, la misma sentencia destaca las diferencias entre las cl\u00e1usulas de delimitaci\u00f3n de cobertura y las cl\u00e1usulas limitativas de derechos del asegurado.<\/p>\n<p>&nbsp;<\/p>\n<p>Las cl\u00e1usulas de <strong>delimitaci\u00f3n<\/strong>: precisan el objeto del contrato y determinan los riesgos que podr\u00edan surgir en el asegurado el derecho a la prestaci\u00f3n por constituir la finalidad del seguro, de modo que concretan:<\/p>\n<p>&nbsp;<\/p>\n<p>1) qu\u00e9 riesgos constituyen dicho objeto;<\/p>\n<p>2) en qu\u00e9 cuant\u00eda;<\/p>\n<p>3) durante qu\u00e9 plazo;<\/p>\n<p>4) en qu\u00e9 \u00e1mbito temporal.<\/p>\n<p>&nbsp;<\/p>\n<p>Las cl\u00e1usulas <strong>limitativas<\/strong>: restringen, condicionan o modifican el derecho del asegurado a la indemnizaci\u00f3n cuando el riesgo se ha producido. Son tambi\u00e9n legales, siempre y cuando el asegurado sea consciente de ellas. Y aqu\u00ed es d\u00f3nde se plantea el problema. Para comprobar que el asegurado ha tenido conocimiento preciso de la limitaci\u00f3n del riesgo cubierto, deben ser destacadas de un modo especial y han de ser expresamente aceptadas por escrito.<\/p>\n<p>&nbsp;<\/p>\n<p>En principio, la cl\u00e1usula limitativa es v\u00e1lida, aun cuando no sean favorables al asegurado, siempre y cuando \u00e9ste haya prestado su consentimiento a las restricciones que introducen y sean razonables sin que le priven de su causa. Si esto no es as\u00ed, la cl\u00e1usula no es limitativa, sino <strong>lesiva<\/strong> y, por extensi\u00f3n, <strong>inv\u00e1lida<\/strong>.<\/p>\n<p>&nbsp;<\/p>\n<p>Lo que determina, pues, su validez o nulidad es el <strong>principio de transparencia<\/strong>, que constituye el fundamento del r\u00e9gimen especial de las cl\u00e1usulas limitativas, el que debe intervenir con especial intensidad respecto de las cl\u00e1usulas que afectan a la regulaci\u00f3n del contrato. Es precisamente cuando existe contradicci\u00f3n entre las cl\u00e1usulas que definen el riesgo y las que lo acotan, cuando debe producirse una exclusi\u00f3n, en cuanto ajena al aseguramiento.<\/p>\n<p>&nbsp;<\/p>\n<p>Debemos tener en cuenta, tambi\u00e9n, que la manifestaci\u00f3n de la voluntad del contratante debe expresarse en el marco de la libertad contractual. La protecci\u00f3n del asegurado se sustenta en la transparencia contractual facilit\u00e1ndole informaci\u00f3n sobre aqu\u00e9llas cl\u00e1usulas generales que regir\u00e1n el contrato.<\/p>\n<p>&nbsp;<\/p>\n<p>En definitiva, el asegurado debe conocer la existencia y el contenido de las condiciones generales que regir\u00e1n en el contrato de seguro que, en ning\u00fan caso, podr\u00e1n ser lesivas para el asegurado.<\/p>\n<p>&nbsp;<\/p>\n<p>Por razones de econom\u00eda y de racionalizaci\u00f3n de la actividad empresarial, tales cl\u00e1usulas son incorporadas con un contenido id\u00e9ntico por lo que es preciso controlar que el contenido de las cl\u00e1usulas no resulte lesivo para el asegurado, a quien, generalmente, debe considerarse como la parte d\u00e9bil del contrato.<\/p>\n<p>&nbsp;<\/p>\n","protected":false},"excerpt":{"rendered":"<p>Una reciente sentencia del Tribunal Supremo de fecha 22 de abril de 2016 define el concepto de \u201ccl\u00e1usula lesiva\u201d como aquella que reduce considerablemente de manera desproporcionada el derecho del asegurado, vaci\u00e1ndolo de contenido, de manera que es pr\u00e1cticamente imposible acceder a la cobertura del siniestro. En consecuencia, son aquellas cl\u00e1usulas que impiden la eficacia de la p\u00f3liza. &nbsp; Para entender mejor el concepto, es preciso deslindarlo de otros conceptos similares. As\u00ed, la misma sentencia destaca las diferencias entre las cl\u00e1usulas de delimitaci\u00f3n de cobertura y las cl\u00e1usulas limitativas de derechos del asegurado. &nbsp; Las cl\u00e1usulas de delimitaci\u00f3n: precisan el <\/p>\n","protected":false},"author":9,"featured_media":714,"comment_status":"open","ping_status":"open","sticky":false,"template":"","format":"standard","meta":{"footnotes":""},"categories":[83],"tags":[],"class_list":["post-713","post","type-post","status-publish","format-standard","has-post-thumbnail","hentry","category-sentencias","has_thumb"],"yoast_head":"<!-- This site is optimized with the Yoast SEO plugin v27.5 - https:\/\/yoast.com\/product\/yoast-seo-wordpress\/ -->\n<title>\u00bfTienen mis contratos de seguro cl\u00e1usulas lesivas? - Derecho Mercantil<\/title>\n<meta name=\"robots\" content=\"index, follow, max-snippet:-1, max-image-preview:large, max-video-preview:-1\" \/>\n<link rel=\"canonical\" href=\"https:\/\/www.euroresidentes.com\/empresa\/derecho-mercantil\/tienen-mis-contratos-de-seguro-clausulas-lesivas\/\" \/>\n<meta property=\"og:locale\" content=\"es_ES\" \/>\n<meta property=\"og:type\" content=\"article\" \/>\n<meta property=\"og:title\" content=\"\u00bfTienen mis contratos de seguro cl\u00e1usulas lesivas? - Derecho Mercantil\" \/>\n<meta property=\"og:description\" content=\"Una reciente sentencia del Tribunal Supremo de fecha 22 de abril de 2016 define el concepto de \u201ccl\u00e1usula lesiva\u201d como aquella que reduce considerablemente de manera desproporcionada el derecho del asegurado, vaci\u00e1ndolo de contenido, de manera que es pr\u00e1cticamente imposible acceder a la cobertura del siniestro. En consecuencia, son aquellas cl\u00e1usulas que impiden la eficacia de la p\u00f3liza. &nbsp; Para entender mejor el concepto, es preciso deslindarlo de otros conceptos similares. As\u00ed, la misma sentencia destaca las diferencias entre las cl\u00e1usulas de delimitaci\u00f3n de cobertura y las cl\u00e1usulas limitativas de derechos del asegurado. &nbsp; Las cl\u00e1usulas de delimitaci\u00f3n: precisan el\" \/>\n<meta property=\"og:url\" content=\"https:\/\/www.euroresidentes.com\/empresa\/derecho-mercantil\/tienen-mis-contratos-de-seguro-clausulas-lesivas\/\" \/>\n<meta property=\"og:site_name\" content=\"Derecho Mercantil\" \/>\n<meta property=\"article:publisher\" content=\"https:\/\/www.facebook.com\/euroresidentes\/\" \/>\n<meta property=\"article:published_time\" content=\"2016-05-24T08:48:45+00:00\" \/>\n<meta property=\"article:modified_time\" content=\"2017-03-27T12:43:03+00:00\" \/>\n<meta property=\"og:image\" content=\"https:\/\/www.euroresidentes.com\/empresa\/derecho-mercantil\/wp-content\/uploads\/sites\/12\/2016\/05\/credito.jpg\" \/>\n\t<meta property=\"og:image:width\" content=\"700\" \/>\n\t<meta property=\"og:image:height\" content=\"525\" \/>\n\t<meta property=\"og:image:type\" content=\"image\/jpeg\" \/>\n<meta name=\"author\" content=\"Manuel Pomares\" \/>\n<meta name=\"twitter:card\" content=\"summary_large_image\" \/>\n<meta name=\"twitter:label1\" content=\"Written by\" \/>\n\t<meta name=\"twitter:data1\" content=\"Manuel Pomares\" \/>\n\t<meta name=\"twitter:label2\" content=\"Est. reading time\" \/>\n\t<meta name=\"twitter:data2\" content=\"3 minutos\" \/>\n<script type=\"application\/ld+json\" class=\"yoast-schema-graph\">{\"@context\":\"https:\\\/\\\/schema.org\",\"@graph\":[{\"@type\":\"Article\",\"@id\":\"https:\\\/\\\/www.euroresidentes.com\\\/empresa\\\/derecho-mercantil\\\/tienen-mis-contratos-de-seguro-clausulas-lesivas\\\/#article\",\"isPartOf\":{\"@id\":\"https:\\\/\\\/www.euroresidentes.com\\\/empresa\\\/derecho-mercantil\\\/tienen-mis-contratos-de-seguro-clausulas-lesivas\\\/\"},\"author\":{\"name\":\"Manuel Pomares\",\"@id\":\"https:\\\/\\\/www.euroresidentes.com\\\/empresa\\\/derecho-mercantil\\\/#\\\/schema\\\/person\\\/1f848038ac5623245414f398a267708f\"},\"headline\":\"\u00bfTienen mis contratos de seguro cl\u00e1usulas lesivas?\",\"datePublished\":\"2016-05-24T08:48:45+00:00\",\"dateModified\":\"2017-03-27T12:43:03+00:00\",\"mainEntityOfPage\":{\"@id\":\"https:\\\/\\\/www.euroresidentes.com\\\/empresa\\\/derecho-mercantil\\\/tienen-mis-contratos-de-seguro-clausulas-lesivas\\\/\"},\"wordCount\":518,\"commentCount\":0,\"image\":{\"@id\":\"https:\\\/\\\/www.euroresidentes.com\\\/empresa\\\/derecho-mercantil\\\/tienen-mis-contratos-de-seguro-clausulas-lesivas\\\/#primaryimage\"},\"thumbnailUrl\":\"https:\\\/\\\/www.euroresidentes.com\\\/empresa\\\/derecho-mercantil\\\/wp-content\\\/uploads\\\/sites\\\/12\\\/2016\\\/05\\\/credito.jpg\",\"articleSection\":[\"SENTENCIAS\"],\"inLanguage\":\"es\",\"potentialAction\":[{\"@type\":\"CommentAction\",\"name\":\"Comment\",\"target\":[\"https:\\\/\\\/www.euroresidentes.com\\\/empresa\\\/derecho-mercantil\\\/tienen-mis-contratos-de-seguro-clausulas-lesivas\\\/#respond\"]}]},{\"@type\":\"WebPage\",\"@id\":\"https:\\\/\\\/www.euroresidentes.com\\\/empresa\\\/derecho-mercantil\\\/tienen-mis-contratos-de-seguro-clausulas-lesivas\\\/\",\"url\":\"https:\\\/\\\/www.euroresidentes.com\\\/empresa\\\/derecho-mercantil\\\/tienen-mis-contratos-de-seguro-clausulas-lesivas\\\/\",\"name\":\"\u00bfTienen mis contratos de seguro cl\u00e1usulas lesivas? - Derecho Mercantil\",\"isPartOf\":{\"@id\":\"https:\\\/\\\/www.euroresidentes.com\\\/empresa\\\/derecho-mercantil\\\/#website\"},\"primaryImageOfPage\":{\"@id\":\"https:\\\/\\\/www.euroresidentes.com\\\/empresa\\\/derecho-mercantil\\\/tienen-mis-contratos-de-seguro-clausulas-lesivas\\\/#primaryimage\"},\"image\":{\"@id\":\"https:\\\/\\\/www.euroresidentes.com\\\/empresa\\\/derecho-mercantil\\\/tienen-mis-contratos-de-seguro-clausulas-lesivas\\\/#primaryimage\"},\"thumbnailUrl\":\"https:\\\/\\\/www.euroresidentes.com\\\/empresa\\\/derecho-mercantil\\\/wp-content\\\/uploads\\\/sites\\\/12\\\/2016\\\/05\\\/credito.jpg\",\"datePublished\":\"2016-05-24T08:48:45+00:00\",\"dateModified\":\"2017-03-27T12:43:03+00:00\",\"author\":{\"@id\":\"https:\\\/\\\/www.euroresidentes.com\\\/empresa\\\/derecho-mercantil\\\/#\\\/schema\\\/person\\\/1f848038ac5623245414f398a267708f\"},\"breadcrumb\":{\"@id\":\"https:\\\/\\\/www.euroresidentes.com\\\/empresa\\\/derecho-mercantil\\\/tienen-mis-contratos-de-seguro-clausulas-lesivas\\\/#breadcrumb\"},\"inLanguage\":\"es\",\"potentialAction\":[{\"@type\":\"ReadAction\",\"target\":[\"https:\\\/\\\/www.euroresidentes.com\\\/empresa\\\/derecho-mercantil\\\/tienen-mis-contratos-de-seguro-clausulas-lesivas\\\/\"]}]},{\"@type\":\"ImageObject\",\"inLanguage\":\"es\",\"@id\":\"https:\\\/\\\/www.euroresidentes.com\\\/empresa\\\/derecho-mercantil\\\/tienen-mis-contratos-de-seguro-clausulas-lesivas\\\/#primaryimage\",\"url\":\"https:\\\/\\\/www.euroresidentes.com\\\/empresa\\\/derecho-mercantil\\\/wp-content\\\/uploads\\\/sites\\\/12\\\/2016\\\/05\\\/credito.jpg\",\"contentUrl\":\"https:\\\/\\\/www.euroresidentes.com\\\/empresa\\\/derecho-mercantil\\\/wp-content\\\/uploads\\\/sites\\\/12\\\/2016\\\/05\\\/credito.jpg\",\"width\":700,\"height\":525},{\"@type\":\"BreadcrumbList\",\"@id\":\"https:\\\/\\\/www.euroresidentes.com\\\/empresa\\\/derecho-mercantil\\\/tienen-mis-contratos-de-seguro-clausulas-lesivas\\\/#breadcrumb\",\"itemListElement\":[{\"@type\":\"ListItem\",\"position\":1,\"name\":\"Portada\",\"item\":\"https:\\\/\\\/www.euroresidentes.com\\\/empresa\\\/derecho-mercantil\\\/\"},{\"@type\":\"ListItem\",\"position\":2,\"name\":\"\u00bfTienen mis contratos de seguro cl\u00e1usulas lesivas?\"}]},{\"@type\":\"WebSite\",\"@id\":\"https:\\\/\\\/www.euroresidentes.com\\\/empresa\\\/derecho-mercantil\\\/#website\",\"url\":\"https:\\\/\\\/www.euroresidentes.com\\\/empresa\\\/derecho-mercantil\\\/\",\"name\":\"Derecho Mercantil\",\"description\":\"Derecho y Empresa Euroresidentes\",\"potentialAction\":[{\"@type\":\"SearchAction\",\"target\":{\"@type\":\"EntryPoint\",\"urlTemplate\":\"https:\\\/\\\/www.euroresidentes.com\\\/empresa\\\/derecho-mercantil\\\/?s={search_term_string}\"},\"query-input\":{\"@type\":\"PropertyValueSpecification\",\"valueRequired\":true,\"valueName\":\"search_term_string\"}}],\"inLanguage\":\"es\"},{\"@type\":\"Person\",\"@id\":\"https:\\\/\\\/www.euroresidentes.com\\\/empresa\\\/derecho-mercantil\\\/#\\\/schema\\\/person\\\/1f848038ac5623245414f398a267708f\",\"name\":\"Manuel Pomares\",\"image\":{\"@type\":\"ImageObject\",\"inLanguage\":\"es\",\"@id\":\"https:\\\/\\\/www.euroresidentes.com\\\/empresa\\\/derecho-mercantil\\\/wp-content\\\/uploads\\\/sites\\\/12\\\/2016\\\/08\\\/manuel-pomares-abogados-150x150.jpg\",\"url\":\"https:\\\/\\\/www.euroresidentes.com\\\/empresa\\\/derecho-mercantil\\\/wp-content\\\/uploads\\\/sites\\\/12\\\/2016\\\/08\\\/manuel-pomares-abogados-150x150.jpg\",\"contentUrl\":\"https:\\\/\\\/www.euroresidentes.com\\\/empresa\\\/derecho-mercantil\\\/wp-content\\\/uploads\\\/sites\\\/12\\\/2016\\\/08\\\/manuel-pomares-abogados-150x150.jpg\",\"caption\":\"Manuel Pomares\"},\"description\":\"Manuel PomaresAbogado y socio director de la firma Pomares Abogados. Especialista en derecho mercantil-societario, bancario y responsabilidad civil-seguro.\",\"sameAs\":[\"http:\\\/\\\/www.euroresidentes.com\\\/empresa\\\/manuel-pomares-2.html\"],\"url\":\"https:\\\/\\\/www.euroresidentes.com\\\/empresa\\\/derecho-mercantil\\\/author\\\/manuel\\\/\"}]}<\/script>\n<!-- \/ Yoast SEO plugin. -->","yoast_head_json":{"title":"\u00bfTienen mis contratos de seguro cl\u00e1usulas lesivas? - Derecho Mercantil","robots":{"index":"index","follow":"follow","max-snippet":"max-snippet:-1","max-image-preview":"max-image-preview:large","max-video-preview":"max-video-preview:-1"},"canonical":"https:\/\/www.euroresidentes.com\/empresa\/derecho-mercantil\/tienen-mis-contratos-de-seguro-clausulas-lesivas\/","og_locale":"es_ES","og_type":"article","og_title":"\u00bfTienen mis contratos de seguro cl\u00e1usulas lesivas? - Derecho Mercantil","og_description":"Una reciente sentencia del Tribunal Supremo de fecha 22 de abril de 2016 define el concepto de \u201ccl\u00e1usula lesiva\u201d como aquella que reduce considerablemente de manera desproporcionada el derecho del asegurado, vaci\u00e1ndolo de contenido, de manera que es pr\u00e1cticamente imposible acceder a la cobertura del siniestro. En consecuencia, son aquellas cl\u00e1usulas que impiden la eficacia de la p\u00f3liza. &nbsp; Para entender mejor el concepto, es preciso deslindarlo de otros conceptos similares. As\u00ed, la misma sentencia destaca las diferencias entre las cl\u00e1usulas de delimitaci\u00f3n de cobertura y las cl\u00e1usulas limitativas de derechos del asegurado. &nbsp; Las cl\u00e1usulas de delimitaci\u00f3n: precisan el","og_url":"https:\/\/www.euroresidentes.com\/empresa\/derecho-mercantil\/tienen-mis-contratos-de-seguro-clausulas-lesivas\/","og_site_name":"Derecho Mercantil","article_publisher":"https:\/\/www.facebook.com\/euroresidentes\/","article_published_time":"2016-05-24T08:48:45+00:00","article_modified_time":"2017-03-27T12:43:03+00:00","og_image":[{"width":700,"height":525,"url":"https:\/\/www.euroresidentes.com\/empresa\/derecho-mercantil\/wp-content\/uploads\/sites\/12\/2016\/05\/credito.jpg","type":"image\/jpeg"}],"author":"Manuel Pomares","twitter_card":"summary_large_image","twitter_misc":{"Written by":"Manuel Pomares","Est. reading time":"3 minutos"},"schema":{"@context":"https:\/\/schema.org","@graph":[{"@type":"Article","@id":"https:\/\/www.euroresidentes.com\/empresa\/derecho-mercantil\/tienen-mis-contratos-de-seguro-clausulas-lesivas\/#article","isPartOf":{"@id":"https:\/\/www.euroresidentes.com\/empresa\/derecho-mercantil\/tienen-mis-contratos-de-seguro-clausulas-lesivas\/"},"author":{"name":"Manuel Pomares","@id":"https:\/\/www.euroresidentes.com\/empresa\/derecho-mercantil\/#\/schema\/person\/1f848038ac5623245414f398a267708f"},"headline":"\u00bfTienen mis contratos de seguro cl\u00e1usulas lesivas?","datePublished":"2016-05-24T08:48:45+00:00","dateModified":"2017-03-27T12:43:03+00:00","mainEntityOfPage":{"@id":"https:\/\/www.euroresidentes.com\/empresa\/derecho-mercantil\/tienen-mis-contratos-de-seguro-clausulas-lesivas\/"},"wordCount":518,"commentCount":0,"image":{"@id":"https:\/\/www.euroresidentes.com\/empresa\/derecho-mercantil\/tienen-mis-contratos-de-seguro-clausulas-lesivas\/#primaryimage"},"thumbnailUrl":"https:\/\/www.euroresidentes.com\/empresa\/derecho-mercantil\/wp-content\/uploads\/sites\/12\/2016\/05\/credito.jpg","articleSection":["SENTENCIAS"],"inLanguage":"es","potentialAction":[{"@type":"CommentAction","name":"Comment","target":["https:\/\/www.euroresidentes.com\/empresa\/derecho-mercantil\/tienen-mis-contratos-de-seguro-clausulas-lesivas\/#respond"]}]},{"@type":"WebPage","@id":"https:\/\/www.euroresidentes.com\/empresa\/derecho-mercantil\/tienen-mis-contratos-de-seguro-clausulas-lesivas\/","url":"https:\/\/www.euroresidentes.com\/empresa\/derecho-mercantil\/tienen-mis-contratos-de-seguro-clausulas-lesivas\/","name":"\u00bfTienen mis contratos de seguro cl\u00e1usulas lesivas? - Derecho Mercantil","isPartOf":{"@id":"https:\/\/www.euroresidentes.com\/empresa\/derecho-mercantil\/#website"},"primaryImageOfPage":{"@id":"https:\/\/www.euroresidentes.com\/empresa\/derecho-mercantil\/tienen-mis-contratos-de-seguro-clausulas-lesivas\/#primaryimage"},"image":{"@id":"https:\/\/www.euroresidentes.com\/empresa\/derecho-mercantil\/tienen-mis-contratos-de-seguro-clausulas-lesivas\/#primaryimage"},"thumbnailUrl":"https:\/\/www.euroresidentes.com\/empresa\/derecho-mercantil\/wp-content\/uploads\/sites\/12\/2016\/05\/credito.jpg","datePublished":"2016-05-24T08:48:45+00:00","dateModified":"2017-03-27T12:43:03+00:00","author":{"@id":"https:\/\/www.euroresidentes.com\/empresa\/derecho-mercantil\/#\/schema\/person\/1f848038ac5623245414f398a267708f"},"breadcrumb":{"@id":"https:\/\/www.euroresidentes.com\/empresa\/derecho-mercantil\/tienen-mis-contratos-de-seguro-clausulas-lesivas\/#breadcrumb"},"inLanguage":"es","potentialAction":[{"@type":"ReadAction","target":["https:\/\/www.euroresidentes.com\/empresa\/derecho-mercantil\/tienen-mis-contratos-de-seguro-clausulas-lesivas\/"]}]},{"@type":"ImageObject","inLanguage":"es","@id":"https:\/\/www.euroresidentes.com\/empresa\/derecho-mercantil\/tienen-mis-contratos-de-seguro-clausulas-lesivas\/#primaryimage","url":"https:\/\/www.euroresidentes.com\/empresa\/derecho-mercantil\/wp-content\/uploads\/sites\/12\/2016\/05\/credito.jpg","contentUrl":"https:\/\/www.euroresidentes.com\/empresa\/derecho-mercantil\/wp-content\/uploads\/sites\/12\/2016\/05\/credito.jpg","width":700,"height":525},{"@type":"BreadcrumbList","@id":"https:\/\/www.euroresidentes.com\/empresa\/derecho-mercantil\/tienen-mis-contratos-de-seguro-clausulas-lesivas\/#breadcrumb","itemListElement":[{"@type":"ListItem","position":1,"name":"Portada","item":"https:\/\/www.euroresidentes.com\/empresa\/derecho-mercantil\/"},{"@type":"ListItem","position":2,"name":"\u00bfTienen mis contratos de seguro cl\u00e1usulas lesivas?"}]},{"@type":"WebSite","@id":"https:\/\/www.euroresidentes.com\/empresa\/derecho-mercantil\/#website","url":"https:\/\/www.euroresidentes.com\/empresa\/derecho-mercantil\/","name":"Derecho Mercantil","description":"Derecho y Empresa Euroresidentes","potentialAction":[{"@type":"SearchAction","target":{"@type":"EntryPoint","urlTemplate":"https:\/\/www.euroresidentes.com\/empresa\/derecho-mercantil\/?s={search_term_string}"},"query-input":{"@type":"PropertyValueSpecification","valueRequired":true,"valueName":"search_term_string"}}],"inLanguage":"es"},{"@type":"Person","@id":"https:\/\/www.euroresidentes.com\/empresa\/derecho-mercantil\/#\/schema\/person\/1f848038ac5623245414f398a267708f","name":"Manuel Pomares","image":{"@type":"ImageObject","inLanguage":"es","@id":"https:\/\/www.euroresidentes.com\/empresa\/derecho-mercantil\/wp-content\/uploads\/sites\/12\/2016\/08\/manuel-pomares-abogados-150x150.jpg","url":"https:\/\/www.euroresidentes.com\/empresa\/derecho-mercantil\/wp-content\/uploads\/sites\/12\/2016\/08\/manuel-pomares-abogados-150x150.jpg","contentUrl":"https:\/\/www.euroresidentes.com\/empresa\/derecho-mercantil\/wp-content\/uploads\/sites\/12\/2016\/08\/manuel-pomares-abogados-150x150.jpg","caption":"Manuel Pomares"},"description":"Manuel PomaresAbogado y socio director de la firma Pomares Abogados. Especialista en derecho mercantil-societario, bancario y responsabilidad civil-seguro.","sameAs":["http:\/\/www.euroresidentes.com\/empresa\/manuel-pomares-2.html"],"url":"https:\/\/www.euroresidentes.com\/empresa\/derecho-mercantil\/author\/manuel\/"}]}},"_links":{"self":[{"href":"https:\/\/www.euroresidentes.com\/empresa\/derecho-mercantil\/wp-json\/wp\/v2\/posts\/713","targetHints":{"allow":["GET"]}}],"collection":[{"href":"https:\/\/www.euroresidentes.com\/empresa\/derecho-mercantil\/wp-json\/wp\/v2\/posts"}],"about":[{"href":"https:\/\/www.euroresidentes.com\/empresa\/derecho-mercantil\/wp-json\/wp\/v2\/types\/post"}],"author":[{"embeddable":true,"href":"https:\/\/www.euroresidentes.com\/empresa\/derecho-mercantil\/wp-json\/wp\/v2\/users\/9"}],"replies":[{"embeddable":true,"href":"https:\/\/www.euroresidentes.com\/empresa\/derecho-mercantil\/wp-json\/wp\/v2\/comments?post=713"}],"version-history":[{"count":2,"href":"https:\/\/www.euroresidentes.com\/empresa\/derecho-mercantil\/wp-json\/wp\/v2\/posts\/713\/revisions"}],"predecessor-version":[{"id":716,"href":"https:\/\/www.euroresidentes.com\/empresa\/derecho-mercantil\/wp-json\/wp\/v2\/posts\/713\/revisions\/716"}],"wp:featuredmedia":[{"embeddable":true,"href":"https:\/\/www.euroresidentes.com\/empresa\/derecho-mercantil\/wp-json\/wp\/v2\/media\/714"}],"wp:attachment":[{"href":"https:\/\/www.euroresidentes.com\/empresa\/derecho-mercantil\/wp-json\/wp\/v2\/media?parent=713"}],"wp:term":[{"taxonomy":"category","embeddable":true,"href":"https:\/\/www.euroresidentes.com\/empresa\/derecho-mercantil\/wp-json\/wp\/v2\/categories?post=713"},{"taxonomy":"post_tag","embeddable":true,"href":"https:\/\/www.euroresidentes.com\/empresa\/derecho-mercantil\/wp-json\/wp\/v2\/tags?post=713"}],"curies":[{"name":"wp","href":"https:\/\/api.w.org\/{rel}","templated":true}]}}