
{"id":67,"date":"2014-07-08T08:20:00","date_gmt":"2014-07-08T08:20:00","guid":{"rendered":"https:\/\/wp.euroresidentes.com\/empresa\/derecho-y-empresa\/2014\/07\/08\/la-publicidad-del-protocolo-familiar-en-la-empresa\/"},"modified":"2016-02-05T10:37:09","modified_gmt":"2016-02-05T10:37:09","slug":"la-publicidad-del-protocolo-familiar-en-la-empresa","status":"publish","type":"post","link":"https:\/\/www.euroresidentes.com\/empresa\/derecho-mercantil\/la-publicidad-del-protocolo-familiar-en-la-empresa\/","title":{"rendered":"LA PUBLICIDAD DEL PROTOCOLO FAMILIAR EN LA EMPRESA"},"content":{"rendered":"<p>&nbsp;<\/p>\n<div style=\"clear: both; text-align: center;\"><a style=\"margin-left: 1em; margin-right: 1em;\" href=\"http:\/\/2.bp.blogspot.com\/-G0r9roal89U\/U7qZ7CBc-ZI\/AAAAAAAAAE8\/KPeBe88nR74\/s1600\/organization-68954_640.jpg\"><img decoding=\"async\" src=\"http:\/\/2.bp.blogspot.com\/-G0r9roal89U\/U7qZ7CBc-ZI\/AAAAAAAAAE8\/KPeBe88nR74\/s1600\/organization-68954_640.jpg\" alt=\"\" border=\"0\" \/><\/a><\/div>\n<div style=\"clear: both; text-align: center;\"><span style=\"font-size: x-small;\">foto via Google images<\/span><\/div>\n<p>&nbsp;<\/p>\n<div style=\"text-align: justify;\">Desde que entrara en vigor en el a\u00f1o 2007 el Real Decreto 171\/2007, las empresas familiares tienen la posibilidad de dar publicidad al protocolo que regule la sucesi\u00f3n en la empresa familiar. La intenci\u00f3n entonces del legislador fue la de facilitar mecanismos que permitieran, adem\u00e1s de la publicidad, reconocer <strong>eficacia jur\u00eddica<\/strong> a los pactos suscritos entre los miembros de la empresa familiar.<\/div>\n<div style=\"text-align: justify;\"><\/div>\n<div style=\"text-align: justify;\">Sin embargo, despu\u00e9s de siete a\u00f1os en vigor, se puede concluir que el RD 171\/2007 ha tenido efectos pr\u00e1cticos limitados. Ello es as\u00ed por el car\u00e1cter mismo del propio protocolo, en la mayor\u00eda de los casos, meramente declarativo o, en el mejor de los casos, con efectos obligacionales exclusivamente inter-partes.<\/div>\n<div style=\"text-align: justify;\"><\/div>\n<div style=\"text-align: justify;\">El protocolo puede tener diverso alcance jur\u00eddico, en funci\u00f3n del valor que la propia empresa familiar quiera darle:<\/div>\n<div style=\"text-align: justify;\"><\/div>\n<ul>\n<li>\n<div style=\"text-align: justify;\"><strong>Valor declarativo.<\/strong> Si el protocolo se limita a fijar unos valores generales o recoger la filosof\u00eda de la empresa, sin pacto obligacional alguno, el protocolo obviamente no tendr\u00e1 eficacia jur\u00eddica pr\u00e1ctica. Nadie podr\u00e1 exigir en un tribunal el cumplimiento de un valor o unos principios. En estos casos, la publicidad no solamente ser\u00e1 innecesaria, sino tambi\u00e9n ineficaz.<\/div>\n<\/li>\n<li>\n<div style=\"text-align: justify;\"><strong>Valor obligacional inter-partes.<\/strong> En el caso de que el protocolo concrete aquellos valores generales en normas especificas que regulen aspectos concisos, \u00e9stas s\u00ed tendr\u00e1n car\u00e1cter obligatorio. As\u00ed por ejemplo, las normas que establezcan los requisitos que deben cumplir los familiares que pretendan ocupar un puesto en la empresa, s\u00ed tendr\u00e1n plena eficacia jur\u00eddica.<\/div>\n<\/li>\n<li>\n<div style=\"text-align: justify;\"><strong>Valor frente a terceros.<\/strong> Para extender los efectos de aquellas normas concretas a las relaciones con terceros, el Real Decreto estableci\u00f3 la posibilidad (voluntaria, por tanto) de que el protocolo tuviera acceso al Registro Mercantil. En la pr\u00e1ctica, supone dotar de una \u00abeficacia reforzada\u00bb a los protocolos con la intenci\u00f3n de evitar que un \u00abno firmante\u00bb del protocolo (pongamos, el heredero de un socio fallecido) pueda impugnar alguna norma concreta.<\/div>\n<\/li>\n<\/ul>\n<p>&nbsp;<\/p>\n<p><!-- antes tabla autor --><\/p>\n","protected":false},"excerpt":{"rendered":"<p>&nbsp; foto via Google images &nbsp; Desde que entrara en vigor en el a\u00f1o 2007 el Real Decreto 171\/2007, las empresas familiares tienen la posibilidad de dar publicidad al protocolo que regule la sucesi\u00f3n en la empresa familiar. La intenci\u00f3n entonces del legislador fue la de facilitar mecanismos que permitieran, adem\u00e1s de la publicidad, reconocer eficacia jur\u00eddica a los pactos suscritos entre los miembros de la empresa familiar. Sin embargo, despu\u00e9s de siete a\u00f1os en vigor, se puede concluir que el RD 171\/2007 ha tenido efectos pr\u00e1cticos limitados. Ello es as\u00ed por el car\u00e1cter mismo del propio protocolo, en la <\/p>\n","protected":false},"author":9,"featured_media":362,"comment_status":"open","ping_status":"open","sticky":false,"template":"","format":"standard","meta":{"footnotes":""},"categories":[15],"tags":[],"class_list":["post-67","post","type-post","status-publish","format-standard","has-post-thumbnail","hentry","category-general","has_thumb"],"yoast_head":"<!-- This site is optimized with the Yoast SEO plugin v27.5 - https:\/\/yoast.com\/product\/yoast-seo-wordpress\/ -->\n<title>LA PUBLICIDAD DEL PROTOCOLO FAMILIAR EN LA EMPRESA - Derecho Mercantil<\/title>\n<meta name=\"robots\" content=\"index, follow, max-snippet:-1, max-image-preview:large, max-video-preview:-1\" \/>\n<link rel=\"canonical\" href=\"https:\/\/www.euroresidentes.com\/empresa\/derecho-mercantil\/la-publicidad-del-protocolo-familiar-en-la-empresa\/\" \/>\n<meta property=\"og:locale\" content=\"es_ES\" \/>\n<meta property=\"og:type\" content=\"article\" \/>\n<meta property=\"og:title\" content=\"LA PUBLICIDAD DEL PROTOCOLO FAMILIAR EN LA EMPRESA - Derecho Mercantil\" \/>\n<meta property=\"og:description\" content=\"&nbsp; foto via Google images &nbsp; Desde que entrara en vigor en el a\u00f1o 2007 el Real Decreto 171\/2007, las empresas familiares tienen la posibilidad de dar publicidad al protocolo que regule la sucesi\u00f3n en la empresa familiar. La intenci\u00f3n entonces del legislador fue la de facilitar mecanismos que permitieran, adem\u00e1s de la publicidad, reconocer eficacia jur\u00eddica a los pactos suscritos entre los miembros de la empresa familiar. Sin embargo, despu\u00e9s de siete a\u00f1os en vigor, se puede concluir que el RD 171\/2007 ha tenido efectos pr\u00e1cticos limitados. Ello es as\u00ed por el car\u00e1cter mismo del propio protocolo, en la\" \/>\n<meta property=\"og:url\" content=\"https:\/\/www.euroresidentes.com\/empresa\/derecho-mercantil\/la-publicidad-del-protocolo-familiar-en-la-empresa\/\" \/>\n<meta property=\"og:site_name\" content=\"Derecho Mercantil\" \/>\n<meta property=\"article:publisher\" content=\"https:\/\/www.facebook.com\/euroresidentes\/\" \/>\n<meta property=\"article:published_time\" content=\"2014-07-08T08:20:00+00:00\" \/>\n<meta property=\"article:modified_time\" content=\"2016-02-05T10:37:09+00:00\" \/>\n<meta property=\"og:image\" content=\"https:\/\/www.euroresidentes.com\/empresa\/derecho-mercantil\/wp-content\/uploads\/sites\/12\/2014\/07\/organization-68954_640.jpg\" \/>\n\t<meta property=\"og:image:width\" content=\"600\" \/>\n\t<meta property=\"og:image:height\" content=\"450\" \/>\n\t<meta property=\"og:image:type\" content=\"image\/jpeg\" \/>\n<meta name=\"author\" content=\"Manuel Pomares\" \/>\n<meta name=\"twitter:card\" content=\"summary_large_image\" \/>\n<meta name=\"twitter:label1\" content=\"Written by\" \/>\n\t<meta name=\"twitter:data1\" content=\"Manuel Pomares\" \/>\n\t<meta name=\"twitter:label2\" content=\"Est. reading time\" \/>\n\t<meta name=\"twitter:data2\" content=\"2 minutos\" \/>\n<script type=\"application\/ld+json\" class=\"yoast-schema-graph\">{\"@context\":\"https:\\\/\\\/schema.org\",\"@graph\":[{\"@type\":\"Article\",\"@id\":\"https:\\\/\\\/www.euroresidentes.com\\\/empresa\\\/derecho-mercantil\\\/la-publicidad-del-protocolo-familiar-en-la-empresa\\\/#article\",\"isPartOf\":{\"@id\":\"https:\\\/\\\/www.euroresidentes.com\\\/empresa\\\/derecho-mercantil\\\/la-publicidad-del-protocolo-familiar-en-la-empresa\\\/\"},\"author\":{\"name\":\"Manuel Pomares\",\"@id\":\"https:\\\/\\\/www.euroresidentes.com\\\/empresa\\\/derecho-mercantil\\\/#\\\/schema\\\/person\\\/1f848038ac5623245414f398a267708f\"},\"headline\":\"LA PUBLICIDAD DEL PROTOCOLO FAMILIAR EN LA EMPRESA\",\"datePublished\":\"2014-07-08T08:20:00+00:00\",\"dateModified\":\"2016-02-05T10:37:09+00:00\",\"mainEntityOfPage\":{\"@id\":\"https:\\\/\\\/www.euroresidentes.com\\\/empresa\\\/derecho-mercantil\\\/la-publicidad-del-protocolo-familiar-en-la-empresa\\\/\"},\"wordCount\":344,\"commentCount\":0,\"image\":{\"@id\":\"https:\\\/\\\/www.euroresidentes.com\\\/empresa\\\/derecho-mercantil\\\/la-publicidad-del-protocolo-familiar-en-la-empresa\\\/#primaryimage\"},\"thumbnailUrl\":\"https:\\\/\\\/www.euroresidentes.com\\\/empresa\\\/derecho-mercantil\\\/wp-content\\\/uploads\\\/sites\\\/12\\\/2014\\\/07\\\/organization-68954_640.jpg\",\"articleSection\":[\"General\"],\"inLanguage\":\"es\",\"potentialAction\":[{\"@type\":\"CommentAction\",\"name\":\"Comment\",\"target\":[\"https:\\\/\\\/www.euroresidentes.com\\\/empresa\\\/derecho-mercantil\\\/la-publicidad-del-protocolo-familiar-en-la-empresa\\\/#respond\"]}]},{\"@type\":\"WebPage\",\"@id\":\"https:\\\/\\\/www.euroresidentes.com\\\/empresa\\\/derecho-mercantil\\\/la-publicidad-del-protocolo-familiar-en-la-empresa\\\/\",\"url\":\"https:\\\/\\\/www.euroresidentes.com\\\/empresa\\\/derecho-mercantil\\\/la-publicidad-del-protocolo-familiar-en-la-empresa\\\/\",\"name\":\"LA PUBLICIDAD DEL PROTOCOLO FAMILIAR EN LA EMPRESA - Derecho Mercantil\",\"isPartOf\":{\"@id\":\"https:\\\/\\\/www.euroresidentes.com\\\/empresa\\\/derecho-mercantil\\\/#website\"},\"primaryImageOfPage\":{\"@id\":\"https:\\\/\\\/www.euroresidentes.com\\\/empresa\\\/derecho-mercantil\\\/la-publicidad-del-protocolo-familiar-en-la-empresa\\\/#primaryimage\"},\"image\":{\"@id\":\"https:\\\/\\\/www.euroresidentes.com\\\/empresa\\\/derecho-mercantil\\\/la-publicidad-del-protocolo-familiar-en-la-empresa\\\/#primaryimage\"},\"thumbnailUrl\":\"https:\\\/\\\/www.euroresidentes.com\\\/empresa\\\/derecho-mercantil\\\/wp-content\\\/uploads\\\/sites\\\/12\\\/2014\\\/07\\\/organization-68954_640.jpg\",\"datePublished\":\"2014-07-08T08:20:00+00:00\",\"dateModified\":\"2016-02-05T10:37:09+00:00\",\"author\":{\"@id\":\"https:\\\/\\\/www.euroresidentes.com\\\/empresa\\\/derecho-mercantil\\\/#\\\/schema\\\/person\\\/1f848038ac5623245414f398a267708f\"},\"breadcrumb\":{\"@id\":\"https:\\\/\\\/www.euroresidentes.com\\\/empresa\\\/derecho-mercantil\\\/la-publicidad-del-protocolo-familiar-en-la-empresa\\\/#breadcrumb\"},\"inLanguage\":\"es\",\"potentialAction\":[{\"@type\":\"ReadAction\",\"target\":[\"https:\\\/\\\/www.euroresidentes.com\\\/empresa\\\/derecho-mercantil\\\/la-publicidad-del-protocolo-familiar-en-la-empresa\\\/\"]}]},{\"@type\":\"ImageObject\",\"inLanguage\":\"es\",\"@id\":\"https:\\\/\\\/www.euroresidentes.com\\\/empresa\\\/derecho-mercantil\\\/la-publicidad-del-protocolo-familiar-en-la-empresa\\\/#primaryimage\",\"url\":\"https:\\\/\\\/www.euroresidentes.com\\\/empresa\\\/derecho-mercantil\\\/wp-content\\\/uploads\\\/sites\\\/12\\\/2014\\\/07\\\/organization-68954_640.jpg\",\"contentUrl\":\"https:\\\/\\\/www.euroresidentes.com\\\/empresa\\\/derecho-mercantil\\\/wp-content\\\/uploads\\\/sites\\\/12\\\/2014\\\/07\\\/organization-68954_640.jpg\",\"width\":600,\"height\":450,\"caption\":\"LA PUBLICIDAD DEL PROTOCOLO FAMILIAR EN LA EMPRESA\"},{\"@type\":\"BreadcrumbList\",\"@id\":\"https:\\\/\\\/www.euroresidentes.com\\\/empresa\\\/derecho-mercantil\\\/la-publicidad-del-protocolo-familiar-en-la-empresa\\\/#breadcrumb\",\"itemListElement\":[{\"@type\":\"ListItem\",\"position\":1,\"name\":\"Portada\",\"item\":\"https:\\\/\\\/www.euroresidentes.com\\\/empresa\\\/derecho-mercantil\\\/\"},{\"@type\":\"ListItem\",\"position\":2,\"name\":\"LA PUBLICIDAD DEL PROTOCOLO FAMILIAR EN LA EMPRESA\"}]},{\"@type\":\"WebSite\",\"@id\":\"https:\\\/\\\/www.euroresidentes.com\\\/empresa\\\/derecho-mercantil\\\/#website\",\"url\":\"https:\\\/\\\/www.euroresidentes.com\\\/empresa\\\/derecho-mercantil\\\/\",\"name\":\"Derecho Mercantil\",\"description\":\"Derecho y Empresa Euroresidentes\",\"potentialAction\":[{\"@type\":\"SearchAction\",\"target\":{\"@type\":\"EntryPoint\",\"urlTemplate\":\"https:\\\/\\\/www.euroresidentes.com\\\/empresa\\\/derecho-mercantil\\\/?s={search_term_string}\"},\"query-input\":{\"@type\":\"PropertyValueSpecification\",\"valueRequired\":true,\"valueName\":\"search_term_string\"}}],\"inLanguage\":\"es\"},{\"@type\":\"Person\",\"@id\":\"https:\\\/\\\/www.euroresidentes.com\\\/empresa\\\/derecho-mercantil\\\/#\\\/schema\\\/person\\\/1f848038ac5623245414f398a267708f\",\"name\":\"Manuel Pomares\",\"image\":{\"@type\":\"ImageObject\",\"inLanguage\":\"es\",\"@id\":\"https:\\\/\\\/www.euroresidentes.com\\\/empresa\\\/derecho-mercantil\\\/wp-content\\\/uploads\\\/sites\\\/12\\\/2016\\\/08\\\/manuel-pomares-abogados-150x150.jpg\",\"url\":\"https:\\\/\\\/www.euroresidentes.com\\\/empresa\\\/derecho-mercantil\\\/wp-content\\\/uploads\\\/sites\\\/12\\\/2016\\\/08\\\/manuel-pomares-abogados-150x150.jpg\",\"contentUrl\":\"https:\\\/\\\/www.euroresidentes.com\\\/empresa\\\/derecho-mercantil\\\/wp-content\\\/uploads\\\/sites\\\/12\\\/2016\\\/08\\\/manuel-pomares-abogados-150x150.jpg\",\"caption\":\"Manuel Pomares\"},\"description\":\"Manuel PomaresAbogado y socio director de la firma Pomares Abogados. Especialista en derecho mercantil-societario, bancario y responsabilidad civil-seguro.\",\"sameAs\":[\"http:\\\/\\\/www.euroresidentes.com\\\/empresa\\\/manuel-pomares-2.html\"],\"url\":\"https:\\\/\\\/www.euroresidentes.com\\\/empresa\\\/derecho-mercantil\\\/author\\\/manuel\\\/\"}]}<\/script>\n<!-- \/ Yoast SEO plugin. -->","yoast_head_json":{"title":"LA PUBLICIDAD DEL PROTOCOLO FAMILIAR EN LA EMPRESA - Derecho Mercantil","robots":{"index":"index","follow":"follow","max-snippet":"max-snippet:-1","max-image-preview":"max-image-preview:large","max-video-preview":"max-video-preview:-1"},"canonical":"https:\/\/www.euroresidentes.com\/empresa\/derecho-mercantil\/la-publicidad-del-protocolo-familiar-en-la-empresa\/","og_locale":"es_ES","og_type":"article","og_title":"LA PUBLICIDAD DEL PROTOCOLO FAMILIAR EN LA EMPRESA - Derecho Mercantil","og_description":"&nbsp; foto via Google images &nbsp; Desde que entrara en vigor en el a\u00f1o 2007 el Real Decreto 171\/2007, las empresas familiares tienen la posibilidad de dar publicidad al protocolo que regule la sucesi\u00f3n en la empresa familiar. La intenci\u00f3n entonces del legislador fue la de facilitar mecanismos que permitieran, adem\u00e1s de la publicidad, reconocer eficacia jur\u00eddica a los pactos suscritos entre los miembros de la empresa familiar. Sin embargo, despu\u00e9s de siete a\u00f1os en vigor, se puede concluir que el RD 171\/2007 ha tenido efectos pr\u00e1cticos limitados. Ello es as\u00ed por el car\u00e1cter mismo del propio protocolo, en la","og_url":"https:\/\/www.euroresidentes.com\/empresa\/derecho-mercantil\/la-publicidad-del-protocolo-familiar-en-la-empresa\/","og_site_name":"Derecho Mercantil","article_publisher":"https:\/\/www.facebook.com\/euroresidentes\/","article_published_time":"2014-07-08T08:20:00+00:00","article_modified_time":"2016-02-05T10:37:09+00:00","og_image":[{"width":600,"height":450,"url":"https:\/\/www.euroresidentes.com\/empresa\/derecho-mercantil\/wp-content\/uploads\/sites\/12\/2014\/07\/organization-68954_640.jpg","type":"image\/jpeg"}],"author":"Manuel Pomares","twitter_card":"summary_large_image","twitter_misc":{"Written by":"Manuel Pomares","Est. reading time":"2 minutos"},"schema":{"@context":"https:\/\/schema.org","@graph":[{"@type":"Article","@id":"https:\/\/www.euroresidentes.com\/empresa\/derecho-mercantil\/la-publicidad-del-protocolo-familiar-en-la-empresa\/#article","isPartOf":{"@id":"https:\/\/www.euroresidentes.com\/empresa\/derecho-mercantil\/la-publicidad-del-protocolo-familiar-en-la-empresa\/"},"author":{"name":"Manuel Pomares","@id":"https:\/\/www.euroresidentes.com\/empresa\/derecho-mercantil\/#\/schema\/person\/1f848038ac5623245414f398a267708f"},"headline":"LA PUBLICIDAD DEL PROTOCOLO FAMILIAR EN LA EMPRESA","datePublished":"2014-07-08T08:20:00+00:00","dateModified":"2016-02-05T10:37:09+00:00","mainEntityOfPage":{"@id":"https:\/\/www.euroresidentes.com\/empresa\/derecho-mercantil\/la-publicidad-del-protocolo-familiar-en-la-empresa\/"},"wordCount":344,"commentCount":0,"image":{"@id":"https:\/\/www.euroresidentes.com\/empresa\/derecho-mercantil\/la-publicidad-del-protocolo-familiar-en-la-empresa\/#primaryimage"},"thumbnailUrl":"https:\/\/www.euroresidentes.com\/empresa\/derecho-mercantil\/wp-content\/uploads\/sites\/12\/2014\/07\/organization-68954_640.jpg","articleSection":["General"],"inLanguage":"es","potentialAction":[{"@type":"CommentAction","name":"Comment","target":["https:\/\/www.euroresidentes.com\/empresa\/derecho-mercantil\/la-publicidad-del-protocolo-familiar-en-la-empresa\/#respond"]}]},{"@type":"WebPage","@id":"https:\/\/www.euroresidentes.com\/empresa\/derecho-mercantil\/la-publicidad-del-protocolo-familiar-en-la-empresa\/","url":"https:\/\/www.euroresidentes.com\/empresa\/derecho-mercantil\/la-publicidad-del-protocolo-familiar-en-la-empresa\/","name":"LA PUBLICIDAD DEL PROTOCOLO FAMILIAR EN LA EMPRESA - Derecho Mercantil","isPartOf":{"@id":"https:\/\/www.euroresidentes.com\/empresa\/derecho-mercantil\/#website"},"primaryImageOfPage":{"@id":"https:\/\/www.euroresidentes.com\/empresa\/derecho-mercantil\/la-publicidad-del-protocolo-familiar-en-la-empresa\/#primaryimage"},"image":{"@id":"https:\/\/www.euroresidentes.com\/empresa\/derecho-mercantil\/la-publicidad-del-protocolo-familiar-en-la-empresa\/#primaryimage"},"thumbnailUrl":"https:\/\/www.euroresidentes.com\/empresa\/derecho-mercantil\/wp-content\/uploads\/sites\/12\/2014\/07\/organization-68954_640.jpg","datePublished":"2014-07-08T08:20:00+00:00","dateModified":"2016-02-05T10:37:09+00:00","author":{"@id":"https:\/\/www.euroresidentes.com\/empresa\/derecho-mercantil\/#\/schema\/person\/1f848038ac5623245414f398a267708f"},"breadcrumb":{"@id":"https:\/\/www.euroresidentes.com\/empresa\/derecho-mercantil\/la-publicidad-del-protocolo-familiar-en-la-empresa\/#breadcrumb"},"inLanguage":"es","potentialAction":[{"@type":"ReadAction","target":["https:\/\/www.euroresidentes.com\/empresa\/derecho-mercantil\/la-publicidad-del-protocolo-familiar-en-la-empresa\/"]}]},{"@type":"ImageObject","inLanguage":"es","@id":"https:\/\/www.euroresidentes.com\/empresa\/derecho-mercantil\/la-publicidad-del-protocolo-familiar-en-la-empresa\/#primaryimage","url":"https:\/\/www.euroresidentes.com\/empresa\/derecho-mercantil\/wp-content\/uploads\/sites\/12\/2014\/07\/organization-68954_640.jpg","contentUrl":"https:\/\/www.euroresidentes.com\/empresa\/derecho-mercantil\/wp-content\/uploads\/sites\/12\/2014\/07\/organization-68954_640.jpg","width":600,"height":450,"caption":"LA PUBLICIDAD DEL PROTOCOLO FAMILIAR EN LA EMPRESA"},{"@type":"BreadcrumbList","@id":"https:\/\/www.euroresidentes.com\/empresa\/derecho-mercantil\/la-publicidad-del-protocolo-familiar-en-la-empresa\/#breadcrumb","itemListElement":[{"@type":"ListItem","position":1,"name":"Portada","item":"https:\/\/www.euroresidentes.com\/empresa\/derecho-mercantil\/"},{"@type":"ListItem","position":2,"name":"LA PUBLICIDAD DEL PROTOCOLO FAMILIAR EN LA EMPRESA"}]},{"@type":"WebSite","@id":"https:\/\/www.euroresidentes.com\/empresa\/derecho-mercantil\/#website","url":"https:\/\/www.euroresidentes.com\/empresa\/derecho-mercantil\/","name":"Derecho Mercantil","description":"Derecho y Empresa Euroresidentes","potentialAction":[{"@type":"SearchAction","target":{"@type":"EntryPoint","urlTemplate":"https:\/\/www.euroresidentes.com\/empresa\/derecho-mercantil\/?s={search_term_string}"},"query-input":{"@type":"PropertyValueSpecification","valueRequired":true,"valueName":"search_term_string"}}],"inLanguage":"es"},{"@type":"Person","@id":"https:\/\/www.euroresidentes.com\/empresa\/derecho-mercantil\/#\/schema\/person\/1f848038ac5623245414f398a267708f","name":"Manuel Pomares","image":{"@type":"ImageObject","inLanguage":"es","@id":"https:\/\/www.euroresidentes.com\/empresa\/derecho-mercantil\/wp-content\/uploads\/sites\/12\/2016\/08\/manuel-pomares-abogados-150x150.jpg","url":"https:\/\/www.euroresidentes.com\/empresa\/derecho-mercantil\/wp-content\/uploads\/sites\/12\/2016\/08\/manuel-pomares-abogados-150x150.jpg","contentUrl":"https:\/\/www.euroresidentes.com\/empresa\/derecho-mercantil\/wp-content\/uploads\/sites\/12\/2016\/08\/manuel-pomares-abogados-150x150.jpg","caption":"Manuel Pomares"},"description":"Manuel PomaresAbogado y socio director de la firma Pomares Abogados. Especialista en derecho mercantil-societario, bancario y responsabilidad civil-seguro.","sameAs":["http:\/\/www.euroresidentes.com\/empresa\/manuel-pomares-2.html"],"url":"https:\/\/www.euroresidentes.com\/empresa\/derecho-mercantil\/author\/manuel\/"}]}},"_links":{"self":[{"href":"https:\/\/www.euroresidentes.com\/empresa\/derecho-mercantil\/wp-json\/wp\/v2\/posts\/67","targetHints":{"allow":["GET"]}}],"collection":[{"href":"https:\/\/www.euroresidentes.com\/empresa\/derecho-mercantil\/wp-json\/wp\/v2\/posts"}],"about":[{"href":"https:\/\/www.euroresidentes.com\/empresa\/derecho-mercantil\/wp-json\/wp\/v2\/types\/post"}],"author":[{"embeddable":true,"href":"https:\/\/www.euroresidentes.com\/empresa\/derecho-mercantil\/wp-json\/wp\/v2\/users\/9"}],"replies":[{"embeddable":true,"href":"https:\/\/www.euroresidentes.com\/empresa\/derecho-mercantil\/wp-json\/wp\/v2\/comments?post=67"}],"version-history":[{"count":3,"href":"https:\/\/www.euroresidentes.com\/empresa\/derecho-mercantil\/wp-json\/wp\/v2\/posts\/67\/revisions"}],"predecessor-version":[{"id":535,"href":"https:\/\/www.euroresidentes.com\/empresa\/derecho-mercantil\/wp-json\/wp\/v2\/posts\/67\/revisions\/535"}],"wp:featuredmedia":[{"embeddable":true,"href":"https:\/\/www.euroresidentes.com\/empresa\/derecho-mercantil\/wp-json\/wp\/v2\/media\/362"}],"wp:attachment":[{"href":"https:\/\/www.euroresidentes.com\/empresa\/derecho-mercantil\/wp-json\/wp\/v2\/media?parent=67"}],"wp:term":[{"taxonomy":"category","embeddable":true,"href":"https:\/\/www.euroresidentes.com\/empresa\/derecho-mercantil\/wp-json\/wp\/v2\/categories?post=67"},{"taxonomy":"post_tag","embeddable":true,"href":"https:\/\/www.euroresidentes.com\/empresa\/derecho-mercantil\/wp-json\/wp\/v2\/tags?post=67"}],"curies":[{"name":"wp","href":"https:\/\/api.w.org\/{rel}","templated":true}]}}