
{"id":641,"date":"2016-03-29T09:20:03","date_gmt":"2016-03-29T07:20:03","guid":{"rendered":"http:\/\/www.euroresidentes.com\/empresa\/derecho-mercantil\/?p=641"},"modified":"2017-03-27T14:39:07","modified_gmt":"2017-03-27T12:39:07","slug":"primera-sentencia-del-tribunal-supremo-sobre-responsabilidad-penal-de-la-empresa","status":"publish","type":"post","link":"https:\/\/www.euroresidentes.com\/empresa\/derecho-mercantil\/primera-sentencia-del-tribunal-supremo-sobre-responsabilidad-penal-de-la-empresa\/","title":{"rendered":"Primera sentencia del Tribunal Supremo sobre responsabilidad penal de la empresa"},"content":{"rendered":"<p>&nbsp;<\/p>\n<p><a href=\"http:\/\/www.euroresidentes.com\/empresa\/derecho-mercantil\/wp-content\/uploads\/sites\/12\/2016\/03\/responsabilidad-penal-empresas-euroresidentes.jpg\"><img loading=\"lazy\" decoding=\"async\" class=\"aligncenter size-full wp-image-664\" src=\"http:\/\/www.euroresidentes.com\/empresa\/derecho-mercantil\/wp-content\/uploads\/sites\/12\/2016\/03\/responsabilidad-penal-empresas-euroresidentes.jpg\" alt=\"Responsabilidad penal para las empresas\" width=\"700\" height=\"525\" srcset=\"https:\/\/www.euroresidentes.com\/empresa\/derecho-mercantil\/wp-content\/uploads\/sites\/12\/2016\/03\/responsabilidad-penal-empresas-euroresidentes.jpg 700w, https:\/\/www.euroresidentes.com\/empresa\/derecho-mercantil\/wp-content\/uploads\/sites\/12\/2016\/03\/responsabilidad-penal-empresas-euroresidentes-300x225.jpg 300w\" sizes=\"auto, (max-width: 700px) 100vw, 700px\" \/><\/a><\/p>\n<p>La amenaza de sanci\u00f3n a la persona jur\u00eddica no s\u00f3lo incentiva la prevenci\u00f3n de la comisi\u00f3n de delitos en el seno de la empresa sino que, una vez cometido el delito, facilita su investigaci\u00f3n y castigo a trav\u00e9s de una triple v\u00eda:<\/p>\n<ul>\n<li>en <em>primer lugar<\/em>, la empresa que tenga implementados unos buenos programas de cumplimiento de la legalidad habr\u00e1 dejado un <strong>rastro documental<\/strong> f\u00e1cil de seguir a la hora de determinar qui\u00e9n es la persona f\u00edsica responsable de un hecho delictivo;<\/li>\n<li>en <em>segundo lugar<\/em>, el establecimiento de circunstancias <strong>atenuantes<\/strong> de la responsabilidad de la persona jur\u00eddica, como son la colaboraci\u00f3n con la averiguaci\u00f3n del hecho delictivo, facilitar\u00e1 la investigaci\u00f3n criminal\u00a0y la determinaci\u00f3n de los autores;<\/li>\n<li>en <em>tercer lugar<\/em>, la <strong>independencia<\/strong> de la responsabilidad penal de la persona jur\u00eddica respecto de la responsabilidad penal del agente persona f\u00edsica causante del hecho delictivo, implica que la persona jur\u00eddica responder\u00e1 siempre penalmente aunque no se haya podido identificar a la persona f\u00edsica autora del hecho delictivo, de modo que el costoso y lento procedimiento penal podr\u00e1 finalizar con mayor facilidad con una sentencia condenatoria y con el resarcimiento de los perjuicios causados por el delito cometido en el seno de la empresa.<\/li>\n<\/ul>\n<p>El art\u00edculo 119 Ley de Enjuiciamiento Criminal, en su actual redacci\u00f3n dispone que, cuando se impute a una persona jur\u00eddica, se requerir\u00e1 a la entidad para que, adem\u00e1s de nombrar Abogado y Procurador, \u201cproceda a la designaci\u00f3n de un representante.\u00bb<\/p>\n<p>Pero, \u00bf<strong>qu\u00e9 sucede cuando aquel a quien se encomienda tal tarea fuera, a su vez, posible responsable de la infracci\u00f3n que da origen a la condena de la representada<\/strong>?<\/p>\n<p>En la muy reciente sentencia n\u00ba 154\/2016, de 29 de febrero, que por primera vez aprecia la responsabilidad penal de la persona jur\u00eddica, se esclarecen varias cuestiones esenciales de esta novedosa regulaci\u00f3n. El principal problema surge cuando el representante persona f\u00edsica se encuentra ya acusado y radica en la \u201cintolerable limitaci\u00f3n del ejercicio del derecho de defensa\u201d que podr\u00eda derivarse para la persona jur\u00eddica tambi\u00e9n acusada, representada por aqu\u00e9l<\/p>\n<p>La sentencia propone una serie de <strong>soluciones<\/strong> tales como:<\/p>\n<ul>\n<li>la designaci\u00f3n por el \u00f3rgano jurisdiccional competente de una especie de \u201cdefensor judicial\u201d de la persona jur\u00eddica.<\/li>\n<li>La asignaci\u00f3n de tales responsabilidades a un \u00f3rgano colegiado compuesto por personas independientes junto con otras en representaci\u00f3n de los intereses de terceros afectados.<\/li>\n<li>O la atribuci\u00f3n de esas funciones de defensa, con car\u00e1cter prioritario, al \u201cdirector del sistema de control interno de la entidad\u201d (oficial de cumplimiento).<\/li>\n<\/ul>\n<p>Finalmente, la sentencia concluye exponiendo que en el caso en que se apreciase la vulneraci\u00f3n del derecho de defensa de la persona jur\u00eddica al haber sido representada en juicio, y a lo largo de todo el procedimiento, por una persona f\u00edsica acusada y con intereses distintos y contrapuestos a los de aqu\u00e9lla, se pudiera proceder a la repetici\u00f3n del juicio oral, en lo que al enjuiciamiento de la persona jur\u00eddica se refiere, a fin de que la misma fuera representada, por alguien ajeno a cualquier posible conflicto de intereses con los de la entidad.<\/p>\n<p>Aunque el Tribunal Supremo no puede resolver con car\u00e1cter general esta problem\u00e1tica, a partir de ahora ser\u00e1 interesante comprobar c\u00f3mo los operadores jur\u00eddicos configuran estas nuevas exigencias para encauzar una situaci\u00f3n cada vez m\u00e1s habitual en la pr\u00e1ctica.<\/p>\n<p><span style=\"color: #000000; font-family: Calibri;\">\u00a0<\/span><\/p>\n<p>&nbsp;<\/p>\n","protected":false},"excerpt":{"rendered":"<p>&nbsp; La amenaza de sanci\u00f3n a la persona jur\u00eddica no s\u00f3lo incentiva la prevenci\u00f3n de la comisi\u00f3n de delitos en el seno de la empresa sino que, una vez cometido el delito, facilita su investigaci\u00f3n y castigo a trav\u00e9s de una triple v\u00eda: en primer lugar, la empresa que tenga implementados unos buenos programas de cumplimiento de la legalidad habr\u00e1 dejado un rastro documental f\u00e1cil de seguir a la hora de determinar qui\u00e9n es la persona f\u00edsica responsable de un hecho delictivo; en segundo lugar, el establecimiento de circunstancias atenuantes de la responsabilidad de la persona jur\u00eddica, como son la <\/p>\n","protected":false},"author":9,"featured_media":664,"comment_status":"open","ping_status":"open","sticky":false,"template":"","format":"standard","meta":{"footnotes":""},"categories":[83],"tags":[],"class_list":["post-641","post","type-post","status-publish","format-standard","has-post-thumbnail","hentry","category-sentencias","has_thumb"],"yoast_head":"<!-- This site is optimized with the Yoast SEO plugin v27.5 - https:\/\/yoast.com\/product\/yoast-seo-wordpress\/ -->\n<title>Primera sentencia del Tribunal Supremo sobre responsabilidad penal de la empresa - Derecho Mercantil<\/title>\n<meta name=\"robots\" content=\"index, follow, max-snippet:-1, max-image-preview:large, max-video-preview:-1\" \/>\n<link rel=\"canonical\" href=\"https:\/\/www.euroresidentes.com\/empresa\/derecho-mercantil\/primera-sentencia-del-tribunal-supremo-sobre-responsabilidad-penal-de-la-empresa\/\" \/>\n<meta property=\"og:locale\" content=\"es_ES\" \/>\n<meta property=\"og:type\" content=\"article\" \/>\n<meta property=\"og:title\" content=\"Primera sentencia del Tribunal Supremo sobre responsabilidad penal de la empresa - Derecho Mercantil\" \/>\n<meta property=\"og:description\" content=\"&nbsp; La amenaza de sanci\u00f3n a la persona jur\u00eddica no s\u00f3lo incentiva la prevenci\u00f3n de la comisi\u00f3n de delitos en el seno de la empresa sino que, una vez cometido el delito, facilita su investigaci\u00f3n y castigo a trav\u00e9s de una triple v\u00eda: en primer lugar, la empresa que tenga implementados unos buenos programas de cumplimiento de la legalidad habr\u00e1 dejado un rastro documental f\u00e1cil de seguir a la hora de determinar qui\u00e9n es la persona f\u00edsica responsable de un hecho delictivo; en segundo lugar, el establecimiento de circunstancias atenuantes de la responsabilidad de la persona jur\u00eddica, como son la\" \/>\n<meta property=\"og:url\" content=\"https:\/\/www.euroresidentes.com\/empresa\/derecho-mercantil\/primera-sentencia-del-tribunal-supremo-sobre-responsabilidad-penal-de-la-empresa\/\" \/>\n<meta property=\"og:site_name\" content=\"Derecho Mercantil\" \/>\n<meta property=\"article:publisher\" content=\"https:\/\/www.facebook.com\/euroresidentes\/\" \/>\n<meta property=\"article:published_time\" content=\"2016-03-29T07:20:03+00:00\" \/>\n<meta property=\"article:modified_time\" content=\"2017-03-27T12:39:07+00:00\" \/>\n<meta property=\"og:image\" content=\"https:\/\/www.euroresidentes.com\/empresa\/derecho-mercantil\/wp-content\/uploads\/sites\/12\/2016\/03\/responsabilidad-penal-empresas-euroresidentes.jpg\" \/>\n\t<meta property=\"og:image:width\" content=\"700\" \/>\n\t<meta property=\"og:image:height\" content=\"525\" \/>\n\t<meta property=\"og:image:type\" content=\"image\/jpeg\" \/>\n<meta name=\"author\" content=\"Manuel Pomares\" \/>\n<meta name=\"twitter:card\" content=\"summary_large_image\" \/>\n<meta name=\"twitter:label1\" content=\"Written by\" \/>\n\t<meta name=\"twitter:data1\" content=\"Manuel Pomares\" \/>\n\t<meta name=\"twitter:label2\" content=\"Est. reading time\" \/>\n\t<meta name=\"twitter:data2\" content=\"3 minutos\" \/>\n<script type=\"application\/ld+json\" class=\"yoast-schema-graph\">{\"@context\":\"https:\\\/\\\/schema.org\",\"@graph\":[{\"@type\":\"Article\",\"@id\":\"https:\\\/\\\/www.euroresidentes.com\\\/empresa\\\/derecho-mercantil\\\/primera-sentencia-del-tribunal-supremo-sobre-responsabilidad-penal-de-la-empresa\\\/#article\",\"isPartOf\":{\"@id\":\"https:\\\/\\\/www.euroresidentes.com\\\/empresa\\\/derecho-mercantil\\\/primera-sentencia-del-tribunal-supremo-sobre-responsabilidad-penal-de-la-empresa\\\/\"},\"author\":{\"name\":\"Manuel Pomares\",\"@id\":\"https:\\\/\\\/www.euroresidentes.com\\\/empresa\\\/derecho-mercantil\\\/#\\\/schema\\\/person\\\/1f848038ac5623245414f398a267708f\"},\"headline\":\"Primera sentencia del Tribunal Supremo sobre responsabilidad penal de la empresa\",\"datePublished\":\"2016-03-29T07:20:03+00:00\",\"dateModified\":\"2017-03-27T12:39:07+00:00\",\"mainEntityOfPage\":{\"@id\":\"https:\\\/\\\/www.euroresidentes.com\\\/empresa\\\/derecho-mercantil\\\/primera-sentencia-del-tribunal-supremo-sobre-responsabilidad-penal-de-la-empresa\\\/\"},\"wordCount\":607,\"commentCount\":0,\"image\":{\"@id\":\"https:\\\/\\\/www.euroresidentes.com\\\/empresa\\\/derecho-mercantil\\\/primera-sentencia-del-tribunal-supremo-sobre-responsabilidad-penal-de-la-empresa\\\/#primaryimage\"},\"thumbnailUrl\":\"https:\\\/\\\/www.euroresidentes.com\\\/empresa\\\/derecho-mercantil\\\/wp-content\\\/uploads\\\/sites\\\/12\\\/2016\\\/03\\\/responsabilidad-penal-empresas-euroresidentes.jpg\",\"articleSection\":[\"SENTENCIAS\"],\"inLanguage\":\"es\",\"potentialAction\":[{\"@type\":\"CommentAction\",\"name\":\"Comment\",\"target\":[\"https:\\\/\\\/www.euroresidentes.com\\\/empresa\\\/derecho-mercantil\\\/primera-sentencia-del-tribunal-supremo-sobre-responsabilidad-penal-de-la-empresa\\\/#respond\"]}]},{\"@type\":\"WebPage\",\"@id\":\"https:\\\/\\\/www.euroresidentes.com\\\/empresa\\\/derecho-mercantil\\\/primera-sentencia-del-tribunal-supremo-sobre-responsabilidad-penal-de-la-empresa\\\/\",\"url\":\"https:\\\/\\\/www.euroresidentes.com\\\/empresa\\\/derecho-mercantil\\\/primera-sentencia-del-tribunal-supremo-sobre-responsabilidad-penal-de-la-empresa\\\/\",\"name\":\"Primera sentencia del Tribunal Supremo sobre responsabilidad penal de la empresa - Derecho Mercantil\",\"isPartOf\":{\"@id\":\"https:\\\/\\\/www.euroresidentes.com\\\/empresa\\\/derecho-mercantil\\\/#website\"},\"primaryImageOfPage\":{\"@id\":\"https:\\\/\\\/www.euroresidentes.com\\\/empresa\\\/derecho-mercantil\\\/primera-sentencia-del-tribunal-supremo-sobre-responsabilidad-penal-de-la-empresa\\\/#primaryimage\"},\"image\":{\"@id\":\"https:\\\/\\\/www.euroresidentes.com\\\/empresa\\\/derecho-mercantil\\\/primera-sentencia-del-tribunal-supremo-sobre-responsabilidad-penal-de-la-empresa\\\/#primaryimage\"},\"thumbnailUrl\":\"https:\\\/\\\/www.euroresidentes.com\\\/empresa\\\/derecho-mercantil\\\/wp-content\\\/uploads\\\/sites\\\/12\\\/2016\\\/03\\\/responsabilidad-penal-empresas-euroresidentes.jpg\",\"datePublished\":\"2016-03-29T07:20:03+00:00\",\"dateModified\":\"2017-03-27T12:39:07+00:00\",\"author\":{\"@id\":\"https:\\\/\\\/www.euroresidentes.com\\\/empresa\\\/derecho-mercantil\\\/#\\\/schema\\\/person\\\/1f848038ac5623245414f398a267708f\"},\"breadcrumb\":{\"@id\":\"https:\\\/\\\/www.euroresidentes.com\\\/empresa\\\/derecho-mercantil\\\/primera-sentencia-del-tribunal-supremo-sobre-responsabilidad-penal-de-la-empresa\\\/#breadcrumb\"},\"inLanguage\":\"es\",\"potentialAction\":[{\"@type\":\"ReadAction\",\"target\":[\"https:\\\/\\\/www.euroresidentes.com\\\/empresa\\\/derecho-mercantil\\\/primera-sentencia-del-tribunal-supremo-sobre-responsabilidad-penal-de-la-empresa\\\/\"]}]},{\"@type\":\"ImageObject\",\"inLanguage\":\"es\",\"@id\":\"https:\\\/\\\/www.euroresidentes.com\\\/empresa\\\/derecho-mercantil\\\/primera-sentencia-del-tribunal-supremo-sobre-responsabilidad-penal-de-la-empresa\\\/#primaryimage\",\"url\":\"https:\\\/\\\/www.euroresidentes.com\\\/empresa\\\/derecho-mercantil\\\/wp-content\\\/uploads\\\/sites\\\/12\\\/2016\\\/03\\\/responsabilidad-penal-empresas-euroresidentes.jpg\",\"contentUrl\":\"https:\\\/\\\/www.euroresidentes.com\\\/empresa\\\/derecho-mercantil\\\/wp-content\\\/uploads\\\/sites\\\/12\\\/2016\\\/03\\\/responsabilidad-penal-empresas-euroresidentes.jpg\",\"width\":700,\"height\":525,\"caption\":\"Responsabilidad penal para las empresas\"},{\"@type\":\"BreadcrumbList\",\"@id\":\"https:\\\/\\\/www.euroresidentes.com\\\/empresa\\\/derecho-mercantil\\\/primera-sentencia-del-tribunal-supremo-sobre-responsabilidad-penal-de-la-empresa\\\/#breadcrumb\",\"itemListElement\":[{\"@type\":\"ListItem\",\"position\":1,\"name\":\"Portada\",\"item\":\"https:\\\/\\\/www.euroresidentes.com\\\/empresa\\\/derecho-mercantil\\\/\"},{\"@type\":\"ListItem\",\"position\":2,\"name\":\"Primera sentencia del Tribunal Supremo sobre responsabilidad penal de la empresa\"}]},{\"@type\":\"WebSite\",\"@id\":\"https:\\\/\\\/www.euroresidentes.com\\\/empresa\\\/derecho-mercantil\\\/#website\",\"url\":\"https:\\\/\\\/www.euroresidentes.com\\\/empresa\\\/derecho-mercantil\\\/\",\"name\":\"Derecho Mercantil\",\"description\":\"Derecho y Empresa Euroresidentes\",\"potentialAction\":[{\"@type\":\"SearchAction\",\"target\":{\"@type\":\"EntryPoint\",\"urlTemplate\":\"https:\\\/\\\/www.euroresidentes.com\\\/empresa\\\/derecho-mercantil\\\/?s={search_term_string}\"},\"query-input\":{\"@type\":\"PropertyValueSpecification\",\"valueRequired\":true,\"valueName\":\"search_term_string\"}}],\"inLanguage\":\"es\"},{\"@type\":\"Person\",\"@id\":\"https:\\\/\\\/www.euroresidentes.com\\\/empresa\\\/derecho-mercantil\\\/#\\\/schema\\\/person\\\/1f848038ac5623245414f398a267708f\",\"name\":\"Manuel Pomares\",\"image\":{\"@type\":\"ImageObject\",\"inLanguage\":\"es\",\"@id\":\"https:\\\/\\\/www.euroresidentes.com\\\/empresa\\\/derecho-mercantil\\\/wp-content\\\/uploads\\\/sites\\\/12\\\/2016\\\/08\\\/manuel-pomares-abogados-150x150.jpg\",\"url\":\"https:\\\/\\\/www.euroresidentes.com\\\/empresa\\\/derecho-mercantil\\\/wp-content\\\/uploads\\\/sites\\\/12\\\/2016\\\/08\\\/manuel-pomares-abogados-150x150.jpg\",\"contentUrl\":\"https:\\\/\\\/www.euroresidentes.com\\\/empresa\\\/derecho-mercantil\\\/wp-content\\\/uploads\\\/sites\\\/12\\\/2016\\\/08\\\/manuel-pomares-abogados-150x150.jpg\",\"caption\":\"Manuel Pomares\"},\"description\":\"Manuel PomaresAbogado y socio director de la firma Pomares Abogados. Especialista en derecho mercantil-societario, bancario y responsabilidad civil-seguro.\",\"sameAs\":[\"http:\\\/\\\/www.euroresidentes.com\\\/empresa\\\/manuel-pomares-2.html\"],\"url\":\"https:\\\/\\\/www.euroresidentes.com\\\/empresa\\\/derecho-mercantil\\\/author\\\/manuel\\\/\"}]}<\/script>\n<!-- \/ Yoast SEO plugin. -->","yoast_head_json":{"title":"Primera sentencia del Tribunal Supremo sobre responsabilidad penal de la empresa - Derecho Mercantil","robots":{"index":"index","follow":"follow","max-snippet":"max-snippet:-1","max-image-preview":"max-image-preview:large","max-video-preview":"max-video-preview:-1"},"canonical":"https:\/\/www.euroresidentes.com\/empresa\/derecho-mercantil\/primera-sentencia-del-tribunal-supremo-sobre-responsabilidad-penal-de-la-empresa\/","og_locale":"es_ES","og_type":"article","og_title":"Primera sentencia del Tribunal Supremo sobre responsabilidad penal de la empresa - Derecho Mercantil","og_description":"&nbsp; La amenaza de sanci\u00f3n a la persona jur\u00eddica no s\u00f3lo incentiva la prevenci\u00f3n de la comisi\u00f3n de delitos en el seno de la empresa sino que, una vez cometido el delito, facilita su investigaci\u00f3n y castigo a trav\u00e9s de una triple v\u00eda: en primer lugar, la empresa que tenga implementados unos buenos programas de cumplimiento de la legalidad habr\u00e1 dejado un rastro documental f\u00e1cil de seguir a la hora de determinar qui\u00e9n es la persona f\u00edsica responsable de un hecho delictivo; en segundo lugar, el establecimiento de circunstancias atenuantes de la responsabilidad de la persona jur\u00eddica, como son la","og_url":"https:\/\/www.euroresidentes.com\/empresa\/derecho-mercantil\/primera-sentencia-del-tribunal-supremo-sobre-responsabilidad-penal-de-la-empresa\/","og_site_name":"Derecho Mercantil","article_publisher":"https:\/\/www.facebook.com\/euroresidentes\/","article_published_time":"2016-03-29T07:20:03+00:00","article_modified_time":"2017-03-27T12:39:07+00:00","og_image":[{"width":700,"height":525,"url":"https:\/\/www.euroresidentes.com\/empresa\/derecho-mercantil\/wp-content\/uploads\/sites\/12\/2016\/03\/responsabilidad-penal-empresas-euroresidentes.jpg","type":"image\/jpeg"}],"author":"Manuel Pomares","twitter_card":"summary_large_image","twitter_misc":{"Written by":"Manuel Pomares","Est. reading time":"3 minutos"},"schema":{"@context":"https:\/\/schema.org","@graph":[{"@type":"Article","@id":"https:\/\/www.euroresidentes.com\/empresa\/derecho-mercantil\/primera-sentencia-del-tribunal-supremo-sobre-responsabilidad-penal-de-la-empresa\/#article","isPartOf":{"@id":"https:\/\/www.euroresidentes.com\/empresa\/derecho-mercantil\/primera-sentencia-del-tribunal-supremo-sobre-responsabilidad-penal-de-la-empresa\/"},"author":{"name":"Manuel Pomares","@id":"https:\/\/www.euroresidentes.com\/empresa\/derecho-mercantil\/#\/schema\/person\/1f848038ac5623245414f398a267708f"},"headline":"Primera sentencia del Tribunal Supremo sobre responsabilidad penal de la empresa","datePublished":"2016-03-29T07:20:03+00:00","dateModified":"2017-03-27T12:39:07+00:00","mainEntityOfPage":{"@id":"https:\/\/www.euroresidentes.com\/empresa\/derecho-mercantil\/primera-sentencia-del-tribunal-supremo-sobre-responsabilidad-penal-de-la-empresa\/"},"wordCount":607,"commentCount":0,"image":{"@id":"https:\/\/www.euroresidentes.com\/empresa\/derecho-mercantil\/primera-sentencia-del-tribunal-supremo-sobre-responsabilidad-penal-de-la-empresa\/#primaryimage"},"thumbnailUrl":"https:\/\/www.euroresidentes.com\/empresa\/derecho-mercantil\/wp-content\/uploads\/sites\/12\/2016\/03\/responsabilidad-penal-empresas-euroresidentes.jpg","articleSection":["SENTENCIAS"],"inLanguage":"es","potentialAction":[{"@type":"CommentAction","name":"Comment","target":["https:\/\/www.euroresidentes.com\/empresa\/derecho-mercantil\/primera-sentencia-del-tribunal-supremo-sobre-responsabilidad-penal-de-la-empresa\/#respond"]}]},{"@type":"WebPage","@id":"https:\/\/www.euroresidentes.com\/empresa\/derecho-mercantil\/primera-sentencia-del-tribunal-supremo-sobre-responsabilidad-penal-de-la-empresa\/","url":"https:\/\/www.euroresidentes.com\/empresa\/derecho-mercantil\/primera-sentencia-del-tribunal-supremo-sobre-responsabilidad-penal-de-la-empresa\/","name":"Primera sentencia del Tribunal Supremo sobre responsabilidad penal de la empresa - Derecho Mercantil","isPartOf":{"@id":"https:\/\/www.euroresidentes.com\/empresa\/derecho-mercantil\/#website"},"primaryImageOfPage":{"@id":"https:\/\/www.euroresidentes.com\/empresa\/derecho-mercantil\/primera-sentencia-del-tribunal-supremo-sobre-responsabilidad-penal-de-la-empresa\/#primaryimage"},"image":{"@id":"https:\/\/www.euroresidentes.com\/empresa\/derecho-mercantil\/primera-sentencia-del-tribunal-supremo-sobre-responsabilidad-penal-de-la-empresa\/#primaryimage"},"thumbnailUrl":"https:\/\/www.euroresidentes.com\/empresa\/derecho-mercantil\/wp-content\/uploads\/sites\/12\/2016\/03\/responsabilidad-penal-empresas-euroresidentes.jpg","datePublished":"2016-03-29T07:20:03+00:00","dateModified":"2017-03-27T12:39:07+00:00","author":{"@id":"https:\/\/www.euroresidentes.com\/empresa\/derecho-mercantil\/#\/schema\/person\/1f848038ac5623245414f398a267708f"},"breadcrumb":{"@id":"https:\/\/www.euroresidentes.com\/empresa\/derecho-mercantil\/primera-sentencia-del-tribunal-supremo-sobre-responsabilidad-penal-de-la-empresa\/#breadcrumb"},"inLanguage":"es","potentialAction":[{"@type":"ReadAction","target":["https:\/\/www.euroresidentes.com\/empresa\/derecho-mercantil\/primera-sentencia-del-tribunal-supremo-sobre-responsabilidad-penal-de-la-empresa\/"]}]},{"@type":"ImageObject","inLanguage":"es","@id":"https:\/\/www.euroresidentes.com\/empresa\/derecho-mercantil\/primera-sentencia-del-tribunal-supremo-sobre-responsabilidad-penal-de-la-empresa\/#primaryimage","url":"https:\/\/www.euroresidentes.com\/empresa\/derecho-mercantil\/wp-content\/uploads\/sites\/12\/2016\/03\/responsabilidad-penal-empresas-euroresidentes.jpg","contentUrl":"https:\/\/www.euroresidentes.com\/empresa\/derecho-mercantil\/wp-content\/uploads\/sites\/12\/2016\/03\/responsabilidad-penal-empresas-euroresidentes.jpg","width":700,"height":525,"caption":"Responsabilidad penal para las empresas"},{"@type":"BreadcrumbList","@id":"https:\/\/www.euroresidentes.com\/empresa\/derecho-mercantil\/primera-sentencia-del-tribunal-supremo-sobre-responsabilidad-penal-de-la-empresa\/#breadcrumb","itemListElement":[{"@type":"ListItem","position":1,"name":"Portada","item":"https:\/\/www.euroresidentes.com\/empresa\/derecho-mercantil\/"},{"@type":"ListItem","position":2,"name":"Primera sentencia del Tribunal Supremo sobre responsabilidad penal de la empresa"}]},{"@type":"WebSite","@id":"https:\/\/www.euroresidentes.com\/empresa\/derecho-mercantil\/#website","url":"https:\/\/www.euroresidentes.com\/empresa\/derecho-mercantil\/","name":"Derecho Mercantil","description":"Derecho y Empresa Euroresidentes","potentialAction":[{"@type":"SearchAction","target":{"@type":"EntryPoint","urlTemplate":"https:\/\/www.euroresidentes.com\/empresa\/derecho-mercantil\/?s={search_term_string}"},"query-input":{"@type":"PropertyValueSpecification","valueRequired":true,"valueName":"search_term_string"}}],"inLanguage":"es"},{"@type":"Person","@id":"https:\/\/www.euroresidentes.com\/empresa\/derecho-mercantil\/#\/schema\/person\/1f848038ac5623245414f398a267708f","name":"Manuel Pomares","image":{"@type":"ImageObject","inLanguage":"es","@id":"https:\/\/www.euroresidentes.com\/empresa\/derecho-mercantil\/wp-content\/uploads\/sites\/12\/2016\/08\/manuel-pomares-abogados-150x150.jpg","url":"https:\/\/www.euroresidentes.com\/empresa\/derecho-mercantil\/wp-content\/uploads\/sites\/12\/2016\/08\/manuel-pomares-abogados-150x150.jpg","contentUrl":"https:\/\/www.euroresidentes.com\/empresa\/derecho-mercantil\/wp-content\/uploads\/sites\/12\/2016\/08\/manuel-pomares-abogados-150x150.jpg","caption":"Manuel Pomares"},"description":"Manuel PomaresAbogado y socio director de la firma Pomares Abogados. Especialista en derecho mercantil-societario, bancario y responsabilidad civil-seguro.","sameAs":["http:\/\/www.euroresidentes.com\/empresa\/manuel-pomares-2.html"],"url":"https:\/\/www.euroresidentes.com\/empresa\/derecho-mercantil\/author\/manuel\/"}]}},"_links":{"self":[{"href":"https:\/\/www.euroresidentes.com\/empresa\/derecho-mercantil\/wp-json\/wp\/v2\/posts\/641","targetHints":{"allow":["GET"]}}],"collection":[{"href":"https:\/\/www.euroresidentes.com\/empresa\/derecho-mercantil\/wp-json\/wp\/v2\/posts"}],"about":[{"href":"https:\/\/www.euroresidentes.com\/empresa\/derecho-mercantil\/wp-json\/wp\/v2\/types\/post"}],"author":[{"embeddable":true,"href":"https:\/\/www.euroresidentes.com\/empresa\/derecho-mercantil\/wp-json\/wp\/v2\/users\/9"}],"replies":[{"embeddable":true,"href":"https:\/\/www.euroresidentes.com\/empresa\/derecho-mercantil\/wp-json\/wp\/v2\/comments?post=641"}],"version-history":[{"count":12,"href":"https:\/\/www.euroresidentes.com\/empresa\/derecho-mercantil\/wp-json\/wp\/v2\/posts\/641\/revisions"}],"predecessor-version":[{"id":665,"href":"https:\/\/www.euroresidentes.com\/empresa\/derecho-mercantil\/wp-json\/wp\/v2\/posts\/641\/revisions\/665"}],"wp:featuredmedia":[{"embeddable":true,"href":"https:\/\/www.euroresidentes.com\/empresa\/derecho-mercantil\/wp-json\/wp\/v2\/media\/664"}],"wp:attachment":[{"href":"https:\/\/www.euroresidentes.com\/empresa\/derecho-mercantil\/wp-json\/wp\/v2\/media?parent=641"}],"wp:term":[{"taxonomy":"category","embeddable":true,"href":"https:\/\/www.euroresidentes.com\/empresa\/derecho-mercantil\/wp-json\/wp\/v2\/categories?post=641"},{"taxonomy":"post_tag","embeddable":true,"href":"https:\/\/www.euroresidentes.com\/empresa\/derecho-mercantil\/wp-json\/wp\/v2\/tags?post=641"}],"curies":[{"name":"wp","href":"https:\/\/api.w.org\/{rel}","templated":true}]}}