
{"id":54,"date":"2014-10-28T08:45:00","date_gmt":"2014-10-28T07:45:00","guid":{"rendered":"https:\/\/wp.euroresidentes.com\/empresa\/derecho-y-empresa\/2014\/10\/28\/la-web-corporativa-de-la-empresa-como-medio-para-la-convocatoria-de-la-junta-general\/"},"modified":"2017-03-27T14:33:34","modified_gmt":"2017-03-27T12:33:34","slug":"la-web-corporativa-de-la-empresa-como-medio-para-la-convocatoria-de-la-junta-general","status":"publish","type":"post","link":"https:\/\/www.euroresidentes.com\/empresa\/derecho-mercantil\/la-web-corporativa-de-la-empresa-como-medio-para-la-convocatoria-de-la-junta-general\/","title":{"rendered":"La web corporativa de la empresa como medio para la convocatoria de la Junta General"},"content":{"rendered":"<div style=\"text-align: justify;\">La p\u00e1gina web corporativa de una sociedad puede tener numerosas utilidades, entre las que se podr\u00eda destacar la de <strong>convocar Juntas y entregar informaci\u00f3n a los socios<\/strong>. Pero para que\u00a0sea\u00a0posible, debe estar\u00a0recogida esta posibilidad en los estatutos de la sociedad.<\/div>\n<div style=\"text-align: justify;\"><\/div>\n<div style=\"text-align: justify;\">\n<div align=\"center\"><a href=\"http:\/\/4.bp.blogspot.com\/-ed6poK8Oz64\/VE9XTcHZHzI\/AAAAAAAAAIY\/aur-7OqkNwA\/s1600\/convocatoria.jpg\"><img decoding=\"async\" class=\"alignnone\" src=\"http:\/\/4.bp.blogspot.com\/-ed6poK8Oz64\/VE9XTcHZHzI\/AAAAAAAAAIY\/aur-7OqkNwA\/s1600\/convocatoria.jpg\" alt=\"\" border=\"0\" \/><\/a><\/div>\n<p>&nbsp;<\/p>\n<\/div>\n<div style=\"text-align: justify;\">\n<p>As\u00ed lo\u00a0regulan los\u00a0art\u00edculos 11 y\u00a0173 del Texto Refundido de\u00a0la Ley de Sociedades de Capital, modificado en la Ley 1\/2012 de 22 de junio <a href=\"http:\/\/www.boe.es\/diario_boe\/txt.php?id=BOE-A-2012-8406\">http:\/\/www.boe.es\/diario_boe\/txt.php?id=BOE-A-2012-8406<\/a>.<\/p>\n<p>En la pr\u00e1ctica se plantean dos supuestos, seg\u00fan se trate de <em>sociedades ya constituidas<\/em> o de <em>sociedades de nueva creaci\u00f3n.<\/em><\/p>\n<p><strong><em>&#8211;<\/em> En las <em>sociedades de nueva creaci\u00f3n<\/em><\/strong>, ser\u00e1 preciso:<\/p>\n<\/div>\n<div style=\"text-align: justify;\"><strong><em>\u00a0<\/em><\/strong><\/div>\n<ol>\n<li>\n<div style=\"text-align: justify;\">Incluir una cl\u00e1usula en la escritura de constituci\u00f3n en la que se indique que todos los socios acuerdan la creaci\u00f3n de una web Corporativa.<\/div>\n<\/li>\n<li>\n<div style=\"text-align: justify;\">Esta cl\u00e1usula tendr\u00e1 su\u00a0complemento\u00a0de los Estatutos sociales, que quedar\u00e1n con una redacci\u00f3n como la que sigue:<\/div>\n<\/li>\n<\/ol>\n<div style=\"text-align: justify;\">\u00a0\u00a0\u00a0\u00a0\u00a0\u00a0\u00a0\u00a0\u00a0\u00a0\u00a0\u00a0\u00a0\u00a0 \u00ab<em>Domicilio social, nacionalidad, web corporativa<strong>: <\/strong>la sociedad tiene su domicilio en &#8230;&#8230;, y\u00a0 tiene nacionalidad espa\u00f1ola.<\/em><\/div>\n<div style=\"text-align: justify;\"><em>El \u00d3rgano de Administraci\u00f3n podr\u00e1 crear, suprimir o trasladar sucursales, asi como cambiar el domicilio social dentro del mismo t\u00e9rmino municipal.<\/em><\/div>\n<div style=\"text-align: justify;\"><em>Por acuerdo de la Junta General, la sociedad podr\u00e1 tener una p\u00e1gina WEB corporativa, de conformidad con lo dispuesto en el art\u00edculo 11 bis de la Ley de sociedades de Capital. La Junta General podr\u00e1 delegar en el \u00d3rgano de Administraci\u00f3n la elecci\u00f3n de la URL o sitio en la web de la web corporativa, que una vez concretada comunicar\u00e1 a todos los socios.<\/em><\/div>\n<div style=\"text-align: justify;\"><em>Ser\u00e1 competencia del \u00f3rgano de administraci\u00f3n la modificaci\u00f3n, el traslado o la supresi\u00f3n de la web.<\/em><\/div>\n<div style=\"text-align: justify;\"><\/div>\n<div style=\"text-align: justify;\">\u00a0&#8211;<strong>En las <em>sociedades ya constituidas<\/em><\/strong> a la entrada en vigor de la reforma legislativa:<\/div>\n<div style=\"text-align: justify;\"><\/div>\n<div style=\"text-align: justify;\">Si en la escritura de constituci\u00f3n no se prev\u00e9 nada acerca de la web corporativa, la sociedad deber\u00e1 realizar los siguientes pasos:<\/div>\n<ul>\n<li>\n<div style=\"text-align: justify;\">Se convocar\u00e1\u00a0la Junta Genera por los medios tradicionales (comunicaci\u00f3n escrita e individual a los socios o en su defecto su publicaci\u00f3n en el BORME).<\/div>\n<\/li>\n<li>\n<div style=\"text-align: justify;\">En esta convocatoria figurar\u00e1 expresamente en el orden del d\u00eda la creaci\u00f3n de la web corporativa.<\/div>\n<\/li>\n<li>\n<div style=\"text-align: justify;\">El acuerdo de la creaci\u00f3n de la web se har\u00e1 constar en la hoja abierta a la sociedad en el Registro Mercantil y ser\u00e1 publicado en el BORME, cuya publicaci\u00f3n ser\u00e1 gratuita.<\/div>\n<\/li>\n<\/ul>\n<div style=\"text-align: justify;\">Es importante destacar que hasta que la web no sea publicada en el BORME, las inserciones que realice la sociedad en ella no tendr\u00e1n efectos frente a terceros.<\/div>\n<p>&nbsp;<\/p>\n<div style=\"text-align: justify;\">En conclusi\u00f3n, es aconsejable\u00a0la regulaci\u00f3n estatutaria de la web corporativa \u00abab initio\u00bb, desde la constituci\u00f3n de la sociedad; y en caso de que no se haya hecho as\u00ed, la\u00a0inclusi\u00f3n a posteriori\u00a0del pacto,\u00a0\u00a0ya que esta previsi\u00f3n no supone un coste para la sociedad y s\u00ed que permite un ahorro en el futuro. (Foto: Google images)<\/div>\n<p>&nbsp;<\/p>\n<p><!-- antes tabla autor --><\/p>\n","protected":false},"excerpt":{"rendered":"<p>La p\u00e1gina web corporativa de una sociedad puede tener numerosas utilidades, entre las que se podr\u00eda destacar la de convocar Juntas y entregar informaci\u00f3n a los socios. Pero para que\u00a0sea\u00a0posible, debe estar\u00a0recogida esta posibilidad en los estatutos de la sociedad. &nbsp; As\u00ed lo\u00a0regulan los\u00a0art\u00edculos 11 y\u00a0173 del Texto Refundido de\u00a0la Ley de Sociedades de Capital, modificado en la Ley 1\/2012 de 22 de junio http:\/\/www.boe.es\/diario_boe\/txt.php?id=BOE-A-2012-8406. En la pr\u00e1ctica se plantean dos supuestos, seg\u00fan se trate de sociedades ya constituidas o de sociedades de nueva creaci\u00f3n. &#8211; En las sociedades de nueva creaci\u00f3n, ser\u00e1 preciso: \u00a0 Incluir una cl\u00e1usula en la <\/p>\n","protected":false},"author":9,"featured_media":321,"comment_status":"open","ping_status":"open","sticky":false,"template":"","format":"standard","meta":{"footnotes":""},"categories":[15],"tags":[],"class_list":["post-54","post","type-post","status-publish","format-standard","has-post-thumbnail","hentry","category-general","has_thumb"],"yoast_head":"<!-- This site is optimized with the Yoast SEO plugin v27.5 - https:\/\/yoast.com\/product\/yoast-seo-wordpress\/ -->\n<title>La web corporativa de la empresa como medio para la convocatoria de la Junta General - Derecho Mercantil<\/title>\n<meta name=\"robots\" content=\"index, follow, max-snippet:-1, max-image-preview:large, max-video-preview:-1\" \/>\n<link rel=\"canonical\" href=\"https:\/\/www.euroresidentes.com\/empresa\/derecho-mercantil\/la-web-corporativa-de-la-empresa-como-medio-para-la-convocatoria-de-la-junta-general\/\" \/>\n<meta property=\"og:locale\" content=\"es_ES\" \/>\n<meta property=\"og:type\" content=\"article\" \/>\n<meta property=\"og:title\" content=\"La web corporativa de la empresa como medio para la convocatoria de la Junta General - Derecho Mercantil\" \/>\n<meta property=\"og:description\" content=\"La p\u00e1gina web corporativa de una sociedad puede tener numerosas utilidades, entre las que se podr\u00eda destacar la de convocar Juntas y entregar informaci\u00f3n a los socios. Pero para que\u00a0sea\u00a0posible, debe estar\u00a0recogida esta posibilidad en los estatutos de la sociedad. &nbsp; As\u00ed lo\u00a0regulan los\u00a0art\u00edculos 11 y\u00a0173 del Texto Refundido de\u00a0la Ley de Sociedades de Capital, modificado en la Ley 1\/2012 de 22 de junio http:\/\/www.boe.es\/diario_boe\/txt.php?id=BOE-A-2012-8406. En la pr\u00e1ctica se plantean dos supuestos, seg\u00fan se trate de sociedades ya constituidas o de sociedades de nueva creaci\u00f3n. &#8211; En las sociedades de nueva creaci\u00f3n, ser\u00e1 preciso: \u00a0 Incluir una cl\u00e1usula en la\" \/>\n<meta property=\"og:url\" content=\"https:\/\/www.euroresidentes.com\/empresa\/derecho-mercantil\/la-web-corporativa-de-la-empresa-como-medio-para-la-convocatoria-de-la-junta-general\/\" \/>\n<meta property=\"og:site_name\" content=\"Derecho Mercantil\" \/>\n<meta property=\"article:publisher\" content=\"https:\/\/www.facebook.com\/euroresidentes\/\" \/>\n<meta property=\"article:published_time\" content=\"2014-10-28T07:45:00+00:00\" \/>\n<meta property=\"article:modified_time\" content=\"2017-03-27T12:33:34+00:00\" \/>\n<meta property=\"og:image\" content=\"https:\/\/www.euroresidentes.com\/empresa\/derecho-mercantil\/wp-content\/uploads\/sites\/12\/2014\/10\/convocatoria.jpg\" \/>\n\t<meta property=\"og:image:width\" content=\"600\" \/>\n\t<meta property=\"og:image:height\" content=\"443\" \/>\n\t<meta property=\"og:image:type\" content=\"image\/jpeg\" \/>\n<meta name=\"author\" content=\"Manuel Pomares\" \/>\n<meta name=\"twitter:card\" content=\"summary_large_image\" \/>\n<meta name=\"twitter:label1\" content=\"Written by\" \/>\n\t<meta name=\"twitter:data1\" content=\"Manuel Pomares\" \/>\n\t<meta name=\"twitter:label2\" content=\"Est. reading time\" \/>\n\t<meta name=\"twitter:data2\" content=\"2 minutos\" \/>\n<script type=\"application\/ld+json\" class=\"yoast-schema-graph\">{\"@context\":\"https:\\\/\\\/schema.org\",\"@graph\":[{\"@type\":\"Article\",\"@id\":\"https:\\\/\\\/www.euroresidentes.com\\\/empresa\\\/derecho-mercantil\\\/la-web-corporativa-de-la-empresa-como-medio-para-la-convocatoria-de-la-junta-general\\\/#article\",\"isPartOf\":{\"@id\":\"https:\\\/\\\/www.euroresidentes.com\\\/empresa\\\/derecho-mercantil\\\/la-web-corporativa-de-la-empresa-como-medio-para-la-convocatoria-de-la-junta-general\\\/\"},\"author\":{\"name\":\"Manuel Pomares\",\"@id\":\"https:\\\/\\\/www.euroresidentes.com\\\/empresa\\\/derecho-mercantil\\\/#\\\/schema\\\/person\\\/1f848038ac5623245414f398a267708f\"},\"headline\":\"La web corporativa de la empresa como medio para la convocatoria de la Junta General\",\"datePublished\":\"2014-10-28T07:45:00+00:00\",\"dateModified\":\"2017-03-27T12:33:34+00:00\",\"mainEntityOfPage\":{\"@id\":\"https:\\\/\\\/www.euroresidentes.com\\\/empresa\\\/derecho-mercantil\\\/la-web-corporativa-de-la-empresa-como-medio-para-la-convocatoria-de-la-junta-general\\\/\"},\"wordCount\":513,\"commentCount\":0,\"image\":{\"@id\":\"https:\\\/\\\/www.euroresidentes.com\\\/empresa\\\/derecho-mercantil\\\/la-web-corporativa-de-la-empresa-como-medio-para-la-convocatoria-de-la-junta-general\\\/#primaryimage\"},\"thumbnailUrl\":\"https:\\\/\\\/www.euroresidentes.com\\\/empresa\\\/derecho-mercantil\\\/wp-content\\\/uploads\\\/sites\\\/12\\\/2014\\\/10\\\/convocatoria.jpg\",\"articleSection\":[\"General\"],\"inLanguage\":\"es\",\"potentialAction\":[{\"@type\":\"CommentAction\",\"name\":\"Comment\",\"target\":[\"https:\\\/\\\/www.euroresidentes.com\\\/empresa\\\/derecho-mercantil\\\/la-web-corporativa-de-la-empresa-como-medio-para-la-convocatoria-de-la-junta-general\\\/#respond\"]}]},{\"@type\":\"WebPage\",\"@id\":\"https:\\\/\\\/www.euroresidentes.com\\\/empresa\\\/derecho-mercantil\\\/la-web-corporativa-de-la-empresa-como-medio-para-la-convocatoria-de-la-junta-general\\\/\",\"url\":\"https:\\\/\\\/www.euroresidentes.com\\\/empresa\\\/derecho-mercantil\\\/la-web-corporativa-de-la-empresa-como-medio-para-la-convocatoria-de-la-junta-general\\\/\",\"name\":\"La web corporativa de la empresa como medio para la convocatoria de la Junta General - Derecho Mercantil\",\"isPartOf\":{\"@id\":\"https:\\\/\\\/www.euroresidentes.com\\\/empresa\\\/derecho-mercantil\\\/#website\"},\"primaryImageOfPage\":{\"@id\":\"https:\\\/\\\/www.euroresidentes.com\\\/empresa\\\/derecho-mercantil\\\/la-web-corporativa-de-la-empresa-como-medio-para-la-convocatoria-de-la-junta-general\\\/#primaryimage\"},\"image\":{\"@id\":\"https:\\\/\\\/www.euroresidentes.com\\\/empresa\\\/derecho-mercantil\\\/la-web-corporativa-de-la-empresa-como-medio-para-la-convocatoria-de-la-junta-general\\\/#primaryimage\"},\"thumbnailUrl\":\"https:\\\/\\\/www.euroresidentes.com\\\/empresa\\\/derecho-mercantil\\\/wp-content\\\/uploads\\\/sites\\\/12\\\/2014\\\/10\\\/convocatoria.jpg\",\"datePublished\":\"2014-10-28T07:45:00+00:00\",\"dateModified\":\"2017-03-27T12:33:34+00:00\",\"author\":{\"@id\":\"https:\\\/\\\/www.euroresidentes.com\\\/empresa\\\/derecho-mercantil\\\/#\\\/schema\\\/person\\\/1f848038ac5623245414f398a267708f\"},\"breadcrumb\":{\"@id\":\"https:\\\/\\\/www.euroresidentes.com\\\/empresa\\\/derecho-mercantil\\\/la-web-corporativa-de-la-empresa-como-medio-para-la-convocatoria-de-la-junta-general\\\/#breadcrumb\"},\"inLanguage\":\"es\",\"potentialAction\":[{\"@type\":\"ReadAction\",\"target\":[\"https:\\\/\\\/www.euroresidentes.com\\\/empresa\\\/derecho-mercantil\\\/la-web-corporativa-de-la-empresa-como-medio-para-la-convocatoria-de-la-junta-general\\\/\"]}]},{\"@type\":\"ImageObject\",\"inLanguage\":\"es\",\"@id\":\"https:\\\/\\\/www.euroresidentes.com\\\/empresa\\\/derecho-mercantil\\\/la-web-corporativa-de-la-empresa-como-medio-para-la-convocatoria-de-la-junta-general\\\/#primaryimage\",\"url\":\"https:\\\/\\\/www.euroresidentes.com\\\/empresa\\\/derecho-mercantil\\\/wp-content\\\/uploads\\\/sites\\\/12\\\/2014\\\/10\\\/convocatoria.jpg\",\"contentUrl\":\"https:\\\/\\\/www.euroresidentes.com\\\/empresa\\\/derecho-mercantil\\\/wp-content\\\/uploads\\\/sites\\\/12\\\/2014\\\/10\\\/convocatoria.jpg\",\"width\":600,\"height\":443,\"caption\":\"La web corporativa de la empresa como medio para la convocatoria de la Junta General\"},{\"@type\":\"BreadcrumbList\",\"@id\":\"https:\\\/\\\/www.euroresidentes.com\\\/empresa\\\/derecho-mercantil\\\/la-web-corporativa-de-la-empresa-como-medio-para-la-convocatoria-de-la-junta-general\\\/#breadcrumb\",\"itemListElement\":[{\"@type\":\"ListItem\",\"position\":1,\"name\":\"Portada\",\"item\":\"https:\\\/\\\/www.euroresidentes.com\\\/empresa\\\/derecho-mercantil\\\/\"},{\"@type\":\"ListItem\",\"position\":2,\"name\":\"La web corporativa de la empresa como medio para la convocatoria de la Junta General\"}]},{\"@type\":\"WebSite\",\"@id\":\"https:\\\/\\\/www.euroresidentes.com\\\/empresa\\\/derecho-mercantil\\\/#website\",\"url\":\"https:\\\/\\\/www.euroresidentes.com\\\/empresa\\\/derecho-mercantil\\\/\",\"name\":\"Derecho Mercantil\",\"description\":\"Derecho y Empresa Euroresidentes\",\"potentialAction\":[{\"@type\":\"SearchAction\",\"target\":{\"@type\":\"EntryPoint\",\"urlTemplate\":\"https:\\\/\\\/www.euroresidentes.com\\\/empresa\\\/derecho-mercantil\\\/?s={search_term_string}\"},\"query-input\":{\"@type\":\"PropertyValueSpecification\",\"valueRequired\":true,\"valueName\":\"search_term_string\"}}],\"inLanguage\":\"es\"},{\"@type\":\"Person\",\"@id\":\"https:\\\/\\\/www.euroresidentes.com\\\/empresa\\\/derecho-mercantil\\\/#\\\/schema\\\/person\\\/1f848038ac5623245414f398a267708f\",\"name\":\"Manuel Pomares\",\"image\":{\"@type\":\"ImageObject\",\"inLanguage\":\"es\",\"@id\":\"https:\\\/\\\/www.euroresidentes.com\\\/empresa\\\/derecho-mercantil\\\/wp-content\\\/uploads\\\/sites\\\/12\\\/2016\\\/08\\\/manuel-pomares-abogados-150x150.jpg\",\"url\":\"https:\\\/\\\/www.euroresidentes.com\\\/empresa\\\/derecho-mercantil\\\/wp-content\\\/uploads\\\/sites\\\/12\\\/2016\\\/08\\\/manuel-pomares-abogados-150x150.jpg\",\"contentUrl\":\"https:\\\/\\\/www.euroresidentes.com\\\/empresa\\\/derecho-mercantil\\\/wp-content\\\/uploads\\\/sites\\\/12\\\/2016\\\/08\\\/manuel-pomares-abogados-150x150.jpg\",\"caption\":\"Manuel Pomares\"},\"description\":\"Manuel PomaresAbogado y socio director de la firma Pomares Abogados. Especialista en derecho mercantil-societario, bancario y responsabilidad civil-seguro.\",\"sameAs\":[\"http:\\\/\\\/www.euroresidentes.com\\\/empresa\\\/manuel-pomares-2.html\"],\"url\":\"https:\\\/\\\/www.euroresidentes.com\\\/empresa\\\/derecho-mercantil\\\/author\\\/manuel\\\/\"}]}<\/script>\n<!-- \/ Yoast SEO plugin. -->","yoast_head_json":{"title":"La web corporativa de la empresa como medio para la convocatoria de la Junta General - Derecho Mercantil","robots":{"index":"index","follow":"follow","max-snippet":"max-snippet:-1","max-image-preview":"max-image-preview:large","max-video-preview":"max-video-preview:-1"},"canonical":"https:\/\/www.euroresidentes.com\/empresa\/derecho-mercantil\/la-web-corporativa-de-la-empresa-como-medio-para-la-convocatoria-de-la-junta-general\/","og_locale":"es_ES","og_type":"article","og_title":"La web corporativa de la empresa como medio para la convocatoria de la Junta General - Derecho Mercantil","og_description":"La p\u00e1gina web corporativa de una sociedad puede tener numerosas utilidades, entre las que se podr\u00eda destacar la de convocar Juntas y entregar informaci\u00f3n a los socios. Pero para que\u00a0sea\u00a0posible, debe estar\u00a0recogida esta posibilidad en los estatutos de la sociedad. &nbsp; As\u00ed lo\u00a0regulan los\u00a0art\u00edculos 11 y\u00a0173 del Texto Refundido de\u00a0la Ley de Sociedades de Capital, modificado en la Ley 1\/2012 de 22 de junio http:\/\/www.boe.es\/diario_boe\/txt.php?id=BOE-A-2012-8406. En la pr\u00e1ctica se plantean dos supuestos, seg\u00fan se trate de sociedades ya constituidas o de sociedades de nueva creaci\u00f3n. &#8211; En las sociedades de nueva creaci\u00f3n, ser\u00e1 preciso: \u00a0 Incluir una cl\u00e1usula en la","og_url":"https:\/\/www.euroresidentes.com\/empresa\/derecho-mercantil\/la-web-corporativa-de-la-empresa-como-medio-para-la-convocatoria-de-la-junta-general\/","og_site_name":"Derecho Mercantil","article_publisher":"https:\/\/www.facebook.com\/euroresidentes\/","article_published_time":"2014-10-28T07:45:00+00:00","article_modified_time":"2017-03-27T12:33:34+00:00","og_image":[{"width":600,"height":443,"url":"https:\/\/www.euroresidentes.com\/empresa\/derecho-mercantil\/wp-content\/uploads\/sites\/12\/2014\/10\/convocatoria.jpg","type":"image\/jpeg"}],"author":"Manuel Pomares","twitter_card":"summary_large_image","twitter_misc":{"Written by":"Manuel Pomares","Est. reading time":"2 minutos"},"schema":{"@context":"https:\/\/schema.org","@graph":[{"@type":"Article","@id":"https:\/\/www.euroresidentes.com\/empresa\/derecho-mercantil\/la-web-corporativa-de-la-empresa-como-medio-para-la-convocatoria-de-la-junta-general\/#article","isPartOf":{"@id":"https:\/\/www.euroresidentes.com\/empresa\/derecho-mercantil\/la-web-corporativa-de-la-empresa-como-medio-para-la-convocatoria-de-la-junta-general\/"},"author":{"name":"Manuel Pomares","@id":"https:\/\/www.euroresidentes.com\/empresa\/derecho-mercantil\/#\/schema\/person\/1f848038ac5623245414f398a267708f"},"headline":"La web corporativa de la empresa como medio para la convocatoria de la Junta General","datePublished":"2014-10-28T07:45:00+00:00","dateModified":"2017-03-27T12:33:34+00:00","mainEntityOfPage":{"@id":"https:\/\/www.euroresidentes.com\/empresa\/derecho-mercantil\/la-web-corporativa-de-la-empresa-como-medio-para-la-convocatoria-de-la-junta-general\/"},"wordCount":513,"commentCount":0,"image":{"@id":"https:\/\/www.euroresidentes.com\/empresa\/derecho-mercantil\/la-web-corporativa-de-la-empresa-como-medio-para-la-convocatoria-de-la-junta-general\/#primaryimage"},"thumbnailUrl":"https:\/\/www.euroresidentes.com\/empresa\/derecho-mercantil\/wp-content\/uploads\/sites\/12\/2014\/10\/convocatoria.jpg","articleSection":["General"],"inLanguage":"es","potentialAction":[{"@type":"CommentAction","name":"Comment","target":["https:\/\/www.euroresidentes.com\/empresa\/derecho-mercantil\/la-web-corporativa-de-la-empresa-como-medio-para-la-convocatoria-de-la-junta-general\/#respond"]}]},{"@type":"WebPage","@id":"https:\/\/www.euroresidentes.com\/empresa\/derecho-mercantil\/la-web-corporativa-de-la-empresa-como-medio-para-la-convocatoria-de-la-junta-general\/","url":"https:\/\/www.euroresidentes.com\/empresa\/derecho-mercantil\/la-web-corporativa-de-la-empresa-como-medio-para-la-convocatoria-de-la-junta-general\/","name":"La web corporativa de la empresa como medio para la convocatoria de la Junta General - Derecho Mercantil","isPartOf":{"@id":"https:\/\/www.euroresidentes.com\/empresa\/derecho-mercantil\/#website"},"primaryImageOfPage":{"@id":"https:\/\/www.euroresidentes.com\/empresa\/derecho-mercantil\/la-web-corporativa-de-la-empresa-como-medio-para-la-convocatoria-de-la-junta-general\/#primaryimage"},"image":{"@id":"https:\/\/www.euroresidentes.com\/empresa\/derecho-mercantil\/la-web-corporativa-de-la-empresa-como-medio-para-la-convocatoria-de-la-junta-general\/#primaryimage"},"thumbnailUrl":"https:\/\/www.euroresidentes.com\/empresa\/derecho-mercantil\/wp-content\/uploads\/sites\/12\/2014\/10\/convocatoria.jpg","datePublished":"2014-10-28T07:45:00+00:00","dateModified":"2017-03-27T12:33:34+00:00","author":{"@id":"https:\/\/www.euroresidentes.com\/empresa\/derecho-mercantil\/#\/schema\/person\/1f848038ac5623245414f398a267708f"},"breadcrumb":{"@id":"https:\/\/www.euroresidentes.com\/empresa\/derecho-mercantil\/la-web-corporativa-de-la-empresa-como-medio-para-la-convocatoria-de-la-junta-general\/#breadcrumb"},"inLanguage":"es","potentialAction":[{"@type":"ReadAction","target":["https:\/\/www.euroresidentes.com\/empresa\/derecho-mercantil\/la-web-corporativa-de-la-empresa-como-medio-para-la-convocatoria-de-la-junta-general\/"]}]},{"@type":"ImageObject","inLanguage":"es","@id":"https:\/\/www.euroresidentes.com\/empresa\/derecho-mercantil\/la-web-corporativa-de-la-empresa-como-medio-para-la-convocatoria-de-la-junta-general\/#primaryimage","url":"https:\/\/www.euroresidentes.com\/empresa\/derecho-mercantil\/wp-content\/uploads\/sites\/12\/2014\/10\/convocatoria.jpg","contentUrl":"https:\/\/www.euroresidentes.com\/empresa\/derecho-mercantil\/wp-content\/uploads\/sites\/12\/2014\/10\/convocatoria.jpg","width":600,"height":443,"caption":"La web corporativa de la empresa como medio para la convocatoria de la Junta General"},{"@type":"BreadcrumbList","@id":"https:\/\/www.euroresidentes.com\/empresa\/derecho-mercantil\/la-web-corporativa-de-la-empresa-como-medio-para-la-convocatoria-de-la-junta-general\/#breadcrumb","itemListElement":[{"@type":"ListItem","position":1,"name":"Portada","item":"https:\/\/www.euroresidentes.com\/empresa\/derecho-mercantil\/"},{"@type":"ListItem","position":2,"name":"La web corporativa de la empresa como medio para la convocatoria de la Junta General"}]},{"@type":"WebSite","@id":"https:\/\/www.euroresidentes.com\/empresa\/derecho-mercantil\/#website","url":"https:\/\/www.euroresidentes.com\/empresa\/derecho-mercantil\/","name":"Derecho Mercantil","description":"Derecho y Empresa Euroresidentes","potentialAction":[{"@type":"SearchAction","target":{"@type":"EntryPoint","urlTemplate":"https:\/\/www.euroresidentes.com\/empresa\/derecho-mercantil\/?s={search_term_string}"},"query-input":{"@type":"PropertyValueSpecification","valueRequired":true,"valueName":"search_term_string"}}],"inLanguage":"es"},{"@type":"Person","@id":"https:\/\/www.euroresidentes.com\/empresa\/derecho-mercantil\/#\/schema\/person\/1f848038ac5623245414f398a267708f","name":"Manuel Pomares","image":{"@type":"ImageObject","inLanguage":"es","@id":"https:\/\/www.euroresidentes.com\/empresa\/derecho-mercantil\/wp-content\/uploads\/sites\/12\/2016\/08\/manuel-pomares-abogados-150x150.jpg","url":"https:\/\/www.euroresidentes.com\/empresa\/derecho-mercantil\/wp-content\/uploads\/sites\/12\/2016\/08\/manuel-pomares-abogados-150x150.jpg","contentUrl":"https:\/\/www.euroresidentes.com\/empresa\/derecho-mercantil\/wp-content\/uploads\/sites\/12\/2016\/08\/manuel-pomares-abogados-150x150.jpg","caption":"Manuel Pomares"},"description":"Manuel PomaresAbogado y socio director de la firma Pomares Abogados. Especialista en derecho mercantil-societario, bancario y responsabilidad civil-seguro.","sameAs":["http:\/\/www.euroresidentes.com\/empresa\/manuel-pomares-2.html"],"url":"https:\/\/www.euroresidentes.com\/empresa\/derecho-mercantil\/author\/manuel\/"}]}},"_links":{"self":[{"href":"https:\/\/www.euroresidentes.com\/empresa\/derecho-mercantil\/wp-json\/wp\/v2\/posts\/54","targetHints":{"allow":["GET"]}}],"collection":[{"href":"https:\/\/www.euroresidentes.com\/empresa\/derecho-mercantil\/wp-json\/wp\/v2\/posts"}],"about":[{"href":"https:\/\/www.euroresidentes.com\/empresa\/derecho-mercantil\/wp-json\/wp\/v2\/types\/post"}],"author":[{"embeddable":true,"href":"https:\/\/www.euroresidentes.com\/empresa\/derecho-mercantil\/wp-json\/wp\/v2\/users\/9"}],"replies":[{"embeddable":true,"href":"https:\/\/www.euroresidentes.com\/empresa\/derecho-mercantil\/wp-json\/wp\/v2\/comments?post=54"}],"version-history":[{"count":5,"href":"https:\/\/www.euroresidentes.com\/empresa\/derecho-mercantil\/wp-json\/wp\/v2\/posts\/54\/revisions"}],"predecessor-version":[{"id":523,"href":"https:\/\/www.euroresidentes.com\/empresa\/derecho-mercantil\/wp-json\/wp\/v2\/posts\/54\/revisions\/523"}],"wp:featuredmedia":[{"embeddable":true,"href":"https:\/\/www.euroresidentes.com\/empresa\/derecho-mercantil\/wp-json\/wp\/v2\/media\/321"}],"wp:attachment":[{"href":"https:\/\/www.euroresidentes.com\/empresa\/derecho-mercantil\/wp-json\/wp\/v2\/media?parent=54"}],"wp:term":[{"taxonomy":"category","embeddable":true,"href":"https:\/\/www.euroresidentes.com\/empresa\/derecho-mercantil\/wp-json\/wp\/v2\/categories?post=54"},{"taxonomy":"post_tag","embeddable":true,"href":"https:\/\/www.euroresidentes.com\/empresa\/derecho-mercantil\/wp-json\/wp\/v2\/tags?post=54"}],"curies":[{"name":"wp","href":"https:\/\/api.w.org\/{rel}","templated":true}]}}