
{"id":2571,"date":"2022-10-11T13:45:50","date_gmt":"2022-10-11T11:45:50","guid":{"rendered":"https:\/\/www.euroresidentes.com\/empresa\/derecho-mercantil\/?p=2571"},"modified":"2023-10-31T11:09:34","modified_gmt":"2023-10-31T10:09:34","slug":"cierre-administrativo-paginas-web-una-cuestion-legalidad","status":"publish","type":"post","link":"https:\/\/www.euroresidentes.com\/empresa\/derecho-mercantil\/cierre-administrativo-paginas-web-una-cuestion-legalidad\/","title":{"rendered":"El cierre administrativo de p\u00e1ginas web: una cuesti\u00f3n de legalidad"},"content":{"rendered":"<p style=\"text-align: justify;\">La Sala de lo Contencioso-Administrativo del Tribunal Supremo se ha pronunciado por primera vez sobre la cuesti\u00f3n de legalidad del cierre administrativo de p\u00e1ginas web.<\/p>\n<p style=\"text-align: justify;\">El auto del alto tribunal resuelve un recurso de casaci\u00f3n interpuesto por Women on Web International Foundation contra la sentencia de 6 de julio de 2021, dictada por la Secci\u00f3n Octava de la Sala de lo Contencioso Administrativo de la Audiencia Nacional.<\/p>\n<p><img loading=\"lazy\" decoding=\"async\" class=\"aligncenter size-full wp-image-2669\" src=\"https:\/\/www.euroresidentes.com\/empresa\/derecho-mercantil\/wp-content\/uploads\/sites\/12\/2022\/10\/cierre-administrativo-de-una-web.jpg\" alt=\"\" width=\"700\" height=\"525\" srcset=\"https:\/\/www.euroresidentes.com\/empresa\/derecho-mercantil\/wp-content\/uploads\/sites\/12\/2022\/10\/cierre-administrativo-de-una-web.jpg 700w, https:\/\/www.euroresidentes.com\/empresa\/derecho-mercantil\/wp-content\/uploads\/sites\/12\/2022\/10\/cierre-administrativo-de-una-web-300x225.jpg 300w, https:\/\/www.euroresidentes.com\/empresa\/derecho-mercantil\/wp-content\/uploads\/sites\/12\/2022\/10\/cierre-administrativo-de-una-web-396x297.jpg 396w\" sizes=\"auto, (max-width: 700px) 100vw, 700px\" \/><\/p>\n<p style=\"text-align: justify;\">El auto, que analiza por primera vez el alcance del art\u00edculo 20.5 de la Constituci\u00f3n, establece que la Administraci\u00f3n no puede acordar, por s\u00ed sola, el cierre de un sitio web de contenidos informativos o de opini\u00f3n.<\/p>\n<p style=\"text-align: justify;\">La problem\u00e1tica, como la propia sentencia indica, reside en el hecho de que nuestra Constituci\u00f3n no incluye de modo expreso estos dominios de internet, por lo que no est\u00e1 previsto en el orden jurisdiccional un procedimiento para autorizar la interrupci\u00f3n de sitios web.<\/p>\n<p style=\"text-align: justify;\">No obstante, la conclusi\u00f3n de los magistrados es clara: los sitios web con contenido informativo y de opini\u00f3n entran dentro de la categor\u00eda de \u201cotros medios de informaci\u00f3n\u201d mencionados en el citado art\u00edculo 20.5, por lo que su cierre exige orden judicial.<\/p>\n<p style=\"text-align: justify;\">As\u00ed, el Supremo estima parcialmente el recurso interpuesto por considerar desproporcionada la resoluci\u00f3n de la directora de la Agencia Espa\u00f1ola de Medicamentos y Productos Sanitarios que supuso el cierre total de la p\u00e1gina web de Women on Web (WOW).<\/p>\n<p style=\"text-align: justify;\">WOW, es una organizaci\u00f3n canadiense que tiene por objeto aconsejar a mujeres en materia de salud y derechos reproductivos, operando en Espa\u00f1a electr\u00f3nicamente mediante su sitio web. No obstante, la Agencia Espa\u00f1ola de Medicamentos y Productos Sanitarios (AEMPS) tuvo noticia de que, a trav\u00e9s de dicha web se pod\u00edan obtener medicamentos cuya comercializaci\u00f3n estaba prohibida en Espa\u00f1a.<\/p>\n<p style=\"text-align: justify;\">Tras varias advertencias en este sentido a la organizaci\u00f3n, la AEMPS inici\u00f3 un procedimiento administrativo tendente a la interrupci\u00f3n o retirada del servicio de la sociedad de informaci\u00f3n, adoptando como medida cautelar la interrupci\u00f3n de acceso al sitio web de WOW. Finalmente, se dict\u00f3 resoluci\u00f3n en este sentido por la directora de la AEMPS.<\/p>\n<p style=\"text-align: justify;\">La Sala ha entendido que la Administraci\u00f3n s\u00f3lo est\u00e1 facultada para cerrar sin autorizaci\u00f3n judicial determinadas secciones del sitio web, siempre en los supuestos legalmente habilitantes para ello y \u00fanicamente cuando el contenido de esta secci\u00f3n no consista en ninguna informaci\u00f3n ni expresi\u00f3n; pero para interrumpir el acceso al resto de contenido web, se debe contar con orden judicial.<\/p>\n<p style=\"text-align: justify;\">El argumento clave es que considera que el resto de contenido web es subsumible en la categor\u00eda de informaci\u00f3n y expresi\u00f3n y, por lo tanto, su interrupci\u00f3n no puede hacerse legalmente sin autorizaci\u00f3n judicial, al exigir este tipo de contenido una especial atenci\u00f3n.<\/p>\n<p style=\"text-align: justify;\">En conclusi\u00f3n, el Tribunal indica que la exigencia de intervenci\u00f3n judicial del art\u00edculo 20.5 de la constituci\u00f3n s\u00f3lo entra en juego cuando la interrupci\u00f3n o restricci\u00f3n del acceso al sitio web afecte a la libertad de informaci\u00f3n o expresi\u00f3n. Sin embargo, consideran que la Administraci\u00f3n s\u00ed puede, sin este tipo de autorizaci\u00f3n, bloquear el acceso a un sitio web cuando es un mero instrumento para realizar otra actividad ajena a contenidos de informaci\u00f3n o expresi\u00f3n.<\/p>\n<p style=\"text-align: justify;\">Por ello, y en aplicaci\u00f3n de estos criterios, el Supremo estima parcialmente el recurso de WOW por considerar desproporcionada la resoluci\u00f3n de la directora de la AEMPS que supuso el cierre total de su p\u00e1gina web, entendiendo que la misma s\u00f3lo pod\u00eda cerrar sin autorizaci\u00f3n judicial la secci\u00f3n del sitio web donde se ofrec\u00edan los productos ilegales.<\/p>\n","protected":false},"excerpt":{"rendered":"<p>La Sala de lo Contencioso-Administrativo del Tribunal Supremo se ha pronunciado por primera vez sobre la cuesti\u00f3n de legalidad del cierre administrativo de p\u00e1ginas web. El auto del alto tribunal resuelve un recurso de casaci\u00f3n interpuesto por Women on Web International Foundation contra la sentencia de 6 de julio de 2021, dictada por la Secci\u00f3n Octava de la Sala de lo Contencioso Administrativo de la Audiencia Nacional. El auto, que analiza por primera vez el alcance del art\u00edculo 20.5 de la Constituci\u00f3n, establece que la Administraci\u00f3n no puede acordar, por s\u00ed sola, el cierre de un sitio web de contenidos <\/p>\n","protected":false},"author":9,"featured_media":2669,"comment_status":"open","ping_status":"closed","sticky":false,"template":"","format":"standard","meta":{"footnotes":""},"categories":[83],"tags":[],"class_list":["post-2571","post","type-post","status-publish","format-standard","has-post-thumbnail","hentry","category-sentencias","has_thumb"],"yoast_head":"<!-- This site is optimized with the Yoast SEO plugin v27.5 - https:\/\/yoast.com\/product\/yoast-seo-wordpress\/ -->\n<title>El cierre administrativo de p\u00e1ginas web: una cuesti\u00f3n de legalidad - Derecho Mercantil<\/title>\n<meta name=\"robots\" content=\"index, follow, max-snippet:-1, max-image-preview:large, max-video-preview:-1\" \/>\n<link rel=\"canonical\" href=\"https:\/\/www.euroresidentes.com\/empresa\/derecho-mercantil\/cierre-administrativo-paginas-web-una-cuestion-legalidad\/\" \/>\n<meta property=\"og:locale\" content=\"es_ES\" \/>\n<meta property=\"og:type\" content=\"article\" \/>\n<meta property=\"og:title\" content=\"El cierre administrativo de p\u00e1ginas web: una cuesti\u00f3n de legalidad - Derecho Mercantil\" \/>\n<meta property=\"og:description\" content=\"La Sala de lo Contencioso-Administrativo del Tribunal Supremo se ha pronunciado por primera vez sobre la cuesti\u00f3n de legalidad del cierre administrativo de p\u00e1ginas web. El auto del alto tribunal resuelve un recurso de casaci\u00f3n interpuesto por Women on Web International Foundation contra la sentencia de 6 de julio de 2021, dictada por la Secci\u00f3n Octava de la Sala de lo Contencioso Administrativo de la Audiencia Nacional. El auto, que analiza por primera vez el alcance del art\u00edculo 20.5 de la Constituci\u00f3n, establece que la Administraci\u00f3n no puede acordar, por s\u00ed sola, el cierre de un sitio web de contenidos\" \/>\n<meta property=\"og:url\" content=\"https:\/\/www.euroresidentes.com\/empresa\/derecho-mercantil\/cierre-administrativo-paginas-web-una-cuestion-legalidad\/\" \/>\n<meta property=\"og:site_name\" content=\"Derecho Mercantil\" \/>\n<meta property=\"article:publisher\" content=\"https:\/\/www.facebook.com\/euroresidentes\/\" \/>\n<meta property=\"article:published_time\" content=\"2022-10-11T11:45:50+00:00\" \/>\n<meta property=\"article:modified_time\" content=\"2023-10-31T10:09:34+00:00\" \/>\n<meta property=\"og:image\" content=\"https:\/\/www.euroresidentes.com\/empresa\/derecho-mercantil\/wp-content\/uploads\/sites\/12\/2022\/10\/cierre-administrativo-de-una-web.jpg\" \/>\n\t<meta property=\"og:image:width\" content=\"700\" \/>\n\t<meta property=\"og:image:height\" content=\"525\" \/>\n\t<meta property=\"og:image:type\" content=\"image\/jpeg\" \/>\n<meta name=\"author\" content=\"Manuel Pomares\" \/>\n<meta name=\"twitter:card\" content=\"summary_large_image\" \/>\n<meta name=\"twitter:label1\" content=\"Written by\" \/>\n\t<meta name=\"twitter:data1\" content=\"Manuel Pomares\" \/>\n\t<meta name=\"twitter:label2\" content=\"Est. reading time\" \/>\n\t<meta name=\"twitter:data2\" content=\"3 minutos\" \/>\n<script type=\"application\/ld+json\" class=\"yoast-schema-graph\">{\"@context\":\"https:\\\/\\\/schema.org\",\"@graph\":[{\"@type\":\"Article\",\"@id\":\"https:\\\/\\\/www.euroresidentes.com\\\/empresa\\\/derecho-mercantil\\\/cierre-administrativo-paginas-web-una-cuestion-legalidad\\\/#article\",\"isPartOf\":{\"@id\":\"https:\\\/\\\/www.euroresidentes.com\\\/empresa\\\/derecho-mercantil\\\/cierre-administrativo-paginas-web-una-cuestion-legalidad\\\/\"},\"author\":{\"name\":\"Manuel Pomares\",\"@id\":\"https:\\\/\\\/www.euroresidentes.com\\\/empresa\\\/derecho-mercantil\\\/#\\\/schema\\\/person\\\/1f848038ac5623245414f398a267708f\"},\"headline\":\"El cierre administrativo de p\u00e1ginas web: una cuesti\u00f3n de legalidad\",\"datePublished\":\"2022-10-11T11:45:50+00:00\",\"dateModified\":\"2023-10-31T10:09:34+00:00\",\"mainEntityOfPage\":{\"@id\":\"https:\\\/\\\/www.euroresidentes.com\\\/empresa\\\/derecho-mercantil\\\/cierre-administrativo-paginas-web-una-cuestion-legalidad\\\/\"},\"wordCount\":645,\"commentCount\":0,\"image\":{\"@id\":\"https:\\\/\\\/www.euroresidentes.com\\\/empresa\\\/derecho-mercantil\\\/cierre-administrativo-paginas-web-una-cuestion-legalidad\\\/#primaryimage\"},\"thumbnailUrl\":\"https:\\\/\\\/www.euroresidentes.com\\\/empresa\\\/derecho-mercantil\\\/wp-content\\\/uploads\\\/sites\\\/12\\\/2022\\\/10\\\/cierre-administrativo-de-una-web.jpg\",\"articleSection\":[\"SENTENCIAS\"],\"inLanguage\":\"es\",\"potentialAction\":[{\"@type\":\"CommentAction\",\"name\":\"Comment\",\"target\":[\"https:\\\/\\\/www.euroresidentes.com\\\/empresa\\\/derecho-mercantil\\\/cierre-administrativo-paginas-web-una-cuestion-legalidad\\\/#respond\"]}]},{\"@type\":\"WebPage\",\"@id\":\"https:\\\/\\\/www.euroresidentes.com\\\/empresa\\\/derecho-mercantil\\\/cierre-administrativo-paginas-web-una-cuestion-legalidad\\\/\",\"url\":\"https:\\\/\\\/www.euroresidentes.com\\\/empresa\\\/derecho-mercantil\\\/cierre-administrativo-paginas-web-una-cuestion-legalidad\\\/\",\"name\":\"El cierre administrativo de p\u00e1ginas web: una cuesti\u00f3n de legalidad - Derecho Mercantil\",\"isPartOf\":{\"@id\":\"https:\\\/\\\/www.euroresidentes.com\\\/empresa\\\/derecho-mercantil\\\/#website\"},\"primaryImageOfPage\":{\"@id\":\"https:\\\/\\\/www.euroresidentes.com\\\/empresa\\\/derecho-mercantil\\\/cierre-administrativo-paginas-web-una-cuestion-legalidad\\\/#primaryimage\"},\"image\":{\"@id\":\"https:\\\/\\\/www.euroresidentes.com\\\/empresa\\\/derecho-mercantil\\\/cierre-administrativo-paginas-web-una-cuestion-legalidad\\\/#primaryimage\"},\"thumbnailUrl\":\"https:\\\/\\\/www.euroresidentes.com\\\/empresa\\\/derecho-mercantil\\\/wp-content\\\/uploads\\\/sites\\\/12\\\/2022\\\/10\\\/cierre-administrativo-de-una-web.jpg\",\"datePublished\":\"2022-10-11T11:45:50+00:00\",\"dateModified\":\"2023-10-31T10:09:34+00:00\",\"author\":{\"@id\":\"https:\\\/\\\/www.euroresidentes.com\\\/empresa\\\/derecho-mercantil\\\/#\\\/schema\\\/person\\\/1f848038ac5623245414f398a267708f\"},\"breadcrumb\":{\"@id\":\"https:\\\/\\\/www.euroresidentes.com\\\/empresa\\\/derecho-mercantil\\\/cierre-administrativo-paginas-web-una-cuestion-legalidad\\\/#breadcrumb\"},\"inLanguage\":\"es\",\"potentialAction\":[{\"@type\":\"ReadAction\",\"target\":[\"https:\\\/\\\/www.euroresidentes.com\\\/empresa\\\/derecho-mercantil\\\/cierre-administrativo-paginas-web-una-cuestion-legalidad\\\/\"]}]},{\"@type\":\"ImageObject\",\"inLanguage\":\"es\",\"@id\":\"https:\\\/\\\/www.euroresidentes.com\\\/empresa\\\/derecho-mercantil\\\/cierre-administrativo-paginas-web-una-cuestion-legalidad\\\/#primaryimage\",\"url\":\"https:\\\/\\\/www.euroresidentes.com\\\/empresa\\\/derecho-mercantil\\\/wp-content\\\/uploads\\\/sites\\\/12\\\/2022\\\/10\\\/cierre-administrativo-de-una-web.jpg\",\"contentUrl\":\"https:\\\/\\\/www.euroresidentes.com\\\/empresa\\\/derecho-mercantil\\\/wp-content\\\/uploads\\\/sites\\\/12\\\/2022\\\/10\\\/cierre-administrativo-de-una-web.jpg\",\"width\":700,\"height\":525},{\"@type\":\"BreadcrumbList\",\"@id\":\"https:\\\/\\\/www.euroresidentes.com\\\/empresa\\\/derecho-mercantil\\\/cierre-administrativo-paginas-web-una-cuestion-legalidad\\\/#breadcrumb\",\"itemListElement\":[{\"@type\":\"ListItem\",\"position\":1,\"name\":\"Portada\",\"item\":\"https:\\\/\\\/www.euroresidentes.com\\\/empresa\\\/derecho-mercantil\\\/\"},{\"@type\":\"ListItem\",\"position\":2,\"name\":\"El cierre administrativo de p\u00e1ginas web: una cuesti\u00f3n de legalidad\"}]},{\"@type\":\"WebSite\",\"@id\":\"https:\\\/\\\/www.euroresidentes.com\\\/empresa\\\/derecho-mercantil\\\/#website\",\"url\":\"https:\\\/\\\/www.euroresidentes.com\\\/empresa\\\/derecho-mercantil\\\/\",\"name\":\"Derecho Mercantil\",\"description\":\"Derecho y Empresa Euroresidentes\",\"potentialAction\":[{\"@type\":\"SearchAction\",\"target\":{\"@type\":\"EntryPoint\",\"urlTemplate\":\"https:\\\/\\\/www.euroresidentes.com\\\/empresa\\\/derecho-mercantil\\\/?s={search_term_string}\"},\"query-input\":{\"@type\":\"PropertyValueSpecification\",\"valueRequired\":true,\"valueName\":\"search_term_string\"}}],\"inLanguage\":\"es\"},{\"@type\":\"Person\",\"@id\":\"https:\\\/\\\/www.euroresidentes.com\\\/empresa\\\/derecho-mercantil\\\/#\\\/schema\\\/person\\\/1f848038ac5623245414f398a267708f\",\"name\":\"Manuel Pomares\",\"image\":{\"@type\":\"ImageObject\",\"inLanguage\":\"es\",\"@id\":\"https:\\\/\\\/www.euroresidentes.com\\\/empresa\\\/derecho-mercantil\\\/wp-content\\\/uploads\\\/sites\\\/12\\\/2016\\\/08\\\/manuel-pomares-abogados-150x150.jpg\",\"url\":\"https:\\\/\\\/www.euroresidentes.com\\\/empresa\\\/derecho-mercantil\\\/wp-content\\\/uploads\\\/sites\\\/12\\\/2016\\\/08\\\/manuel-pomares-abogados-150x150.jpg\",\"contentUrl\":\"https:\\\/\\\/www.euroresidentes.com\\\/empresa\\\/derecho-mercantil\\\/wp-content\\\/uploads\\\/sites\\\/12\\\/2016\\\/08\\\/manuel-pomares-abogados-150x150.jpg\",\"caption\":\"Manuel Pomares\"},\"description\":\"Manuel PomaresAbogado y socio director de la firma Pomares Abogados. Especialista en derecho mercantil-societario, bancario y responsabilidad civil-seguro.\",\"sameAs\":[\"http:\\\/\\\/www.euroresidentes.com\\\/empresa\\\/manuel-pomares-2.html\"],\"url\":\"https:\\\/\\\/www.euroresidentes.com\\\/empresa\\\/derecho-mercantil\\\/author\\\/manuel\\\/\"}]}<\/script>\n<!-- \/ Yoast SEO plugin. -->","yoast_head_json":{"title":"El cierre administrativo de p\u00e1ginas web: una cuesti\u00f3n de legalidad - Derecho Mercantil","robots":{"index":"index","follow":"follow","max-snippet":"max-snippet:-1","max-image-preview":"max-image-preview:large","max-video-preview":"max-video-preview:-1"},"canonical":"https:\/\/www.euroresidentes.com\/empresa\/derecho-mercantil\/cierre-administrativo-paginas-web-una-cuestion-legalidad\/","og_locale":"es_ES","og_type":"article","og_title":"El cierre administrativo de p\u00e1ginas web: una cuesti\u00f3n de legalidad - Derecho Mercantil","og_description":"La Sala de lo Contencioso-Administrativo del Tribunal Supremo se ha pronunciado por primera vez sobre la cuesti\u00f3n de legalidad del cierre administrativo de p\u00e1ginas web. El auto del alto tribunal resuelve un recurso de casaci\u00f3n interpuesto por Women on Web International Foundation contra la sentencia de 6 de julio de 2021, dictada por la Secci\u00f3n Octava de la Sala de lo Contencioso Administrativo de la Audiencia Nacional. El auto, que analiza por primera vez el alcance del art\u00edculo 20.5 de la Constituci\u00f3n, establece que la Administraci\u00f3n no puede acordar, por s\u00ed sola, el cierre de un sitio web de contenidos","og_url":"https:\/\/www.euroresidentes.com\/empresa\/derecho-mercantil\/cierre-administrativo-paginas-web-una-cuestion-legalidad\/","og_site_name":"Derecho Mercantil","article_publisher":"https:\/\/www.facebook.com\/euroresidentes\/","article_published_time":"2022-10-11T11:45:50+00:00","article_modified_time":"2023-10-31T10:09:34+00:00","og_image":[{"width":700,"height":525,"url":"https:\/\/www.euroresidentes.com\/empresa\/derecho-mercantil\/wp-content\/uploads\/sites\/12\/2022\/10\/cierre-administrativo-de-una-web.jpg","type":"image\/jpeg"}],"author":"Manuel Pomares","twitter_card":"summary_large_image","twitter_misc":{"Written by":"Manuel Pomares","Est. reading time":"3 minutos"},"schema":{"@context":"https:\/\/schema.org","@graph":[{"@type":"Article","@id":"https:\/\/www.euroresidentes.com\/empresa\/derecho-mercantil\/cierre-administrativo-paginas-web-una-cuestion-legalidad\/#article","isPartOf":{"@id":"https:\/\/www.euroresidentes.com\/empresa\/derecho-mercantil\/cierre-administrativo-paginas-web-una-cuestion-legalidad\/"},"author":{"name":"Manuel Pomares","@id":"https:\/\/www.euroresidentes.com\/empresa\/derecho-mercantil\/#\/schema\/person\/1f848038ac5623245414f398a267708f"},"headline":"El cierre administrativo de p\u00e1ginas web: una cuesti\u00f3n de legalidad","datePublished":"2022-10-11T11:45:50+00:00","dateModified":"2023-10-31T10:09:34+00:00","mainEntityOfPage":{"@id":"https:\/\/www.euroresidentes.com\/empresa\/derecho-mercantil\/cierre-administrativo-paginas-web-una-cuestion-legalidad\/"},"wordCount":645,"commentCount":0,"image":{"@id":"https:\/\/www.euroresidentes.com\/empresa\/derecho-mercantil\/cierre-administrativo-paginas-web-una-cuestion-legalidad\/#primaryimage"},"thumbnailUrl":"https:\/\/www.euroresidentes.com\/empresa\/derecho-mercantil\/wp-content\/uploads\/sites\/12\/2022\/10\/cierre-administrativo-de-una-web.jpg","articleSection":["SENTENCIAS"],"inLanguage":"es","potentialAction":[{"@type":"CommentAction","name":"Comment","target":["https:\/\/www.euroresidentes.com\/empresa\/derecho-mercantil\/cierre-administrativo-paginas-web-una-cuestion-legalidad\/#respond"]}]},{"@type":"WebPage","@id":"https:\/\/www.euroresidentes.com\/empresa\/derecho-mercantil\/cierre-administrativo-paginas-web-una-cuestion-legalidad\/","url":"https:\/\/www.euroresidentes.com\/empresa\/derecho-mercantil\/cierre-administrativo-paginas-web-una-cuestion-legalidad\/","name":"El cierre administrativo de p\u00e1ginas web: una cuesti\u00f3n de legalidad - Derecho Mercantil","isPartOf":{"@id":"https:\/\/www.euroresidentes.com\/empresa\/derecho-mercantil\/#website"},"primaryImageOfPage":{"@id":"https:\/\/www.euroresidentes.com\/empresa\/derecho-mercantil\/cierre-administrativo-paginas-web-una-cuestion-legalidad\/#primaryimage"},"image":{"@id":"https:\/\/www.euroresidentes.com\/empresa\/derecho-mercantil\/cierre-administrativo-paginas-web-una-cuestion-legalidad\/#primaryimage"},"thumbnailUrl":"https:\/\/www.euroresidentes.com\/empresa\/derecho-mercantil\/wp-content\/uploads\/sites\/12\/2022\/10\/cierre-administrativo-de-una-web.jpg","datePublished":"2022-10-11T11:45:50+00:00","dateModified":"2023-10-31T10:09:34+00:00","author":{"@id":"https:\/\/www.euroresidentes.com\/empresa\/derecho-mercantil\/#\/schema\/person\/1f848038ac5623245414f398a267708f"},"breadcrumb":{"@id":"https:\/\/www.euroresidentes.com\/empresa\/derecho-mercantil\/cierre-administrativo-paginas-web-una-cuestion-legalidad\/#breadcrumb"},"inLanguage":"es","potentialAction":[{"@type":"ReadAction","target":["https:\/\/www.euroresidentes.com\/empresa\/derecho-mercantil\/cierre-administrativo-paginas-web-una-cuestion-legalidad\/"]}]},{"@type":"ImageObject","inLanguage":"es","@id":"https:\/\/www.euroresidentes.com\/empresa\/derecho-mercantil\/cierre-administrativo-paginas-web-una-cuestion-legalidad\/#primaryimage","url":"https:\/\/www.euroresidentes.com\/empresa\/derecho-mercantil\/wp-content\/uploads\/sites\/12\/2022\/10\/cierre-administrativo-de-una-web.jpg","contentUrl":"https:\/\/www.euroresidentes.com\/empresa\/derecho-mercantil\/wp-content\/uploads\/sites\/12\/2022\/10\/cierre-administrativo-de-una-web.jpg","width":700,"height":525},{"@type":"BreadcrumbList","@id":"https:\/\/www.euroresidentes.com\/empresa\/derecho-mercantil\/cierre-administrativo-paginas-web-una-cuestion-legalidad\/#breadcrumb","itemListElement":[{"@type":"ListItem","position":1,"name":"Portada","item":"https:\/\/www.euroresidentes.com\/empresa\/derecho-mercantil\/"},{"@type":"ListItem","position":2,"name":"El cierre administrativo de p\u00e1ginas web: una cuesti\u00f3n de legalidad"}]},{"@type":"WebSite","@id":"https:\/\/www.euroresidentes.com\/empresa\/derecho-mercantil\/#website","url":"https:\/\/www.euroresidentes.com\/empresa\/derecho-mercantil\/","name":"Derecho Mercantil","description":"Derecho y Empresa Euroresidentes","potentialAction":[{"@type":"SearchAction","target":{"@type":"EntryPoint","urlTemplate":"https:\/\/www.euroresidentes.com\/empresa\/derecho-mercantil\/?s={search_term_string}"},"query-input":{"@type":"PropertyValueSpecification","valueRequired":true,"valueName":"search_term_string"}}],"inLanguage":"es"},{"@type":"Person","@id":"https:\/\/www.euroresidentes.com\/empresa\/derecho-mercantil\/#\/schema\/person\/1f848038ac5623245414f398a267708f","name":"Manuel Pomares","image":{"@type":"ImageObject","inLanguage":"es","@id":"https:\/\/www.euroresidentes.com\/empresa\/derecho-mercantil\/wp-content\/uploads\/sites\/12\/2016\/08\/manuel-pomares-abogados-150x150.jpg","url":"https:\/\/www.euroresidentes.com\/empresa\/derecho-mercantil\/wp-content\/uploads\/sites\/12\/2016\/08\/manuel-pomares-abogados-150x150.jpg","contentUrl":"https:\/\/www.euroresidentes.com\/empresa\/derecho-mercantil\/wp-content\/uploads\/sites\/12\/2016\/08\/manuel-pomares-abogados-150x150.jpg","caption":"Manuel Pomares"},"description":"Manuel PomaresAbogado y socio director de la firma Pomares Abogados. Especialista en derecho mercantil-societario, bancario y responsabilidad civil-seguro.","sameAs":["http:\/\/www.euroresidentes.com\/empresa\/manuel-pomares-2.html"],"url":"https:\/\/www.euroresidentes.com\/empresa\/derecho-mercantil\/author\/manuel\/"}]}},"_links":{"self":[{"href":"https:\/\/www.euroresidentes.com\/empresa\/derecho-mercantil\/wp-json\/wp\/v2\/posts\/2571","targetHints":{"allow":["GET"]}}],"collection":[{"href":"https:\/\/www.euroresidentes.com\/empresa\/derecho-mercantil\/wp-json\/wp\/v2\/posts"}],"about":[{"href":"https:\/\/www.euroresidentes.com\/empresa\/derecho-mercantil\/wp-json\/wp\/v2\/types\/post"}],"author":[{"embeddable":true,"href":"https:\/\/www.euroresidentes.com\/empresa\/derecho-mercantil\/wp-json\/wp\/v2\/users\/9"}],"replies":[{"embeddable":true,"href":"https:\/\/www.euroresidentes.com\/empresa\/derecho-mercantil\/wp-json\/wp\/v2\/comments?post=2571"}],"version-history":[{"count":6,"href":"https:\/\/www.euroresidentes.com\/empresa\/derecho-mercantil\/wp-json\/wp\/v2\/posts\/2571\/revisions"}],"predecessor-version":[{"id":2671,"href":"https:\/\/www.euroresidentes.com\/empresa\/derecho-mercantil\/wp-json\/wp\/v2\/posts\/2571\/revisions\/2671"}],"wp:featuredmedia":[{"embeddable":true,"href":"https:\/\/www.euroresidentes.com\/empresa\/derecho-mercantil\/wp-json\/wp\/v2\/media\/2669"}],"wp:attachment":[{"href":"https:\/\/www.euroresidentes.com\/empresa\/derecho-mercantil\/wp-json\/wp\/v2\/media?parent=2571"}],"wp:term":[{"taxonomy":"category","embeddable":true,"href":"https:\/\/www.euroresidentes.com\/empresa\/derecho-mercantil\/wp-json\/wp\/v2\/categories?post=2571"},{"taxonomy":"post_tag","embeddable":true,"href":"https:\/\/www.euroresidentes.com\/empresa\/derecho-mercantil\/wp-json\/wp\/v2\/tags?post=2571"}],"curies":[{"name":"wp","href":"https:\/\/api.w.org\/{rel}","templated":true}]}}