
{"id":2528,"date":"2022-04-19T12:14:54","date_gmt":"2022-04-19T10:14:54","guid":{"rendered":"https:\/\/www.euroresidentes.com\/empresa\/derecho-mercantil\/?p=2528"},"modified":"2022-04-19T12:19:03","modified_gmt":"2022-04-19T10:19:03","slug":"ciberseguridad-empresarial-puede-ciberataque-justificar-erte","status":"publish","type":"post","link":"https:\/\/www.euroresidentes.com\/empresa\/derecho-mercantil\/ciberseguridad-empresarial-puede-ciberataque-justificar-erte\/","title":{"rendered":"Ciberseguridad empresarial: \u00bfPuede un ciberataque justificar un ERTE?"},"content":{"rendered":"<p style=\"text-align: justify\">El avance de las nuevas tecnolog\u00edas en el mundo empresarial ha normalizado el desarrollo de mercantiles a trav\u00e9s de Internet. Actualmente, resulta extra\u00f1o que una sociedad no lleve a cabo su actividad por medios telem\u00e1ticos.<\/p>\n<p style=\"text-align: justify\">De acuerdo con un estudio efectuado por el <a href=\"https:\/\/www.ine.es\/dyngs\/INEbase\/es\/operacion.htm?c=estadistica_C&amp;cid=1254736176743&amp;menu=ultiDatos&amp;idp=1254735576799\">INE<\/a>, en el a\u00f1o 2020 el 26,9% de las empresas realiz\u00f3 ventas por comercio electr\u00f3nico, lo cual supuso 1,4 puntos m\u00e1s que el a\u00f1o anterior, dato que crece exponencialmente a\u00f1o tras a\u00f1o.<\/p>\n<p style=\"text-align: center\"><a href=\"https:\/\/www.euroresidentes.com\/empresa\/derecho-mercantil\/wp-content\/uploads\/sites\/12\/2022\/04\/pexels-soumil-kumar-735911.jpg\"><img loading=\"lazy\" decoding=\"async\" class=\"aligncenter  wp-image-2529\" src=\"https:\/\/www.euroresidentes.com\/empresa\/derecho-mercantil\/wp-content\/uploads\/sites\/12\/2022\/04\/pexels-soumil-kumar-735911-1024x684.jpg\" alt=\"\" width=\"431\" height=\"288\" srcset=\"https:\/\/www.euroresidentes.com\/empresa\/derecho-mercantil\/wp-content\/uploads\/sites\/12\/2022\/04\/pexels-soumil-kumar-735911.jpg 1024w, https:\/\/www.euroresidentes.com\/empresa\/derecho-mercantil\/wp-content\/uploads\/sites\/12\/2022\/04\/pexels-soumil-kumar-735911-300x200.jpg 300w, https:\/\/www.euroresidentes.com\/empresa\/derecho-mercantil\/wp-content\/uploads\/sites\/12\/2022\/04\/pexels-soumil-kumar-735911-768x513.jpg 768w, https:\/\/www.euroresidentes.com\/empresa\/derecho-mercantil\/wp-content\/uploads\/sites\/12\/2022\/04\/pexels-soumil-kumar-735911-445x297.jpg 445w\" sizes=\"auto, (max-width: 431px) 100vw, 431px\" \/><\/a><\/p>\n<p style=\"text-align: justify\">Este desarrollo mercantil en la red provoca que las empresas deban tomar importantes medidas en materia de ciberseguridad en aras a evitar posibles injerencias en su actividad. Estas medidas deben ser especialmente intensas si la actividad empresarial se desarrolla \u00fanicamente a trav\u00e9s del e-commerce.<\/p>\n<p style=\"text-align: justify\">Los ciberataques constituyen unos factores a evitar para las empresas que act\u00faan a trav\u00e9s de la web. Sin embargo, del mismo modo que se ocasionan robos inevitables en empresas f\u00edsicas, pueden ocasionarse injerencias en la actividad telem\u00e1tica.<\/p>\n<p style=\"text-align: justify\">Sin lugar a duda, un ciberataque sufrido por una empresa que desarrolla su actividad a trav\u00e9s de Internet puede generar importantes p\u00e9rdidas que afecten a la estructura empresarial y que impliquen la toma de decisiones por parte de los empresarios. Es por ello por lo que se considera de vital importancia la adaptaci\u00f3n de todas las medidas necesarias para evitar estos ataques.<\/p>\n<p style=\"text-align: justify\">Recientemente, se ha pronunciado la Audiencia Nacional en su <a href=\"https:\/\/diariolaley.laleynext.es\/content\/Documento.aspx?params=H4sIAAAAAAAEAMtMSbH1CjUwMDA3MrE0N7RQK0stKs7Mz7Mty0xPzStJBfEz0ypd8pNDKgtSbdMSc4pT1RKTivNzSktSQ4sybUOKSlMBJfyHD0UAAAA=WKE\">Sentencia<\/a> n\u00ba37\/2022 de 14 de marzo, sobre un ERTE por fuerza mayor solicitado por una mercantil de telecomunicaciones que sufri\u00f3 un ciberataque y vio paralizada de forma grave su actividad, la cual se desarrollaba esencialmente a trav\u00e9s de Internet.<\/p>\n<p style=\"text-align: justify\">En su Sentencia, la Audiencia Nacional revoca la resoluci\u00f3n de la Direcci\u00f3n General del Trabajo y moderniza el concepto de fuerza mayor a la hora de justificar un ERTE, adapt\u00e1ndolo a la actividad empresarial online. Asimismo, en su resoluci\u00f3n proporciona una serie de requisitos que deben concurrir en empresas esencialmente digitales a la hora de justificar este tipo de medidas.<\/p>\n<p style=\"text-align: justify\">En concreto, los requisitos que concurrieron en el caso concreto y que justificaron la medida empresarial fueron los siguientes:<\/p>\n<ul style=\"text-align: justify\">\n<li>Imposibilidad en la continuaci\u00f3n de la prestaci\u00f3n de servicios;<\/li>\n<li>Relaci\u00f3n de causalidad entre el ciberataque sufrido y la imposibilidad en la continuaci\u00f3n de prestaci\u00f3n de servicios;<\/li>\n<li>Inimputabilidad de la empresa al haberse producido el ciberataque de una forma ajena a su voluntad;<\/li>\n<li>Que la empresa llev\u00f3 a cabo todas las medidas de seguridad adecuadas, de manera que actu\u00f3 con la debida diligencia. Es lo que constituye la inevitabilidad del ciberataque sufrido.<\/li>\n<\/ul>\n<p style=\"text-align: justify\">En este sentido, resulta especialmente relevante la importancia que otorga la Audiencia a las precauciones adoptadas por la mercantil perjudicada en aras a evitar el ciberataque.<\/p>\n<p style=\"text-align: justify\">En definitiva, en materia de ciberseguridad, como ya vimos en materia de protecci\u00f3n de datos, los Tribunales est\u00e1n teniendo en cuenta la implantaci\u00f3n por parte de las empresas de todas las <strong>medidas necesarias<\/strong> para evitar posibles injerencias en su actividad.<\/p>\n<p style=\"text-align: justify\">Es por ello por lo que, es importante que las mercantiles formen a los trabajadores en la materia y actualicen constantemente sus protocolos de ciberseguridad, con la finalidad de minimizar al m\u00e1ximo los riesgos que puedan sufrirse.<\/p>\n","protected":false},"excerpt":{"rendered":"<p>El avance de las nuevas tecnolog\u00edas en el mundo empresarial ha normalizado el desarrollo de mercantiles a trav\u00e9s de Internet. Actualmente, resulta extra\u00f1o que una sociedad no lleve a cabo su actividad por medios telem\u00e1ticos. De acuerdo con un estudio efectuado por el INE, en el a\u00f1o 2020 el 26,9% de las empresas realiz\u00f3 ventas por comercio electr\u00f3nico, lo cual supuso 1,4 puntos m\u00e1s que el a\u00f1o anterior, dato que crece exponencialmente a\u00f1o tras a\u00f1o. Este desarrollo mercantil en la red provoca que las empresas deban tomar importantes medidas en materia de ciberseguridad en aras a evitar posibles injerencias en <\/p>\n","protected":false},"author":9,"featured_media":2529,"comment_status":"open","ping_status":"closed","sticky":false,"template":"","format":"standard","meta":{"footnotes":""},"categories":[83],"tags":[],"class_list":["post-2528","post","type-post","status-publish","format-standard","has-post-thumbnail","hentry","category-sentencias","has_thumb"],"yoast_head":"<!-- This site is optimized with the Yoast SEO plugin v27.5 - https:\/\/yoast.com\/product\/yoast-seo-wordpress\/ -->\n<title>Ciberseguridad empresarial: \u00bfPuede un ciberataque justificar un ERTE? - Derecho Mercantil<\/title>\n<meta name=\"robots\" content=\"index, follow, max-snippet:-1, max-image-preview:large, max-video-preview:-1\" \/>\n<link rel=\"canonical\" href=\"https:\/\/www.euroresidentes.com\/empresa\/derecho-mercantil\/ciberseguridad-empresarial-puede-ciberataque-justificar-erte\/\" \/>\n<meta property=\"og:locale\" content=\"es_ES\" \/>\n<meta property=\"og:type\" content=\"article\" \/>\n<meta property=\"og:title\" content=\"Ciberseguridad empresarial: \u00bfPuede un ciberataque justificar un ERTE? - Derecho Mercantil\" \/>\n<meta property=\"og:description\" content=\"El avance de las nuevas tecnolog\u00edas en el mundo empresarial ha normalizado el desarrollo de mercantiles a trav\u00e9s de Internet. Actualmente, resulta extra\u00f1o que una sociedad no lleve a cabo su actividad por medios telem\u00e1ticos. De acuerdo con un estudio efectuado por el INE, en el a\u00f1o 2020 el 26,9% de las empresas realiz\u00f3 ventas por comercio electr\u00f3nico, lo cual supuso 1,4 puntos m\u00e1s que el a\u00f1o anterior, dato que crece exponencialmente a\u00f1o tras a\u00f1o. Este desarrollo mercantil en la red provoca que las empresas deban tomar importantes medidas en materia de ciberseguridad en aras a evitar posibles injerencias en\" \/>\n<meta property=\"og:url\" content=\"https:\/\/www.euroresidentes.com\/empresa\/derecho-mercantil\/ciberseguridad-empresarial-puede-ciberataque-justificar-erte\/\" \/>\n<meta property=\"og:site_name\" content=\"Derecho Mercantil\" \/>\n<meta property=\"article:publisher\" content=\"https:\/\/www.facebook.com\/euroresidentes\/\" \/>\n<meta property=\"article:published_time\" content=\"2022-04-19T10:14:54+00:00\" \/>\n<meta property=\"article:modified_time\" content=\"2022-04-19T10:19:03+00:00\" \/>\n<meta property=\"og:image\" content=\"https:\/\/www.euroresidentes.com\/empresa\/derecho-mercantil\/wp-content\/uploads\/sites\/12\/2022\/04\/pexels-soumil-kumar-735911.jpg\" \/>\n\t<meta property=\"og:image:width\" content=\"1024\" \/>\n\t<meta property=\"og:image:height\" content=\"684\" \/>\n\t<meta property=\"og:image:type\" content=\"image\/jpeg\" \/>\n<meta name=\"author\" content=\"Manuel Pomares\" \/>\n<meta name=\"twitter:card\" content=\"summary_large_image\" \/>\n<meta name=\"twitter:label1\" content=\"Written by\" \/>\n\t<meta name=\"twitter:data1\" content=\"Manuel Pomares\" \/>\n\t<meta name=\"twitter:label2\" content=\"Est. reading time\" \/>\n\t<meta name=\"twitter:data2\" content=\"3 minutos\" \/>\n<script type=\"application\/ld+json\" class=\"yoast-schema-graph\">{\"@context\":\"https:\\\/\\\/schema.org\",\"@graph\":[{\"@type\":\"Article\",\"@id\":\"https:\\\/\\\/www.euroresidentes.com\\\/empresa\\\/derecho-mercantil\\\/ciberseguridad-empresarial-puede-ciberataque-justificar-erte\\\/#article\",\"isPartOf\":{\"@id\":\"https:\\\/\\\/www.euroresidentes.com\\\/empresa\\\/derecho-mercantil\\\/ciberseguridad-empresarial-puede-ciberataque-justificar-erte\\\/\"},\"author\":{\"name\":\"Manuel Pomares\",\"@id\":\"https:\\\/\\\/www.euroresidentes.com\\\/empresa\\\/derecho-mercantil\\\/#\\\/schema\\\/person\\\/1f848038ac5623245414f398a267708f\"},\"headline\":\"Ciberseguridad empresarial: \u00bfPuede un ciberataque justificar un ERTE?\",\"datePublished\":\"2022-04-19T10:14:54+00:00\",\"dateModified\":\"2022-04-19T10:19:03+00:00\",\"mainEntityOfPage\":{\"@id\":\"https:\\\/\\\/www.euroresidentes.com\\\/empresa\\\/derecho-mercantil\\\/ciberseguridad-empresarial-puede-ciberataque-justificar-erte\\\/\"},\"wordCount\":555,\"commentCount\":0,\"image\":{\"@id\":\"https:\\\/\\\/www.euroresidentes.com\\\/empresa\\\/derecho-mercantil\\\/ciberseguridad-empresarial-puede-ciberataque-justificar-erte\\\/#primaryimage\"},\"thumbnailUrl\":\"https:\\\/\\\/www.euroresidentes.com\\\/empresa\\\/derecho-mercantil\\\/wp-content\\\/uploads\\\/sites\\\/12\\\/2022\\\/04\\\/pexels-soumil-kumar-735911.jpg\",\"articleSection\":[\"SENTENCIAS\"],\"inLanguage\":\"es\",\"potentialAction\":[{\"@type\":\"CommentAction\",\"name\":\"Comment\",\"target\":[\"https:\\\/\\\/www.euroresidentes.com\\\/empresa\\\/derecho-mercantil\\\/ciberseguridad-empresarial-puede-ciberataque-justificar-erte\\\/#respond\"]}]},{\"@type\":\"WebPage\",\"@id\":\"https:\\\/\\\/www.euroresidentes.com\\\/empresa\\\/derecho-mercantil\\\/ciberseguridad-empresarial-puede-ciberataque-justificar-erte\\\/\",\"url\":\"https:\\\/\\\/www.euroresidentes.com\\\/empresa\\\/derecho-mercantil\\\/ciberseguridad-empresarial-puede-ciberataque-justificar-erte\\\/\",\"name\":\"Ciberseguridad empresarial: \u00bfPuede un ciberataque justificar un ERTE? - Derecho Mercantil\",\"isPartOf\":{\"@id\":\"https:\\\/\\\/www.euroresidentes.com\\\/empresa\\\/derecho-mercantil\\\/#website\"},\"primaryImageOfPage\":{\"@id\":\"https:\\\/\\\/www.euroresidentes.com\\\/empresa\\\/derecho-mercantil\\\/ciberseguridad-empresarial-puede-ciberataque-justificar-erte\\\/#primaryimage\"},\"image\":{\"@id\":\"https:\\\/\\\/www.euroresidentes.com\\\/empresa\\\/derecho-mercantil\\\/ciberseguridad-empresarial-puede-ciberataque-justificar-erte\\\/#primaryimage\"},\"thumbnailUrl\":\"https:\\\/\\\/www.euroresidentes.com\\\/empresa\\\/derecho-mercantil\\\/wp-content\\\/uploads\\\/sites\\\/12\\\/2022\\\/04\\\/pexels-soumil-kumar-735911.jpg\",\"datePublished\":\"2022-04-19T10:14:54+00:00\",\"dateModified\":\"2022-04-19T10:19:03+00:00\",\"author\":{\"@id\":\"https:\\\/\\\/www.euroresidentes.com\\\/empresa\\\/derecho-mercantil\\\/#\\\/schema\\\/person\\\/1f848038ac5623245414f398a267708f\"},\"breadcrumb\":{\"@id\":\"https:\\\/\\\/www.euroresidentes.com\\\/empresa\\\/derecho-mercantil\\\/ciberseguridad-empresarial-puede-ciberataque-justificar-erte\\\/#breadcrumb\"},\"inLanguage\":\"es\",\"potentialAction\":[{\"@type\":\"ReadAction\",\"target\":[\"https:\\\/\\\/www.euroresidentes.com\\\/empresa\\\/derecho-mercantil\\\/ciberseguridad-empresarial-puede-ciberataque-justificar-erte\\\/\"]}]},{\"@type\":\"ImageObject\",\"inLanguage\":\"es\",\"@id\":\"https:\\\/\\\/www.euroresidentes.com\\\/empresa\\\/derecho-mercantil\\\/ciberseguridad-empresarial-puede-ciberataque-justificar-erte\\\/#primaryimage\",\"url\":\"https:\\\/\\\/www.euroresidentes.com\\\/empresa\\\/derecho-mercantil\\\/wp-content\\\/uploads\\\/sites\\\/12\\\/2022\\\/04\\\/pexels-soumil-kumar-735911.jpg\",\"contentUrl\":\"https:\\\/\\\/www.euroresidentes.com\\\/empresa\\\/derecho-mercantil\\\/wp-content\\\/uploads\\\/sites\\\/12\\\/2022\\\/04\\\/pexels-soumil-kumar-735911.jpg\",\"width\":1024,\"height\":684},{\"@type\":\"BreadcrumbList\",\"@id\":\"https:\\\/\\\/www.euroresidentes.com\\\/empresa\\\/derecho-mercantil\\\/ciberseguridad-empresarial-puede-ciberataque-justificar-erte\\\/#breadcrumb\",\"itemListElement\":[{\"@type\":\"ListItem\",\"position\":1,\"name\":\"Portada\",\"item\":\"https:\\\/\\\/www.euroresidentes.com\\\/empresa\\\/derecho-mercantil\\\/\"},{\"@type\":\"ListItem\",\"position\":2,\"name\":\"Ciberseguridad empresarial: \u00bfPuede un ciberataque justificar un ERTE?\"}]},{\"@type\":\"WebSite\",\"@id\":\"https:\\\/\\\/www.euroresidentes.com\\\/empresa\\\/derecho-mercantil\\\/#website\",\"url\":\"https:\\\/\\\/www.euroresidentes.com\\\/empresa\\\/derecho-mercantil\\\/\",\"name\":\"Derecho Mercantil\",\"description\":\"Derecho y Empresa Euroresidentes\",\"potentialAction\":[{\"@type\":\"SearchAction\",\"target\":{\"@type\":\"EntryPoint\",\"urlTemplate\":\"https:\\\/\\\/www.euroresidentes.com\\\/empresa\\\/derecho-mercantil\\\/?s={search_term_string}\"},\"query-input\":{\"@type\":\"PropertyValueSpecification\",\"valueRequired\":true,\"valueName\":\"search_term_string\"}}],\"inLanguage\":\"es\"},{\"@type\":\"Person\",\"@id\":\"https:\\\/\\\/www.euroresidentes.com\\\/empresa\\\/derecho-mercantil\\\/#\\\/schema\\\/person\\\/1f848038ac5623245414f398a267708f\",\"name\":\"Manuel Pomares\",\"image\":{\"@type\":\"ImageObject\",\"inLanguage\":\"es\",\"@id\":\"https:\\\/\\\/www.euroresidentes.com\\\/empresa\\\/derecho-mercantil\\\/wp-content\\\/uploads\\\/sites\\\/12\\\/2016\\\/08\\\/manuel-pomares-abogados-150x150.jpg\",\"url\":\"https:\\\/\\\/www.euroresidentes.com\\\/empresa\\\/derecho-mercantil\\\/wp-content\\\/uploads\\\/sites\\\/12\\\/2016\\\/08\\\/manuel-pomares-abogados-150x150.jpg\",\"contentUrl\":\"https:\\\/\\\/www.euroresidentes.com\\\/empresa\\\/derecho-mercantil\\\/wp-content\\\/uploads\\\/sites\\\/12\\\/2016\\\/08\\\/manuel-pomares-abogados-150x150.jpg\",\"caption\":\"Manuel Pomares\"},\"description\":\"Manuel PomaresAbogado y socio director de la firma Pomares Abogados. Especialista en derecho mercantil-societario, bancario y responsabilidad civil-seguro.\",\"sameAs\":[\"http:\\\/\\\/www.euroresidentes.com\\\/empresa\\\/manuel-pomares-2.html\"],\"url\":\"https:\\\/\\\/www.euroresidentes.com\\\/empresa\\\/derecho-mercantil\\\/author\\\/manuel\\\/\"}]}<\/script>\n<!-- \/ Yoast SEO plugin. -->","yoast_head_json":{"title":"Ciberseguridad empresarial: \u00bfPuede un ciberataque justificar un ERTE? - Derecho Mercantil","robots":{"index":"index","follow":"follow","max-snippet":"max-snippet:-1","max-image-preview":"max-image-preview:large","max-video-preview":"max-video-preview:-1"},"canonical":"https:\/\/www.euroresidentes.com\/empresa\/derecho-mercantil\/ciberseguridad-empresarial-puede-ciberataque-justificar-erte\/","og_locale":"es_ES","og_type":"article","og_title":"Ciberseguridad empresarial: \u00bfPuede un ciberataque justificar un ERTE? - Derecho Mercantil","og_description":"El avance de las nuevas tecnolog\u00edas en el mundo empresarial ha normalizado el desarrollo de mercantiles a trav\u00e9s de Internet. Actualmente, resulta extra\u00f1o que una sociedad no lleve a cabo su actividad por medios telem\u00e1ticos. De acuerdo con un estudio efectuado por el INE, en el a\u00f1o 2020 el 26,9% de las empresas realiz\u00f3 ventas por comercio electr\u00f3nico, lo cual supuso 1,4 puntos m\u00e1s que el a\u00f1o anterior, dato que crece exponencialmente a\u00f1o tras a\u00f1o. Este desarrollo mercantil en la red provoca que las empresas deban tomar importantes medidas en materia de ciberseguridad en aras a evitar posibles injerencias en","og_url":"https:\/\/www.euroresidentes.com\/empresa\/derecho-mercantil\/ciberseguridad-empresarial-puede-ciberataque-justificar-erte\/","og_site_name":"Derecho Mercantil","article_publisher":"https:\/\/www.facebook.com\/euroresidentes\/","article_published_time":"2022-04-19T10:14:54+00:00","article_modified_time":"2022-04-19T10:19:03+00:00","og_image":[{"width":1024,"height":684,"url":"https:\/\/www.euroresidentes.com\/empresa\/derecho-mercantil\/wp-content\/uploads\/sites\/12\/2022\/04\/pexels-soumil-kumar-735911.jpg","type":"image\/jpeg"}],"author":"Manuel Pomares","twitter_card":"summary_large_image","twitter_misc":{"Written by":"Manuel Pomares","Est. reading time":"3 minutos"},"schema":{"@context":"https:\/\/schema.org","@graph":[{"@type":"Article","@id":"https:\/\/www.euroresidentes.com\/empresa\/derecho-mercantil\/ciberseguridad-empresarial-puede-ciberataque-justificar-erte\/#article","isPartOf":{"@id":"https:\/\/www.euroresidentes.com\/empresa\/derecho-mercantil\/ciberseguridad-empresarial-puede-ciberataque-justificar-erte\/"},"author":{"name":"Manuel Pomares","@id":"https:\/\/www.euroresidentes.com\/empresa\/derecho-mercantil\/#\/schema\/person\/1f848038ac5623245414f398a267708f"},"headline":"Ciberseguridad empresarial: \u00bfPuede un ciberataque justificar un ERTE?","datePublished":"2022-04-19T10:14:54+00:00","dateModified":"2022-04-19T10:19:03+00:00","mainEntityOfPage":{"@id":"https:\/\/www.euroresidentes.com\/empresa\/derecho-mercantil\/ciberseguridad-empresarial-puede-ciberataque-justificar-erte\/"},"wordCount":555,"commentCount":0,"image":{"@id":"https:\/\/www.euroresidentes.com\/empresa\/derecho-mercantil\/ciberseguridad-empresarial-puede-ciberataque-justificar-erte\/#primaryimage"},"thumbnailUrl":"https:\/\/www.euroresidentes.com\/empresa\/derecho-mercantil\/wp-content\/uploads\/sites\/12\/2022\/04\/pexels-soumil-kumar-735911.jpg","articleSection":["SENTENCIAS"],"inLanguage":"es","potentialAction":[{"@type":"CommentAction","name":"Comment","target":["https:\/\/www.euroresidentes.com\/empresa\/derecho-mercantil\/ciberseguridad-empresarial-puede-ciberataque-justificar-erte\/#respond"]}]},{"@type":"WebPage","@id":"https:\/\/www.euroresidentes.com\/empresa\/derecho-mercantil\/ciberseguridad-empresarial-puede-ciberataque-justificar-erte\/","url":"https:\/\/www.euroresidentes.com\/empresa\/derecho-mercantil\/ciberseguridad-empresarial-puede-ciberataque-justificar-erte\/","name":"Ciberseguridad empresarial: \u00bfPuede un ciberataque justificar un ERTE? - Derecho Mercantil","isPartOf":{"@id":"https:\/\/www.euroresidentes.com\/empresa\/derecho-mercantil\/#website"},"primaryImageOfPage":{"@id":"https:\/\/www.euroresidentes.com\/empresa\/derecho-mercantil\/ciberseguridad-empresarial-puede-ciberataque-justificar-erte\/#primaryimage"},"image":{"@id":"https:\/\/www.euroresidentes.com\/empresa\/derecho-mercantil\/ciberseguridad-empresarial-puede-ciberataque-justificar-erte\/#primaryimage"},"thumbnailUrl":"https:\/\/www.euroresidentes.com\/empresa\/derecho-mercantil\/wp-content\/uploads\/sites\/12\/2022\/04\/pexels-soumil-kumar-735911.jpg","datePublished":"2022-04-19T10:14:54+00:00","dateModified":"2022-04-19T10:19:03+00:00","author":{"@id":"https:\/\/www.euroresidentes.com\/empresa\/derecho-mercantil\/#\/schema\/person\/1f848038ac5623245414f398a267708f"},"breadcrumb":{"@id":"https:\/\/www.euroresidentes.com\/empresa\/derecho-mercantil\/ciberseguridad-empresarial-puede-ciberataque-justificar-erte\/#breadcrumb"},"inLanguage":"es","potentialAction":[{"@type":"ReadAction","target":["https:\/\/www.euroresidentes.com\/empresa\/derecho-mercantil\/ciberseguridad-empresarial-puede-ciberataque-justificar-erte\/"]}]},{"@type":"ImageObject","inLanguage":"es","@id":"https:\/\/www.euroresidentes.com\/empresa\/derecho-mercantil\/ciberseguridad-empresarial-puede-ciberataque-justificar-erte\/#primaryimage","url":"https:\/\/www.euroresidentes.com\/empresa\/derecho-mercantil\/wp-content\/uploads\/sites\/12\/2022\/04\/pexels-soumil-kumar-735911.jpg","contentUrl":"https:\/\/www.euroresidentes.com\/empresa\/derecho-mercantil\/wp-content\/uploads\/sites\/12\/2022\/04\/pexels-soumil-kumar-735911.jpg","width":1024,"height":684},{"@type":"BreadcrumbList","@id":"https:\/\/www.euroresidentes.com\/empresa\/derecho-mercantil\/ciberseguridad-empresarial-puede-ciberataque-justificar-erte\/#breadcrumb","itemListElement":[{"@type":"ListItem","position":1,"name":"Portada","item":"https:\/\/www.euroresidentes.com\/empresa\/derecho-mercantil\/"},{"@type":"ListItem","position":2,"name":"Ciberseguridad empresarial: \u00bfPuede un ciberataque justificar un ERTE?"}]},{"@type":"WebSite","@id":"https:\/\/www.euroresidentes.com\/empresa\/derecho-mercantil\/#website","url":"https:\/\/www.euroresidentes.com\/empresa\/derecho-mercantil\/","name":"Derecho Mercantil","description":"Derecho y Empresa Euroresidentes","potentialAction":[{"@type":"SearchAction","target":{"@type":"EntryPoint","urlTemplate":"https:\/\/www.euroresidentes.com\/empresa\/derecho-mercantil\/?s={search_term_string}"},"query-input":{"@type":"PropertyValueSpecification","valueRequired":true,"valueName":"search_term_string"}}],"inLanguage":"es"},{"@type":"Person","@id":"https:\/\/www.euroresidentes.com\/empresa\/derecho-mercantil\/#\/schema\/person\/1f848038ac5623245414f398a267708f","name":"Manuel Pomares","image":{"@type":"ImageObject","inLanguage":"es","@id":"https:\/\/www.euroresidentes.com\/empresa\/derecho-mercantil\/wp-content\/uploads\/sites\/12\/2016\/08\/manuel-pomares-abogados-150x150.jpg","url":"https:\/\/www.euroresidentes.com\/empresa\/derecho-mercantil\/wp-content\/uploads\/sites\/12\/2016\/08\/manuel-pomares-abogados-150x150.jpg","contentUrl":"https:\/\/www.euroresidentes.com\/empresa\/derecho-mercantil\/wp-content\/uploads\/sites\/12\/2016\/08\/manuel-pomares-abogados-150x150.jpg","caption":"Manuel Pomares"},"description":"Manuel PomaresAbogado y socio director de la firma Pomares Abogados. Especialista en derecho mercantil-societario, bancario y responsabilidad civil-seguro.","sameAs":["http:\/\/www.euroresidentes.com\/empresa\/manuel-pomares-2.html"],"url":"https:\/\/www.euroresidentes.com\/empresa\/derecho-mercantil\/author\/manuel\/"}]}},"_links":{"self":[{"href":"https:\/\/www.euroresidentes.com\/empresa\/derecho-mercantil\/wp-json\/wp\/v2\/posts\/2528","targetHints":{"allow":["GET"]}}],"collection":[{"href":"https:\/\/www.euroresidentes.com\/empresa\/derecho-mercantil\/wp-json\/wp\/v2\/posts"}],"about":[{"href":"https:\/\/www.euroresidentes.com\/empresa\/derecho-mercantil\/wp-json\/wp\/v2\/types\/post"}],"author":[{"embeddable":true,"href":"https:\/\/www.euroresidentes.com\/empresa\/derecho-mercantil\/wp-json\/wp\/v2\/users\/9"}],"replies":[{"embeddable":true,"href":"https:\/\/www.euroresidentes.com\/empresa\/derecho-mercantil\/wp-json\/wp\/v2\/comments?post=2528"}],"version-history":[{"count":3,"href":"https:\/\/www.euroresidentes.com\/empresa\/derecho-mercantil\/wp-json\/wp\/v2\/posts\/2528\/revisions"}],"predecessor-version":[{"id":2532,"href":"https:\/\/www.euroresidentes.com\/empresa\/derecho-mercantil\/wp-json\/wp\/v2\/posts\/2528\/revisions\/2532"}],"wp:featuredmedia":[{"embeddable":true,"href":"https:\/\/www.euroresidentes.com\/empresa\/derecho-mercantil\/wp-json\/wp\/v2\/media\/2529"}],"wp:attachment":[{"href":"https:\/\/www.euroresidentes.com\/empresa\/derecho-mercantil\/wp-json\/wp\/v2\/media?parent=2528"}],"wp:term":[{"taxonomy":"category","embeddable":true,"href":"https:\/\/www.euroresidentes.com\/empresa\/derecho-mercantil\/wp-json\/wp\/v2\/categories?post=2528"},{"taxonomy":"post_tag","embeddable":true,"href":"https:\/\/www.euroresidentes.com\/empresa\/derecho-mercantil\/wp-json\/wp\/v2\/tags?post=2528"}],"curies":[{"name":"wp","href":"https:\/\/api.w.org\/{rel}","templated":true}]}}