
{"id":2479,"date":"2021-12-03T10:44:56","date_gmt":"2021-12-03T09:44:56","guid":{"rendered":"https:\/\/www.euroresidentes.com\/empresa\/derecho-mercantil\/?p=2479"},"modified":"2021-12-03T10:55:58","modified_gmt":"2021-12-03T09:55:58","slug":"google-actualiza-politica-privacidad-poniendo-foco-los-menores-edad","status":"publish","type":"post","link":"https:\/\/www.euroresidentes.com\/empresa\/derecho-mercantil\/google-actualiza-politica-privacidad-poniendo-foco-los-menores-edad\/","title":{"rendered":"Google actualiza su pol\u00edtica de privacidad poniendo el foco en los menores de edad."},"content":{"rendered":"<p style=\"text-align: justify\">En la actualidad, las nuevas tecnolog\u00edas se encuentran cada vez m\u00e1s al alcance de los m\u00e1s j\u00f3venes. La temprana edad a la que los m\u00e1s peque\u00f1os comienzan a navegar por la red no pasa desapercibida para nadie. Seg\u00fan una <a href=\"https:\/\/www.ine.es\/prensa\/tich_2019.pdf\">encuesta realizada por el Instituto Nacional de Estad\u00edstica sobre Equipamiento y Uso de Tecnolog\u00edas de Informaci\u00f3n y Comunicaci\u00f3n (TIC) en Hogares<\/a>,\u00a0el 50,9% de los ni\u00f1os espa\u00f1oles de 11 a\u00f1os ya dispone de un m\u00f3vil, una proporci\u00f3n que crece hasta el 93,9% hasta los 15 a\u00f1os.<\/p>\n<p><a href=\"https:\/\/www.euroresidentes.com\/empresa\/derecho-mercantil\/wp-content\/uploads\/sites\/12\/2021\/12\/pexels-photo-3972128.jpeg\"><img loading=\"lazy\" decoding=\"async\" class=\"wp-image-2480 aligncenter\" src=\"https:\/\/www.euroresidentes.com\/empresa\/derecho-mercantil\/wp-content\/uploads\/sites\/12\/2021\/12\/pexels-photo-3972128.jpeg\" alt=\"\" width=\"348\" height=\"328\" srcset=\"https:\/\/www.euroresidentes.com\/empresa\/derecho-mercantil\/wp-content\/uploads\/sites\/12\/2021\/12\/pexels-photo-3972128.jpeg 498w, https:\/\/www.euroresidentes.com\/empresa\/derecho-mercantil\/wp-content\/uploads\/sites\/12\/2021\/12\/pexels-photo-3972128-300x283.jpeg 300w, https:\/\/www.euroresidentes.com\/empresa\/derecho-mercantil\/wp-content\/uploads\/sites\/12\/2021\/12\/pexels-photo-3972128-315x297.jpeg 315w\" sizes=\"auto, (max-width: 348px) 100vw, 348px\" \/><\/a><\/p>\n<p style=\"text-align: justify\">La publicaci\u00f3n de im\u00e1genes en las que puedan aparecer menores de edad, o la aparici\u00f3n de contenidos no deseados para los mismos son algunas de las cuestiones que m\u00e1s preocupan a padres y tutores.<\/p>\n<p style=\"text-align: justify\">Recientemente, Google ha anunciado la introducci\u00f3n de una serie de actualizaciones en su <strong>pol\u00edtica de privacidad<\/strong> destinadas a proteger a uno de los sectores m\u00e1s vulnerables que puede ser expuesto en la red: los <strong>menores de edad.<\/strong><\/p>\n<p style=\"text-align: justify\">El pasado mes de agosto, la mercantil estadounidense anunci\u00f3 una actualizaci\u00f3n que permitir\u00e1 a los menores de edad solicitar la <strong>eliminaci\u00f3n de aquellas fotos de Google Im\u00e1genes <\/strong>en las que aparezcan.<\/p>\n<p style=\"text-align: justify\">Esta solicitud de supresi\u00f3n de la imagen podr\u00e1 ser emitida por el propio menor, o por sus padres o tutores. Sin embargo, para que se proceda a la eliminaci\u00f3n, se deber\u00e1n cumplir una serie de requisitos que pr\u00f3ximamente especificar\u00e1 la mercantil. La excepci\u00f3n m\u00e1s relevante que ya conocemos es que la foto del menor de edad no se retirar\u00e1 cuando existan motivos de inter\u00e9s p\u00fablico imperioso o exista un inter\u00e9s period\u00edstico.<\/p>\n<p style=\"text-align: justify\">Por otro lado, junto a esta novedosa funci\u00f3n, se han lanzado otras relacionadas con los resultados de b\u00fasqueda y los filtros publicitarios para los casos en los que los menores se encuentren navegando por Internet.<\/p>\n<p style=\"text-align: justify\">Hasta ahora, la herramienta <strong>b\u00fasqueda segura<\/strong> estaba disponible para su aplicaci\u00f3n \u00fanicamente en relaci\u00f3n con los menores de 13 a\u00f1os en las cuentas conocidas como Family Links. Este mecanismo permite utilizar una serie de filtros que inhabilitan la aparici\u00f3n de resultados con contenido para adultos. Con estas novedades introducidas en pol\u00edtica de privacidad, se permitir\u00e1 que esta protecci\u00f3n se extienda hasta los 18 a\u00f1os de edad.<\/p>\n<p style=\"text-align: justify\">En cuanto a las novedades relacionadas con aspectos publicitarios, Google ha establecido una serie de filtros que impiden la exposici\u00f3n de contenido sensible. De este modo, no aparecer\u00e1n im\u00e1genes publicitarias con contenido, ya sea violento o pornogr\u00e1fico, cuando se encuentre navegando un menor de edad.<\/p>\n<p style=\"text-align: justify\">Ahora bien, Google no ha limitado las novedades en pol\u00edtica de privacidad a su conocido buscador web. La mercantil estadounidense tambi\u00e9n ha introducido cambios en YouTube destinados a garantizar la privacidad de los menores de edad.<\/p>\n<p style=\"text-align: justify\">En definitiva, las actualizaciones anunciadas por Google destinadas a renovar su pol\u00edtica de privacidad van dirigidas, sin lugar a duda, a los menores de edad. Este sector queda expuesto cada vez a una edad m\u00e1s temprana al mundo de Internet. Si bien es fundamental que empresas tan potentes como Google aboguen por la protecci\u00f3n de su privacidad. Debate distinto, aunque relacionado, ser\u00eda la verdadera motivaci\u00f3n de estas pol\u00edticas, en las que entran en juego importantes acuerdos comerciales entre las webs y los anunciantes.<\/p>\n","protected":false},"excerpt":{"rendered":"<p>En la actualidad, las nuevas tecnolog\u00edas se encuentran cada vez m\u00e1s al alcance de los m\u00e1s j\u00f3venes. La temprana edad a la que los m\u00e1s peque\u00f1os comienzan a navegar por la red no pasa desapercibida para nadie. Seg\u00fan una encuesta realizada por el Instituto Nacional de Estad\u00edstica sobre Equipamiento y Uso de Tecnolog\u00edas de Informaci\u00f3n y Comunicaci\u00f3n (TIC) en Hogares,\u00a0el 50,9% de los ni\u00f1os espa\u00f1oles de 11 a\u00f1os ya dispone de un m\u00f3vil, una proporci\u00f3n que crece hasta el 93,9% hasta los 15 a\u00f1os. La publicaci\u00f3n de im\u00e1genes en las que puedan aparecer menores de edad, o la aparici\u00f3n de <\/p>\n","protected":false},"author":9,"featured_media":2480,"comment_status":"open","ping_status":"closed","sticky":false,"template":"","format":"standard","meta":{"footnotes":""},"categories":[239],"tags":[],"class_list":["post-2479","post","type-post","status-publish","format-standard","has-post-thumbnail","hentry","category-derecho-civil","has_thumb"],"yoast_head":"<!-- This site is optimized with the Yoast SEO plugin v27.5 - https:\/\/yoast.com\/product\/yoast-seo-wordpress\/ -->\n<title>Google actualiza su pol\u00edtica de privacidad poniendo el foco en los menores de edad. - Derecho Mercantil<\/title>\n<meta name=\"robots\" content=\"index, follow, max-snippet:-1, max-image-preview:large, max-video-preview:-1\" \/>\n<link rel=\"canonical\" href=\"https:\/\/www.euroresidentes.com\/empresa\/derecho-mercantil\/google-actualiza-politica-privacidad-poniendo-foco-los-menores-edad\/\" \/>\n<meta property=\"og:locale\" content=\"es_ES\" \/>\n<meta property=\"og:type\" content=\"article\" \/>\n<meta property=\"og:title\" content=\"Google actualiza su pol\u00edtica de privacidad poniendo el foco en los menores de edad. - Derecho Mercantil\" \/>\n<meta property=\"og:description\" content=\"En la actualidad, las nuevas tecnolog\u00edas se encuentran cada vez m\u00e1s al alcance de los m\u00e1s j\u00f3venes. La temprana edad a la que los m\u00e1s peque\u00f1os comienzan a navegar por la red no pasa desapercibida para nadie. Seg\u00fan una encuesta realizada por el Instituto Nacional de Estad\u00edstica sobre Equipamiento y Uso de Tecnolog\u00edas de Informaci\u00f3n y Comunicaci\u00f3n (TIC) en Hogares,\u00a0el 50,9% de los ni\u00f1os espa\u00f1oles de 11 a\u00f1os ya dispone de un m\u00f3vil, una proporci\u00f3n que crece hasta el 93,9% hasta los 15 a\u00f1os. La publicaci\u00f3n de im\u00e1genes en las que puedan aparecer menores de edad, o la aparici\u00f3n de\" \/>\n<meta property=\"og:url\" content=\"https:\/\/www.euroresidentes.com\/empresa\/derecho-mercantil\/google-actualiza-politica-privacidad-poniendo-foco-los-menores-edad\/\" \/>\n<meta property=\"og:site_name\" content=\"Derecho Mercantil\" \/>\n<meta property=\"article:publisher\" content=\"https:\/\/www.facebook.com\/euroresidentes\/\" \/>\n<meta property=\"article:published_time\" content=\"2021-12-03T09:44:56+00:00\" \/>\n<meta property=\"article:modified_time\" content=\"2021-12-03T09:55:58+00:00\" \/>\n<meta property=\"og:image\" content=\"https:\/\/www.euroresidentes.com\/empresa\/derecho-mercantil\/wp-content\/uploads\/sites\/12\/2021\/12\/pexels-photo-3972128.jpeg\" \/>\n\t<meta property=\"og:image:width\" content=\"498\" \/>\n\t<meta property=\"og:image:height\" content=\"469\" \/>\n\t<meta property=\"og:image:type\" content=\"image\/jpeg\" \/>\n<meta name=\"author\" content=\"Manuel Pomares\" \/>\n<meta name=\"twitter:card\" content=\"summary_large_image\" \/>\n<meta name=\"twitter:label1\" content=\"Written by\" \/>\n\t<meta name=\"twitter:data1\" content=\"Manuel Pomares\" \/>\n\t<meta name=\"twitter:label2\" content=\"Est. reading time\" \/>\n\t<meta name=\"twitter:data2\" content=\"3 minutos\" \/>\n<script type=\"application\/ld+json\" class=\"yoast-schema-graph\">{\"@context\":\"https:\\\/\\\/schema.org\",\"@graph\":[{\"@type\":\"Article\",\"@id\":\"https:\\\/\\\/www.euroresidentes.com\\\/empresa\\\/derecho-mercantil\\\/google-actualiza-politica-privacidad-poniendo-foco-los-menores-edad\\\/#article\",\"isPartOf\":{\"@id\":\"https:\\\/\\\/www.euroresidentes.com\\\/empresa\\\/derecho-mercantil\\\/google-actualiza-politica-privacidad-poniendo-foco-los-menores-edad\\\/\"},\"author\":{\"name\":\"Manuel Pomares\",\"@id\":\"https:\\\/\\\/www.euroresidentes.com\\\/empresa\\\/derecho-mercantil\\\/#\\\/schema\\\/person\\\/1f848038ac5623245414f398a267708f\"},\"headline\":\"Google actualiza su pol\u00edtica de privacidad poniendo el foco en los menores de edad.\",\"datePublished\":\"2021-12-03T09:44:56+00:00\",\"dateModified\":\"2021-12-03T09:55:58+00:00\",\"mainEntityOfPage\":{\"@id\":\"https:\\\/\\\/www.euroresidentes.com\\\/empresa\\\/derecho-mercantil\\\/google-actualiza-politica-privacidad-poniendo-foco-los-menores-edad\\\/\"},\"wordCount\":591,\"commentCount\":0,\"image\":{\"@id\":\"https:\\\/\\\/www.euroresidentes.com\\\/empresa\\\/derecho-mercantil\\\/google-actualiza-politica-privacidad-poniendo-foco-los-menores-edad\\\/#primaryimage\"},\"thumbnailUrl\":\"https:\\\/\\\/www.euroresidentes.com\\\/empresa\\\/derecho-mercantil\\\/wp-content\\\/uploads\\\/sites\\\/12\\\/2021\\\/12\\\/pexels-photo-3972128.jpeg\",\"articleSection\":[\"derecho civil\"],\"inLanguage\":\"es\",\"potentialAction\":[{\"@type\":\"CommentAction\",\"name\":\"Comment\",\"target\":[\"https:\\\/\\\/www.euroresidentes.com\\\/empresa\\\/derecho-mercantil\\\/google-actualiza-politica-privacidad-poniendo-foco-los-menores-edad\\\/#respond\"]}]},{\"@type\":\"WebPage\",\"@id\":\"https:\\\/\\\/www.euroresidentes.com\\\/empresa\\\/derecho-mercantil\\\/google-actualiza-politica-privacidad-poniendo-foco-los-menores-edad\\\/\",\"url\":\"https:\\\/\\\/www.euroresidentes.com\\\/empresa\\\/derecho-mercantil\\\/google-actualiza-politica-privacidad-poniendo-foco-los-menores-edad\\\/\",\"name\":\"Google actualiza su pol\u00edtica de privacidad poniendo el foco en los menores de edad. - Derecho Mercantil\",\"isPartOf\":{\"@id\":\"https:\\\/\\\/www.euroresidentes.com\\\/empresa\\\/derecho-mercantil\\\/#website\"},\"primaryImageOfPage\":{\"@id\":\"https:\\\/\\\/www.euroresidentes.com\\\/empresa\\\/derecho-mercantil\\\/google-actualiza-politica-privacidad-poniendo-foco-los-menores-edad\\\/#primaryimage\"},\"image\":{\"@id\":\"https:\\\/\\\/www.euroresidentes.com\\\/empresa\\\/derecho-mercantil\\\/google-actualiza-politica-privacidad-poniendo-foco-los-menores-edad\\\/#primaryimage\"},\"thumbnailUrl\":\"https:\\\/\\\/www.euroresidentes.com\\\/empresa\\\/derecho-mercantil\\\/wp-content\\\/uploads\\\/sites\\\/12\\\/2021\\\/12\\\/pexels-photo-3972128.jpeg\",\"datePublished\":\"2021-12-03T09:44:56+00:00\",\"dateModified\":\"2021-12-03T09:55:58+00:00\",\"author\":{\"@id\":\"https:\\\/\\\/www.euroresidentes.com\\\/empresa\\\/derecho-mercantil\\\/#\\\/schema\\\/person\\\/1f848038ac5623245414f398a267708f\"},\"breadcrumb\":{\"@id\":\"https:\\\/\\\/www.euroresidentes.com\\\/empresa\\\/derecho-mercantil\\\/google-actualiza-politica-privacidad-poniendo-foco-los-menores-edad\\\/#breadcrumb\"},\"inLanguage\":\"es\",\"potentialAction\":[{\"@type\":\"ReadAction\",\"target\":[\"https:\\\/\\\/www.euroresidentes.com\\\/empresa\\\/derecho-mercantil\\\/google-actualiza-politica-privacidad-poniendo-foco-los-menores-edad\\\/\"]}]},{\"@type\":\"ImageObject\",\"inLanguage\":\"es\",\"@id\":\"https:\\\/\\\/www.euroresidentes.com\\\/empresa\\\/derecho-mercantil\\\/google-actualiza-politica-privacidad-poniendo-foco-los-menores-edad\\\/#primaryimage\",\"url\":\"https:\\\/\\\/www.euroresidentes.com\\\/empresa\\\/derecho-mercantil\\\/wp-content\\\/uploads\\\/sites\\\/12\\\/2021\\\/12\\\/pexels-photo-3972128.jpeg\",\"contentUrl\":\"https:\\\/\\\/www.euroresidentes.com\\\/empresa\\\/derecho-mercantil\\\/wp-content\\\/uploads\\\/sites\\\/12\\\/2021\\\/12\\\/pexels-photo-3972128.jpeg\",\"width\":498,\"height\":469},{\"@type\":\"BreadcrumbList\",\"@id\":\"https:\\\/\\\/www.euroresidentes.com\\\/empresa\\\/derecho-mercantil\\\/google-actualiza-politica-privacidad-poniendo-foco-los-menores-edad\\\/#breadcrumb\",\"itemListElement\":[{\"@type\":\"ListItem\",\"position\":1,\"name\":\"Portada\",\"item\":\"https:\\\/\\\/www.euroresidentes.com\\\/empresa\\\/derecho-mercantil\\\/\"},{\"@type\":\"ListItem\",\"position\":2,\"name\":\"Google actualiza su pol\u00edtica de privacidad poniendo el foco en los menores de edad.\"}]},{\"@type\":\"WebSite\",\"@id\":\"https:\\\/\\\/www.euroresidentes.com\\\/empresa\\\/derecho-mercantil\\\/#website\",\"url\":\"https:\\\/\\\/www.euroresidentes.com\\\/empresa\\\/derecho-mercantil\\\/\",\"name\":\"Derecho Mercantil\",\"description\":\"Derecho y Empresa Euroresidentes\",\"potentialAction\":[{\"@type\":\"SearchAction\",\"target\":{\"@type\":\"EntryPoint\",\"urlTemplate\":\"https:\\\/\\\/www.euroresidentes.com\\\/empresa\\\/derecho-mercantil\\\/?s={search_term_string}\"},\"query-input\":{\"@type\":\"PropertyValueSpecification\",\"valueRequired\":true,\"valueName\":\"search_term_string\"}}],\"inLanguage\":\"es\"},{\"@type\":\"Person\",\"@id\":\"https:\\\/\\\/www.euroresidentes.com\\\/empresa\\\/derecho-mercantil\\\/#\\\/schema\\\/person\\\/1f848038ac5623245414f398a267708f\",\"name\":\"Manuel Pomares\",\"image\":{\"@type\":\"ImageObject\",\"inLanguage\":\"es\",\"@id\":\"https:\\\/\\\/www.euroresidentes.com\\\/empresa\\\/derecho-mercantil\\\/wp-content\\\/uploads\\\/sites\\\/12\\\/2016\\\/08\\\/manuel-pomares-abogados-150x150.jpg\",\"url\":\"https:\\\/\\\/www.euroresidentes.com\\\/empresa\\\/derecho-mercantil\\\/wp-content\\\/uploads\\\/sites\\\/12\\\/2016\\\/08\\\/manuel-pomares-abogados-150x150.jpg\",\"contentUrl\":\"https:\\\/\\\/www.euroresidentes.com\\\/empresa\\\/derecho-mercantil\\\/wp-content\\\/uploads\\\/sites\\\/12\\\/2016\\\/08\\\/manuel-pomares-abogados-150x150.jpg\",\"caption\":\"Manuel Pomares\"},\"description\":\"Manuel PomaresAbogado y socio director de la firma Pomares Abogados. Especialista en derecho mercantil-societario, bancario y responsabilidad civil-seguro.\",\"sameAs\":[\"http:\\\/\\\/www.euroresidentes.com\\\/empresa\\\/manuel-pomares-2.html\"],\"url\":\"https:\\\/\\\/www.euroresidentes.com\\\/empresa\\\/derecho-mercantil\\\/author\\\/manuel\\\/\"}]}<\/script>\n<!-- \/ Yoast SEO plugin. -->","yoast_head_json":{"title":"Google actualiza su pol\u00edtica de privacidad poniendo el foco en los menores de edad. - Derecho Mercantil","robots":{"index":"index","follow":"follow","max-snippet":"max-snippet:-1","max-image-preview":"max-image-preview:large","max-video-preview":"max-video-preview:-1"},"canonical":"https:\/\/www.euroresidentes.com\/empresa\/derecho-mercantil\/google-actualiza-politica-privacidad-poniendo-foco-los-menores-edad\/","og_locale":"es_ES","og_type":"article","og_title":"Google actualiza su pol\u00edtica de privacidad poniendo el foco en los menores de edad. - Derecho Mercantil","og_description":"En la actualidad, las nuevas tecnolog\u00edas se encuentran cada vez m\u00e1s al alcance de los m\u00e1s j\u00f3venes. La temprana edad a la que los m\u00e1s peque\u00f1os comienzan a navegar por la red no pasa desapercibida para nadie. Seg\u00fan una encuesta realizada por el Instituto Nacional de Estad\u00edstica sobre Equipamiento y Uso de Tecnolog\u00edas de Informaci\u00f3n y Comunicaci\u00f3n (TIC) en Hogares,\u00a0el 50,9% de los ni\u00f1os espa\u00f1oles de 11 a\u00f1os ya dispone de un m\u00f3vil, una proporci\u00f3n que crece hasta el 93,9% hasta los 15 a\u00f1os. La publicaci\u00f3n de im\u00e1genes en las que puedan aparecer menores de edad, o la aparici\u00f3n de","og_url":"https:\/\/www.euroresidentes.com\/empresa\/derecho-mercantil\/google-actualiza-politica-privacidad-poniendo-foco-los-menores-edad\/","og_site_name":"Derecho Mercantil","article_publisher":"https:\/\/www.facebook.com\/euroresidentes\/","article_published_time":"2021-12-03T09:44:56+00:00","article_modified_time":"2021-12-03T09:55:58+00:00","og_image":[{"width":498,"height":469,"url":"https:\/\/www.euroresidentes.com\/empresa\/derecho-mercantil\/wp-content\/uploads\/sites\/12\/2021\/12\/pexels-photo-3972128.jpeg","type":"image\/jpeg"}],"author":"Manuel Pomares","twitter_card":"summary_large_image","twitter_misc":{"Written by":"Manuel Pomares","Est. reading time":"3 minutos"},"schema":{"@context":"https:\/\/schema.org","@graph":[{"@type":"Article","@id":"https:\/\/www.euroresidentes.com\/empresa\/derecho-mercantil\/google-actualiza-politica-privacidad-poniendo-foco-los-menores-edad\/#article","isPartOf":{"@id":"https:\/\/www.euroresidentes.com\/empresa\/derecho-mercantil\/google-actualiza-politica-privacidad-poniendo-foco-los-menores-edad\/"},"author":{"name":"Manuel Pomares","@id":"https:\/\/www.euroresidentes.com\/empresa\/derecho-mercantil\/#\/schema\/person\/1f848038ac5623245414f398a267708f"},"headline":"Google actualiza su pol\u00edtica de privacidad poniendo el foco en los menores de edad.","datePublished":"2021-12-03T09:44:56+00:00","dateModified":"2021-12-03T09:55:58+00:00","mainEntityOfPage":{"@id":"https:\/\/www.euroresidentes.com\/empresa\/derecho-mercantil\/google-actualiza-politica-privacidad-poniendo-foco-los-menores-edad\/"},"wordCount":591,"commentCount":0,"image":{"@id":"https:\/\/www.euroresidentes.com\/empresa\/derecho-mercantil\/google-actualiza-politica-privacidad-poniendo-foco-los-menores-edad\/#primaryimage"},"thumbnailUrl":"https:\/\/www.euroresidentes.com\/empresa\/derecho-mercantil\/wp-content\/uploads\/sites\/12\/2021\/12\/pexels-photo-3972128.jpeg","articleSection":["derecho civil"],"inLanguage":"es","potentialAction":[{"@type":"CommentAction","name":"Comment","target":["https:\/\/www.euroresidentes.com\/empresa\/derecho-mercantil\/google-actualiza-politica-privacidad-poniendo-foco-los-menores-edad\/#respond"]}]},{"@type":"WebPage","@id":"https:\/\/www.euroresidentes.com\/empresa\/derecho-mercantil\/google-actualiza-politica-privacidad-poniendo-foco-los-menores-edad\/","url":"https:\/\/www.euroresidentes.com\/empresa\/derecho-mercantil\/google-actualiza-politica-privacidad-poniendo-foco-los-menores-edad\/","name":"Google actualiza su pol\u00edtica de privacidad poniendo el foco en los menores de edad. - Derecho Mercantil","isPartOf":{"@id":"https:\/\/www.euroresidentes.com\/empresa\/derecho-mercantil\/#website"},"primaryImageOfPage":{"@id":"https:\/\/www.euroresidentes.com\/empresa\/derecho-mercantil\/google-actualiza-politica-privacidad-poniendo-foco-los-menores-edad\/#primaryimage"},"image":{"@id":"https:\/\/www.euroresidentes.com\/empresa\/derecho-mercantil\/google-actualiza-politica-privacidad-poniendo-foco-los-menores-edad\/#primaryimage"},"thumbnailUrl":"https:\/\/www.euroresidentes.com\/empresa\/derecho-mercantil\/wp-content\/uploads\/sites\/12\/2021\/12\/pexels-photo-3972128.jpeg","datePublished":"2021-12-03T09:44:56+00:00","dateModified":"2021-12-03T09:55:58+00:00","author":{"@id":"https:\/\/www.euroresidentes.com\/empresa\/derecho-mercantil\/#\/schema\/person\/1f848038ac5623245414f398a267708f"},"breadcrumb":{"@id":"https:\/\/www.euroresidentes.com\/empresa\/derecho-mercantil\/google-actualiza-politica-privacidad-poniendo-foco-los-menores-edad\/#breadcrumb"},"inLanguage":"es","potentialAction":[{"@type":"ReadAction","target":["https:\/\/www.euroresidentes.com\/empresa\/derecho-mercantil\/google-actualiza-politica-privacidad-poniendo-foco-los-menores-edad\/"]}]},{"@type":"ImageObject","inLanguage":"es","@id":"https:\/\/www.euroresidentes.com\/empresa\/derecho-mercantil\/google-actualiza-politica-privacidad-poniendo-foco-los-menores-edad\/#primaryimage","url":"https:\/\/www.euroresidentes.com\/empresa\/derecho-mercantil\/wp-content\/uploads\/sites\/12\/2021\/12\/pexels-photo-3972128.jpeg","contentUrl":"https:\/\/www.euroresidentes.com\/empresa\/derecho-mercantil\/wp-content\/uploads\/sites\/12\/2021\/12\/pexels-photo-3972128.jpeg","width":498,"height":469},{"@type":"BreadcrumbList","@id":"https:\/\/www.euroresidentes.com\/empresa\/derecho-mercantil\/google-actualiza-politica-privacidad-poniendo-foco-los-menores-edad\/#breadcrumb","itemListElement":[{"@type":"ListItem","position":1,"name":"Portada","item":"https:\/\/www.euroresidentes.com\/empresa\/derecho-mercantil\/"},{"@type":"ListItem","position":2,"name":"Google actualiza su pol\u00edtica de privacidad poniendo el foco en los menores de edad."}]},{"@type":"WebSite","@id":"https:\/\/www.euroresidentes.com\/empresa\/derecho-mercantil\/#website","url":"https:\/\/www.euroresidentes.com\/empresa\/derecho-mercantil\/","name":"Derecho Mercantil","description":"Derecho y Empresa Euroresidentes","potentialAction":[{"@type":"SearchAction","target":{"@type":"EntryPoint","urlTemplate":"https:\/\/www.euroresidentes.com\/empresa\/derecho-mercantil\/?s={search_term_string}"},"query-input":{"@type":"PropertyValueSpecification","valueRequired":true,"valueName":"search_term_string"}}],"inLanguage":"es"},{"@type":"Person","@id":"https:\/\/www.euroresidentes.com\/empresa\/derecho-mercantil\/#\/schema\/person\/1f848038ac5623245414f398a267708f","name":"Manuel Pomares","image":{"@type":"ImageObject","inLanguage":"es","@id":"https:\/\/www.euroresidentes.com\/empresa\/derecho-mercantil\/wp-content\/uploads\/sites\/12\/2016\/08\/manuel-pomares-abogados-150x150.jpg","url":"https:\/\/www.euroresidentes.com\/empresa\/derecho-mercantil\/wp-content\/uploads\/sites\/12\/2016\/08\/manuel-pomares-abogados-150x150.jpg","contentUrl":"https:\/\/www.euroresidentes.com\/empresa\/derecho-mercantil\/wp-content\/uploads\/sites\/12\/2016\/08\/manuel-pomares-abogados-150x150.jpg","caption":"Manuel Pomares"},"description":"Manuel PomaresAbogado y socio director de la firma Pomares Abogados. Especialista en derecho mercantil-societario, bancario y responsabilidad civil-seguro.","sameAs":["http:\/\/www.euroresidentes.com\/empresa\/manuel-pomares-2.html"],"url":"https:\/\/www.euroresidentes.com\/empresa\/derecho-mercantil\/author\/manuel\/"}]}},"_links":{"self":[{"href":"https:\/\/www.euroresidentes.com\/empresa\/derecho-mercantil\/wp-json\/wp\/v2\/posts\/2479","targetHints":{"allow":["GET"]}}],"collection":[{"href":"https:\/\/www.euroresidentes.com\/empresa\/derecho-mercantil\/wp-json\/wp\/v2\/posts"}],"about":[{"href":"https:\/\/www.euroresidentes.com\/empresa\/derecho-mercantil\/wp-json\/wp\/v2\/types\/post"}],"author":[{"embeddable":true,"href":"https:\/\/www.euroresidentes.com\/empresa\/derecho-mercantil\/wp-json\/wp\/v2\/users\/9"}],"replies":[{"embeddable":true,"href":"https:\/\/www.euroresidentes.com\/empresa\/derecho-mercantil\/wp-json\/wp\/v2\/comments?post=2479"}],"version-history":[{"count":3,"href":"https:\/\/www.euroresidentes.com\/empresa\/derecho-mercantil\/wp-json\/wp\/v2\/posts\/2479\/revisions"}],"predecessor-version":[{"id":2483,"href":"https:\/\/www.euroresidentes.com\/empresa\/derecho-mercantil\/wp-json\/wp\/v2\/posts\/2479\/revisions\/2483"}],"wp:featuredmedia":[{"embeddable":true,"href":"https:\/\/www.euroresidentes.com\/empresa\/derecho-mercantil\/wp-json\/wp\/v2\/media\/2480"}],"wp:attachment":[{"href":"https:\/\/www.euroresidentes.com\/empresa\/derecho-mercantil\/wp-json\/wp\/v2\/media?parent=2479"}],"wp:term":[{"taxonomy":"category","embeddable":true,"href":"https:\/\/www.euroresidentes.com\/empresa\/derecho-mercantil\/wp-json\/wp\/v2\/categories?post=2479"},{"taxonomy":"post_tag","embeddable":true,"href":"https:\/\/www.euroresidentes.com\/empresa\/derecho-mercantil\/wp-json\/wp\/v2\/tags?post=2479"}],"curies":[{"name":"wp","href":"https:\/\/api.w.org\/{rel}","templated":true}]}}