
{"id":2403,"date":"2021-04-29T10:00:32","date_gmt":"2021-04-29T08:00:32","guid":{"rendered":"http:\/\/www.euroresidentes.com\/empresa\/derecho-mercantil\/?p=2403"},"modified":"2021-04-29T10:00:32","modified_gmt":"2021-04-29T08:00:32","slug":"framing-compartir-contenido-ajeno-una-web","status":"publish","type":"post","link":"https:\/\/www.euroresidentes.com\/empresa\/derecho-mercantil\/framing-compartir-contenido-ajeno-una-web\/","title":{"rendered":"Framing: compartir contenido ajeno en una web propia"},"content":{"rendered":"<p style=\"text-align: justify\">Cuando accedemos a una web tenemos la posibilidad de visualizar una cantidad inmensa de contenido, incluso contenido que no pertenece a la propia web. Este contenido puede variar desde anuncios, cuestionarios u hor\u00f3scopos a fotograf\u00edas o noticias pertenecientes a una web ajena. Una pr\u00e1ctica que est\u00e1 cada vez m\u00e1s en auge es el acceso a una tercera p\u00e1gina mediante un click en el contenido de una web en la que actualmente estamos navegando. Esta t\u00e9cnica para aumentar la captaci\u00f3n de usuarios a la p\u00e1gina web propia es la denominada como framing o transclusi\u00f3n.<\/p>\n<p style=\"text-align: justify\">El problema reside en el hecho de que se est\u00e1 compartiendo contenido ajeno sin el consentimiento previo del autor o autora, esto suscita la duda de si es una pr\u00e1ctica legal o est\u00e1 prohibida.<\/p>\n<p><a href=\"http:\/\/www.euroresidentes.com\/empresa\/derecho-mercantil\/wp-content\/uploads\/sites\/12\/2021\/04\/internet-4463031_1920.jpg\"><img loading=\"lazy\" decoding=\"async\" class=\"aligncenter  wp-image-2406\" src=\"http:\/\/www.euroresidentes.com\/empresa\/derecho-mercantil\/wp-content\/uploads\/sites\/12\/2021\/04\/internet-4463031_1920-1024x683.jpg\" alt=\"\" width=\"510\" height=\"340\" srcset=\"https:\/\/www.euroresidentes.com\/empresa\/derecho-mercantil\/wp-content\/uploads\/sites\/12\/2021\/04\/internet-4463031_1920.jpg 1024w, https:\/\/www.euroresidentes.com\/empresa\/derecho-mercantil\/wp-content\/uploads\/sites\/12\/2021\/04\/internet-4463031_1920-300x200.jpg 300w, https:\/\/www.euroresidentes.com\/empresa\/derecho-mercantil\/wp-content\/uploads\/sites\/12\/2021\/04\/internet-4463031_1920-768x512.jpg 768w, https:\/\/www.euroresidentes.com\/empresa\/derecho-mercantil\/wp-content\/uploads\/sites\/12\/2021\/04\/internet-4463031_1920-446x297.jpg 446w\" sizes=\"auto, (max-width: 510px) 100vw, 510px\" \/><\/a><\/p>\n<p style=\"text-align: justify\">El Tribunal de Justicia de la Uni\u00f3n Europea ha esclarecido de forma muy sensata tal cuesti\u00f3n en la Sentencia de 9 de marzo de 2021 del Asunto C-392\/19. La postura adoptada es que se debe contar con la autorizaci\u00f3n del tercero que cre\u00f3 el contenido que se desea publicar en la p\u00e1gina web.<\/p>\n<p style=\"text-align: justify\">Ahora bien, debemos distinguir dos situaciones distintas dependiendo de c\u00f3mo ese tercero haya restringido su contenido a la hora de valorar la posibilidad de realizar la transclusi\u00f3n o framing.<\/p>\n<p style=\"text-align: justify\">Cuando el tercero establece que el uso del contenido que ha creado es restringido es inexcusable la necesidad de obtener una autorizaci\u00f3n para incluirlo en la web. El car\u00e1cter de restringido depende de si ha adoptado o no medidas restrictivas para evitar el framing.<\/p>\n<p style=\"text-align: justify\">No obstante, debemos entrar a valorar qu\u00e9 sucede cuando el contenido est\u00e1 disponible de forma libre en la web del creador de contenido. Este \u00faltimo extremo es el que pas\u00f3 a valorar el Tribunal de Justicia de la Uni\u00f3n Europea en el <strong><a href=\"https:\/\/curia.europa.eu\/juris\/liste.jsf?language=es&amp;td=ALL&amp;num=C-392\/19\">Asunto C-392\/19<\/a>.\u00a0<\/strong><\/p>\n<p style=\"text-align: justify\">En este supuesto una biblioteca digital alemana, Deutsche Digitale Bibliothek, gestionada por una fundaci\u00f3n alemana, SPK, mostraba en su p\u00e1gina web im\u00e1genes de instituciones culturales y cient\u00edficas alemanas con un tama\u00f1o inferior al original. \u00a0La problem\u00e1tica resid\u00eda en que VG Bild-Kunst, sociedad de gesti\u00f3n colectiva de derechos de autor, decide establecer una cl\u00e1usula por la que se obligue a la biblioteca digital alemana a proteger las im\u00e1genes en miniatura contra el framing. La fundaci\u00f3n SPK present\u00f3 una demanda ante los \u00f3rganos jurisdiccionales alemanes competentes con el objetivo de que se le permitiese compartir las im\u00e1genes en miniatura sin necesidad de establecer medidas tecnol\u00f3gicas encaminadas a la evitaci\u00f3n del framing.<\/p>\n<p style=\"text-align: justify\">El Tribunal Supremo de lo Civil y Penal alem\u00e1n plante\u00f3 una cuesti\u00f3n prejudicial al Tribunal de Justicia de la Uni\u00f3n Europea para determinar si el framing de este asunto por el que las im\u00e1genes con derechos de autor est\u00e1n disponibles en las webs de terceros y en miniatura en la web de la biblioteca constituye o no una comunicaci\u00f3n al p\u00fablico propia de la Directiva 2001\/29. En caso de que s\u00ed constituyese una comunicaci\u00f3n al p\u00fablico en tal sentido, la fundaci\u00f3n SPK quedar\u00eda obligada a establecer las medidas restrictivas para evitar el framing en el portal de la biblioteca.<\/p>\n<p style=\"text-align: justify\">Al respecto el Tribunal de Justicia de la Uni\u00f3n Europea determina que el tama\u00f1o de las im\u00e1genes no es relevante para determinar si se produce la comunicaci\u00f3n al p\u00fablico o no. Y viene a a\u00f1adir que la t\u00e9cnica empleada por la biblioteca no es una comunicaci\u00f3n al p\u00fablico pues las im\u00e1genes desde un inicio en la web de origen no ten\u00edan ninguna medida restrictiva por lo que la biblioteca puede compartirlas en su web sin emplear medida alguna de prevenci\u00f3n de framing ni consentimiento de su autor.<\/p>\n<p style=\"text-align: justify\">Adem\u00e1s de evaluar dicho caso concreto a\u00f1ade una explicaci\u00f3n sobre el caso opuesto en el que la web original haya establecido desde el inicio medidas restrictivas. En tal supuesto s\u00ed que ser\u00eda necesario contar con la autorizaci\u00f3n del titular del derecho de autor del contenido interesado a compartir y divulgar.<\/p>\n<p style=\"text-align: justify\">Esta t\u00e9cnica es adecuada para aumentar las visitas a las plataformas online, ayuda a una mayor visualizaci\u00f3n de las webs originales y de las que comparten el contenido. Pese a ello, debemos tener claro <strong>si el autor restringe expresamente<\/strong> o no el framing para poder realizarlo y en caso de que est\u00e9 restringido debemos solicitar siempre su autorizaci\u00f3n.<\/p>\n","protected":false},"excerpt":{"rendered":"<p>Cuando accedemos a una web tenemos la posibilidad de visualizar una cantidad inmensa de contenido, incluso contenido que no pertenece a la propia web. Este contenido puede variar desde anuncios, cuestionarios u hor\u00f3scopos a fotograf\u00edas o noticias pertenecientes a una web ajena. Una pr\u00e1ctica que est\u00e1 cada vez m\u00e1s en auge es el acceso a una tercera p\u00e1gina mediante un click en el contenido de una web en la que actualmente estamos navegando. Esta t\u00e9cnica para aumentar la captaci\u00f3n de usuarios a la p\u00e1gina web propia es la denominada como framing o transclusi\u00f3n. El problema reside en el hecho de <\/p>\n","protected":false},"author":9,"featured_media":2406,"comment_status":"open","ping_status":"closed","sticky":false,"template":"","format":"standard","meta":{"footnotes":""},"categories":[250,15],"tags":[357,96,356,358],"class_list":["post-2403","post","type-post","status-publish","format-standard","has-post-thumbnail","hentry","category-derecho-de-autor-derecho-civil","category-general","tag-contenido-web","tag-derechos-de-autor","tag-framing","tag-web","has_thumb"],"yoast_head":"<!-- This site is optimized with the Yoast SEO plugin v27.5 - https:\/\/yoast.com\/product\/yoast-seo-wordpress\/ -->\n<title>Framing: compartir contenido ajeno en una web propia - Derecho Mercantil<\/title>\n<meta name=\"robots\" content=\"index, follow, max-snippet:-1, max-image-preview:large, max-video-preview:-1\" \/>\n<link rel=\"canonical\" href=\"https:\/\/www.euroresidentes.com\/empresa\/derecho-mercantil\/framing-compartir-contenido-ajeno-una-web\/\" \/>\n<meta property=\"og:locale\" content=\"es_ES\" \/>\n<meta property=\"og:type\" content=\"article\" \/>\n<meta property=\"og:title\" content=\"Framing: compartir contenido ajeno en una web propia - Derecho Mercantil\" \/>\n<meta property=\"og:description\" content=\"Cuando accedemos a una web tenemos la posibilidad de visualizar una cantidad inmensa de contenido, incluso contenido que no pertenece a la propia web. Este contenido puede variar desde anuncios, cuestionarios u hor\u00f3scopos a fotograf\u00edas o noticias pertenecientes a una web ajena. Una pr\u00e1ctica que est\u00e1 cada vez m\u00e1s en auge es el acceso a una tercera p\u00e1gina mediante un click en el contenido de una web en la que actualmente estamos navegando. Esta t\u00e9cnica para aumentar la captaci\u00f3n de usuarios a la p\u00e1gina web propia es la denominada como framing o transclusi\u00f3n. El problema reside en el hecho de\" \/>\n<meta property=\"og:url\" content=\"https:\/\/www.euroresidentes.com\/empresa\/derecho-mercantil\/framing-compartir-contenido-ajeno-una-web\/\" \/>\n<meta property=\"og:site_name\" content=\"Derecho Mercantil\" \/>\n<meta property=\"article:publisher\" content=\"https:\/\/www.facebook.com\/euroresidentes\/\" \/>\n<meta property=\"article:published_time\" content=\"2021-04-29T08:00:32+00:00\" \/>\n<meta property=\"og:image\" content=\"https:\/\/www.euroresidentes.com\/empresa\/derecho-mercantil\/wp-content\/uploads\/sites\/12\/2021\/04\/internet-4463031_1920.jpg\" \/>\n\t<meta property=\"og:image:width\" content=\"1024\" \/>\n\t<meta property=\"og:image:height\" content=\"683\" \/>\n\t<meta property=\"og:image:type\" content=\"image\/jpeg\" \/>\n<meta name=\"author\" content=\"Manuel Pomares\" \/>\n<meta name=\"twitter:card\" content=\"summary_large_image\" \/>\n<meta name=\"twitter:label1\" content=\"Written by\" \/>\n\t<meta name=\"twitter:data1\" content=\"Manuel Pomares\" \/>\n\t<meta name=\"twitter:label2\" content=\"Est. reading time\" \/>\n\t<meta name=\"twitter:data2\" content=\"4 minutos\" \/>\n<script type=\"application\/ld+json\" class=\"yoast-schema-graph\">{\"@context\":\"https:\\\/\\\/schema.org\",\"@graph\":[{\"@type\":\"Article\",\"@id\":\"https:\\\/\\\/www.euroresidentes.com\\\/empresa\\\/derecho-mercantil\\\/framing-compartir-contenido-ajeno-una-web\\\/#article\",\"isPartOf\":{\"@id\":\"https:\\\/\\\/www.euroresidentes.com\\\/empresa\\\/derecho-mercantil\\\/framing-compartir-contenido-ajeno-una-web\\\/\"},\"author\":{\"name\":\"Manuel Pomares\",\"@id\":\"https:\\\/\\\/www.euroresidentes.com\\\/empresa\\\/derecho-mercantil\\\/#\\\/schema\\\/person\\\/1f848038ac5623245414f398a267708f\"},\"headline\":\"Framing: compartir contenido ajeno en una web propia\",\"datePublished\":\"2021-04-29T08:00:32+00:00\",\"mainEntityOfPage\":{\"@id\":\"https:\\\/\\\/www.euroresidentes.com\\\/empresa\\\/derecho-mercantil\\\/framing-compartir-contenido-ajeno-una-web\\\/\"},\"wordCount\":769,\"commentCount\":0,\"image\":{\"@id\":\"https:\\\/\\\/www.euroresidentes.com\\\/empresa\\\/derecho-mercantil\\\/framing-compartir-contenido-ajeno-una-web\\\/#primaryimage\"},\"thumbnailUrl\":\"https:\\\/\\\/www.euroresidentes.com\\\/empresa\\\/derecho-mercantil\\\/wp-content\\\/uploads\\\/sites\\\/12\\\/2021\\\/04\\\/internet-4463031_1920.jpg\",\"keywords\":[\"contenido web\",\"derechos de autor\",\"framing\",\"web\"],\"articleSection\":[\"Derecho de Autor\",\"General\"],\"inLanguage\":\"es\",\"potentialAction\":[{\"@type\":\"CommentAction\",\"name\":\"Comment\",\"target\":[\"https:\\\/\\\/www.euroresidentes.com\\\/empresa\\\/derecho-mercantil\\\/framing-compartir-contenido-ajeno-una-web\\\/#respond\"]}]},{\"@type\":\"WebPage\",\"@id\":\"https:\\\/\\\/www.euroresidentes.com\\\/empresa\\\/derecho-mercantil\\\/framing-compartir-contenido-ajeno-una-web\\\/\",\"url\":\"https:\\\/\\\/www.euroresidentes.com\\\/empresa\\\/derecho-mercantil\\\/framing-compartir-contenido-ajeno-una-web\\\/\",\"name\":\"Framing: compartir contenido ajeno en una web propia - Derecho Mercantil\",\"isPartOf\":{\"@id\":\"https:\\\/\\\/www.euroresidentes.com\\\/empresa\\\/derecho-mercantil\\\/#website\"},\"primaryImageOfPage\":{\"@id\":\"https:\\\/\\\/www.euroresidentes.com\\\/empresa\\\/derecho-mercantil\\\/framing-compartir-contenido-ajeno-una-web\\\/#primaryimage\"},\"image\":{\"@id\":\"https:\\\/\\\/www.euroresidentes.com\\\/empresa\\\/derecho-mercantil\\\/framing-compartir-contenido-ajeno-una-web\\\/#primaryimage\"},\"thumbnailUrl\":\"https:\\\/\\\/www.euroresidentes.com\\\/empresa\\\/derecho-mercantil\\\/wp-content\\\/uploads\\\/sites\\\/12\\\/2021\\\/04\\\/internet-4463031_1920.jpg\",\"datePublished\":\"2021-04-29T08:00:32+00:00\",\"author\":{\"@id\":\"https:\\\/\\\/www.euroresidentes.com\\\/empresa\\\/derecho-mercantil\\\/#\\\/schema\\\/person\\\/1f848038ac5623245414f398a267708f\"},\"breadcrumb\":{\"@id\":\"https:\\\/\\\/www.euroresidentes.com\\\/empresa\\\/derecho-mercantil\\\/framing-compartir-contenido-ajeno-una-web\\\/#breadcrumb\"},\"inLanguage\":\"es\",\"potentialAction\":[{\"@type\":\"ReadAction\",\"target\":[\"https:\\\/\\\/www.euroresidentes.com\\\/empresa\\\/derecho-mercantil\\\/framing-compartir-contenido-ajeno-una-web\\\/\"]}]},{\"@type\":\"ImageObject\",\"inLanguage\":\"es\",\"@id\":\"https:\\\/\\\/www.euroresidentes.com\\\/empresa\\\/derecho-mercantil\\\/framing-compartir-contenido-ajeno-una-web\\\/#primaryimage\",\"url\":\"https:\\\/\\\/www.euroresidentes.com\\\/empresa\\\/derecho-mercantil\\\/wp-content\\\/uploads\\\/sites\\\/12\\\/2021\\\/04\\\/internet-4463031_1920.jpg\",\"contentUrl\":\"https:\\\/\\\/www.euroresidentes.com\\\/empresa\\\/derecho-mercantil\\\/wp-content\\\/uploads\\\/sites\\\/12\\\/2021\\\/04\\\/internet-4463031_1920.jpg\",\"width\":1024,\"height\":683},{\"@type\":\"BreadcrumbList\",\"@id\":\"https:\\\/\\\/www.euroresidentes.com\\\/empresa\\\/derecho-mercantil\\\/framing-compartir-contenido-ajeno-una-web\\\/#breadcrumb\",\"itemListElement\":[{\"@type\":\"ListItem\",\"position\":1,\"name\":\"Portada\",\"item\":\"https:\\\/\\\/www.euroresidentes.com\\\/empresa\\\/derecho-mercantil\\\/\"},{\"@type\":\"ListItem\",\"position\":2,\"name\":\"Framing: compartir contenido ajeno en una web propia\"}]},{\"@type\":\"WebSite\",\"@id\":\"https:\\\/\\\/www.euroresidentes.com\\\/empresa\\\/derecho-mercantil\\\/#website\",\"url\":\"https:\\\/\\\/www.euroresidentes.com\\\/empresa\\\/derecho-mercantil\\\/\",\"name\":\"Derecho Mercantil\",\"description\":\"Derecho y Empresa Euroresidentes\",\"potentialAction\":[{\"@type\":\"SearchAction\",\"target\":{\"@type\":\"EntryPoint\",\"urlTemplate\":\"https:\\\/\\\/www.euroresidentes.com\\\/empresa\\\/derecho-mercantil\\\/?s={search_term_string}\"},\"query-input\":{\"@type\":\"PropertyValueSpecification\",\"valueRequired\":true,\"valueName\":\"search_term_string\"}}],\"inLanguage\":\"es\"},{\"@type\":\"Person\",\"@id\":\"https:\\\/\\\/www.euroresidentes.com\\\/empresa\\\/derecho-mercantil\\\/#\\\/schema\\\/person\\\/1f848038ac5623245414f398a267708f\",\"name\":\"Manuel Pomares\",\"image\":{\"@type\":\"ImageObject\",\"inLanguage\":\"es\",\"@id\":\"https:\\\/\\\/www.euroresidentes.com\\\/empresa\\\/derecho-mercantil\\\/wp-content\\\/uploads\\\/sites\\\/12\\\/2016\\\/08\\\/manuel-pomares-abogados-150x150.jpg\",\"url\":\"https:\\\/\\\/www.euroresidentes.com\\\/empresa\\\/derecho-mercantil\\\/wp-content\\\/uploads\\\/sites\\\/12\\\/2016\\\/08\\\/manuel-pomares-abogados-150x150.jpg\",\"contentUrl\":\"https:\\\/\\\/www.euroresidentes.com\\\/empresa\\\/derecho-mercantil\\\/wp-content\\\/uploads\\\/sites\\\/12\\\/2016\\\/08\\\/manuel-pomares-abogados-150x150.jpg\",\"caption\":\"Manuel Pomares\"},\"description\":\"Manuel PomaresAbogado y socio director de la firma Pomares Abogados. Especialista en derecho mercantil-societario, bancario y responsabilidad civil-seguro.\",\"sameAs\":[\"http:\\\/\\\/www.euroresidentes.com\\\/empresa\\\/manuel-pomares-2.html\"],\"url\":\"https:\\\/\\\/www.euroresidentes.com\\\/empresa\\\/derecho-mercantil\\\/author\\\/manuel\\\/\"}]}<\/script>\n<!-- \/ Yoast SEO plugin. -->","yoast_head_json":{"title":"Framing: compartir contenido ajeno en una web propia - Derecho Mercantil","robots":{"index":"index","follow":"follow","max-snippet":"max-snippet:-1","max-image-preview":"max-image-preview:large","max-video-preview":"max-video-preview:-1"},"canonical":"https:\/\/www.euroresidentes.com\/empresa\/derecho-mercantil\/framing-compartir-contenido-ajeno-una-web\/","og_locale":"es_ES","og_type":"article","og_title":"Framing: compartir contenido ajeno en una web propia - Derecho Mercantil","og_description":"Cuando accedemos a una web tenemos la posibilidad de visualizar una cantidad inmensa de contenido, incluso contenido que no pertenece a la propia web. Este contenido puede variar desde anuncios, cuestionarios u hor\u00f3scopos a fotograf\u00edas o noticias pertenecientes a una web ajena. Una pr\u00e1ctica que est\u00e1 cada vez m\u00e1s en auge es el acceso a una tercera p\u00e1gina mediante un click en el contenido de una web en la que actualmente estamos navegando. Esta t\u00e9cnica para aumentar la captaci\u00f3n de usuarios a la p\u00e1gina web propia es la denominada como framing o transclusi\u00f3n. El problema reside en el hecho de","og_url":"https:\/\/www.euroresidentes.com\/empresa\/derecho-mercantil\/framing-compartir-contenido-ajeno-una-web\/","og_site_name":"Derecho Mercantil","article_publisher":"https:\/\/www.facebook.com\/euroresidentes\/","article_published_time":"2021-04-29T08:00:32+00:00","og_image":[{"width":1024,"height":683,"url":"https:\/\/www.euroresidentes.com\/empresa\/derecho-mercantil\/wp-content\/uploads\/sites\/12\/2021\/04\/internet-4463031_1920.jpg","type":"image\/jpeg"}],"author":"Manuel Pomares","twitter_card":"summary_large_image","twitter_misc":{"Written by":"Manuel Pomares","Est. reading time":"4 minutos"},"schema":{"@context":"https:\/\/schema.org","@graph":[{"@type":"Article","@id":"https:\/\/www.euroresidentes.com\/empresa\/derecho-mercantil\/framing-compartir-contenido-ajeno-una-web\/#article","isPartOf":{"@id":"https:\/\/www.euroresidentes.com\/empresa\/derecho-mercantil\/framing-compartir-contenido-ajeno-una-web\/"},"author":{"name":"Manuel Pomares","@id":"https:\/\/www.euroresidentes.com\/empresa\/derecho-mercantil\/#\/schema\/person\/1f848038ac5623245414f398a267708f"},"headline":"Framing: compartir contenido ajeno en una web propia","datePublished":"2021-04-29T08:00:32+00:00","mainEntityOfPage":{"@id":"https:\/\/www.euroresidentes.com\/empresa\/derecho-mercantil\/framing-compartir-contenido-ajeno-una-web\/"},"wordCount":769,"commentCount":0,"image":{"@id":"https:\/\/www.euroresidentes.com\/empresa\/derecho-mercantil\/framing-compartir-contenido-ajeno-una-web\/#primaryimage"},"thumbnailUrl":"https:\/\/www.euroresidentes.com\/empresa\/derecho-mercantil\/wp-content\/uploads\/sites\/12\/2021\/04\/internet-4463031_1920.jpg","keywords":["contenido web","derechos de autor","framing","web"],"articleSection":["Derecho de Autor","General"],"inLanguage":"es","potentialAction":[{"@type":"CommentAction","name":"Comment","target":["https:\/\/www.euroresidentes.com\/empresa\/derecho-mercantil\/framing-compartir-contenido-ajeno-una-web\/#respond"]}]},{"@type":"WebPage","@id":"https:\/\/www.euroresidentes.com\/empresa\/derecho-mercantil\/framing-compartir-contenido-ajeno-una-web\/","url":"https:\/\/www.euroresidentes.com\/empresa\/derecho-mercantil\/framing-compartir-contenido-ajeno-una-web\/","name":"Framing: compartir contenido ajeno en una web propia - Derecho Mercantil","isPartOf":{"@id":"https:\/\/www.euroresidentes.com\/empresa\/derecho-mercantil\/#website"},"primaryImageOfPage":{"@id":"https:\/\/www.euroresidentes.com\/empresa\/derecho-mercantil\/framing-compartir-contenido-ajeno-una-web\/#primaryimage"},"image":{"@id":"https:\/\/www.euroresidentes.com\/empresa\/derecho-mercantil\/framing-compartir-contenido-ajeno-una-web\/#primaryimage"},"thumbnailUrl":"https:\/\/www.euroresidentes.com\/empresa\/derecho-mercantil\/wp-content\/uploads\/sites\/12\/2021\/04\/internet-4463031_1920.jpg","datePublished":"2021-04-29T08:00:32+00:00","author":{"@id":"https:\/\/www.euroresidentes.com\/empresa\/derecho-mercantil\/#\/schema\/person\/1f848038ac5623245414f398a267708f"},"breadcrumb":{"@id":"https:\/\/www.euroresidentes.com\/empresa\/derecho-mercantil\/framing-compartir-contenido-ajeno-una-web\/#breadcrumb"},"inLanguage":"es","potentialAction":[{"@type":"ReadAction","target":["https:\/\/www.euroresidentes.com\/empresa\/derecho-mercantil\/framing-compartir-contenido-ajeno-una-web\/"]}]},{"@type":"ImageObject","inLanguage":"es","@id":"https:\/\/www.euroresidentes.com\/empresa\/derecho-mercantil\/framing-compartir-contenido-ajeno-una-web\/#primaryimage","url":"https:\/\/www.euroresidentes.com\/empresa\/derecho-mercantil\/wp-content\/uploads\/sites\/12\/2021\/04\/internet-4463031_1920.jpg","contentUrl":"https:\/\/www.euroresidentes.com\/empresa\/derecho-mercantil\/wp-content\/uploads\/sites\/12\/2021\/04\/internet-4463031_1920.jpg","width":1024,"height":683},{"@type":"BreadcrumbList","@id":"https:\/\/www.euroresidentes.com\/empresa\/derecho-mercantil\/framing-compartir-contenido-ajeno-una-web\/#breadcrumb","itemListElement":[{"@type":"ListItem","position":1,"name":"Portada","item":"https:\/\/www.euroresidentes.com\/empresa\/derecho-mercantil\/"},{"@type":"ListItem","position":2,"name":"Framing: compartir contenido ajeno en una web propia"}]},{"@type":"WebSite","@id":"https:\/\/www.euroresidentes.com\/empresa\/derecho-mercantil\/#website","url":"https:\/\/www.euroresidentes.com\/empresa\/derecho-mercantil\/","name":"Derecho Mercantil","description":"Derecho y Empresa Euroresidentes","potentialAction":[{"@type":"SearchAction","target":{"@type":"EntryPoint","urlTemplate":"https:\/\/www.euroresidentes.com\/empresa\/derecho-mercantil\/?s={search_term_string}"},"query-input":{"@type":"PropertyValueSpecification","valueRequired":true,"valueName":"search_term_string"}}],"inLanguage":"es"},{"@type":"Person","@id":"https:\/\/www.euroresidentes.com\/empresa\/derecho-mercantil\/#\/schema\/person\/1f848038ac5623245414f398a267708f","name":"Manuel Pomares","image":{"@type":"ImageObject","inLanguage":"es","@id":"https:\/\/www.euroresidentes.com\/empresa\/derecho-mercantil\/wp-content\/uploads\/sites\/12\/2016\/08\/manuel-pomares-abogados-150x150.jpg","url":"https:\/\/www.euroresidentes.com\/empresa\/derecho-mercantil\/wp-content\/uploads\/sites\/12\/2016\/08\/manuel-pomares-abogados-150x150.jpg","contentUrl":"https:\/\/www.euroresidentes.com\/empresa\/derecho-mercantil\/wp-content\/uploads\/sites\/12\/2016\/08\/manuel-pomares-abogados-150x150.jpg","caption":"Manuel Pomares"},"description":"Manuel PomaresAbogado y socio director de la firma Pomares Abogados. Especialista en derecho mercantil-societario, bancario y responsabilidad civil-seguro.","sameAs":["http:\/\/www.euroresidentes.com\/empresa\/manuel-pomares-2.html"],"url":"https:\/\/www.euroresidentes.com\/empresa\/derecho-mercantil\/author\/manuel\/"}]}},"_links":{"self":[{"href":"https:\/\/www.euroresidentes.com\/empresa\/derecho-mercantil\/wp-json\/wp\/v2\/posts\/2403","targetHints":{"allow":["GET"]}}],"collection":[{"href":"https:\/\/www.euroresidentes.com\/empresa\/derecho-mercantil\/wp-json\/wp\/v2\/posts"}],"about":[{"href":"https:\/\/www.euroresidentes.com\/empresa\/derecho-mercantil\/wp-json\/wp\/v2\/types\/post"}],"author":[{"embeddable":true,"href":"https:\/\/www.euroresidentes.com\/empresa\/derecho-mercantil\/wp-json\/wp\/v2\/users\/9"}],"replies":[{"embeddable":true,"href":"https:\/\/www.euroresidentes.com\/empresa\/derecho-mercantil\/wp-json\/wp\/v2\/comments?post=2403"}],"version-history":[{"count":2,"href":"https:\/\/www.euroresidentes.com\/empresa\/derecho-mercantil\/wp-json\/wp\/v2\/posts\/2403\/revisions"}],"predecessor-version":[{"id":2407,"href":"https:\/\/www.euroresidentes.com\/empresa\/derecho-mercantil\/wp-json\/wp\/v2\/posts\/2403\/revisions\/2407"}],"wp:featuredmedia":[{"embeddable":true,"href":"https:\/\/www.euroresidentes.com\/empresa\/derecho-mercantil\/wp-json\/wp\/v2\/media\/2406"}],"wp:attachment":[{"href":"https:\/\/www.euroresidentes.com\/empresa\/derecho-mercantil\/wp-json\/wp\/v2\/media?parent=2403"}],"wp:term":[{"taxonomy":"category","embeddable":true,"href":"https:\/\/www.euroresidentes.com\/empresa\/derecho-mercantil\/wp-json\/wp\/v2\/categories?post=2403"},{"taxonomy":"post_tag","embeddable":true,"href":"https:\/\/www.euroresidentes.com\/empresa\/derecho-mercantil\/wp-json\/wp\/v2\/tags?post=2403"}],"curies":[{"name":"wp","href":"https:\/\/api.w.org\/{rel}","templated":true}]}}