
{"id":2266,"date":"2020-03-11T18:49:39","date_gmt":"2020-03-11T17:49:39","guid":{"rendered":"http:\/\/www.euroresidentes.com\/empresa\/derecho-mercantil\/?p=2266"},"modified":"2020-03-11T18:49:39","modified_gmt":"2020-03-11T17:49:39","slug":"publicidad-personas-famosas-limites-la-libertad-empresa","status":"publish","type":"post","link":"https:\/\/www.euroresidentes.com\/empresa\/derecho-mercantil\/publicidad-personas-famosas-limites-la-libertad-empresa\/","title":{"rendered":"Publicidad por personas famosas. L\u00edmites a la libertad de empresa."},"content":{"rendered":"<p style=\"text-align: justify\">El Tribunal Superior de Justicia de Navarra (TSJ) ha sentenciado a una cl\u00ednica odontol\u00f3gica, Dentoestetic Centro de Salud y Est\u00e9tica Dental, S. L. (Dentix), de Pamplona por difundir im\u00e1genes a trav\u00e9s de tr\u00edpticos, protagonizados por personajes famosos y televisivos en una de sus campa\u00f1as publicitarias.<\/p>\n<p>&nbsp;<\/p>\n<p style=\"text-align: justify\">El recurso presentado ante el Tribunal Superior de Justicia por la cl\u00ednica odontol\u00f3gica frente a la Comunidad Foral de Navarra, por no encontrarse conforme con el pronunciamiento judicial, ha sido desestimado recientemente por la Sala de lo Contencioso \u2013 Administrativo del Tribunal Supremo, confirmado la Sentencia del Tribunal Superior de Justicia.<\/p>\n<p>&nbsp;<\/p>\n<p style=\"text-align: justify\">El Tribunal Superior de Justicia indic\u00f3 en su Sentencia que la cl\u00ednica odontol\u00f3gica no pod\u00eda emplear las im\u00e1genes de personas famosas, pues en lo que consist\u00eda la campa\u00f1a publicitaria no era publicitar la cl\u00ednica odontol\u00f3gica, sino todo lo contrario, consist\u00eda en publicitar el producto sanitario \u201cDentix\u201d. Por ende, entraba en juego el Real Decreto 1907\/1996.<\/p>\n<p>&nbsp;<\/p>\n<p style=\"text-align: justify\">En otras palabras, lo que ocurre en el presente supuesto es que la cl\u00ednica odontol\u00f3gica emplea a famosos no s\u00f3lo con la intenci\u00f3n de captar clientes en su cl\u00ednica, sino que su intenci\u00f3n tambi\u00e9n es utilizar a los personajes famosos para publicitar el producto, en este caso, sanitario, al objeto de elevar las demandas de esos productos.<\/p>\n<p>&nbsp;<\/p>\n<p><a href=\"http:\/\/www.euroresidentes.com\/empresa\/derecho-mercantil\/wp-content\/uploads\/sites\/12\/2020\/03\/chair-2584260_1920.jpg\"><img loading=\"lazy\" decoding=\"async\" class=\"aligncenter wp-image-2267\" src=\"http:\/\/www.euroresidentes.com\/empresa\/derecho-mercantil\/wp-content\/uploads\/sites\/12\/2020\/03\/chair-2584260_1920-300x200.jpg\" alt=\"\" width=\"400\" height=\"267\" srcset=\"https:\/\/www.euroresidentes.com\/empresa\/derecho-mercantil\/wp-content\/uploads\/sites\/12\/2020\/03\/chair-2584260_1920-300x200.jpg 300w, https:\/\/www.euroresidentes.com\/empresa\/derecho-mercantil\/wp-content\/uploads\/sites\/12\/2020\/03\/chair-2584260_1920-768x512.jpg 768w, https:\/\/www.euroresidentes.com\/empresa\/derecho-mercantil\/wp-content\/uploads\/sites\/12\/2020\/03\/chair-2584260_1920.jpg 1024w, https:\/\/www.euroresidentes.com\/empresa\/derecho-mercantil\/wp-content\/uploads\/sites\/12\/2020\/03\/chair-2584260_1920-446x297.jpg 446w\" sizes=\"auto, (max-width: 400px) 100vw, 400px\" \/><\/a><\/p>\n<p style=\"text-align: justify\">En concreto, el art\u00edculo 4 del Real Decreto 1907\/1996 sobre publicidad y promoci\u00f3n comercial de productos, actividades o servicios con pretendida finalidad sanitaria, se ha pronunciado sobre las prohibiciones y limitaciones de la publicidad sanitaria indic\u00e1ndose que \u201cqueda prohibida cualquier clase de publicidad o promoci\u00f3n directa o indirecta, masiva o individualizada, de productos, materiales, sustancias, energ\u00edas o m\u00e9todos con pretendida finalidad sanitaria\u201d de una serie de supuestos, entre ellos el enjuiciado.<\/p>\n<p>&nbsp;<\/p>\n<p style=\"text-align: justify\">Es por ello que, la cl\u00ednica odontol\u00f3gica recurre la Sentencia del Tribunal Superior de Justicia, y ahora es la Sala de lo de lo Contencioso \u2013 Administrativo del Tribunal Supremo la que desestima las pretensiones de la cl\u00ednica odontol\u00f3gica pese a no aplicar el Real Decreto 1907\/1996.<\/p>\n<p>&nbsp;<\/p>\n<p style=\"text-align: justify\">La vulneraci\u00f3n que ha cometido la cl\u00ednica odontol\u00f3gica es que los diversos productos sanitarios ofrecidos al p\u00fablico por personas famosas deben someterse previamente a un control que garantice la veracidad del producto, claridad e informaci\u00f3n.<\/p>\n<p>&nbsp;<\/p>\n<p style=\"text-align: justify\">La cl\u00ednica odontol\u00f3gica debi\u00f3 tener presente el art\u00edculo 78.8 de la Ley 29\/2006 de garant\u00edas y uso racional de los medicamentos y productos sanitarios, relativo a los requisitos y limitaciones en la publicidad de medicamentos y productos sanitarios destinados al p\u00fablico en general, cuando publicit\u00f3 el producto \u201cDentix\u201d.<\/p>\n<p>&nbsp;<\/p>\n<p style=\"text-align: justify\">No obstante, se debe tener presente que este pronunciamiento judicial afecta a la libertad de expresi\u00f3n y publicidad que es inherente a la propia empresa. El hecho de que la publicidad sea otorgada o no por famosos no quiere decir que las personas vayamos a consumir m\u00e1s o menos el citado producto. Cada usuario deber\u00e1 de considerar las ventajas y los inconvenientes del productor ofertado, decidiendo finalmente se adquirir o solicitar el citado producto.<\/p>\n<p style=\"text-align: justify\">\u00a0<\/p>\n<p style=\"text-align: justify\">En conclusi\u00f3n, el hecho de que una persona famosa ofrezca productos ya no s\u00f3lo sanitarios, sino alimenticios, de seguros, etc., no garantiza la compra del producto ofertado. Es il\u00f3gico pensar que, por el hecho de que salga un famoso, directamente se va a comprar el producto.<\/p>\n","protected":false},"excerpt":{"rendered":"<p>El Tribunal Superior de Justicia de Navarra (TSJ) ha sentenciado a una cl\u00ednica odontol\u00f3gica, Dentoestetic Centro de Salud y Est\u00e9tica Dental, S. L. (Dentix), de Pamplona por difundir im\u00e1genes a trav\u00e9s de tr\u00edpticos, protagonizados por personajes famosos y televisivos en una de sus campa\u00f1as publicitarias. &nbsp; El recurso presentado ante el Tribunal Superior de Justicia por la cl\u00ednica odontol\u00f3gica frente a la Comunidad Foral de Navarra, por no encontrarse conforme con el pronunciamiento judicial, ha sido desestimado recientemente por la Sala de lo Contencioso \u2013 Administrativo del Tribunal Supremo, confirmado la Sentencia del Tribunal Superior de Justicia. &nbsp; El Tribunal <\/p>\n","protected":false},"author":9,"featured_media":2267,"comment_status":"open","ping_status":"closed","sticky":false,"template":"","format":"standard","meta":{"footnotes":""},"categories":[15],"tags":[323,164,324],"class_list":["post-2266","post","type-post","status-publish","format-standard","has-post-thumbnail","hentry","category-general","tag-famosos","tag-publicidad","tag-sanitario","has_thumb"],"yoast_head":"<!-- This site is optimized with the Yoast SEO plugin v27.5 - https:\/\/yoast.com\/product\/yoast-seo-wordpress\/ -->\n<title>Publicidad por personas famosas. L\u00edmites a la libertad de empresa. - Derecho Mercantil<\/title>\n<meta name=\"robots\" content=\"index, follow, max-snippet:-1, max-image-preview:large, max-video-preview:-1\" \/>\n<link rel=\"canonical\" href=\"https:\/\/www.euroresidentes.com\/empresa\/derecho-mercantil\/publicidad-personas-famosas-limites-la-libertad-empresa\/\" \/>\n<meta property=\"og:locale\" content=\"es_ES\" \/>\n<meta property=\"og:type\" content=\"article\" \/>\n<meta property=\"og:title\" content=\"Publicidad por personas famosas. L\u00edmites a la libertad de empresa. - Derecho Mercantil\" \/>\n<meta property=\"og:description\" content=\"El Tribunal Superior de Justicia de Navarra (TSJ) ha sentenciado a una cl\u00ednica odontol\u00f3gica, Dentoestetic Centro de Salud y Est\u00e9tica Dental, S. L. (Dentix), de Pamplona por difundir im\u00e1genes a trav\u00e9s de tr\u00edpticos, protagonizados por personajes famosos y televisivos en una de sus campa\u00f1as publicitarias. &nbsp; El recurso presentado ante el Tribunal Superior de Justicia por la cl\u00ednica odontol\u00f3gica frente a la Comunidad Foral de Navarra, por no encontrarse conforme con el pronunciamiento judicial, ha sido desestimado recientemente por la Sala de lo Contencioso \u2013 Administrativo del Tribunal Supremo, confirmado la Sentencia del Tribunal Superior de Justicia. &nbsp; El Tribunal\" \/>\n<meta property=\"og:url\" content=\"https:\/\/www.euroresidentes.com\/empresa\/derecho-mercantil\/publicidad-personas-famosas-limites-la-libertad-empresa\/\" \/>\n<meta property=\"og:site_name\" content=\"Derecho Mercantil\" \/>\n<meta property=\"article:publisher\" content=\"https:\/\/www.facebook.com\/euroresidentes\/\" \/>\n<meta property=\"article:published_time\" content=\"2020-03-11T17:49:39+00:00\" \/>\n<meta property=\"og:image\" content=\"https:\/\/www.euroresidentes.com\/empresa\/derecho-mercantil\/wp-content\/uploads\/sites\/12\/2020\/03\/chair-2584260_1920.jpg\" \/>\n\t<meta property=\"og:image:width\" content=\"1024\" \/>\n\t<meta property=\"og:image:height\" content=\"683\" \/>\n\t<meta property=\"og:image:type\" content=\"image\/jpeg\" \/>\n<meta name=\"author\" content=\"Manuel Pomares\" \/>\n<meta name=\"twitter:card\" content=\"summary_large_image\" \/>\n<meta name=\"twitter:label1\" content=\"Written by\" \/>\n\t<meta name=\"twitter:data1\" content=\"Manuel Pomares\" \/>\n\t<meta name=\"twitter:label2\" content=\"Est. reading time\" \/>\n\t<meta name=\"twitter:data2\" content=\"3 minutos\" \/>\n<script type=\"application\/ld+json\" class=\"yoast-schema-graph\">{\"@context\":\"https:\\\/\\\/schema.org\",\"@graph\":[{\"@type\":\"Article\",\"@id\":\"https:\\\/\\\/www.euroresidentes.com\\\/empresa\\\/derecho-mercantil\\\/publicidad-personas-famosas-limites-la-libertad-empresa\\\/#article\",\"isPartOf\":{\"@id\":\"https:\\\/\\\/www.euroresidentes.com\\\/empresa\\\/derecho-mercantil\\\/publicidad-personas-famosas-limites-la-libertad-empresa\\\/\"},\"author\":{\"name\":\"Manuel Pomares\",\"@id\":\"https:\\\/\\\/www.euroresidentes.com\\\/empresa\\\/derecho-mercantil\\\/#\\\/schema\\\/person\\\/1f848038ac5623245414f398a267708f\"},\"headline\":\"Publicidad por personas famosas. L\u00edmites a la libertad de empresa.\",\"datePublished\":\"2020-03-11T17:49:39+00:00\",\"mainEntityOfPage\":{\"@id\":\"https:\\\/\\\/www.euroresidentes.com\\\/empresa\\\/derecho-mercantil\\\/publicidad-personas-famosas-limites-la-libertad-empresa\\\/\"},\"wordCount\":590,\"commentCount\":0,\"image\":{\"@id\":\"https:\\\/\\\/www.euroresidentes.com\\\/empresa\\\/derecho-mercantil\\\/publicidad-personas-famosas-limites-la-libertad-empresa\\\/#primaryimage\"},\"thumbnailUrl\":\"https:\\\/\\\/www.euroresidentes.com\\\/empresa\\\/derecho-mercantil\\\/wp-content\\\/uploads\\\/sites\\\/12\\\/2020\\\/03\\\/chair-2584260_1920.jpg\",\"keywords\":[\"famosos\",\"publicidad\",\"sanitario\"],\"articleSection\":[\"General\"],\"inLanguage\":\"es\",\"potentialAction\":[{\"@type\":\"CommentAction\",\"name\":\"Comment\",\"target\":[\"https:\\\/\\\/www.euroresidentes.com\\\/empresa\\\/derecho-mercantil\\\/publicidad-personas-famosas-limites-la-libertad-empresa\\\/#respond\"]}]},{\"@type\":\"WebPage\",\"@id\":\"https:\\\/\\\/www.euroresidentes.com\\\/empresa\\\/derecho-mercantil\\\/publicidad-personas-famosas-limites-la-libertad-empresa\\\/\",\"url\":\"https:\\\/\\\/www.euroresidentes.com\\\/empresa\\\/derecho-mercantil\\\/publicidad-personas-famosas-limites-la-libertad-empresa\\\/\",\"name\":\"Publicidad por personas famosas. L\u00edmites a la libertad de empresa. - Derecho Mercantil\",\"isPartOf\":{\"@id\":\"https:\\\/\\\/www.euroresidentes.com\\\/empresa\\\/derecho-mercantil\\\/#website\"},\"primaryImageOfPage\":{\"@id\":\"https:\\\/\\\/www.euroresidentes.com\\\/empresa\\\/derecho-mercantil\\\/publicidad-personas-famosas-limites-la-libertad-empresa\\\/#primaryimage\"},\"image\":{\"@id\":\"https:\\\/\\\/www.euroresidentes.com\\\/empresa\\\/derecho-mercantil\\\/publicidad-personas-famosas-limites-la-libertad-empresa\\\/#primaryimage\"},\"thumbnailUrl\":\"https:\\\/\\\/www.euroresidentes.com\\\/empresa\\\/derecho-mercantil\\\/wp-content\\\/uploads\\\/sites\\\/12\\\/2020\\\/03\\\/chair-2584260_1920.jpg\",\"datePublished\":\"2020-03-11T17:49:39+00:00\",\"author\":{\"@id\":\"https:\\\/\\\/www.euroresidentes.com\\\/empresa\\\/derecho-mercantil\\\/#\\\/schema\\\/person\\\/1f848038ac5623245414f398a267708f\"},\"breadcrumb\":{\"@id\":\"https:\\\/\\\/www.euroresidentes.com\\\/empresa\\\/derecho-mercantil\\\/publicidad-personas-famosas-limites-la-libertad-empresa\\\/#breadcrumb\"},\"inLanguage\":\"es\",\"potentialAction\":[{\"@type\":\"ReadAction\",\"target\":[\"https:\\\/\\\/www.euroresidentes.com\\\/empresa\\\/derecho-mercantil\\\/publicidad-personas-famosas-limites-la-libertad-empresa\\\/\"]}]},{\"@type\":\"ImageObject\",\"inLanguage\":\"es\",\"@id\":\"https:\\\/\\\/www.euroresidentes.com\\\/empresa\\\/derecho-mercantil\\\/publicidad-personas-famosas-limites-la-libertad-empresa\\\/#primaryimage\",\"url\":\"https:\\\/\\\/www.euroresidentes.com\\\/empresa\\\/derecho-mercantil\\\/wp-content\\\/uploads\\\/sites\\\/12\\\/2020\\\/03\\\/chair-2584260_1920.jpg\",\"contentUrl\":\"https:\\\/\\\/www.euroresidentes.com\\\/empresa\\\/derecho-mercantil\\\/wp-content\\\/uploads\\\/sites\\\/12\\\/2020\\\/03\\\/chair-2584260_1920.jpg\",\"width\":1024,\"height\":683},{\"@type\":\"BreadcrumbList\",\"@id\":\"https:\\\/\\\/www.euroresidentes.com\\\/empresa\\\/derecho-mercantil\\\/publicidad-personas-famosas-limites-la-libertad-empresa\\\/#breadcrumb\",\"itemListElement\":[{\"@type\":\"ListItem\",\"position\":1,\"name\":\"Portada\",\"item\":\"https:\\\/\\\/www.euroresidentes.com\\\/empresa\\\/derecho-mercantil\\\/\"},{\"@type\":\"ListItem\",\"position\":2,\"name\":\"Publicidad por personas famosas. L\u00edmites a la libertad de empresa.\"}]},{\"@type\":\"WebSite\",\"@id\":\"https:\\\/\\\/www.euroresidentes.com\\\/empresa\\\/derecho-mercantil\\\/#website\",\"url\":\"https:\\\/\\\/www.euroresidentes.com\\\/empresa\\\/derecho-mercantil\\\/\",\"name\":\"Derecho Mercantil\",\"description\":\"Derecho y Empresa Euroresidentes\",\"potentialAction\":[{\"@type\":\"SearchAction\",\"target\":{\"@type\":\"EntryPoint\",\"urlTemplate\":\"https:\\\/\\\/www.euroresidentes.com\\\/empresa\\\/derecho-mercantil\\\/?s={search_term_string}\"},\"query-input\":{\"@type\":\"PropertyValueSpecification\",\"valueRequired\":true,\"valueName\":\"search_term_string\"}}],\"inLanguage\":\"es\"},{\"@type\":\"Person\",\"@id\":\"https:\\\/\\\/www.euroresidentes.com\\\/empresa\\\/derecho-mercantil\\\/#\\\/schema\\\/person\\\/1f848038ac5623245414f398a267708f\",\"name\":\"Manuel Pomares\",\"image\":{\"@type\":\"ImageObject\",\"inLanguage\":\"es\",\"@id\":\"https:\\\/\\\/www.euroresidentes.com\\\/empresa\\\/derecho-mercantil\\\/wp-content\\\/uploads\\\/sites\\\/12\\\/2016\\\/08\\\/manuel-pomares-abogados-150x150.jpg\",\"url\":\"https:\\\/\\\/www.euroresidentes.com\\\/empresa\\\/derecho-mercantil\\\/wp-content\\\/uploads\\\/sites\\\/12\\\/2016\\\/08\\\/manuel-pomares-abogados-150x150.jpg\",\"contentUrl\":\"https:\\\/\\\/www.euroresidentes.com\\\/empresa\\\/derecho-mercantil\\\/wp-content\\\/uploads\\\/sites\\\/12\\\/2016\\\/08\\\/manuel-pomares-abogados-150x150.jpg\",\"caption\":\"Manuel Pomares\"},\"description\":\"Manuel PomaresAbogado y socio director de la firma Pomares Abogados. Especialista en derecho mercantil-societario, bancario y responsabilidad civil-seguro.\",\"sameAs\":[\"http:\\\/\\\/www.euroresidentes.com\\\/empresa\\\/manuel-pomares-2.html\"],\"url\":\"https:\\\/\\\/www.euroresidentes.com\\\/empresa\\\/derecho-mercantil\\\/author\\\/manuel\\\/\"}]}<\/script>\n<!-- \/ Yoast SEO plugin. -->","yoast_head_json":{"title":"Publicidad por personas famosas. L\u00edmites a la libertad de empresa. - Derecho Mercantil","robots":{"index":"index","follow":"follow","max-snippet":"max-snippet:-1","max-image-preview":"max-image-preview:large","max-video-preview":"max-video-preview:-1"},"canonical":"https:\/\/www.euroresidentes.com\/empresa\/derecho-mercantil\/publicidad-personas-famosas-limites-la-libertad-empresa\/","og_locale":"es_ES","og_type":"article","og_title":"Publicidad por personas famosas. L\u00edmites a la libertad de empresa. - Derecho Mercantil","og_description":"El Tribunal Superior de Justicia de Navarra (TSJ) ha sentenciado a una cl\u00ednica odontol\u00f3gica, Dentoestetic Centro de Salud y Est\u00e9tica Dental, S. L. (Dentix), de Pamplona por difundir im\u00e1genes a trav\u00e9s de tr\u00edpticos, protagonizados por personajes famosos y televisivos en una de sus campa\u00f1as publicitarias. &nbsp; El recurso presentado ante el Tribunal Superior de Justicia por la cl\u00ednica odontol\u00f3gica frente a la Comunidad Foral de Navarra, por no encontrarse conforme con el pronunciamiento judicial, ha sido desestimado recientemente por la Sala de lo Contencioso \u2013 Administrativo del Tribunal Supremo, confirmado la Sentencia del Tribunal Superior de Justicia. &nbsp; El Tribunal","og_url":"https:\/\/www.euroresidentes.com\/empresa\/derecho-mercantil\/publicidad-personas-famosas-limites-la-libertad-empresa\/","og_site_name":"Derecho Mercantil","article_publisher":"https:\/\/www.facebook.com\/euroresidentes\/","article_published_time":"2020-03-11T17:49:39+00:00","og_image":[{"width":1024,"height":683,"url":"https:\/\/www.euroresidentes.com\/empresa\/derecho-mercantil\/wp-content\/uploads\/sites\/12\/2020\/03\/chair-2584260_1920.jpg","type":"image\/jpeg"}],"author":"Manuel Pomares","twitter_card":"summary_large_image","twitter_misc":{"Written by":"Manuel Pomares","Est. reading time":"3 minutos"},"schema":{"@context":"https:\/\/schema.org","@graph":[{"@type":"Article","@id":"https:\/\/www.euroresidentes.com\/empresa\/derecho-mercantil\/publicidad-personas-famosas-limites-la-libertad-empresa\/#article","isPartOf":{"@id":"https:\/\/www.euroresidentes.com\/empresa\/derecho-mercantil\/publicidad-personas-famosas-limites-la-libertad-empresa\/"},"author":{"name":"Manuel Pomares","@id":"https:\/\/www.euroresidentes.com\/empresa\/derecho-mercantil\/#\/schema\/person\/1f848038ac5623245414f398a267708f"},"headline":"Publicidad por personas famosas. L\u00edmites a la libertad de empresa.","datePublished":"2020-03-11T17:49:39+00:00","mainEntityOfPage":{"@id":"https:\/\/www.euroresidentes.com\/empresa\/derecho-mercantil\/publicidad-personas-famosas-limites-la-libertad-empresa\/"},"wordCount":590,"commentCount":0,"image":{"@id":"https:\/\/www.euroresidentes.com\/empresa\/derecho-mercantil\/publicidad-personas-famosas-limites-la-libertad-empresa\/#primaryimage"},"thumbnailUrl":"https:\/\/www.euroresidentes.com\/empresa\/derecho-mercantil\/wp-content\/uploads\/sites\/12\/2020\/03\/chair-2584260_1920.jpg","keywords":["famosos","publicidad","sanitario"],"articleSection":["General"],"inLanguage":"es","potentialAction":[{"@type":"CommentAction","name":"Comment","target":["https:\/\/www.euroresidentes.com\/empresa\/derecho-mercantil\/publicidad-personas-famosas-limites-la-libertad-empresa\/#respond"]}]},{"@type":"WebPage","@id":"https:\/\/www.euroresidentes.com\/empresa\/derecho-mercantil\/publicidad-personas-famosas-limites-la-libertad-empresa\/","url":"https:\/\/www.euroresidentes.com\/empresa\/derecho-mercantil\/publicidad-personas-famosas-limites-la-libertad-empresa\/","name":"Publicidad por personas famosas. L\u00edmites a la libertad de empresa. - Derecho Mercantil","isPartOf":{"@id":"https:\/\/www.euroresidentes.com\/empresa\/derecho-mercantil\/#website"},"primaryImageOfPage":{"@id":"https:\/\/www.euroresidentes.com\/empresa\/derecho-mercantil\/publicidad-personas-famosas-limites-la-libertad-empresa\/#primaryimage"},"image":{"@id":"https:\/\/www.euroresidentes.com\/empresa\/derecho-mercantil\/publicidad-personas-famosas-limites-la-libertad-empresa\/#primaryimage"},"thumbnailUrl":"https:\/\/www.euroresidentes.com\/empresa\/derecho-mercantil\/wp-content\/uploads\/sites\/12\/2020\/03\/chair-2584260_1920.jpg","datePublished":"2020-03-11T17:49:39+00:00","author":{"@id":"https:\/\/www.euroresidentes.com\/empresa\/derecho-mercantil\/#\/schema\/person\/1f848038ac5623245414f398a267708f"},"breadcrumb":{"@id":"https:\/\/www.euroresidentes.com\/empresa\/derecho-mercantil\/publicidad-personas-famosas-limites-la-libertad-empresa\/#breadcrumb"},"inLanguage":"es","potentialAction":[{"@type":"ReadAction","target":["https:\/\/www.euroresidentes.com\/empresa\/derecho-mercantil\/publicidad-personas-famosas-limites-la-libertad-empresa\/"]}]},{"@type":"ImageObject","inLanguage":"es","@id":"https:\/\/www.euroresidentes.com\/empresa\/derecho-mercantil\/publicidad-personas-famosas-limites-la-libertad-empresa\/#primaryimage","url":"https:\/\/www.euroresidentes.com\/empresa\/derecho-mercantil\/wp-content\/uploads\/sites\/12\/2020\/03\/chair-2584260_1920.jpg","contentUrl":"https:\/\/www.euroresidentes.com\/empresa\/derecho-mercantil\/wp-content\/uploads\/sites\/12\/2020\/03\/chair-2584260_1920.jpg","width":1024,"height":683},{"@type":"BreadcrumbList","@id":"https:\/\/www.euroresidentes.com\/empresa\/derecho-mercantil\/publicidad-personas-famosas-limites-la-libertad-empresa\/#breadcrumb","itemListElement":[{"@type":"ListItem","position":1,"name":"Portada","item":"https:\/\/www.euroresidentes.com\/empresa\/derecho-mercantil\/"},{"@type":"ListItem","position":2,"name":"Publicidad por personas famosas. L\u00edmites a la libertad de empresa."}]},{"@type":"WebSite","@id":"https:\/\/www.euroresidentes.com\/empresa\/derecho-mercantil\/#website","url":"https:\/\/www.euroresidentes.com\/empresa\/derecho-mercantil\/","name":"Derecho Mercantil","description":"Derecho y Empresa Euroresidentes","potentialAction":[{"@type":"SearchAction","target":{"@type":"EntryPoint","urlTemplate":"https:\/\/www.euroresidentes.com\/empresa\/derecho-mercantil\/?s={search_term_string}"},"query-input":{"@type":"PropertyValueSpecification","valueRequired":true,"valueName":"search_term_string"}}],"inLanguage":"es"},{"@type":"Person","@id":"https:\/\/www.euroresidentes.com\/empresa\/derecho-mercantil\/#\/schema\/person\/1f848038ac5623245414f398a267708f","name":"Manuel Pomares","image":{"@type":"ImageObject","inLanguage":"es","@id":"https:\/\/www.euroresidentes.com\/empresa\/derecho-mercantil\/wp-content\/uploads\/sites\/12\/2016\/08\/manuel-pomares-abogados-150x150.jpg","url":"https:\/\/www.euroresidentes.com\/empresa\/derecho-mercantil\/wp-content\/uploads\/sites\/12\/2016\/08\/manuel-pomares-abogados-150x150.jpg","contentUrl":"https:\/\/www.euroresidentes.com\/empresa\/derecho-mercantil\/wp-content\/uploads\/sites\/12\/2016\/08\/manuel-pomares-abogados-150x150.jpg","caption":"Manuel Pomares"},"description":"Manuel PomaresAbogado y socio director de la firma Pomares Abogados. Especialista en derecho mercantil-societario, bancario y responsabilidad civil-seguro.","sameAs":["http:\/\/www.euroresidentes.com\/empresa\/manuel-pomares-2.html"],"url":"https:\/\/www.euroresidentes.com\/empresa\/derecho-mercantil\/author\/manuel\/"}]}},"_links":{"self":[{"href":"https:\/\/www.euroresidentes.com\/empresa\/derecho-mercantil\/wp-json\/wp\/v2\/posts\/2266","targetHints":{"allow":["GET"]}}],"collection":[{"href":"https:\/\/www.euroresidentes.com\/empresa\/derecho-mercantil\/wp-json\/wp\/v2\/posts"}],"about":[{"href":"https:\/\/www.euroresidentes.com\/empresa\/derecho-mercantil\/wp-json\/wp\/v2\/types\/post"}],"author":[{"embeddable":true,"href":"https:\/\/www.euroresidentes.com\/empresa\/derecho-mercantil\/wp-json\/wp\/v2\/users\/9"}],"replies":[{"embeddable":true,"href":"https:\/\/www.euroresidentes.com\/empresa\/derecho-mercantil\/wp-json\/wp\/v2\/comments?post=2266"}],"version-history":[{"count":3,"href":"https:\/\/www.euroresidentes.com\/empresa\/derecho-mercantil\/wp-json\/wp\/v2\/posts\/2266\/revisions"}],"predecessor-version":[{"id":2270,"href":"https:\/\/www.euroresidentes.com\/empresa\/derecho-mercantil\/wp-json\/wp\/v2\/posts\/2266\/revisions\/2270"}],"wp:featuredmedia":[{"embeddable":true,"href":"https:\/\/www.euroresidentes.com\/empresa\/derecho-mercantil\/wp-json\/wp\/v2\/media\/2267"}],"wp:attachment":[{"href":"https:\/\/www.euroresidentes.com\/empresa\/derecho-mercantil\/wp-json\/wp\/v2\/media?parent=2266"}],"wp:term":[{"taxonomy":"category","embeddable":true,"href":"https:\/\/www.euroresidentes.com\/empresa\/derecho-mercantil\/wp-json\/wp\/v2\/categories?post=2266"},{"taxonomy":"post_tag","embeddable":true,"href":"https:\/\/www.euroresidentes.com\/empresa\/derecho-mercantil\/wp-json\/wp\/v2\/tags?post=2266"}],"curies":[{"name":"wp","href":"https:\/\/api.w.org\/{rel}","templated":true}]}}