
{"id":2254,"date":"2020-03-03T09:30:12","date_gmt":"2020-03-03T08:30:12","guid":{"rendered":"http:\/\/www.euroresidentes.com\/empresa\/derecho-mercantil\/?p=2254"},"modified":"2020-03-09T14:55:01","modified_gmt":"2020-03-09T13:55:01","slug":"derecho-caso-vuelo-cancelado","status":"publish","type":"post","link":"https:\/\/www.euroresidentes.com\/empresa\/derecho-mercantil\/derecho-caso-vuelo-cancelado\/","title":{"rendered":"\u00bfA qu\u00e9 tengo derecho en caso de vuelo cancelado?"},"content":{"rendered":"<p>Una de las cosas m\u00e1s deseadas del a\u00f1o por la mayor\u00eda de las personas son las vacaciones o simplemente el viajar. Estas van unidas a la emoci\u00f3n por desconectar por la rutina y disfrutar de nuevas experiencias, pero para muchos va ligado a un temor cada vez m\u00e1s com\u00fan: la <strong>cancelaci\u00f3n del vuelo<\/strong>.<\/p>\n<p>Con el auge de las aerol\u00edneas de bajo coste y la aparici\u00f3n de nuevas compa\u00f1\u00edas a\u00e9reas regulares, sumado a causas externas como alertas meteorol\u00f3gicas o huelgas, el n\u00famero de vuelos cancelados ha crecido notablemente en los \u00faltimos tiempos. Por ello, \u00a0si te cancelan el vuelo debes tener claro cu\u00e1les son tus derechos como pasajero de un vuelo, y, sobre todo, como reclamarlos.<\/p>\n<p><a href=\"http:\/\/www.euroresidentes.com\/empresa\/derecho-mercantil\/wp-content\/uploads\/sites\/12\/2020\/03\/airport-2373727_1920.jpg\"><img loading=\"lazy\" decoding=\"async\" class=\"aligncenter wp-image-2256 size-large\" src=\"http:\/\/www.euroresidentes.com\/empresa\/derecho-mercantil\/wp-content\/uploads\/sites\/12\/2020\/03\/airport-2373727_1920-1024x683.jpg\" alt=\"\" width=\"1024\" height=\"683\" srcset=\"https:\/\/www.euroresidentes.com\/empresa\/derecho-mercantil\/wp-content\/uploads\/sites\/12\/2020\/03\/airport-2373727_1920.jpg 1024w, https:\/\/www.euroresidentes.com\/empresa\/derecho-mercantil\/wp-content\/uploads\/sites\/12\/2020\/03\/airport-2373727_1920-300x200.jpg 300w, https:\/\/www.euroresidentes.com\/empresa\/derecho-mercantil\/wp-content\/uploads\/sites\/12\/2020\/03\/airport-2373727_1920-768x512.jpg 768w, https:\/\/www.euroresidentes.com\/empresa\/derecho-mercantil\/wp-content\/uploads\/sites\/12\/2020\/03\/airport-2373727_1920-446x297.jpg 446w\" sizes=\"auto, (max-width: 1024px) 100vw, 1024px\" \/><\/a><\/p>\n<h3><strong>Derechos de los pasajeros ante una cancelaci\u00f3n <\/strong><\/h3>\n<p style=\"text-align: left;\">La Uni\u00f3n Europea tiene desde 2004 un reglamento de obligado cumplimiento como es el Reglamento 261\/2004, que act\u00faa no solo para todas las compa\u00f1\u00edas a\u00e9reas de pa\u00edses miembros, sino para todas las que operen en el territorio europeo.<\/p>\n<p style=\"text-align: left;\">En este reglamento se establecen los derechos de los pasajeros a\u00e9reos para las distintas circunstancias que se pueden dar, como p\u00e9rdida de maletas, retrasos en los vuelos y, por supuesto, en caso de cancelaci\u00f3n.<\/p>\n<ol>\n<li>\n<h4>Derecho a la <strong>informaci\u00f3n<\/strong><\/h4>\n<\/li>\n<\/ol>\n<p style=\"text-align: left;\">En primer lugar, tienes el derecho a la informaci\u00f3n, lo que implica que <strong>la aerol\u00ednea tiene la obligaci\u00f3n de informarte sobre los derechos con los que cuentas como pasajero<\/strong>. Esto significa que, junto al mostrador de facturaci\u00f3n la compa\u00f1\u00eda a\u00e9rea debe tener un cartel en el que te recuerden que puedes solicitar el texto donde figuran los mismo.<\/p>\n<p style=\"text-align: left;\">Adem\u00e1s, debe ofrecerte dicho documento por escrito y facilitarte los datos del organismo responsable del cumplimiento del reglamento, que en el caso de Espa\u00f1a es la Agencia Estatal de Seguridad A\u00e9rea (AESA).<\/p>\n<ol start=\"2\">\n<li>\n<h4>Derecho de <strong>reembolso o a un transporte alternativo<\/strong>.<\/h4>\n<\/li>\n<\/ol>\n<p>Otro de los derechos con los que cuentan los pasajeros es <strong>el reembolso del precio del billete o el de transporte alternativo.<\/strong><\/p>\n<p style=\"text-align: left;\">Esto es, puedes elegir entre recibir todo o parte del reembolso del billete y, si tienes un vuelo de conexi\u00f3n, un vuelo de vuelta lo antes posible al aeropuerto de salida; un transporte alternativo que te lleve a tu destino lo antes posible o en una fecha posterior que t\u00fa decidas en condiciones que sean comparables. En el caso de que elijas el reembolso, la aerol\u00ednea tiene que reintegrarte el dinero en los 7 d\u00edas siguientes.<\/p>\n<ol start=\"3\">\n<li>\n<h4>Derecho <strong>de atenci\u00f3n<\/strong><\/h4>\n<\/li>\n<\/ol>\n<p style=\"text-align: left;\">Si tu vuelo ha sufrido un retraso superior a las 2 horas, una cancelaci\u00f3n o te han denegado el embarque tendr\u00e1s lo que se conoce como derecho de atenci\u00f3n.<\/p>\n<p>Este derecho consiste en que la aerol\u00ednea tiene que proporcionarte bebida, comida, alojamiento en el caso de que el trasporte alternativo sea al d\u00eda siguiente, transporte de ida y vuelta hacia el alojamiento, dos llamadas telef\u00f3nicas o posibilidad de mandar un correo electr\u00f3nico. Para el caso de que no te la ofrezcan y tengas t\u00fa que pagar todo esto, guarda los recibos porque la aerol\u00ednea tendr\u00e1 que pagarlos siempre y cuando sean necesarios, razonables y adecuados.<\/p>\n<h3><strong>Compensaci\u00f3n por cancelaci\u00f3n de vuelo<\/strong><\/h3>\n<p>En el caso de cancelaci\u00f3n de un vuelo los pasajeros tendr\u00edan derecho al pago por parte de la compa\u00f1\u00eda de una indemnizaci\u00f3n que oscila entre los 250 y los 600 euros (en funci\u00f3n de la distancia y si el mismo tiene car\u00e1cter intracomunitario o extracomunitario).<\/p>\n<p>Sin embargo, hay que indicar que no todo vuelo cancelado produce autom\u00e1ticamente una indemnizaci\u00f3n, sino que hay determinados supuestos en los que la aerol\u00ednea est\u00e1 exenta de ello:<\/p>\n<ul>\n<li>Si se te ha comunicado la cancelaci\u00f3n del vuelo con los <strong>siguientes plazos de antelaci\u00f3n<\/strong>:<\/li>\n<li>Al menos dos semanas antes de la salida del vuelo cancelado.<\/li>\n<li>Entre 7 y 14 d\u00edas antes, siempre y cuando te hayan ofrecido un transporte alternativo que te deje en destino no m\u00e1s de 4 horas m\u00e1s tarde con respecto al otro. Adem\u00e1s, este vuelo tiene que salir no m\u00e1s de 2 horas antes de la hora de salida inicial prevista.<\/li>\n<li>Con una antelaci\u00f3n inferior a 7 d\u00edas, pero ofreci\u00e9ndote un transporte alternativo que te haga llegar a ese lugar no m\u00e1s de 2 horas m\u00e1s tarde. Como en el caso anterior, el vuelo de reemplazo tiene que salir no m\u00e1s de 1 hora antes de la hora de salida inicial de tu vuelo cancelado.<\/li>\n<li>Si ha sucedido <strong>alguna situaci\u00f3n excepcional<\/strong>, como una grave inestabilidad pol\u00edtica, condiciones meteorol\u00f3gicas incompatibles con la realizaci\u00f3n del vuelo, riesgos para la seguridad, deficiencias inesperadas en la seguridad del vuelo etc.<\/li>\n<\/ul>\n<p>En lo relativo al procedimiento a seguir para conseguir la indemnizaci\u00f3n debes en primer lugar dirigirte a la a compa\u00f1\u00eda a\u00e9rea que te ha cancelado el vuelo para reclamar tu derecho compensatorio.<\/p>\n<p>En el caso de que no recibas la respuesta adecuada, te debes dirigir al organismo estatal competente, que en Espa\u00f1a es la Agencia Estatal de Seguridad A\u00e9rea. Si, tras haber realizado los pasos anteriores, la compa\u00f1\u00eda contin\u00faa sin darte una respuesta que te satisfaga, puedes reclamar judicialmente ante el tribunal competente en cada caso.<\/p>\n<p>Sin embargo, si quieres ahorrarte el trabajo de realizar todo este procedimiento o simplemente solo quieres olvidarte del tema en los \u00faltimos tiempos han surgido empresas que te hacen la gesti\u00f3n de reclamar tus derechos ante las compa\u00f1\u00edas a\u00e9reas. Puesto que esto conlleva un trabajo, la mayor\u00eda de ellas cobran una comisi\u00f3n sobre la indemnizaci\u00f3n que recibas, en caso de que el proceso tenga resultado favorable. Este porcentaje suele situarse alrededor del 25% o 30%, es decir si en el mejor de los casos obtuvieras una indemnizaci\u00f3n de 600 euros, la empresa podr\u00eda quedarse hasta con 180 euros.<\/p>\n<p>En definitiva, <strong>si nos encontramos ante la desagradable situaci\u00f3n de que nos han cancelado un vuelo en el \u00faltimo momento, debemos saber que no nos encontramos desprotegidos<\/strong>, sino que contamos con varios derechos que nos proporcionan ya sea una compensaci\u00f3n por el da\u00f1o sufrido o al menos una situaci\u00f3n un poco m\u00e1s amena mientras esperamos.<\/p>\n<p>&nbsp;<\/p>\n<p><strong>Lecturas relacionadas:<\/strong><\/p>\n<ul>\n<li><a href=\"https:\/\/www.euroresidentes.com\/viajes\/vuelos\/overbooking.htm\">Indemnizaci\u00f3n por overbooking<\/a><\/li>\n<\/ul>\n","protected":false},"excerpt":{"rendered":"<p>Una de las cosas m\u00e1s deseadas del a\u00f1o por la mayor\u00eda de las personas son las vacaciones o simplemente el viajar. Estas van unidas a la emoci\u00f3n por desconectar por la rutina y disfrutar de nuevas experiencias, pero para muchos va ligado a un temor cada vez m\u00e1s com\u00fan: la cancelaci\u00f3n del vuelo. Con el auge de las aerol\u00edneas de bajo coste y la aparici\u00f3n de nuevas compa\u00f1\u00edas a\u00e9reas regulares, sumado a causas externas como alertas meteorol\u00f3gicas o huelgas, el n\u00famero de vuelos cancelados ha crecido notablemente en los \u00faltimos tiempos. Por ello, \u00a0si te cancelan el vuelo debes tener <\/p>\n","protected":false},"author":9,"featured_media":2256,"comment_status":"open","ping_status":"closed","sticky":false,"template":"","format":"standard","meta":{"footnotes":""},"categories":[15],"tags":[],"class_list":["post-2254","post","type-post","status-publish","format-standard","has-post-thumbnail","hentry","category-general","has_thumb"],"yoast_head":"<!-- This site is optimized with the Yoast SEO plugin v27.5 - https:\/\/yoast.com\/product\/yoast-seo-wordpress\/ -->\n<title>\u00bfA qu\u00e9 tengo derecho en caso de vuelo cancelado? - Derecho Mercantil<\/title>\n<meta name=\"robots\" content=\"index, follow, max-snippet:-1, max-image-preview:large, max-video-preview:-1\" \/>\n<link rel=\"canonical\" href=\"https:\/\/www.euroresidentes.com\/empresa\/derecho-mercantil\/derecho-caso-vuelo-cancelado\/\" \/>\n<meta property=\"og:locale\" content=\"es_ES\" \/>\n<meta property=\"og:type\" content=\"article\" \/>\n<meta property=\"og:title\" content=\"\u00bfA qu\u00e9 tengo derecho en caso de vuelo cancelado? - Derecho Mercantil\" \/>\n<meta property=\"og:description\" content=\"Una de las cosas m\u00e1s deseadas del a\u00f1o por la mayor\u00eda de las personas son las vacaciones o simplemente el viajar. Estas van unidas a la emoci\u00f3n por desconectar por la rutina y disfrutar de nuevas experiencias, pero para muchos va ligado a un temor cada vez m\u00e1s com\u00fan: la cancelaci\u00f3n del vuelo. Con el auge de las aerol\u00edneas de bajo coste y la aparici\u00f3n de nuevas compa\u00f1\u00edas a\u00e9reas regulares, sumado a causas externas como alertas meteorol\u00f3gicas o huelgas, el n\u00famero de vuelos cancelados ha crecido notablemente en los \u00faltimos tiempos. Por ello, \u00a0si te cancelan el vuelo debes tener\" \/>\n<meta property=\"og:url\" content=\"https:\/\/www.euroresidentes.com\/empresa\/derecho-mercantil\/derecho-caso-vuelo-cancelado\/\" \/>\n<meta property=\"og:site_name\" content=\"Derecho Mercantil\" \/>\n<meta property=\"article:publisher\" content=\"https:\/\/www.facebook.com\/euroresidentes\/\" \/>\n<meta property=\"article:published_time\" content=\"2020-03-03T08:30:12+00:00\" \/>\n<meta property=\"article:modified_time\" content=\"2020-03-09T13:55:01+00:00\" \/>\n<meta property=\"og:image\" content=\"https:\/\/www.euroresidentes.com\/empresa\/derecho-mercantil\/wp-content\/uploads\/sites\/12\/2020\/03\/airport-2373727_1920.jpg\" \/>\n\t<meta property=\"og:image:width\" content=\"1024\" \/>\n\t<meta property=\"og:image:height\" content=\"683\" \/>\n\t<meta property=\"og:image:type\" content=\"image\/jpeg\" \/>\n<meta name=\"author\" content=\"Manuel Pomares\" \/>\n<meta name=\"twitter:card\" content=\"summary_large_image\" \/>\n<meta name=\"twitter:label1\" content=\"Written by\" \/>\n\t<meta name=\"twitter:data1\" content=\"Manuel Pomares\" \/>\n\t<meta name=\"twitter:label2\" content=\"Est. reading time\" \/>\n\t<meta name=\"twitter:data2\" content=\"5 minutos\" \/>\n<script type=\"application\/ld+json\" class=\"yoast-schema-graph\">{\"@context\":\"https:\\\/\\\/schema.org\",\"@graph\":[{\"@type\":\"Article\",\"@id\":\"https:\\\/\\\/www.euroresidentes.com\\\/empresa\\\/derecho-mercantil\\\/derecho-caso-vuelo-cancelado\\\/#article\",\"isPartOf\":{\"@id\":\"https:\\\/\\\/www.euroresidentes.com\\\/empresa\\\/derecho-mercantil\\\/derecho-caso-vuelo-cancelado\\\/\"},\"author\":{\"name\":\"Manuel Pomares\",\"@id\":\"https:\\\/\\\/www.euroresidentes.com\\\/empresa\\\/derecho-mercantil\\\/#\\\/schema\\\/person\\\/1f848038ac5623245414f398a267708f\"},\"headline\":\"\u00bfA qu\u00e9 tengo derecho en caso de vuelo cancelado?\",\"datePublished\":\"2020-03-03T08:30:12+00:00\",\"dateModified\":\"2020-03-09T13:55:01+00:00\",\"mainEntityOfPage\":{\"@id\":\"https:\\\/\\\/www.euroresidentes.com\\\/empresa\\\/derecho-mercantil\\\/derecho-caso-vuelo-cancelado\\\/\"},\"wordCount\":1072,\"commentCount\":0,\"image\":{\"@id\":\"https:\\\/\\\/www.euroresidentes.com\\\/empresa\\\/derecho-mercantil\\\/derecho-caso-vuelo-cancelado\\\/#primaryimage\"},\"thumbnailUrl\":\"https:\\\/\\\/www.euroresidentes.com\\\/empresa\\\/derecho-mercantil\\\/wp-content\\\/uploads\\\/sites\\\/12\\\/2020\\\/03\\\/airport-2373727_1920.jpg\",\"articleSection\":[\"General\"],\"inLanguage\":\"es\",\"potentialAction\":[{\"@type\":\"CommentAction\",\"name\":\"Comment\",\"target\":[\"https:\\\/\\\/www.euroresidentes.com\\\/empresa\\\/derecho-mercantil\\\/derecho-caso-vuelo-cancelado\\\/#respond\"]}]},{\"@type\":\"WebPage\",\"@id\":\"https:\\\/\\\/www.euroresidentes.com\\\/empresa\\\/derecho-mercantil\\\/derecho-caso-vuelo-cancelado\\\/\",\"url\":\"https:\\\/\\\/www.euroresidentes.com\\\/empresa\\\/derecho-mercantil\\\/derecho-caso-vuelo-cancelado\\\/\",\"name\":\"\u00bfA qu\u00e9 tengo derecho en caso de vuelo cancelado? - Derecho Mercantil\",\"isPartOf\":{\"@id\":\"https:\\\/\\\/www.euroresidentes.com\\\/empresa\\\/derecho-mercantil\\\/#website\"},\"primaryImageOfPage\":{\"@id\":\"https:\\\/\\\/www.euroresidentes.com\\\/empresa\\\/derecho-mercantil\\\/derecho-caso-vuelo-cancelado\\\/#primaryimage\"},\"image\":{\"@id\":\"https:\\\/\\\/www.euroresidentes.com\\\/empresa\\\/derecho-mercantil\\\/derecho-caso-vuelo-cancelado\\\/#primaryimage\"},\"thumbnailUrl\":\"https:\\\/\\\/www.euroresidentes.com\\\/empresa\\\/derecho-mercantil\\\/wp-content\\\/uploads\\\/sites\\\/12\\\/2020\\\/03\\\/airport-2373727_1920.jpg\",\"datePublished\":\"2020-03-03T08:30:12+00:00\",\"dateModified\":\"2020-03-09T13:55:01+00:00\",\"author\":{\"@id\":\"https:\\\/\\\/www.euroresidentes.com\\\/empresa\\\/derecho-mercantil\\\/#\\\/schema\\\/person\\\/1f848038ac5623245414f398a267708f\"},\"breadcrumb\":{\"@id\":\"https:\\\/\\\/www.euroresidentes.com\\\/empresa\\\/derecho-mercantil\\\/derecho-caso-vuelo-cancelado\\\/#breadcrumb\"},\"inLanguage\":\"es\",\"potentialAction\":[{\"@type\":\"ReadAction\",\"target\":[\"https:\\\/\\\/www.euroresidentes.com\\\/empresa\\\/derecho-mercantil\\\/derecho-caso-vuelo-cancelado\\\/\"]}]},{\"@type\":\"ImageObject\",\"inLanguage\":\"es\",\"@id\":\"https:\\\/\\\/www.euroresidentes.com\\\/empresa\\\/derecho-mercantil\\\/derecho-caso-vuelo-cancelado\\\/#primaryimage\",\"url\":\"https:\\\/\\\/www.euroresidentes.com\\\/empresa\\\/derecho-mercantil\\\/wp-content\\\/uploads\\\/sites\\\/12\\\/2020\\\/03\\\/airport-2373727_1920.jpg\",\"contentUrl\":\"https:\\\/\\\/www.euroresidentes.com\\\/empresa\\\/derecho-mercantil\\\/wp-content\\\/uploads\\\/sites\\\/12\\\/2020\\\/03\\\/airport-2373727_1920.jpg\",\"width\":1024,\"height\":683},{\"@type\":\"BreadcrumbList\",\"@id\":\"https:\\\/\\\/www.euroresidentes.com\\\/empresa\\\/derecho-mercantil\\\/derecho-caso-vuelo-cancelado\\\/#breadcrumb\",\"itemListElement\":[{\"@type\":\"ListItem\",\"position\":1,\"name\":\"Portada\",\"item\":\"https:\\\/\\\/www.euroresidentes.com\\\/empresa\\\/derecho-mercantil\\\/\"},{\"@type\":\"ListItem\",\"position\":2,\"name\":\"\u00bfA qu\u00e9 tengo derecho en caso de vuelo cancelado?\"}]},{\"@type\":\"WebSite\",\"@id\":\"https:\\\/\\\/www.euroresidentes.com\\\/empresa\\\/derecho-mercantil\\\/#website\",\"url\":\"https:\\\/\\\/www.euroresidentes.com\\\/empresa\\\/derecho-mercantil\\\/\",\"name\":\"Derecho Mercantil\",\"description\":\"Derecho y Empresa Euroresidentes\",\"potentialAction\":[{\"@type\":\"SearchAction\",\"target\":{\"@type\":\"EntryPoint\",\"urlTemplate\":\"https:\\\/\\\/www.euroresidentes.com\\\/empresa\\\/derecho-mercantil\\\/?s={search_term_string}\"},\"query-input\":{\"@type\":\"PropertyValueSpecification\",\"valueRequired\":true,\"valueName\":\"search_term_string\"}}],\"inLanguage\":\"es\"},{\"@type\":\"Person\",\"@id\":\"https:\\\/\\\/www.euroresidentes.com\\\/empresa\\\/derecho-mercantil\\\/#\\\/schema\\\/person\\\/1f848038ac5623245414f398a267708f\",\"name\":\"Manuel Pomares\",\"image\":{\"@type\":\"ImageObject\",\"inLanguage\":\"es\",\"@id\":\"https:\\\/\\\/www.euroresidentes.com\\\/empresa\\\/derecho-mercantil\\\/wp-content\\\/uploads\\\/sites\\\/12\\\/2016\\\/08\\\/manuel-pomares-abogados-150x150.jpg\",\"url\":\"https:\\\/\\\/www.euroresidentes.com\\\/empresa\\\/derecho-mercantil\\\/wp-content\\\/uploads\\\/sites\\\/12\\\/2016\\\/08\\\/manuel-pomares-abogados-150x150.jpg\",\"contentUrl\":\"https:\\\/\\\/www.euroresidentes.com\\\/empresa\\\/derecho-mercantil\\\/wp-content\\\/uploads\\\/sites\\\/12\\\/2016\\\/08\\\/manuel-pomares-abogados-150x150.jpg\",\"caption\":\"Manuel Pomares\"},\"description\":\"Manuel PomaresAbogado y socio director de la firma Pomares Abogados. Especialista en derecho mercantil-societario, bancario y responsabilidad civil-seguro.\",\"sameAs\":[\"http:\\\/\\\/www.euroresidentes.com\\\/empresa\\\/manuel-pomares-2.html\"],\"url\":\"https:\\\/\\\/www.euroresidentes.com\\\/empresa\\\/derecho-mercantil\\\/author\\\/manuel\\\/\"}]}<\/script>\n<!-- \/ Yoast SEO plugin. -->","yoast_head_json":{"title":"\u00bfA qu\u00e9 tengo derecho en caso de vuelo cancelado? - Derecho Mercantil","robots":{"index":"index","follow":"follow","max-snippet":"max-snippet:-1","max-image-preview":"max-image-preview:large","max-video-preview":"max-video-preview:-1"},"canonical":"https:\/\/www.euroresidentes.com\/empresa\/derecho-mercantil\/derecho-caso-vuelo-cancelado\/","og_locale":"es_ES","og_type":"article","og_title":"\u00bfA qu\u00e9 tengo derecho en caso de vuelo cancelado? - Derecho Mercantil","og_description":"Una de las cosas m\u00e1s deseadas del a\u00f1o por la mayor\u00eda de las personas son las vacaciones o simplemente el viajar. Estas van unidas a la emoci\u00f3n por desconectar por la rutina y disfrutar de nuevas experiencias, pero para muchos va ligado a un temor cada vez m\u00e1s com\u00fan: la cancelaci\u00f3n del vuelo. Con el auge de las aerol\u00edneas de bajo coste y la aparici\u00f3n de nuevas compa\u00f1\u00edas a\u00e9reas regulares, sumado a causas externas como alertas meteorol\u00f3gicas o huelgas, el n\u00famero de vuelos cancelados ha crecido notablemente en los \u00faltimos tiempos. Por ello, \u00a0si te cancelan el vuelo debes tener","og_url":"https:\/\/www.euroresidentes.com\/empresa\/derecho-mercantil\/derecho-caso-vuelo-cancelado\/","og_site_name":"Derecho Mercantil","article_publisher":"https:\/\/www.facebook.com\/euroresidentes\/","article_published_time":"2020-03-03T08:30:12+00:00","article_modified_time":"2020-03-09T13:55:01+00:00","og_image":[{"width":1024,"height":683,"url":"https:\/\/www.euroresidentes.com\/empresa\/derecho-mercantil\/wp-content\/uploads\/sites\/12\/2020\/03\/airport-2373727_1920.jpg","type":"image\/jpeg"}],"author":"Manuel Pomares","twitter_card":"summary_large_image","twitter_misc":{"Written by":"Manuel Pomares","Est. reading time":"5 minutos"},"schema":{"@context":"https:\/\/schema.org","@graph":[{"@type":"Article","@id":"https:\/\/www.euroresidentes.com\/empresa\/derecho-mercantil\/derecho-caso-vuelo-cancelado\/#article","isPartOf":{"@id":"https:\/\/www.euroresidentes.com\/empresa\/derecho-mercantil\/derecho-caso-vuelo-cancelado\/"},"author":{"name":"Manuel Pomares","@id":"https:\/\/www.euroresidentes.com\/empresa\/derecho-mercantil\/#\/schema\/person\/1f848038ac5623245414f398a267708f"},"headline":"\u00bfA qu\u00e9 tengo derecho en caso de vuelo cancelado?","datePublished":"2020-03-03T08:30:12+00:00","dateModified":"2020-03-09T13:55:01+00:00","mainEntityOfPage":{"@id":"https:\/\/www.euroresidentes.com\/empresa\/derecho-mercantil\/derecho-caso-vuelo-cancelado\/"},"wordCount":1072,"commentCount":0,"image":{"@id":"https:\/\/www.euroresidentes.com\/empresa\/derecho-mercantil\/derecho-caso-vuelo-cancelado\/#primaryimage"},"thumbnailUrl":"https:\/\/www.euroresidentes.com\/empresa\/derecho-mercantil\/wp-content\/uploads\/sites\/12\/2020\/03\/airport-2373727_1920.jpg","articleSection":["General"],"inLanguage":"es","potentialAction":[{"@type":"CommentAction","name":"Comment","target":["https:\/\/www.euroresidentes.com\/empresa\/derecho-mercantil\/derecho-caso-vuelo-cancelado\/#respond"]}]},{"@type":"WebPage","@id":"https:\/\/www.euroresidentes.com\/empresa\/derecho-mercantil\/derecho-caso-vuelo-cancelado\/","url":"https:\/\/www.euroresidentes.com\/empresa\/derecho-mercantil\/derecho-caso-vuelo-cancelado\/","name":"\u00bfA qu\u00e9 tengo derecho en caso de vuelo cancelado? - Derecho Mercantil","isPartOf":{"@id":"https:\/\/www.euroresidentes.com\/empresa\/derecho-mercantil\/#website"},"primaryImageOfPage":{"@id":"https:\/\/www.euroresidentes.com\/empresa\/derecho-mercantil\/derecho-caso-vuelo-cancelado\/#primaryimage"},"image":{"@id":"https:\/\/www.euroresidentes.com\/empresa\/derecho-mercantil\/derecho-caso-vuelo-cancelado\/#primaryimage"},"thumbnailUrl":"https:\/\/www.euroresidentes.com\/empresa\/derecho-mercantil\/wp-content\/uploads\/sites\/12\/2020\/03\/airport-2373727_1920.jpg","datePublished":"2020-03-03T08:30:12+00:00","dateModified":"2020-03-09T13:55:01+00:00","author":{"@id":"https:\/\/www.euroresidentes.com\/empresa\/derecho-mercantil\/#\/schema\/person\/1f848038ac5623245414f398a267708f"},"breadcrumb":{"@id":"https:\/\/www.euroresidentes.com\/empresa\/derecho-mercantil\/derecho-caso-vuelo-cancelado\/#breadcrumb"},"inLanguage":"es","potentialAction":[{"@type":"ReadAction","target":["https:\/\/www.euroresidentes.com\/empresa\/derecho-mercantil\/derecho-caso-vuelo-cancelado\/"]}]},{"@type":"ImageObject","inLanguage":"es","@id":"https:\/\/www.euroresidentes.com\/empresa\/derecho-mercantil\/derecho-caso-vuelo-cancelado\/#primaryimage","url":"https:\/\/www.euroresidentes.com\/empresa\/derecho-mercantil\/wp-content\/uploads\/sites\/12\/2020\/03\/airport-2373727_1920.jpg","contentUrl":"https:\/\/www.euroresidentes.com\/empresa\/derecho-mercantil\/wp-content\/uploads\/sites\/12\/2020\/03\/airport-2373727_1920.jpg","width":1024,"height":683},{"@type":"BreadcrumbList","@id":"https:\/\/www.euroresidentes.com\/empresa\/derecho-mercantil\/derecho-caso-vuelo-cancelado\/#breadcrumb","itemListElement":[{"@type":"ListItem","position":1,"name":"Portada","item":"https:\/\/www.euroresidentes.com\/empresa\/derecho-mercantil\/"},{"@type":"ListItem","position":2,"name":"\u00bfA qu\u00e9 tengo derecho en caso de vuelo cancelado?"}]},{"@type":"WebSite","@id":"https:\/\/www.euroresidentes.com\/empresa\/derecho-mercantil\/#website","url":"https:\/\/www.euroresidentes.com\/empresa\/derecho-mercantil\/","name":"Derecho Mercantil","description":"Derecho y Empresa Euroresidentes","potentialAction":[{"@type":"SearchAction","target":{"@type":"EntryPoint","urlTemplate":"https:\/\/www.euroresidentes.com\/empresa\/derecho-mercantil\/?s={search_term_string}"},"query-input":{"@type":"PropertyValueSpecification","valueRequired":true,"valueName":"search_term_string"}}],"inLanguage":"es"},{"@type":"Person","@id":"https:\/\/www.euroresidentes.com\/empresa\/derecho-mercantil\/#\/schema\/person\/1f848038ac5623245414f398a267708f","name":"Manuel Pomares","image":{"@type":"ImageObject","inLanguage":"es","@id":"https:\/\/www.euroresidentes.com\/empresa\/derecho-mercantil\/wp-content\/uploads\/sites\/12\/2016\/08\/manuel-pomares-abogados-150x150.jpg","url":"https:\/\/www.euroresidentes.com\/empresa\/derecho-mercantil\/wp-content\/uploads\/sites\/12\/2016\/08\/manuel-pomares-abogados-150x150.jpg","contentUrl":"https:\/\/www.euroresidentes.com\/empresa\/derecho-mercantil\/wp-content\/uploads\/sites\/12\/2016\/08\/manuel-pomares-abogados-150x150.jpg","caption":"Manuel Pomares"},"description":"Manuel PomaresAbogado y socio director de la firma Pomares Abogados. Especialista en derecho mercantil-societario, bancario y responsabilidad civil-seguro.","sameAs":["http:\/\/www.euroresidentes.com\/empresa\/manuel-pomares-2.html"],"url":"https:\/\/www.euroresidentes.com\/empresa\/derecho-mercantil\/author\/manuel\/"}]}},"_links":{"self":[{"href":"https:\/\/www.euroresidentes.com\/empresa\/derecho-mercantil\/wp-json\/wp\/v2\/posts\/2254","targetHints":{"allow":["GET"]}}],"collection":[{"href":"https:\/\/www.euroresidentes.com\/empresa\/derecho-mercantil\/wp-json\/wp\/v2\/posts"}],"about":[{"href":"https:\/\/www.euroresidentes.com\/empresa\/derecho-mercantil\/wp-json\/wp\/v2\/types\/post"}],"author":[{"embeddable":true,"href":"https:\/\/www.euroresidentes.com\/empresa\/derecho-mercantil\/wp-json\/wp\/v2\/users\/9"}],"replies":[{"embeddable":true,"href":"https:\/\/www.euroresidentes.com\/empresa\/derecho-mercantil\/wp-json\/wp\/v2\/comments?post=2254"}],"version-history":[{"count":8,"href":"https:\/\/www.euroresidentes.com\/empresa\/derecho-mercantil\/wp-json\/wp\/v2\/posts\/2254\/revisions"}],"predecessor-version":[{"id":2263,"href":"https:\/\/www.euroresidentes.com\/empresa\/derecho-mercantil\/wp-json\/wp\/v2\/posts\/2254\/revisions\/2263"}],"wp:featuredmedia":[{"embeddable":true,"href":"https:\/\/www.euroresidentes.com\/empresa\/derecho-mercantil\/wp-json\/wp\/v2\/media\/2256"}],"wp:attachment":[{"href":"https:\/\/www.euroresidentes.com\/empresa\/derecho-mercantil\/wp-json\/wp\/v2\/media?parent=2254"}],"wp:term":[{"taxonomy":"category","embeddable":true,"href":"https:\/\/www.euroresidentes.com\/empresa\/derecho-mercantil\/wp-json\/wp\/v2\/categories?post=2254"},{"taxonomy":"post_tag","embeddable":true,"href":"https:\/\/www.euroresidentes.com\/empresa\/derecho-mercantil\/wp-json\/wp\/v2\/tags?post=2254"}],"curies":[{"name":"wp","href":"https:\/\/api.w.org\/{rel}","templated":true}]}}