
{"id":2212,"date":"2020-01-30T17:08:09","date_gmt":"2020-01-30T16:08:09","guid":{"rendered":"http:\/\/www.euroresidentes.com\/empresa\/derecho-mercantil\/?p=2212"},"modified":"2020-08-12T15:56:09","modified_gmt":"2020-08-12T13:56:09","slug":"comportamientos-trabajo-pueden-suponer-despido-falta-grave","status":"publish","type":"post","link":"https:\/\/www.euroresidentes.com\/empresa\/derecho-mercantil\/comportamientos-trabajo-pueden-suponer-despido-falta-grave\/","title":{"rendered":"\u00bfQu\u00e9 comportamientos en el trabajo pueden suponer un despido o falta grave?"},"content":{"rendered":"<p>Son frecuentes los pronunciamientos de nuestro Alto Tribunal en los que se enjuician comportamientos inadecuados en el trabajo que suponen una transgresi\u00f3n de la buena fe contractual y que terminan finalmente en un despido o una falta laboral grave.<\/p>\n<p>Podr\u00edamos definir la transgresi\u00f3n de la buena fe contractual como\u00a0la p\u00e9rdida de confianza derivado de un comportamiento intencionado de un trabajador que incumple sus obligaciones o intenta enga\u00f1ar a la empresa.<\/p>\n<div id=\"attachment_2307\" style=\"width: 636px\" class=\"wp-caption aligncenter\"><img loading=\"lazy\" decoding=\"async\" aria-describedby=\"caption-attachment-2307\" class=\"size-full wp-image-2307\" src=\"http:\/\/www.euroresidentes.com\/empresa\/derecho-mercantil\/wp-content\/uploads\/sites\/12\/2020\/01\/despido-falta-grave.jpg\" alt=\"\" width=\"626\" height=\"296\" srcset=\"https:\/\/www.euroresidentes.com\/empresa\/derecho-mercantil\/wp-content\/uploads\/sites\/12\/2020\/01\/despido-falta-grave.jpg 626w, https:\/\/www.euroresidentes.com\/empresa\/derecho-mercantil\/wp-content\/uploads\/sites\/12\/2020\/01\/despido-falta-grave-300x142.jpg 300w\" sizes=\"auto, (max-width: 626px) 100vw, 626px\" \/><p id=\"caption-attachment-2307\" class=\"wp-caption-text\">Foto: www.freepik.com<\/p><\/div>\n<p>Hay que tener en cuenta que son rec\u00edprocas las obligaciones que ligan al trabajador con el empresario. En el desempe\u00f1o de estas obligaciones se ha de respetar, en todo momento, la buena fe contractual. Esta obligaci\u00f3n se debe entender en sentido muy amplio, abarcando desde el cumplimiento la ley hasta los protocolos de comportamiento establecidos por la empresa. Por lo que, en caso de incumplimiento, el trabajador\u00a0podr\u00e1 ser sancionado con una amonestaci\u00f3n, con una sanci\u00f3n de empleo y sueldo o, incluso con el despido disciplinario que recoge el\u00a0<a href=\"https:\/\/www.cuestioneslaborales.es\/estatuto-los-trabajadores-2019\/#54\">art\u00edculo 54. 2. d) del Estatuto de los Trabajadores<\/a>:\u00a0<em>Se considerar\u00e1n incumplimientos contractuales: (\u2026) d) La transgresi\u00f3n de la buena fe contractual, as\u00ed como el abuso de confianza en el desempe\u00f1o del trabajo.<\/em><\/p>\n<p>Algunos de estos comportamientos indebidos o inadecuados que dan lugar a despidos procedentes o faltas graves como por ejemplo aquellos en los que el empleado es despedido por rayar los coches de otros trabajadores, sustraer papel higi\u00e9nico y bombillas de su centro de trabajo, quemar la ropa de otro empleado a modo de broma o difundir cotilleos laborales por el tel\u00e9fono de empresa, reflejan un alto componente emocional muy pr\u00f3ximo al despecho o la rebeld\u00eda laboral. Por tanto, se trata de actuaciones ajenas a los modelos de conducta y de buena fe que deber\u00edan presidir en \u00e1mbito laboral.<\/p>\n<p>Todos estos comportamientos terminan com\u00fanmente resolvi\u00e9ndose en sede judicial como consecuencia de una grave transgresi\u00f3n de la buena fe contractual para finalmente confirmar bien un despido procedente o bien la comisi\u00f3n de falta grave, tras un examen pormenorizado de cada supuesto enjuiciado.<\/p>\n<h3><strong>Rayar el coche de otro empleado<\/strong><\/h3>\n<p>Causar desperfectos a otros empleados de la empresa refleja claramente un \u00abincumplimiento grave y culpable\u00bb que determina el cese del trabajador en la empresa al atentar contra los deberes b\u00e1sicos de toda relaci\u00f3n laboral, independientemente de la cuant\u00eda del da\u00f1o causado. En estos supuestos habr\u00e1 de analizarse especialmente si el empleado ha actuado o no con dolo, pues si procedi\u00f3 con pleno conocimiento de lo que hac\u00eda es evidente que incurrir\u00e1 en una clara actuaci\u00f3n antijur\u00eddica, causando da\u00f1o de forma totalmente maliciosa.<\/p>\n<p>Por tanto, actuaciones de este tipo realizadas con despecho o con malicia por el \u00a0empleado pueden llegar a vulnerar la buena fe consustancial a un contrato de trabajo y ser motivo de despido procedente.<\/p>\n<h3><strong>Utilizaci\u00f3n indebida de los dispositivos electr\u00f3nicos de la empresa.<\/strong><\/h3>\n<p>En cuanto al mal uso o uso indebido del tel\u00e9fono corporativo por un empleado o de las herramientas tecnol\u00f3gicas que empresario pone a disposici\u00f3n del trabajador en necesario atender a las instrucciones previas dadas por el empleador sobre el uso correcto que deben dar a las mismas. Por tanto, en aquellos casos en los que el trabajador desatendiendo las instrucciones o advertencias dadas por el empresario hace un uso inapropiado de los medios puestos a su disposici\u00f3n para un adecuado funcionamiento de la empresa, podr\u00e1 ser en todo caso motivo de una transgresi\u00f3n de la buena fe contractual por incurrir en un incumplimiento grave y culpable. Resulta determinante la disposici\u00f3n o actitud del trabajador, quien, a pesar de esas advertencias, decide dar un uso distinto del debido. M\u00e1s llamativo es el supuesto en el que el trabajador utiliza los dispositivos tecnol\u00f3gicos para fines personales o para cometer faltas de respeto entre compa\u00f1eros, pudiendo dar lugar a un despido procedente.<\/p>\n<p>El Tribunal Supremo ha asentado ya su criterio sobre la posibilidad del empresario de controlar el uso debido y respetuoso del tel\u00e9fono corporativo, y por extensi\u00f3n cualesquiera otros dispositivos electr\u00f3nicos, que la empresa pone a disposici\u00f3n de sus empleados porque a trav\u00e9s de ellos se cumple la prestaci\u00f3n laboral. Por tanto, resulta evidente que el empresario puede y debe comprobar si su uso se ajusta o no a las finalidades que lo justifican, ya que, en otro caso, estar\u00eda retribuyendo \u00abcomo tiempo de trabajo el dedicado a actividades extralaborales insistiendo en que la empresa tiene que controlar tambi\u00e9n los contenidos y resultados de esa prestaci\u00f3n\u00bb.<\/p>\n<p>En definitiva, la utilizaci\u00f3n indebida de los medios de trabajo destin\u00e1ndolos a fines personales o faltas de respeto en el \u00e1mbito laboral, y en todo caso al margen de las instrucciones del empresario, pueden ser constitutivas de transgresi\u00f3n de la buena fe contractual.<\/p>\n<h3><b>Transgresi\u00f3n<\/b><strong>\u00a0de la buena fe contractual fuera del horario laboral.<\/strong><\/h3>\n<p>Para que exista un comportamiento que pueda ser sancionado o que pueda dar lugar a un despido disciplinario, no es necesario que exista un perjuicio real o econ\u00f3mico a la empresa. Es m\u00e1s, la jurisprudencia ha considerado que se puede vulnerar la buena fe contractual incluso fuera del horario laboral y del propio centro, como por ejemplo en el caso de sustracciones por un empleado en otro centro de la misma empresa o en el caso de amenazas vertidas en un Blog contra un directivo de una empresa.\u00a0<\/p>\n<p>En este sentido se ha pronunciado el TSJ de Valladolid, Sala de lo Social, en la Sentencia n\u00ba435\/2010 de 21 de abril de 2010 declarando como procedente el despido que se produce a consecuencia de las amenazas vertidas por un trabajador en un foro de Internet contra un directivo de la empresa. Como se explica por el Tribunal el derecho a la libertad de expresi\u00f3n no queda conculcado en este supuesto pues <em>\u201cno estamos propiamente ante una expresi\u00f3n de ideas u opiniones, leg\u00edtimas o no, ni ante la transmisi\u00f3n de informaci\u00f3n, veraz o no, sino ante un llamamiento a la intimidaci\u00f3n de un directivo de la empresa\u201d,<\/em> y concluye declarando:<em> \u201cCon ello se han excedido notablemente los l\u00edmites leg\u00edtimos de la expresi\u00f3n del conflicto y se incurre en una conducta vulneradora de la buena fe contractual que es susceptible de ser sancionada con el despido\u201d.<\/em><\/p>\n<p>En definitiva, es necesario tener presente que los comportamientos o comentarios realizados en diferentes redes sociales como Facebook, Twitter o blogs puede ser motivo de despido disciplinario.<\/p>\n","protected":false},"excerpt":{"rendered":"<p>Son frecuentes los pronunciamientos de nuestro Alto Tribunal en los que se enjuician comportamientos inadecuados en el trabajo que suponen una transgresi\u00f3n de la buena fe contractual y que terminan finalmente en un despido o una falta laboral grave. Podr\u00edamos definir la transgresi\u00f3n de la buena fe contractual como\u00a0la p\u00e9rdida de confianza derivado de un comportamiento intencionado de un trabajador que incumple sus obligaciones o intenta enga\u00f1ar a la empresa. Hay que tener en cuenta que son rec\u00edprocas las obligaciones que ligan al trabajador con el empresario. En el desempe\u00f1o de estas obligaciones se ha de respetar, en todo momento, <\/p>\n","protected":false},"author":9,"featured_media":2307,"comment_status":"open","ping_status":"closed","sticky":false,"template":"","format":"standard","meta":{"footnotes":""},"categories":[15],"tags":[33],"class_list":["post-2212","post","type-post","status-publish","format-standard","has-post-thumbnail","hentry","category-general","tag-derecho-laboral","has_thumb"],"yoast_head":"<!-- This site is optimized with the Yoast SEO plugin v27.5 - https:\/\/yoast.com\/product\/yoast-seo-wordpress\/ -->\n<title>\u00bfQu\u00e9 comportamientos en el trabajo pueden suponer un despido o falta grave? - Derecho Mercantil<\/title>\n<meta name=\"robots\" content=\"index, follow, max-snippet:-1, max-image-preview:large, max-video-preview:-1\" \/>\n<link rel=\"canonical\" href=\"https:\/\/www.euroresidentes.com\/empresa\/derecho-mercantil\/comportamientos-trabajo-pueden-suponer-despido-falta-grave\/\" \/>\n<meta property=\"og:locale\" content=\"es_ES\" \/>\n<meta property=\"og:type\" content=\"article\" \/>\n<meta property=\"og:title\" content=\"\u00bfQu\u00e9 comportamientos en el trabajo pueden suponer un despido o falta grave? - Derecho Mercantil\" \/>\n<meta property=\"og:description\" content=\"Son frecuentes los pronunciamientos de nuestro Alto Tribunal en los que se enjuician comportamientos inadecuados en el trabajo que suponen una transgresi\u00f3n de la buena fe contractual y que terminan finalmente en un despido o una falta laboral grave. Podr\u00edamos definir la transgresi\u00f3n de la buena fe contractual como\u00a0la p\u00e9rdida de confianza derivado de un comportamiento intencionado de un trabajador que incumple sus obligaciones o intenta enga\u00f1ar a la empresa. Hay que tener en cuenta que son rec\u00edprocas las obligaciones que ligan al trabajador con el empresario. En el desempe\u00f1o de estas obligaciones se ha de respetar, en todo momento,\" \/>\n<meta property=\"og:url\" content=\"https:\/\/www.euroresidentes.com\/empresa\/derecho-mercantil\/comportamientos-trabajo-pueden-suponer-despido-falta-grave\/\" \/>\n<meta property=\"og:site_name\" content=\"Derecho Mercantil\" \/>\n<meta property=\"article:publisher\" content=\"https:\/\/www.facebook.com\/euroresidentes\/\" \/>\n<meta property=\"article:published_time\" content=\"2020-01-30T16:08:09+00:00\" \/>\n<meta property=\"article:modified_time\" content=\"2020-08-12T13:56:09+00:00\" \/>\n<meta property=\"og:image\" content=\"https:\/\/www.euroresidentes.com\/empresa\/derecho-mercantil\/wp-content\/uploads\/sites\/12\/2020\/01\/despido-falta-grave.jpg\" \/>\n\t<meta property=\"og:image:width\" content=\"626\" \/>\n\t<meta property=\"og:image:height\" content=\"296\" \/>\n\t<meta property=\"og:image:type\" content=\"image\/jpeg\" \/>\n<meta name=\"author\" content=\"Manuel Pomares\" \/>\n<meta name=\"twitter:card\" content=\"summary_large_image\" \/>\n<meta name=\"twitter:label1\" content=\"Written by\" \/>\n\t<meta name=\"twitter:data1\" content=\"Manuel Pomares\" \/>\n\t<meta name=\"twitter:label2\" content=\"Est. reading time\" \/>\n\t<meta name=\"twitter:data2\" content=\"6 minutos\" \/>\n<script type=\"application\/ld+json\" class=\"yoast-schema-graph\">{\"@context\":\"https:\\\/\\\/schema.org\",\"@graph\":[{\"@type\":\"Article\",\"@id\":\"https:\\\/\\\/www.euroresidentes.com\\\/empresa\\\/derecho-mercantil\\\/comportamientos-trabajo-pueden-suponer-despido-falta-grave\\\/#article\",\"isPartOf\":{\"@id\":\"https:\\\/\\\/www.euroresidentes.com\\\/empresa\\\/derecho-mercantil\\\/comportamientos-trabajo-pueden-suponer-despido-falta-grave\\\/\"},\"author\":{\"name\":\"Manuel Pomares\",\"@id\":\"https:\\\/\\\/www.euroresidentes.com\\\/empresa\\\/derecho-mercantil\\\/#\\\/schema\\\/person\\\/1f848038ac5623245414f398a267708f\"},\"headline\":\"\u00bfQu\u00e9 comportamientos en el trabajo pueden suponer un despido o falta grave?\",\"datePublished\":\"2020-01-30T16:08:09+00:00\",\"dateModified\":\"2020-08-12T13:56:09+00:00\",\"mainEntityOfPage\":{\"@id\":\"https:\\\/\\\/www.euroresidentes.com\\\/empresa\\\/derecho-mercantil\\\/comportamientos-trabajo-pueden-suponer-despido-falta-grave\\\/\"},\"wordCount\":1125,\"commentCount\":0,\"image\":{\"@id\":\"https:\\\/\\\/www.euroresidentes.com\\\/empresa\\\/derecho-mercantil\\\/comportamientos-trabajo-pueden-suponer-despido-falta-grave\\\/#primaryimage\"},\"thumbnailUrl\":\"https:\\\/\\\/www.euroresidentes.com\\\/empresa\\\/derecho-mercantil\\\/wp-content\\\/uploads\\\/sites\\\/12\\\/2020\\\/01\\\/despido-falta-grave.jpg\",\"keywords\":[\"derecho laboral\"],\"articleSection\":[\"General\"],\"inLanguage\":\"es\",\"potentialAction\":[{\"@type\":\"CommentAction\",\"name\":\"Comment\",\"target\":[\"https:\\\/\\\/www.euroresidentes.com\\\/empresa\\\/derecho-mercantil\\\/comportamientos-trabajo-pueden-suponer-despido-falta-grave\\\/#respond\"]}]},{\"@type\":\"WebPage\",\"@id\":\"https:\\\/\\\/www.euroresidentes.com\\\/empresa\\\/derecho-mercantil\\\/comportamientos-trabajo-pueden-suponer-despido-falta-grave\\\/\",\"url\":\"https:\\\/\\\/www.euroresidentes.com\\\/empresa\\\/derecho-mercantil\\\/comportamientos-trabajo-pueden-suponer-despido-falta-grave\\\/\",\"name\":\"\u00bfQu\u00e9 comportamientos en el trabajo pueden suponer un despido o falta grave? - Derecho Mercantil\",\"isPartOf\":{\"@id\":\"https:\\\/\\\/www.euroresidentes.com\\\/empresa\\\/derecho-mercantil\\\/#website\"},\"primaryImageOfPage\":{\"@id\":\"https:\\\/\\\/www.euroresidentes.com\\\/empresa\\\/derecho-mercantil\\\/comportamientos-trabajo-pueden-suponer-despido-falta-grave\\\/#primaryimage\"},\"image\":{\"@id\":\"https:\\\/\\\/www.euroresidentes.com\\\/empresa\\\/derecho-mercantil\\\/comportamientos-trabajo-pueden-suponer-despido-falta-grave\\\/#primaryimage\"},\"thumbnailUrl\":\"https:\\\/\\\/www.euroresidentes.com\\\/empresa\\\/derecho-mercantil\\\/wp-content\\\/uploads\\\/sites\\\/12\\\/2020\\\/01\\\/despido-falta-grave.jpg\",\"datePublished\":\"2020-01-30T16:08:09+00:00\",\"dateModified\":\"2020-08-12T13:56:09+00:00\",\"author\":{\"@id\":\"https:\\\/\\\/www.euroresidentes.com\\\/empresa\\\/derecho-mercantil\\\/#\\\/schema\\\/person\\\/1f848038ac5623245414f398a267708f\"},\"breadcrumb\":{\"@id\":\"https:\\\/\\\/www.euroresidentes.com\\\/empresa\\\/derecho-mercantil\\\/comportamientos-trabajo-pueden-suponer-despido-falta-grave\\\/#breadcrumb\"},\"inLanguage\":\"es\",\"potentialAction\":[{\"@type\":\"ReadAction\",\"target\":[\"https:\\\/\\\/www.euroresidentes.com\\\/empresa\\\/derecho-mercantil\\\/comportamientos-trabajo-pueden-suponer-despido-falta-grave\\\/\"]}]},{\"@type\":\"ImageObject\",\"inLanguage\":\"es\",\"@id\":\"https:\\\/\\\/www.euroresidentes.com\\\/empresa\\\/derecho-mercantil\\\/comportamientos-trabajo-pueden-suponer-despido-falta-grave\\\/#primaryimage\",\"url\":\"https:\\\/\\\/www.euroresidentes.com\\\/empresa\\\/derecho-mercantil\\\/wp-content\\\/uploads\\\/sites\\\/12\\\/2020\\\/01\\\/despido-falta-grave.jpg\",\"contentUrl\":\"https:\\\/\\\/www.euroresidentes.com\\\/empresa\\\/derecho-mercantil\\\/wp-content\\\/uploads\\\/sites\\\/12\\\/2020\\\/01\\\/despido-falta-grave.jpg\",\"width\":626,\"height\":296,\"caption\":\"Foto: www.freepik.com\"},{\"@type\":\"BreadcrumbList\",\"@id\":\"https:\\\/\\\/www.euroresidentes.com\\\/empresa\\\/derecho-mercantil\\\/comportamientos-trabajo-pueden-suponer-despido-falta-grave\\\/#breadcrumb\",\"itemListElement\":[{\"@type\":\"ListItem\",\"position\":1,\"name\":\"Portada\",\"item\":\"https:\\\/\\\/www.euroresidentes.com\\\/empresa\\\/derecho-mercantil\\\/\"},{\"@type\":\"ListItem\",\"position\":2,\"name\":\"\u00bfQu\u00e9 comportamientos en el trabajo pueden suponer un despido o falta grave?\"}]},{\"@type\":\"WebSite\",\"@id\":\"https:\\\/\\\/www.euroresidentes.com\\\/empresa\\\/derecho-mercantil\\\/#website\",\"url\":\"https:\\\/\\\/www.euroresidentes.com\\\/empresa\\\/derecho-mercantil\\\/\",\"name\":\"Derecho Mercantil\",\"description\":\"Derecho y Empresa Euroresidentes\",\"potentialAction\":[{\"@type\":\"SearchAction\",\"target\":{\"@type\":\"EntryPoint\",\"urlTemplate\":\"https:\\\/\\\/www.euroresidentes.com\\\/empresa\\\/derecho-mercantil\\\/?s={search_term_string}\"},\"query-input\":{\"@type\":\"PropertyValueSpecification\",\"valueRequired\":true,\"valueName\":\"search_term_string\"}}],\"inLanguage\":\"es\"},{\"@type\":\"Person\",\"@id\":\"https:\\\/\\\/www.euroresidentes.com\\\/empresa\\\/derecho-mercantil\\\/#\\\/schema\\\/person\\\/1f848038ac5623245414f398a267708f\",\"name\":\"Manuel Pomares\",\"image\":{\"@type\":\"ImageObject\",\"inLanguage\":\"es\",\"@id\":\"https:\\\/\\\/www.euroresidentes.com\\\/empresa\\\/derecho-mercantil\\\/wp-content\\\/uploads\\\/sites\\\/12\\\/2016\\\/08\\\/manuel-pomares-abogados-150x150.jpg\",\"url\":\"https:\\\/\\\/www.euroresidentes.com\\\/empresa\\\/derecho-mercantil\\\/wp-content\\\/uploads\\\/sites\\\/12\\\/2016\\\/08\\\/manuel-pomares-abogados-150x150.jpg\",\"contentUrl\":\"https:\\\/\\\/www.euroresidentes.com\\\/empresa\\\/derecho-mercantil\\\/wp-content\\\/uploads\\\/sites\\\/12\\\/2016\\\/08\\\/manuel-pomares-abogados-150x150.jpg\",\"caption\":\"Manuel Pomares\"},\"description\":\"Manuel PomaresAbogado y socio director de la firma Pomares Abogados. Especialista en derecho mercantil-societario, bancario y responsabilidad civil-seguro.\",\"sameAs\":[\"http:\\\/\\\/www.euroresidentes.com\\\/empresa\\\/manuel-pomares-2.html\"],\"url\":\"https:\\\/\\\/www.euroresidentes.com\\\/empresa\\\/derecho-mercantil\\\/author\\\/manuel\\\/\"}]}<\/script>\n<!-- \/ Yoast SEO plugin. -->","yoast_head_json":{"title":"\u00bfQu\u00e9 comportamientos en el trabajo pueden suponer un despido o falta grave? - Derecho Mercantil","robots":{"index":"index","follow":"follow","max-snippet":"max-snippet:-1","max-image-preview":"max-image-preview:large","max-video-preview":"max-video-preview:-1"},"canonical":"https:\/\/www.euroresidentes.com\/empresa\/derecho-mercantil\/comportamientos-trabajo-pueden-suponer-despido-falta-grave\/","og_locale":"es_ES","og_type":"article","og_title":"\u00bfQu\u00e9 comportamientos en el trabajo pueden suponer un despido o falta grave? - Derecho Mercantil","og_description":"Son frecuentes los pronunciamientos de nuestro Alto Tribunal en los que se enjuician comportamientos inadecuados en el trabajo que suponen una transgresi\u00f3n de la buena fe contractual y que terminan finalmente en un despido o una falta laboral grave. Podr\u00edamos definir la transgresi\u00f3n de la buena fe contractual como\u00a0la p\u00e9rdida de confianza derivado de un comportamiento intencionado de un trabajador que incumple sus obligaciones o intenta enga\u00f1ar a la empresa. Hay que tener en cuenta que son rec\u00edprocas las obligaciones que ligan al trabajador con el empresario. En el desempe\u00f1o de estas obligaciones se ha de respetar, en todo momento,","og_url":"https:\/\/www.euroresidentes.com\/empresa\/derecho-mercantil\/comportamientos-trabajo-pueden-suponer-despido-falta-grave\/","og_site_name":"Derecho Mercantil","article_publisher":"https:\/\/www.facebook.com\/euroresidentes\/","article_published_time":"2020-01-30T16:08:09+00:00","article_modified_time":"2020-08-12T13:56:09+00:00","og_image":[{"width":626,"height":296,"url":"https:\/\/www.euroresidentes.com\/empresa\/derecho-mercantil\/wp-content\/uploads\/sites\/12\/2020\/01\/despido-falta-grave.jpg","type":"image\/jpeg"}],"author":"Manuel Pomares","twitter_card":"summary_large_image","twitter_misc":{"Written by":"Manuel Pomares","Est. reading time":"6 minutos"},"schema":{"@context":"https:\/\/schema.org","@graph":[{"@type":"Article","@id":"https:\/\/www.euroresidentes.com\/empresa\/derecho-mercantil\/comportamientos-trabajo-pueden-suponer-despido-falta-grave\/#article","isPartOf":{"@id":"https:\/\/www.euroresidentes.com\/empresa\/derecho-mercantil\/comportamientos-trabajo-pueden-suponer-despido-falta-grave\/"},"author":{"name":"Manuel Pomares","@id":"https:\/\/www.euroresidentes.com\/empresa\/derecho-mercantil\/#\/schema\/person\/1f848038ac5623245414f398a267708f"},"headline":"\u00bfQu\u00e9 comportamientos en el trabajo pueden suponer un despido o falta grave?","datePublished":"2020-01-30T16:08:09+00:00","dateModified":"2020-08-12T13:56:09+00:00","mainEntityOfPage":{"@id":"https:\/\/www.euroresidentes.com\/empresa\/derecho-mercantil\/comportamientos-trabajo-pueden-suponer-despido-falta-grave\/"},"wordCount":1125,"commentCount":0,"image":{"@id":"https:\/\/www.euroresidentes.com\/empresa\/derecho-mercantil\/comportamientos-trabajo-pueden-suponer-despido-falta-grave\/#primaryimage"},"thumbnailUrl":"https:\/\/www.euroresidentes.com\/empresa\/derecho-mercantil\/wp-content\/uploads\/sites\/12\/2020\/01\/despido-falta-grave.jpg","keywords":["derecho laboral"],"articleSection":["General"],"inLanguage":"es","potentialAction":[{"@type":"CommentAction","name":"Comment","target":["https:\/\/www.euroresidentes.com\/empresa\/derecho-mercantil\/comportamientos-trabajo-pueden-suponer-despido-falta-grave\/#respond"]}]},{"@type":"WebPage","@id":"https:\/\/www.euroresidentes.com\/empresa\/derecho-mercantil\/comportamientos-trabajo-pueden-suponer-despido-falta-grave\/","url":"https:\/\/www.euroresidentes.com\/empresa\/derecho-mercantil\/comportamientos-trabajo-pueden-suponer-despido-falta-grave\/","name":"\u00bfQu\u00e9 comportamientos en el trabajo pueden suponer un despido o falta grave? - Derecho Mercantil","isPartOf":{"@id":"https:\/\/www.euroresidentes.com\/empresa\/derecho-mercantil\/#website"},"primaryImageOfPage":{"@id":"https:\/\/www.euroresidentes.com\/empresa\/derecho-mercantil\/comportamientos-trabajo-pueden-suponer-despido-falta-grave\/#primaryimage"},"image":{"@id":"https:\/\/www.euroresidentes.com\/empresa\/derecho-mercantil\/comportamientos-trabajo-pueden-suponer-despido-falta-grave\/#primaryimage"},"thumbnailUrl":"https:\/\/www.euroresidentes.com\/empresa\/derecho-mercantil\/wp-content\/uploads\/sites\/12\/2020\/01\/despido-falta-grave.jpg","datePublished":"2020-01-30T16:08:09+00:00","dateModified":"2020-08-12T13:56:09+00:00","author":{"@id":"https:\/\/www.euroresidentes.com\/empresa\/derecho-mercantil\/#\/schema\/person\/1f848038ac5623245414f398a267708f"},"breadcrumb":{"@id":"https:\/\/www.euroresidentes.com\/empresa\/derecho-mercantil\/comportamientos-trabajo-pueden-suponer-despido-falta-grave\/#breadcrumb"},"inLanguage":"es","potentialAction":[{"@type":"ReadAction","target":["https:\/\/www.euroresidentes.com\/empresa\/derecho-mercantil\/comportamientos-trabajo-pueden-suponer-despido-falta-grave\/"]}]},{"@type":"ImageObject","inLanguage":"es","@id":"https:\/\/www.euroresidentes.com\/empresa\/derecho-mercantil\/comportamientos-trabajo-pueden-suponer-despido-falta-grave\/#primaryimage","url":"https:\/\/www.euroresidentes.com\/empresa\/derecho-mercantil\/wp-content\/uploads\/sites\/12\/2020\/01\/despido-falta-grave.jpg","contentUrl":"https:\/\/www.euroresidentes.com\/empresa\/derecho-mercantil\/wp-content\/uploads\/sites\/12\/2020\/01\/despido-falta-grave.jpg","width":626,"height":296,"caption":"Foto: www.freepik.com"},{"@type":"BreadcrumbList","@id":"https:\/\/www.euroresidentes.com\/empresa\/derecho-mercantil\/comportamientos-trabajo-pueden-suponer-despido-falta-grave\/#breadcrumb","itemListElement":[{"@type":"ListItem","position":1,"name":"Portada","item":"https:\/\/www.euroresidentes.com\/empresa\/derecho-mercantil\/"},{"@type":"ListItem","position":2,"name":"\u00bfQu\u00e9 comportamientos en el trabajo pueden suponer un despido o falta grave?"}]},{"@type":"WebSite","@id":"https:\/\/www.euroresidentes.com\/empresa\/derecho-mercantil\/#website","url":"https:\/\/www.euroresidentes.com\/empresa\/derecho-mercantil\/","name":"Derecho Mercantil","description":"Derecho y Empresa Euroresidentes","potentialAction":[{"@type":"SearchAction","target":{"@type":"EntryPoint","urlTemplate":"https:\/\/www.euroresidentes.com\/empresa\/derecho-mercantil\/?s={search_term_string}"},"query-input":{"@type":"PropertyValueSpecification","valueRequired":true,"valueName":"search_term_string"}}],"inLanguage":"es"},{"@type":"Person","@id":"https:\/\/www.euroresidentes.com\/empresa\/derecho-mercantil\/#\/schema\/person\/1f848038ac5623245414f398a267708f","name":"Manuel Pomares","image":{"@type":"ImageObject","inLanguage":"es","@id":"https:\/\/www.euroresidentes.com\/empresa\/derecho-mercantil\/wp-content\/uploads\/sites\/12\/2016\/08\/manuel-pomares-abogados-150x150.jpg","url":"https:\/\/www.euroresidentes.com\/empresa\/derecho-mercantil\/wp-content\/uploads\/sites\/12\/2016\/08\/manuel-pomares-abogados-150x150.jpg","contentUrl":"https:\/\/www.euroresidentes.com\/empresa\/derecho-mercantil\/wp-content\/uploads\/sites\/12\/2016\/08\/manuel-pomares-abogados-150x150.jpg","caption":"Manuel Pomares"},"description":"Manuel PomaresAbogado y socio director de la firma Pomares Abogados. Especialista en derecho mercantil-societario, bancario y responsabilidad civil-seguro.","sameAs":["http:\/\/www.euroresidentes.com\/empresa\/manuel-pomares-2.html"],"url":"https:\/\/www.euroresidentes.com\/empresa\/derecho-mercantil\/author\/manuel\/"}]}},"_links":{"self":[{"href":"https:\/\/www.euroresidentes.com\/empresa\/derecho-mercantil\/wp-json\/wp\/v2\/posts\/2212","targetHints":{"allow":["GET"]}}],"collection":[{"href":"https:\/\/www.euroresidentes.com\/empresa\/derecho-mercantil\/wp-json\/wp\/v2\/posts"}],"about":[{"href":"https:\/\/www.euroresidentes.com\/empresa\/derecho-mercantil\/wp-json\/wp\/v2\/types\/post"}],"author":[{"embeddable":true,"href":"https:\/\/www.euroresidentes.com\/empresa\/derecho-mercantil\/wp-json\/wp\/v2\/users\/9"}],"replies":[{"embeddable":true,"href":"https:\/\/www.euroresidentes.com\/empresa\/derecho-mercantil\/wp-json\/wp\/v2\/comments?post=2212"}],"version-history":[{"count":8,"href":"https:\/\/www.euroresidentes.com\/empresa\/derecho-mercantil\/wp-json\/wp\/v2\/posts\/2212\/revisions"}],"predecessor-version":[{"id":2308,"href":"https:\/\/www.euroresidentes.com\/empresa\/derecho-mercantil\/wp-json\/wp\/v2\/posts\/2212\/revisions\/2308"}],"wp:featuredmedia":[{"embeddable":true,"href":"https:\/\/www.euroresidentes.com\/empresa\/derecho-mercantil\/wp-json\/wp\/v2\/media\/2307"}],"wp:attachment":[{"href":"https:\/\/www.euroresidentes.com\/empresa\/derecho-mercantil\/wp-json\/wp\/v2\/media?parent=2212"}],"wp:term":[{"taxonomy":"category","embeddable":true,"href":"https:\/\/www.euroresidentes.com\/empresa\/derecho-mercantil\/wp-json\/wp\/v2\/categories?post=2212"},{"taxonomy":"post_tag","embeddable":true,"href":"https:\/\/www.euroresidentes.com\/empresa\/derecho-mercantil\/wp-json\/wp\/v2\/tags?post=2212"}],"curies":[{"name":"wp","href":"https:\/\/api.w.org\/{rel}","templated":true}]}}