
{"id":2150,"date":"2019-11-26T16:07:33","date_gmt":"2019-11-26T15:07:33","guid":{"rendered":"http:\/\/www.euroresidentes.com\/empresa\/derecho-mercantil\/?p=2150"},"modified":"2019-11-28T14:57:26","modified_gmt":"2019-11-28T13:57:26","slug":"pueden-las-companias-aereas-cobrar-suplementos-los-pasajeros-transportar-equipaje-mano","status":"publish","type":"post","link":"https:\/\/www.euroresidentes.com\/empresa\/derecho-mercantil\/pueden-las-companias-aereas-cobrar-suplementos-los-pasajeros-transportar-equipaje-mano\/","title":{"rendered":"\u00bfPueden las compa\u00f1\u00edas a\u00e9reas cobrar suplementos a los pasajeros por transportar equipaje de mano?"},"content":{"rendered":"<p style=\"text-align: left;\">A la hora de organizar un viaje, diversas p\u00e1ginas webs de aerol\u00edneas, entre las que destacamos Ryanair, Iberia, Vueling, Air Europa, etc, tienen espec\u00edficamente diversos apartados en los cuales se indica cu\u00e1l es el equipaje de mano permitido, o el tipo de maleta que deben o no deben facturar, as\u00ed como las medidas y el peso de las mismas.<\/p>\n<p style=\"text-align: left;\">Con la informaci\u00f3n anteriormente expuesta y facilitada por las propias aerol\u00edneas, una gran cantidad de pasajeros proceden a sacar y reservar sus billetes de vuelo. No obstante, la mayor\u00eda de ellos, desconocen <strong>varios t\u00e9rminos que deber\u00edan ser conocidos al objeto de evitar futuros contratiempos<\/strong>, como por ejemplo \u00bfqu\u00e9 se entiende por equipaje a facturar y por equipaje no facturado o tambi\u00e9n conocido como <em>\u201cequipaje de mano\u201d<\/em>?.<\/p>\n<h3 style=\"text-align: left;\">Diferencia entre equipaje a facturar y el equipaje no facturado<\/h3>\n<p style=\"text-align: left;\">El equipaje facturado, es aquel equipaje que la gente entiende que va en la bodega de los aviones y que no debe acompa\u00f1arnos en la cabina del avi\u00f3n. Es decir, es un conjunto de pertenencias personales que debemos abonar una cuant\u00eda econ\u00f3mica (suplemento) ante la compa\u00f1\u00eda a\u00e9rea contratada, al no ser considerado un servicio indispensable para el transporte del pasajero.<\/p>\n<p style=\"text-align: left;\">Mientras, que por otro lado, el equipaje no facturado o <em>\u201cequipaje de mano\u201d,<\/em> se corresponde con aquel tipo de pertenencias indispensables para el pasajero y que por ello todo pasajero debe llevar consigo dentro de la cabina del avi\u00f3n.<\/p>\n<p><a href=\"http:\/\/www.euroresidentes.com\/empresa\/derecho-mercantil\/wp-content\/uploads\/sites\/12\/2019\/11\/airport-519020_1920.jpg\"><img loading=\"lazy\" decoding=\"async\" class=\"aligncenter wp-image-2151\" src=\"http:\/\/www.euroresidentes.com\/empresa\/derecho-mercantil\/wp-content\/uploads\/sites\/12\/2019\/11\/airport-519020_1920-300x200.jpg\" alt=\"\" width=\"400\" height=\"267\" srcset=\"https:\/\/www.euroresidentes.com\/empresa\/derecho-mercantil\/wp-content\/uploads\/sites\/12\/2019\/11\/airport-519020_1920-300x200.jpg 300w, https:\/\/www.euroresidentes.com\/empresa\/derecho-mercantil\/wp-content\/uploads\/sites\/12\/2019\/11\/airport-519020_1920-768x512.jpg 768w, https:\/\/www.euroresidentes.com\/empresa\/derecho-mercantil\/wp-content\/uploads\/sites\/12\/2019\/11\/airport-519020_1920.jpg 1024w, https:\/\/www.euroresidentes.com\/empresa\/derecho-mercantil\/wp-content\/uploads\/sites\/12\/2019\/11\/airport-519020_1920-446x297.jpg 446w\" sizes=\"auto, (max-width: 400px) 100vw, 400px\" \/><\/a>\u00a0\u00a0\u00a0\u00a0\u00a0\u00a0\u00a0\u00a0\u00a0\u00a0\u00a0\u00a0\u00a0\u00a0\u00a0<\/p>\n<p style=\"text-align: left;\"><strong>Ley reguladora<\/strong><\/p>\n<p style=\"text-align: left;\">La Ley que regula dicha materia, es la Ley 48\/1960 de fecha 21 de julio, sobre la Navegaci\u00f3n A\u00e9rea. Concretamente el cap\u00edtulo XII hace referencia de forma exclusiva al transporte de viajeros, debiendo hacer especial menci\u00f3n al art\u00edculo 97 de la Ley Rituaria, cuyo tenor literal es el siguiente:<em>\u00a0<\/em><\/p>\n<p style=\"text-align: left;\"><em>\u201cEl transportista estar\u00e1 obligado a transportar juntamente con los viajeros, y dentro del precio del billete, el equipaje, con los l\u00edmites de peso y volumen que fijen los Reglamentos. El exceso ser\u00e1 objeto de estipulaci\u00f3n especial.<\/em><\/p>\n<p style=\"text-align: justify;\"><em>No se considerar\u00e1n equipaje a este efecto los objetos y bultos de mano que el viajero lleve consigo.\u201d<\/em><\/p>\n<p style=\"text-align: left;\">C\u00f3mo se puede extraer del contenido jur\u00eddico del art\u00edculo, los pasajeros tienen derecho por Ley de viajar con un equipaje no facturado o <em>\u201cde mano\u201d<\/em>, sin coste econ\u00f3mico alguno sobre el billete del pasajero. El equipaje de mano consiste, por tanto, en un bolso y una maleta peque\u00f1a o mochila, cuyos tama\u00f1os s\u00ed que vienen determinados por las compa\u00f1\u00edas. \u00a0<\/p>\n<p style=\"text-align: left;\">La Ley 48\/1960, puede entrar en conflicto seg\u00fan las aerol\u00edneas con el art\u00edculo 22 del Reglamento 1008\/2008 del Parlamento Europeo y del Consejo, de fecha 24 de septiembre de 2008, sobre normas comunes para la explotaci\u00f3n de servicios a\u00e9reos en la Comunidad. Dicho art\u00edculo establece la libertad de fijaci\u00f3n de precios, no obstante, dicha norma no aborda la tarifa de presi\u00f3n en relaci\u00f3n al equipaje con el que viaje el pasajero.<\/p>\n<p style=\"text-align: left;\"><strong>\u00bfQu\u00e9 dice la Jurisprudencia sobre la reclamaci\u00f3n de cantidades respecto a los equipajes de manos?<\/strong><\/p>\n<p style=\"text-align: left;\">Recientemente y de forma novedosa, el Juzgado de lo Mercantil n.\u00ba 13 de Madrid, se ha pronunciado al respecto en su Sentencia 373\/2019, de fecha 24 de octubre de 2019, dimanante el presente procedimiento del juicio verbal 678\/2019, dirigida contra una aerol\u00ednea concreta, <em>\u201cRyanair\u201d.<\/em><\/p>\n<p>Tras un estudio minucioso del caso, todo parece concluir a una mera reclamaci\u00f3n de cantidad interpuesta por una pasajera a la aerol\u00ednea <em>\u201cRyanair\u201d<\/em>, dado que la misma fue obligada en la puerta de embarque a abonar 20 euros m\u00e1s de lo pactado en el billete de avi\u00f3n, por querer llevar consigo una maleta de mano (elemento indispensable), y toda la problem\u00e1tica derivaba a que la pasajera no ostentaba un billete <em>\u201cpriority\u201d. <\/em><\/p>\n<p>Como hemos podido comprobar con la Ley de Navegaci\u00f3n A\u00e9rea y con la distinci\u00f3n entre equipaje que se debe facturar y equipaje que no se debe facturar, es obvio y notorio el error cometido por la aerol\u00ednea, declar\u00e1ndose as\u00ed por la Sentencia 373\/2019, abusiva la pr\u00e1ctica comercial, respecto al hecho de tener que abonar un suplemento por algo que ya debe de ir incluido en el pago del billete de viaje.<\/p>\n<p>Aunque muy recientemente se haya pronunciado el Juzgado de lo Mercantil de Madrid, lo cierto y verdad es que ya existi\u00f3 un tema de similares caracter\u00edsticas abordada por el Tribunal de Justicia de la Uni\u00f3n Europea en la Sentencia de fecha 18 de septiembre de 2014, C \u2013 487\/2012, distinguiendo entre equipaje facturado y no facturado, concluyendo conforme a la actual Sentencia del Juzgado de lo Mercantil de Madrid<\/p>\n<p style=\"text-align: left;\">En conclusi\u00f3n, gracias al pronunciamiento de la Sentencia, esta servir\u00e1 para que otras aerol\u00edneas, eliminen o no instauren dicha pr\u00e1ctica comercial, pues es un derecho que todo pasajero tiene y que por dicho derecho no se deber\u00edan de imponer importes econ\u00f3micos m\u00e1s elevados, al ya exigido. De no ser as\u00ed, la resoluci\u00f3n judicial servir\u00e1 de precedente para que otros pasajeros puedan reclamar las cantidades cobradas por las aerol\u00edneas con respecto al equipaje.\u00a0<\/p>\n<p><strong>Lecturas relacionadas:<\/strong><\/p>\n<ul>\n<li><a href=\"https:\/\/www.euroresidentes.com\/empresa\/derecho-mercantil\/la-perdida-del-equipaje-nuevo-marco-legislativo\">La p\u00e9rdida del equipaje, nuevo marco legislativo<\/a><\/li>\n<\/ul>\n","protected":false},"excerpt":{"rendered":"<p>A la hora de organizar un viaje, diversas p\u00e1ginas webs de aerol\u00edneas, entre las que destacamos Ryanair, Iberia, Vueling, Air Europa, etc, tienen espec\u00edficamente diversos apartados en los cuales se indica cu\u00e1l es el equipaje de mano permitido, o el tipo de maleta que deben o no deben facturar, as\u00ed como las medidas y el peso de las mismas. Con la informaci\u00f3n anteriormente expuesta y facilitada por las propias aerol\u00edneas, una gran cantidad de pasajeros proceden a sacar y reservar sus billetes de vuelo. No obstante, la mayor\u00eda de ellos, desconocen varios t\u00e9rminos que deber\u00edan ser conocidos al objeto de <\/p>\n","protected":false},"author":9,"featured_media":2151,"comment_status":"open","ping_status":"closed","sticky":false,"template":"","format":"standard","meta":{"footnotes":""},"categories":[15],"tags":[302,205,301],"class_list":["post-2150","post","type-post","status-publish","format-standard","has-post-thumbnail","hentry","category-general","tag-aerolineas","tag-equipaje","tag-suplemento","has_thumb"],"yoast_head":"<!-- This site is optimized with the Yoast SEO plugin v27.5 - https:\/\/yoast.com\/product\/yoast-seo-wordpress\/ -->\n<title>\u00bfPueden las compa\u00f1\u00edas a\u00e9reas cobrar suplementos a los pasajeros por transportar equipaje de mano? - Derecho Mercantil<\/title>\n<meta name=\"robots\" content=\"index, follow, max-snippet:-1, max-image-preview:large, max-video-preview:-1\" \/>\n<link rel=\"canonical\" href=\"https:\/\/www.euroresidentes.com\/empresa\/derecho-mercantil\/pueden-las-companias-aereas-cobrar-suplementos-los-pasajeros-transportar-equipaje-mano\/\" \/>\n<meta property=\"og:locale\" content=\"es_ES\" \/>\n<meta property=\"og:type\" content=\"article\" \/>\n<meta property=\"og:title\" content=\"\u00bfPueden las compa\u00f1\u00edas a\u00e9reas cobrar suplementos a los pasajeros por transportar equipaje de mano? - Derecho Mercantil\" \/>\n<meta property=\"og:description\" content=\"A la hora de organizar un viaje, diversas p\u00e1ginas webs de aerol\u00edneas, entre las que destacamos Ryanair, Iberia, Vueling, Air Europa, etc, tienen espec\u00edficamente diversos apartados en los cuales se indica cu\u00e1l es el equipaje de mano permitido, o el tipo de maleta que deben o no deben facturar, as\u00ed como las medidas y el peso de las mismas. Con la informaci\u00f3n anteriormente expuesta y facilitada por las propias aerol\u00edneas, una gran cantidad de pasajeros proceden a sacar y reservar sus billetes de vuelo. No obstante, la mayor\u00eda de ellos, desconocen varios t\u00e9rminos que deber\u00edan ser conocidos al objeto de\" \/>\n<meta property=\"og:url\" content=\"https:\/\/www.euroresidentes.com\/empresa\/derecho-mercantil\/pueden-las-companias-aereas-cobrar-suplementos-los-pasajeros-transportar-equipaje-mano\/\" \/>\n<meta property=\"og:site_name\" content=\"Derecho Mercantil\" \/>\n<meta property=\"article:publisher\" content=\"https:\/\/www.facebook.com\/euroresidentes\/\" \/>\n<meta property=\"article:published_time\" content=\"2019-11-26T15:07:33+00:00\" \/>\n<meta property=\"article:modified_time\" content=\"2019-11-28T13:57:26+00:00\" \/>\n<meta property=\"og:image\" content=\"https:\/\/www.euroresidentes.com\/empresa\/derecho-mercantil\/wp-content\/uploads\/sites\/12\/2019\/11\/airport-519020_1920.jpg\" \/>\n\t<meta property=\"og:image:width\" content=\"1024\" \/>\n\t<meta property=\"og:image:height\" content=\"683\" \/>\n\t<meta property=\"og:image:type\" content=\"image\/jpeg\" \/>\n<meta name=\"author\" content=\"Manuel Pomares\" \/>\n<meta name=\"twitter:card\" content=\"summary_large_image\" \/>\n<meta name=\"twitter:label1\" content=\"Written by\" \/>\n\t<meta name=\"twitter:data1\" content=\"Manuel Pomares\" \/>\n\t<meta name=\"twitter:label2\" content=\"Est. reading time\" \/>\n\t<meta name=\"twitter:data2\" content=\"4 minutos\" \/>\n<script type=\"application\/ld+json\" class=\"yoast-schema-graph\">{\"@context\":\"https:\\\/\\\/schema.org\",\"@graph\":[{\"@type\":\"Article\",\"@id\":\"https:\\\/\\\/www.euroresidentes.com\\\/empresa\\\/derecho-mercantil\\\/pueden-las-companias-aereas-cobrar-suplementos-los-pasajeros-transportar-equipaje-mano\\\/#article\",\"isPartOf\":{\"@id\":\"https:\\\/\\\/www.euroresidentes.com\\\/empresa\\\/derecho-mercantil\\\/pueden-las-companias-aereas-cobrar-suplementos-los-pasajeros-transportar-equipaje-mano\\\/\"},\"author\":{\"name\":\"Manuel Pomares\",\"@id\":\"https:\\\/\\\/www.euroresidentes.com\\\/empresa\\\/derecho-mercantil\\\/#\\\/schema\\\/person\\\/1f848038ac5623245414f398a267708f\"},\"headline\":\"\u00bfPueden las compa\u00f1\u00edas a\u00e9reas cobrar suplementos a los pasajeros por transportar equipaje de mano?\",\"datePublished\":\"2019-11-26T15:07:33+00:00\",\"dateModified\":\"2019-11-28T13:57:26+00:00\",\"mainEntityOfPage\":{\"@id\":\"https:\\\/\\\/www.euroresidentes.com\\\/empresa\\\/derecho-mercantil\\\/pueden-las-companias-aereas-cobrar-suplementos-los-pasajeros-transportar-equipaje-mano\\\/\"},\"wordCount\":882,\"commentCount\":0,\"image\":{\"@id\":\"https:\\\/\\\/www.euroresidentes.com\\\/empresa\\\/derecho-mercantil\\\/pueden-las-companias-aereas-cobrar-suplementos-los-pasajeros-transportar-equipaje-mano\\\/#primaryimage\"},\"thumbnailUrl\":\"https:\\\/\\\/www.euroresidentes.com\\\/empresa\\\/derecho-mercantil\\\/wp-content\\\/uploads\\\/sites\\\/12\\\/2019\\\/11\\\/airport-519020_1920.jpg\",\"keywords\":[\"aerol\u00edneas\",\"Equipaje\",\"suplemento\"],\"articleSection\":[\"General\"],\"inLanguage\":\"es\",\"potentialAction\":[{\"@type\":\"CommentAction\",\"name\":\"Comment\",\"target\":[\"https:\\\/\\\/www.euroresidentes.com\\\/empresa\\\/derecho-mercantil\\\/pueden-las-companias-aereas-cobrar-suplementos-los-pasajeros-transportar-equipaje-mano\\\/#respond\"]}]},{\"@type\":\"WebPage\",\"@id\":\"https:\\\/\\\/www.euroresidentes.com\\\/empresa\\\/derecho-mercantil\\\/pueden-las-companias-aereas-cobrar-suplementos-los-pasajeros-transportar-equipaje-mano\\\/\",\"url\":\"https:\\\/\\\/www.euroresidentes.com\\\/empresa\\\/derecho-mercantil\\\/pueden-las-companias-aereas-cobrar-suplementos-los-pasajeros-transportar-equipaje-mano\\\/\",\"name\":\"\u00bfPueden las compa\u00f1\u00edas a\u00e9reas cobrar suplementos a los pasajeros por transportar equipaje de mano? - Derecho Mercantil\",\"isPartOf\":{\"@id\":\"https:\\\/\\\/www.euroresidentes.com\\\/empresa\\\/derecho-mercantil\\\/#website\"},\"primaryImageOfPage\":{\"@id\":\"https:\\\/\\\/www.euroresidentes.com\\\/empresa\\\/derecho-mercantil\\\/pueden-las-companias-aereas-cobrar-suplementos-los-pasajeros-transportar-equipaje-mano\\\/#primaryimage\"},\"image\":{\"@id\":\"https:\\\/\\\/www.euroresidentes.com\\\/empresa\\\/derecho-mercantil\\\/pueden-las-companias-aereas-cobrar-suplementos-los-pasajeros-transportar-equipaje-mano\\\/#primaryimage\"},\"thumbnailUrl\":\"https:\\\/\\\/www.euroresidentes.com\\\/empresa\\\/derecho-mercantil\\\/wp-content\\\/uploads\\\/sites\\\/12\\\/2019\\\/11\\\/airport-519020_1920.jpg\",\"datePublished\":\"2019-11-26T15:07:33+00:00\",\"dateModified\":\"2019-11-28T13:57:26+00:00\",\"author\":{\"@id\":\"https:\\\/\\\/www.euroresidentes.com\\\/empresa\\\/derecho-mercantil\\\/#\\\/schema\\\/person\\\/1f848038ac5623245414f398a267708f\"},\"breadcrumb\":{\"@id\":\"https:\\\/\\\/www.euroresidentes.com\\\/empresa\\\/derecho-mercantil\\\/pueden-las-companias-aereas-cobrar-suplementos-los-pasajeros-transportar-equipaje-mano\\\/#breadcrumb\"},\"inLanguage\":\"es\",\"potentialAction\":[{\"@type\":\"ReadAction\",\"target\":[\"https:\\\/\\\/www.euroresidentes.com\\\/empresa\\\/derecho-mercantil\\\/pueden-las-companias-aereas-cobrar-suplementos-los-pasajeros-transportar-equipaje-mano\\\/\"]}]},{\"@type\":\"ImageObject\",\"inLanguage\":\"es\",\"@id\":\"https:\\\/\\\/www.euroresidentes.com\\\/empresa\\\/derecho-mercantil\\\/pueden-las-companias-aereas-cobrar-suplementos-los-pasajeros-transportar-equipaje-mano\\\/#primaryimage\",\"url\":\"https:\\\/\\\/www.euroresidentes.com\\\/empresa\\\/derecho-mercantil\\\/wp-content\\\/uploads\\\/sites\\\/12\\\/2019\\\/11\\\/airport-519020_1920.jpg\",\"contentUrl\":\"https:\\\/\\\/www.euroresidentes.com\\\/empresa\\\/derecho-mercantil\\\/wp-content\\\/uploads\\\/sites\\\/12\\\/2019\\\/11\\\/airport-519020_1920.jpg\",\"width\":1024,\"height\":683},{\"@type\":\"BreadcrumbList\",\"@id\":\"https:\\\/\\\/www.euroresidentes.com\\\/empresa\\\/derecho-mercantil\\\/pueden-las-companias-aereas-cobrar-suplementos-los-pasajeros-transportar-equipaje-mano\\\/#breadcrumb\",\"itemListElement\":[{\"@type\":\"ListItem\",\"position\":1,\"name\":\"Portada\",\"item\":\"https:\\\/\\\/www.euroresidentes.com\\\/empresa\\\/derecho-mercantil\\\/\"},{\"@type\":\"ListItem\",\"position\":2,\"name\":\"\u00bfPueden las compa\u00f1\u00edas a\u00e9reas cobrar suplementos a los pasajeros por transportar equipaje de mano?\"}]},{\"@type\":\"WebSite\",\"@id\":\"https:\\\/\\\/www.euroresidentes.com\\\/empresa\\\/derecho-mercantil\\\/#website\",\"url\":\"https:\\\/\\\/www.euroresidentes.com\\\/empresa\\\/derecho-mercantil\\\/\",\"name\":\"Derecho Mercantil\",\"description\":\"Derecho y Empresa Euroresidentes\",\"potentialAction\":[{\"@type\":\"SearchAction\",\"target\":{\"@type\":\"EntryPoint\",\"urlTemplate\":\"https:\\\/\\\/www.euroresidentes.com\\\/empresa\\\/derecho-mercantil\\\/?s={search_term_string}\"},\"query-input\":{\"@type\":\"PropertyValueSpecification\",\"valueRequired\":true,\"valueName\":\"search_term_string\"}}],\"inLanguage\":\"es\"},{\"@type\":\"Person\",\"@id\":\"https:\\\/\\\/www.euroresidentes.com\\\/empresa\\\/derecho-mercantil\\\/#\\\/schema\\\/person\\\/1f848038ac5623245414f398a267708f\",\"name\":\"Manuel Pomares\",\"image\":{\"@type\":\"ImageObject\",\"inLanguage\":\"es\",\"@id\":\"https:\\\/\\\/www.euroresidentes.com\\\/empresa\\\/derecho-mercantil\\\/wp-content\\\/uploads\\\/sites\\\/12\\\/2016\\\/08\\\/manuel-pomares-abogados-150x150.jpg\",\"url\":\"https:\\\/\\\/www.euroresidentes.com\\\/empresa\\\/derecho-mercantil\\\/wp-content\\\/uploads\\\/sites\\\/12\\\/2016\\\/08\\\/manuel-pomares-abogados-150x150.jpg\",\"contentUrl\":\"https:\\\/\\\/www.euroresidentes.com\\\/empresa\\\/derecho-mercantil\\\/wp-content\\\/uploads\\\/sites\\\/12\\\/2016\\\/08\\\/manuel-pomares-abogados-150x150.jpg\",\"caption\":\"Manuel Pomares\"},\"description\":\"Manuel PomaresAbogado y socio director de la firma Pomares Abogados. Especialista en derecho mercantil-societario, bancario y responsabilidad civil-seguro.\",\"sameAs\":[\"http:\\\/\\\/www.euroresidentes.com\\\/empresa\\\/manuel-pomares-2.html\"],\"url\":\"https:\\\/\\\/www.euroresidentes.com\\\/empresa\\\/derecho-mercantil\\\/author\\\/manuel\\\/\"}]}<\/script>\n<!-- \/ Yoast SEO plugin. -->","yoast_head_json":{"title":"\u00bfPueden las compa\u00f1\u00edas a\u00e9reas cobrar suplementos a los pasajeros por transportar equipaje de mano? - Derecho Mercantil","robots":{"index":"index","follow":"follow","max-snippet":"max-snippet:-1","max-image-preview":"max-image-preview:large","max-video-preview":"max-video-preview:-1"},"canonical":"https:\/\/www.euroresidentes.com\/empresa\/derecho-mercantil\/pueden-las-companias-aereas-cobrar-suplementos-los-pasajeros-transportar-equipaje-mano\/","og_locale":"es_ES","og_type":"article","og_title":"\u00bfPueden las compa\u00f1\u00edas a\u00e9reas cobrar suplementos a los pasajeros por transportar equipaje de mano? - Derecho Mercantil","og_description":"A la hora de organizar un viaje, diversas p\u00e1ginas webs de aerol\u00edneas, entre las que destacamos Ryanair, Iberia, Vueling, Air Europa, etc, tienen espec\u00edficamente diversos apartados en los cuales se indica cu\u00e1l es el equipaje de mano permitido, o el tipo de maleta que deben o no deben facturar, as\u00ed como las medidas y el peso de las mismas. Con la informaci\u00f3n anteriormente expuesta y facilitada por las propias aerol\u00edneas, una gran cantidad de pasajeros proceden a sacar y reservar sus billetes de vuelo. No obstante, la mayor\u00eda de ellos, desconocen varios t\u00e9rminos que deber\u00edan ser conocidos al objeto de","og_url":"https:\/\/www.euroresidentes.com\/empresa\/derecho-mercantil\/pueden-las-companias-aereas-cobrar-suplementos-los-pasajeros-transportar-equipaje-mano\/","og_site_name":"Derecho Mercantil","article_publisher":"https:\/\/www.facebook.com\/euroresidentes\/","article_published_time":"2019-11-26T15:07:33+00:00","article_modified_time":"2019-11-28T13:57:26+00:00","og_image":[{"width":1024,"height":683,"url":"https:\/\/www.euroresidentes.com\/empresa\/derecho-mercantil\/wp-content\/uploads\/sites\/12\/2019\/11\/airport-519020_1920.jpg","type":"image\/jpeg"}],"author":"Manuel Pomares","twitter_card":"summary_large_image","twitter_misc":{"Written by":"Manuel Pomares","Est. reading time":"4 minutos"},"schema":{"@context":"https:\/\/schema.org","@graph":[{"@type":"Article","@id":"https:\/\/www.euroresidentes.com\/empresa\/derecho-mercantil\/pueden-las-companias-aereas-cobrar-suplementos-los-pasajeros-transportar-equipaje-mano\/#article","isPartOf":{"@id":"https:\/\/www.euroresidentes.com\/empresa\/derecho-mercantil\/pueden-las-companias-aereas-cobrar-suplementos-los-pasajeros-transportar-equipaje-mano\/"},"author":{"name":"Manuel Pomares","@id":"https:\/\/www.euroresidentes.com\/empresa\/derecho-mercantil\/#\/schema\/person\/1f848038ac5623245414f398a267708f"},"headline":"\u00bfPueden las compa\u00f1\u00edas a\u00e9reas cobrar suplementos a los pasajeros por transportar equipaje de mano?","datePublished":"2019-11-26T15:07:33+00:00","dateModified":"2019-11-28T13:57:26+00:00","mainEntityOfPage":{"@id":"https:\/\/www.euroresidentes.com\/empresa\/derecho-mercantil\/pueden-las-companias-aereas-cobrar-suplementos-los-pasajeros-transportar-equipaje-mano\/"},"wordCount":882,"commentCount":0,"image":{"@id":"https:\/\/www.euroresidentes.com\/empresa\/derecho-mercantil\/pueden-las-companias-aereas-cobrar-suplementos-los-pasajeros-transportar-equipaje-mano\/#primaryimage"},"thumbnailUrl":"https:\/\/www.euroresidentes.com\/empresa\/derecho-mercantil\/wp-content\/uploads\/sites\/12\/2019\/11\/airport-519020_1920.jpg","keywords":["aerol\u00edneas","Equipaje","suplemento"],"articleSection":["General"],"inLanguage":"es","potentialAction":[{"@type":"CommentAction","name":"Comment","target":["https:\/\/www.euroresidentes.com\/empresa\/derecho-mercantil\/pueden-las-companias-aereas-cobrar-suplementos-los-pasajeros-transportar-equipaje-mano\/#respond"]}]},{"@type":"WebPage","@id":"https:\/\/www.euroresidentes.com\/empresa\/derecho-mercantil\/pueden-las-companias-aereas-cobrar-suplementos-los-pasajeros-transportar-equipaje-mano\/","url":"https:\/\/www.euroresidentes.com\/empresa\/derecho-mercantil\/pueden-las-companias-aereas-cobrar-suplementos-los-pasajeros-transportar-equipaje-mano\/","name":"\u00bfPueden las compa\u00f1\u00edas a\u00e9reas cobrar suplementos a los pasajeros por transportar equipaje de mano? - Derecho Mercantil","isPartOf":{"@id":"https:\/\/www.euroresidentes.com\/empresa\/derecho-mercantil\/#website"},"primaryImageOfPage":{"@id":"https:\/\/www.euroresidentes.com\/empresa\/derecho-mercantil\/pueden-las-companias-aereas-cobrar-suplementos-los-pasajeros-transportar-equipaje-mano\/#primaryimage"},"image":{"@id":"https:\/\/www.euroresidentes.com\/empresa\/derecho-mercantil\/pueden-las-companias-aereas-cobrar-suplementos-los-pasajeros-transportar-equipaje-mano\/#primaryimage"},"thumbnailUrl":"https:\/\/www.euroresidentes.com\/empresa\/derecho-mercantil\/wp-content\/uploads\/sites\/12\/2019\/11\/airport-519020_1920.jpg","datePublished":"2019-11-26T15:07:33+00:00","dateModified":"2019-11-28T13:57:26+00:00","author":{"@id":"https:\/\/www.euroresidentes.com\/empresa\/derecho-mercantil\/#\/schema\/person\/1f848038ac5623245414f398a267708f"},"breadcrumb":{"@id":"https:\/\/www.euroresidentes.com\/empresa\/derecho-mercantil\/pueden-las-companias-aereas-cobrar-suplementos-los-pasajeros-transportar-equipaje-mano\/#breadcrumb"},"inLanguage":"es","potentialAction":[{"@type":"ReadAction","target":["https:\/\/www.euroresidentes.com\/empresa\/derecho-mercantil\/pueden-las-companias-aereas-cobrar-suplementos-los-pasajeros-transportar-equipaje-mano\/"]}]},{"@type":"ImageObject","inLanguage":"es","@id":"https:\/\/www.euroresidentes.com\/empresa\/derecho-mercantil\/pueden-las-companias-aereas-cobrar-suplementos-los-pasajeros-transportar-equipaje-mano\/#primaryimage","url":"https:\/\/www.euroresidentes.com\/empresa\/derecho-mercantil\/wp-content\/uploads\/sites\/12\/2019\/11\/airport-519020_1920.jpg","contentUrl":"https:\/\/www.euroresidentes.com\/empresa\/derecho-mercantil\/wp-content\/uploads\/sites\/12\/2019\/11\/airport-519020_1920.jpg","width":1024,"height":683},{"@type":"BreadcrumbList","@id":"https:\/\/www.euroresidentes.com\/empresa\/derecho-mercantil\/pueden-las-companias-aereas-cobrar-suplementos-los-pasajeros-transportar-equipaje-mano\/#breadcrumb","itemListElement":[{"@type":"ListItem","position":1,"name":"Portada","item":"https:\/\/www.euroresidentes.com\/empresa\/derecho-mercantil\/"},{"@type":"ListItem","position":2,"name":"\u00bfPueden las compa\u00f1\u00edas a\u00e9reas cobrar suplementos a los pasajeros por transportar equipaje de mano?"}]},{"@type":"WebSite","@id":"https:\/\/www.euroresidentes.com\/empresa\/derecho-mercantil\/#website","url":"https:\/\/www.euroresidentes.com\/empresa\/derecho-mercantil\/","name":"Derecho Mercantil","description":"Derecho y Empresa Euroresidentes","potentialAction":[{"@type":"SearchAction","target":{"@type":"EntryPoint","urlTemplate":"https:\/\/www.euroresidentes.com\/empresa\/derecho-mercantil\/?s={search_term_string}"},"query-input":{"@type":"PropertyValueSpecification","valueRequired":true,"valueName":"search_term_string"}}],"inLanguage":"es"},{"@type":"Person","@id":"https:\/\/www.euroresidentes.com\/empresa\/derecho-mercantil\/#\/schema\/person\/1f848038ac5623245414f398a267708f","name":"Manuel Pomares","image":{"@type":"ImageObject","inLanguage":"es","@id":"https:\/\/www.euroresidentes.com\/empresa\/derecho-mercantil\/wp-content\/uploads\/sites\/12\/2016\/08\/manuel-pomares-abogados-150x150.jpg","url":"https:\/\/www.euroresidentes.com\/empresa\/derecho-mercantil\/wp-content\/uploads\/sites\/12\/2016\/08\/manuel-pomares-abogados-150x150.jpg","contentUrl":"https:\/\/www.euroresidentes.com\/empresa\/derecho-mercantil\/wp-content\/uploads\/sites\/12\/2016\/08\/manuel-pomares-abogados-150x150.jpg","caption":"Manuel Pomares"},"description":"Manuel PomaresAbogado y socio director de la firma Pomares Abogados. Especialista en derecho mercantil-societario, bancario y responsabilidad civil-seguro.","sameAs":["http:\/\/www.euroresidentes.com\/empresa\/manuel-pomares-2.html"],"url":"https:\/\/www.euroresidentes.com\/empresa\/derecho-mercantil\/author\/manuel\/"}]}},"_links":{"self":[{"href":"https:\/\/www.euroresidentes.com\/empresa\/derecho-mercantil\/wp-json\/wp\/v2\/posts\/2150","targetHints":{"allow":["GET"]}}],"collection":[{"href":"https:\/\/www.euroresidentes.com\/empresa\/derecho-mercantil\/wp-json\/wp\/v2\/posts"}],"about":[{"href":"https:\/\/www.euroresidentes.com\/empresa\/derecho-mercantil\/wp-json\/wp\/v2\/types\/post"}],"author":[{"embeddable":true,"href":"https:\/\/www.euroresidentes.com\/empresa\/derecho-mercantil\/wp-json\/wp\/v2\/users\/9"}],"replies":[{"embeddable":true,"href":"https:\/\/www.euroresidentes.com\/empresa\/derecho-mercantil\/wp-json\/wp\/v2\/comments?post=2150"}],"version-history":[{"count":5,"href":"https:\/\/www.euroresidentes.com\/empresa\/derecho-mercantil\/wp-json\/wp\/v2\/posts\/2150\/revisions"}],"predecessor-version":[{"id":2159,"href":"https:\/\/www.euroresidentes.com\/empresa\/derecho-mercantil\/wp-json\/wp\/v2\/posts\/2150\/revisions\/2159"}],"wp:featuredmedia":[{"embeddable":true,"href":"https:\/\/www.euroresidentes.com\/empresa\/derecho-mercantil\/wp-json\/wp\/v2\/media\/2151"}],"wp:attachment":[{"href":"https:\/\/www.euroresidentes.com\/empresa\/derecho-mercantil\/wp-json\/wp\/v2\/media?parent=2150"}],"wp:term":[{"taxonomy":"category","embeddable":true,"href":"https:\/\/www.euroresidentes.com\/empresa\/derecho-mercantil\/wp-json\/wp\/v2\/categories?post=2150"},{"taxonomy":"post_tag","embeddable":true,"href":"https:\/\/www.euroresidentes.com\/empresa\/derecho-mercantil\/wp-json\/wp\/v2\/tags?post=2150"}],"curies":[{"name":"wp","href":"https:\/\/api.w.org\/{rel}","templated":true}]}}