
{"id":2144,"date":"2019-11-21T13:41:57","date_gmt":"2019-11-21T12:41:57","guid":{"rendered":"http:\/\/www.euroresidentes.com\/empresa\/derecho-mercantil\/?p=2144"},"modified":"2020-04-14T20:58:44","modified_gmt":"2020-04-14T18:58:44","slug":"valido-despido-comunicado-via-whatsapp","status":"publish","type":"post","link":"https:\/\/www.euroresidentes.com\/empresa\/derecho-mercantil\/valido-despido-comunicado-via-whatsapp\/","title":{"rendered":"\u00bfEs v\u00e1lido un despido comunicado v\u00eda Whatsapp?"},"content":{"rendered":"<p style=\"text-align: left;\">La comunicaci\u00f3n mediante el uso de las nuevas tecnolog\u00edas ha venido increment\u00e1ndose de forma exponencial a lo largo de la \u00faltima d\u00e9cada. En este per\u00edodo de tiempo, y sobre todo en las peque\u00f1as y medianas empresas, el cambio en la forma y medios de comunicaci\u00f3n ha sido muy acusado. Hace tiempo que qued\u00f3 atr\u00e1s las comunicaciones rutinarias por v\u00eda correo electr\u00f3nico o mediante el n\u00famero de tel\u00e9fono de la empresa. Hoy en d\u00eda, ya sea por la comodidad o eficacia de los nuevos medios de comunicaci\u00f3n, no es de extra\u00f1ar que los empleadores y empleados se comuniquen v\u00eda WhatsApp.<\/p>\n<p style=\"text-align: left;\">La habitualidad con la que utilizamos este tipo de aplicaciones de mensajer\u00eda instant\u00e1nea ha llevado a empresarios a realizar todo tipo de comunicaciones a sus trabajadores por estos medios, incluso a <strong>notificar despidos<\/strong>.<\/p>\n<p><a href=\"http:\/\/www.euroresidentes.com\/empresa\/derecho-mercantil\/wp-content\/uploads\/sites\/12\/2019\/11\/whatsapp-1984584_1920.png\"><img loading=\"lazy\" decoding=\"async\" class=\"aligncenter  wp-image-2145\" src=\"http:\/\/www.euroresidentes.com\/empresa\/derecho-mercantil\/wp-content\/uploads\/sites\/12\/2019\/11\/whatsapp-1984584_1920-300x300.png\" alt=\"\" width=\"396\" height=\"340\" \/><\/a><\/p>\n<h3><strong>\u00bfQu\u00e9 dice la ley?<\/strong><\/h3>\n<p>En estos casos, frente a la tradicional carta de despido, el empresario que pretende formalizar el cese de la relaci\u00f3n laboral de un empleado ha de preguntarse si un mensaje v\u00eda WhatsApp cumple con los <strong>requisitos establecidos en el Estatuto de los Trabajadores (ET)<\/strong>.<\/p>\n<p><em>Art. 55.1 ET: \u201cEl despido deber\u00e1 ser notificado por escrito al trabajador, haciendo figurar los hechos que lo motivan y la fecha en que tendr\u00e1 efectos.\u201d<\/em><\/p>\n<p>De la redacci\u00f3n literal del art\u00edculo 55.1 del Estatuto de los Trabajadores se desprenden tres requisitos:<\/p>\n<ol>\n<li>Notificaci\u00f3n por escrito.<\/li>\n<li>Motivaci\u00f3n de los hechos que son causa del despido.<\/li>\n<li>La fecha desde la que surtir\u00e1 efectos.<\/li>\n<\/ol>\n<h3><strong><em>\u00a0<\/em>\u00bfC\u00f3mo lo valoran los Jueces?<\/strong><\/h3>\n<p><strong>\u00a0<\/strong>Recientemente, el Juzgado de lo Social n.\u00ba 5 de Palma de Mallorca, ha dictado una Sentencia (n.\u00ba 201\/2019 de 5 de junio de 2019) en la que declara <strong>improcedente un despido comunicado por WhatsApp<\/strong> que, a ojos del Juzgador no cumple con los requisitos arriba mencionados.<\/p>\n<p>En este caso, el trabajador, que ven\u00eda prestando servicios a una empresa de telecomunicaciones en virtud de un contrato temporal, recibi\u00f3 un mensaje a trav\u00e9s de dicha aplicaci\u00f3n por parte del encargado en el que le comunicaba el cese de la prestaci\u00f3n de sus servicios.<\/p>\n<p>Tras realizar un an\u00e1lisis de la finalidad de la comunicaci\u00f3n por escrito que exige el art\u00edculo 55.1 ET, el Juzgador concluye en que <em>la empresa comunic\u00f3 al actor su cese mediante un mensaje de WhatsApp, sin respetar los requisitos que el Art. 55.1 ET y la doctrina jurisprudencial que lo interpreta exigen para considerar cumplidos los requisitos formales.<\/em><\/p>\n<p>A pesar de que el Juez dicta que la comunicaci\u00f3n carece de forma v\u00e1lida y resulta inmotivada, <strong>de la lectura de la Sentencia no llega a extraerse si la declaraci\u00f3n de improcedencia del despido viene dada porque se trate de un mensaje v\u00eda Whatsapp o porque en concreto dicho mensaje no explicaba suficientemente los motivos del despido.<\/strong><\/p>\n<p>No son numerosas las resoluciones judiciales en las que incurren estos elementos, por lo que no hay una clara respuesta jurisprudencial que invalide u otorgue eficacia a un despido mediante una aplicaci\u00f3n por una aplicaci\u00f3n de mensajer\u00eda instant\u00e1nea.<\/p>\n<p>Pese a que siempre es recomendable curarse en salud, es indudable la necesidad de una respuesta contundente que <strong>dote de seguridad jur\u00eddica a las comunicaciones hechas por estos medios electr\u00f3nicos<\/strong> arraigados en nuestro d\u00eda a d\u00eda.<\/p>\n<p><strong>Lecturas relacionadas:<\/strong><\/p>\n<ul>\n<li><a href=\"https:\/\/www.euroresidentes.com\/empresa\/derecho-mercantil\/las-consecuencias-juridicas-del-uso-whatsapp\">Algunas consecuencias jur\u00eddicas del uso de WhatsApp<\/a><\/li>\n<li><a href=\"https:\/\/www.euroresidentes.com\/empresa\/derecho-mercantil\/whatsapp-importante-sentencia-sobre-su-validez-en-juicio\">WhatsApp importante sentencia sobre su validez en juicio<\/a><\/li>\n<\/ul>\n","protected":false},"excerpt":{"rendered":"<p>La comunicaci\u00f3n mediante el uso de las nuevas tecnolog\u00edas ha venido increment\u00e1ndose de forma exponencial a lo largo de la \u00faltima d\u00e9cada. En este per\u00edodo de tiempo, y sobre todo en las peque\u00f1as y medianas empresas, el cambio en la forma y medios de comunicaci\u00f3n ha sido muy acusado. Hace tiempo que qued\u00f3 atr\u00e1s las comunicaciones rutinarias por v\u00eda correo electr\u00f3nico o mediante el n\u00famero de tel\u00e9fono de la empresa. Hoy en d\u00eda, ya sea por la comodidad o eficacia de los nuevos medios de comunicaci\u00f3n, no es de extra\u00f1ar que los empleadores y empleados se comuniquen v\u00eda WhatsApp. La <\/p>\n","protected":false},"author":9,"featured_media":2145,"comment_status":"open","ping_status":"closed","sticky":false,"template":"","format":"standard","meta":{"footnotes":""},"categories":[83],"tags":[],"class_list":["post-2144","post","type-post","status-publish","format-standard","has-post-thumbnail","hentry","category-sentencias","has_thumb"],"yoast_head":"<!-- This site is optimized with the Yoast SEO plugin v27.5 - https:\/\/yoast.com\/product\/yoast-seo-wordpress\/ -->\n<title>\u00bfEs v\u00e1lido un despido comunicado v\u00eda Whatsapp? - Derecho Mercantil<\/title>\n<meta name=\"robots\" content=\"index, follow, max-snippet:-1, max-image-preview:large, max-video-preview:-1\" \/>\n<link rel=\"canonical\" href=\"https:\/\/www.euroresidentes.com\/empresa\/derecho-mercantil\/valido-despido-comunicado-via-whatsapp\/\" \/>\n<meta property=\"og:locale\" content=\"es_ES\" \/>\n<meta property=\"og:type\" content=\"article\" \/>\n<meta property=\"og:title\" content=\"\u00bfEs v\u00e1lido un despido comunicado v\u00eda Whatsapp? - Derecho Mercantil\" \/>\n<meta property=\"og:description\" content=\"La comunicaci\u00f3n mediante el uso de las nuevas tecnolog\u00edas ha venido increment\u00e1ndose de forma exponencial a lo largo de la \u00faltima d\u00e9cada. En este per\u00edodo de tiempo, y sobre todo en las peque\u00f1as y medianas empresas, el cambio en la forma y medios de comunicaci\u00f3n ha sido muy acusado. Hace tiempo que qued\u00f3 atr\u00e1s las comunicaciones rutinarias por v\u00eda correo electr\u00f3nico o mediante el n\u00famero de tel\u00e9fono de la empresa. Hoy en d\u00eda, ya sea por la comodidad o eficacia de los nuevos medios de comunicaci\u00f3n, no es de extra\u00f1ar que los empleadores y empleados se comuniquen v\u00eda WhatsApp. La\" \/>\n<meta property=\"og:url\" content=\"https:\/\/www.euroresidentes.com\/empresa\/derecho-mercantil\/valido-despido-comunicado-via-whatsapp\/\" \/>\n<meta property=\"og:site_name\" content=\"Derecho Mercantil\" \/>\n<meta property=\"article:publisher\" content=\"https:\/\/www.facebook.com\/euroresidentes\/\" \/>\n<meta property=\"article:published_time\" content=\"2019-11-21T12:41:57+00:00\" \/>\n<meta property=\"article:modified_time\" content=\"2020-04-14T18:58:44+00:00\" \/>\n<meta property=\"og:image\" content=\"https:\/\/www.euroresidentes.com\/empresa\/derecho-mercantil\/wp-content\/uploads\/sites\/12\/2019\/11\/whatsapp-1984584_1920.png\" \/>\n\t<meta property=\"og:image:width\" content=\"1024\" \/>\n\t<meta property=\"og:image:height\" content=\"1024\" \/>\n\t<meta property=\"og:image:type\" content=\"image\/png\" \/>\n<meta name=\"author\" content=\"Manuel Pomares\" \/>\n<meta name=\"twitter:card\" content=\"summary_large_image\" \/>\n<meta name=\"twitter:label1\" content=\"Written by\" \/>\n\t<meta name=\"twitter:data1\" content=\"Manuel Pomares\" \/>\n\t<meta name=\"twitter:label2\" content=\"Est. reading time\" \/>\n\t<meta name=\"twitter:data2\" content=\"3 minutos\" \/>\n<script type=\"application\/ld+json\" class=\"yoast-schema-graph\">{\"@context\":\"https:\\\/\\\/schema.org\",\"@graph\":[{\"@type\":\"Article\",\"@id\":\"https:\\\/\\\/www.euroresidentes.com\\\/empresa\\\/derecho-mercantil\\\/valido-despido-comunicado-via-whatsapp\\\/#article\",\"isPartOf\":{\"@id\":\"https:\\\/\\\/www.euroresidentes.com\\\/empresa\\\/derecho-mercantil\\\/valido-despido-comunicado-via-whatsapp\\\/\"},\"author\":{\"name\":\"Manuel Pomares\",\"@id\":\"https:\\\/\\\/www.euroresidentes.com\\\/empresa\\\/derecho-mercantil\\\/#\\\/schema\\\/person\\\/1f848038ac5623245414f398a267708f\"},\"headline\":\"\u00bfEs v\u00e1lido un despido comunicado v\u00eda Whatsapp?\",\"datePublished\":\"2019-11-21T12:41:57+00:00\",\"dateModified\":\"2020-04-14T18:58:44+00:00\",\"mainEntityOfPage\":{\"@id\":\"https:\\\/\\\/www.euroresidentes.com\\\/empresa\\\/derecho-mercantil\\\/valido-despido-comunicado-via-whatsapp\\\/\"},\"wordCount\":589,\"commentCount\":0,\"image\":{\"@id\":\"https:\\\/\\\/www.euroresidentes.com\\\/empresa\\\/derecho-mercantil\\\/valido-despido-comunicado-via-whatsapp\\\/#primaryimage\"},\"thumbnailUrl\":\"https:\\\/\\\/www.euroresidentes.com\\\/empresa\\\/derecho-mercantil\\\/wp-content\\\/uploads\\\/sites\\\/12\\\/2019\\\/11\\\/whatsapp-1984584_1920.png\",\"articleSection\":[\"SENTENCIAS\"],\"inLanguage\":\"es\",\"potentialAction\":[{\"@type\":\"CommentAction\",\"name\":\"Comment\",\"target\":[\"https:\\\/\\\/www.euroresidentes.com\\\/empresa\\\/derecho-mercantil\\\/valido-despido-comunicado-via-whatsapp\\\/#respond\"]}]},{\"@type\":\"WebPage\",\"@id\":\"https:\\\/\\\/www.euroresidentes.com\\\/empresa\\\/derecho-mercantil\\\/valido-despido-comunicado-via-whatsapp\\\/\",\"url\":\"https:\\\/\\\/www.euroresidentes.com\\\/empresa\\\/derecho-mercantil\\\/valido-despido-comunicado-via-whatsapp\\\/\",\"name\":\"\u00bfEs v\u00e1lido un despido comunicado v\u00eda Whatsapp? - Derecho Mercantil\",\"isPartOf\":{\"@id\":\"https:\\\/\\\/www.euroresidentes.com\\\/empresa\\\/derecho-mercantil\\\/#website\"},\"primaryImageOfPage\":{\"@id\":\"https:\\\/\\\/www.euroresidentes.com\\\/empresa\\\/derecho-mercantil\\\/valido-despido-comunicado-via-whatsapp\\\/#primaryimage\"},\"image\":{\"@id\":\"https:\\\/\\\/www.euroresidentes.com\\\/empresa\\\/derecho-mercantil\\\/valido-despido-comunicado-via-whatsapp\\\/#primaryimage\"},\"thumbnailUrl\":\"https:\\\/\\\/www.euroresidentes.com\\\/empresa\\\/derecho-mercantil\\\/wp-content\\\/uploads\\\/sites\\\/12\\\/2019\\\/11\\\/whatsapp-1984584_1920.png\",\"datePublished\":\"2019-11-21T12:41:57+00:00\",\"dateModified\":\"2020-04-14T18:58:44+00:00\",\"author\":{\"@id\":\"https:\\\/\\\/www.euroresidentes.com\\\/empresa\\\/derecho-mercantil\\\/#\\\/schema\\\/person\\\/1f848038ac5623245414f398a267708f\"},\"breadcrumb\":{\"@id\":\"https:\\\/\\\/www.euroresidentes.com\\\/empresa\\\/derecho-mercantil\\\/valido-despido-comunicado-via-whatsapp\\\/#breadcrumb\"},\"inLanguage\":\"es\",\"potentialAction\":[{\"@type\":\"ReadAction\",\"target\":[\"https:\\\/\\\/www.euroresidentes.com\\\/empresa\\\/derecho-mercantil\\\/valido-despido-comunicado-via-whatsapp\\\/\"]}]},{\"@type\":\"ImageObject\",\"inLanguage\":\"es\",\"@id\":\"https:\\\/\\\/www.euroresidentes.com\\\/empresa\\\/derecho-mercantil\\\/valido-despido-comunicado-via-whatsapp\\\/#primaryimage\",\"url\":\"https:\\\/\\\/www.euroresidentes.com\\\/empresa\\\/derecho-mercantil\\\/wp-content\\\/uploads\\\/sites\\\/12\\\/2019\\\/11\\\/whatsapp-1984584_1920.png\",\"contentUrl\":\"https:\\\/\\\/www.euroresidentes.com\\\/empresa\\\/derecho-mercantil\\\/wp-content\\\/uploads\\\/sites\\\/12\\\/2019\\\/11\\\/whatsapp-1984584_1920.png\",\"width\":1024,\"height\":1024},{\"@type\":\"BreadcrumbList\",\"@id\":\"https:\\\/\\\/www.euroresidentes.com\\\/empresa\\\/derecho-mercantil\\\/valido-despido-comunicado-via-whatsapp\\\/#breadcrumb\",\"itemListElement\":[{\"@type\":\"ListItem\",\"position\":1,\"name\":\"Portada\",\"item\":\"https:\\\/\\\/www.euroresidentes.com\\\/empresa\\\/derecho-mercantil\\\/\"},{\"@type\":\"ListItem\",\"position\":2,\"name\":\"\u00bfEs v\u00e1lido un despido comunicado v\u00eda Whatsapp?\"}]},{\"@type\":\"WebSite\",\"@id\":\"https:\\\/\\\/www.euroresidentes.com\\\/empresa\\\/derecho-mercantil\\\/#website\",\"url\":\"https:\\\/\\\/www.euroresidentes.com\\\/empresa\\\/derecho-mercantil\\\/\",\"name\":\"Derecho Mercantil\",\"description\":\"Derecho y Empresa Euroresidentes\",\"potentialAction\":[{\"@type\":\"SearchAction\",\"target\":{\"@type\":\"EntryPoint\",\"urlTemplate\":\"https:\\\/\\\/www.euroresidentes.com\\\/empresa\\\/derecho-mercantil\\\/?s={search_term_string}\"},\"query-input\":{\"@type\":\"PropertyValueSpecification\",\"valueRequired\":true,\"valueName\":\"search_term_string\"}}],\"inLanguage\":\"es\"},{\"@type\":\"Person\",\"@id\":\"https:\\\/\\\/www.euroresidentes.com\\\/empresa\\\/derecho-mercantil\\\/#\\\/schema\\\/person\\\/1f848038ac5623245414f398a267708f\",\"name\":\"Manuel Pomares\",\"image\":{\"@type\":\"ImageObject\",\"inLanguage\":\"es\",\"@id\":\"https:\\\/\\\/www.euroresidentes.com\\\/empresa\\\/derecho-mercantil\\\/wp-content\\\/uploads\\\/sites\\\/12\\\/2016\\\/08\\\/manuel-pomares-abogados-150x150.jpg\",\"url\":\"https:\\\/\\\/www.euroresidentes.com\\\/empresa\\\/derecho-mercantil\\\/wp-content\\\/uploads\\\/sites\\\/12\\\/2016\\\/08\\\/manuel-pomares-abogados-150x150.jpg\",\"contentUrl\":\"https:\\\/\\\/www.euroresidentes.com\\\/empresa\\\/derecho-mercantil\\\/wp-content\\\/uploads\\\/sites\\\/12\\\/2016\\\/08\\\/manuel-pomares-abogados-150x150.jpg\",\"caption\":\"Manuel Pomares\"},\"description\":\"Manuel PomaresAbogado y socio director de la firma Pomares Abogados. Especialista en derecho mercantil-societario, bancario y responsabilidad civil-seguro.\",\"sameAs\":[\"http:\\\/\\\/www.euroresidentes.com\\\/empresa\\\/manuel-pomares-2.html\"],\"url\":\"https:\\\/\\\/www.euroresidentes.com\\\/empresa\\\/derecho-mercantil\\\/author\\\/manuel\\\/\"}]}<\/script>\n<!-- \/ Yoast SEO plugin. -->","yoast_head_json":{"title":"\u00bfEs v\u00e1lido un despido comunicado v\u00eda Whatsapp? - Derecho Mercantil","robots":{"index":"index","follow":"follow","max-snippet":"max-snippet:-1","max-image-preview":"max-image-preview:large","max-video-preview":"max-video-preview:-1"},"canonical":"https:\/\/www.euroresidentes.com\/empresa\/derecho-mercantil\/valido-despido-comunicado-via-whatsapp\/","og_locale":"es_ES","og_type":"article","og_title":"\u00bfEs v\u00e1lido un despido comunicado v\u00eda Whatsapp? - Derecho Mercantil","og_description":"La comunicaci\u00f3n mediante el uso de las nuevas tecnolog\u00edas ha venido increment\u00e1ndose de forma exponencial a lo largo de la \u00faltima d\u00e9cada. En este per\u00edodo de tiempo, y sobre todo en las peque\u00f1as y medianas empresas, el cambio en la forma y medios de comunicaci\u00f3n ha sido muy acusado. Hace tiempo que qued\u00f3 atr\u00e1s las comunicaciones rutinarias por v\u00eda correo electr\u00f3nico o mediante el n\u00famero de tel\u00e9fono de la empresa. Hoy en d\u00eda, ya sea por la comodidad o eficacia de los nuevos medios de comunicaci\u00f3n, no es de extra\u00f1ar que los empleadores y empleados se comuniquen v\u00eda WhatsApp. La","og_url":"https:\/\/www.euroresidentes.com\/empresa\/derecho-mercantil\/valido-despido-comunicado-via-whatsapp\/","og_site_name":"Derecho Mercantil","article_publisher":"https:\/\/www.facebook.com\/euroresidentes\/","article_published_time":"2019-11-21T12:41:57+00:00","article_modified_time":"2020-04-14T18:58:44+00:00","og_image":[{"width":1024,"height":1024,"url":"https:\/\/www.euroresidentes.com\/empresa\/derecho-mercantil\/wp-content\/uploads\/sites\/12\/2019\/11\/whatsapp-1984584_1920.png","type":"image\/png"}],"author":"Manuel Pomares","twitter_card":"summary_large_image","twitter_misc":{"Written by":"Manuel Pomares","Est. reading time":"3 minutos"},"schema":{"@context":"https:\/\/schema.org","@graph":[{"@type":"Article","@id":"https:\/\/www.euroresidentes.com\/empresa\/derecho-mercantil\/valido-despido-comunicado-via-whatsapp\/#article","isPartOf":{"@id":"https:\/\/www.euroresidentes.com\/empresa\/derecho-mercantil\/valido-despido-comunicado-via-whatsapp\/"},"author":{"name":"Manuel Pomares","@id":"https:\/\/www.euroresidentes.com\/empresa\/derecho-mercantil\/#\/schema\/person\/1f848038ac5623245414f398a267708f"},"headline":"\u00bfEs v\u00e1lido un despido comunicado v\u00eda Whatsapp?","datePublished":"2019-11-21T12:41:57+00:00","dateModified":"2020-04-14T18:58:44+00:00","mainEntityOfPage":{"@id":"https:\/\/www.euroresidentes.com\/empresa\/derecho-mercantil\/valido-despido-comunicado-via-whatsapp\/"},"wordCount":589,"commentCount":0,"image":{"@id":"https:\/\/www.euroresidentes.com\/empresa\/derecho-mercantil\/valido-despido-comunicado-via-whatsapp\/#primaryimage"},"thumbnailUrl":"https:\/\/www.euroresidentes.com\/empresa\/derecho-mercantil\/wp-content\/uploads\/sites\/12\/2019\/11\/whatsapp-1984584_1920.png","articleSection":["SENTENCIAS"],"inLanguage":"es","potentialAction":[{"@type":"CommentAction","name":"Comment","target":["https:\/\/www.euroresidentes.com\/empresa\/derecho-mercantil\/valido-despido-comunicado-via-whatsapp\/#respond"]}]},{"@type":"WebPage","@id":"https:\/\/www.euroresidentes.com\/empresa\/derecho-mercantil\/valido-despido-comunicado-via-whatsapp\/","url":"https:\/\/www.euroresidentes.com\/empresa\/derecho-mercantil\/valido-despido-comunicado-via-whatsapp\/","name":"\u00bfEs v\u00e1lido un despido comunicado v\u00eda Whatsapp? - Derecho Mercantil","isPartOf":{"@id":"https:\/\/www.euroresidentes.com\/empresa\/derecho-mercantil\/#website"},"primaryImageOfPage":{"@id":"https:\/\/www.euroresidentes.com\/empresa\/derecho-mercantil\/valido-despido-comunicado-via-whatsapp\/#primaryimage"},"image":{"@id":"https:\/\/www.euroresidentes.com\/empresa\/derecho-mercantil\/valido-despido-comunicado-via-whatsapp\/#primaryimage"},"thumbnailUrl":"https:\/\/www.euroresidentes.com\/empresa\/derecho-mercantil\/wp-content\/uploads\/sites\/12\/2019\/11\/whatsapp-1984584_1920.png","datePublished":"2019-11-21T12:41:57+00:00","dateModified":"2020-04-14T18:58:44+00:00","author":{"@id":"https:\/\/www.euroresidentes.com\/empresa\/derecho-mercantil\/#\/schema\/person\/1f848038ac5623245414f398a267708f"},"breadcrumb":{"@id":"https:\/\/www.euroresidentes.com\/empresa\/derecho-mercantil\/valido-despido-comunicado-via-whatsapp\/#breadcrumb"},"inLanguage":"es","potentialAction":[{"@type":"ReadAction","target":["https:\/\/www.euroresidentes.com\/empresa\/derecho-mercantil\/valido-despido-comunicado-via-whatsapp\/"]}]},{"@type":"ImageObject","inLanguage":"es","@id":"https:\/\/www.euroresidentes.com\/empresa\/derecho-mercantil\/valido-despido-comunicado-via-whatsapp\/#primaryimage","url":"https:\/\/www.euroresidentes.com\/empresa\/derecho-mercantil\/wp-content\/uploads\/sites\/12\/2019\/11\/whatsapp-1984584_1920.png","contentUrl":"https:\/\/www.euroresidentes.com\/empresa\/derecho-mercantil\/wp-content\/uploads\/sites\/12\/2019\/11\/whatsapp-1984584_1920.png","width":1024,"height":1024},{"@type":"BreadcrumbList","@id":"https:\/\/www.euroresidentes.com\/empresa\/derecho-mercantil\/valido-despido-comunicado-via-whatsapp\/#breadcrumb","itemListElement":[{"@type":"ListItem","position":1,"name":"Portada","item":"https:\/\/www.euroresidentes.com\/empresa\/derecho-mercantil\/"},{"@type":"ListItem","position":2,"name":"\u00bfEs v\u00e1lido un despido comunicado v\u00eda Whatsapp?"}]},{"@type":"WebSite","@id":"https:\/\/www.euroresidentes.com\/empresa\/derecho-mercantil\/#website","url":"https:\/\/www.euroresidentes.com\/empresa\/derecho-mercantil\/","name":"Derecho Mercantil","description":"Derecho y Empresa Euroresidentes","potentialAction":[{"@type":"SearchAction","target":{"@type":"EntryPoint","urlTemplate":"https:\/\/www.euroresidentes.com\/empresa\/derecho-mercantil\/?s={search_term_string}"},"query-input":{"@type":"PropertyValueSpecification","valueRequired":true,"valueName":"search_term_string"}}],"inLanguage":"es"},{"@type":"Person","@id":"https:\/\/www.euroresidentes.com\/empresa\/derecho-mercantil\/#\/schema\/person\/1f848038ac5623245414f398a267708f","name":"Manuel Pomares","image":{"@type":"ImageObject","inLanguage":"es","@id":"https:\/\/www.euroresidentes.com\/empresa\/derecho-mercantil\/wp-content\/uploads\/sites\/12\/2016\/08\/manuel-pomares-abogados-150x150.jpg","url":"https:\/\/www.euroresidentes.com\/empresa\/derecho-mercantil\/wp-content\/uploads\/sites\/12\/2016\/08\/manuel-pomares-abogados-150x150.jpg","contentUrl":"https:\/\/www.euroresidentes.com\/empresa\/derecho-mercantil\/wp-content\/uploads\/sites\/12\/2016\/08\/manuel-pomares-abogados-150x150.jpg","caption":"Manuel Pomares"},"description":"Manuel PomaresAbogado y socio director de la firma Pomares Abogados. Especialista en derecho mercantil-societario, bancario y responsabilidad civil-seguro.","sameAs":["http:\/\/www.euroresidentes.com\/empresa\/manuel-pomares-2.html"],"url":"https:\/\/www.euroresidentes.com\/empresa\/derecho-mercantil\/author\/manuel\/"}]}},"_links":{"self":[{"href":"https:\/\/www.euroresidentes.com\/empresa\/derecho-mercantil\/wp-json\/wp\/v2\/posts\/2144","targetHints":{"allow":["GET"]}}],"collection":[{"href":"https:\/\/www.euroresidentes.com\/empresa\/derecho-mercantil\/wp-json\/wp\/v2\/posts"}],"about":[{"href":"https:\/\/www.euroresidentes.com\/empresa\/derecho-mercantil\/wp-json\/wp\/v2\/types\/post"}],"author":[{"embeddable":true,"href":"https:\/\/www.euroresidentes.com\/empresa\/derecho-mercantil\/wp-json\/wp\/v2\/users\/9"}],"replies":[{"embeddable":true,"href":"https:\/\/www.euroresidentes.com\/empresa\/derecho-mercantil\/wp-json\/wp\/v2\/comments?post=2144"}],"version-history":[{"count":5,"href":"https:\/\/www.euroresidentes.com\/empresa\/derecho-mercantil\/wp-json\/wp\/v2\/posts\/2144\/revisions"}],"predecessor-version":[{"id":2157,"href":"https:\/\/www.euroresidentes.com\/empresa\/derecho-mercantil\/wp-json\/wp\/v2\/posts\/2144\/revisions\/2157"}],"wp:featuredmedia":[{"embeddable":true,"href":"https:\/\/www.euroresidentes.com\/empresa\/derecho-mercantil\/wp-json\/wp\/v2\/media\/2145"}],"wp:attachment":[{"href":"https:\/\/www.euroresidentes.com\/empresa\/derecho-mercantil\/wp-json\/wp\/v2\/media?parent=2144"}],"wp:term":[{"taxonomy":"category","embeddable":true,"href":"https:\/\/www.euroresidentes.com\/empresa\/derecho-mercantil\/wp-json\/wp\/v2\/categories?post=2144"},{"taxonomy":"post_tag","embeddable":true,"href":"https:\/\/www.euroresidentes.com\/empresa\/derecho-mercantil\/wp-json\/wp\/v2\/tags?post=2144"}],"curies":[{"name":"wp","href":"https:\/\/api.w.org\/{rel}","templated":true}]}}