
{"id":21,"date":"2015-07-07T09:29:00","date_gmt":"2015-07-07T07:29:00","guid":{"rendered":""},"modified":"2017-03-27T14:35:55","modified_gmt":"2017-03-27T12:35:55","slug":"que-es-el-corporate-compliance","status":"publish","type":"post","link":"https:\/\/www.euroresidentes.com\/empresa\/derecho-mercantil\/que-es-el-corporate-compliance\/","title":{"rendered":"\u00bfQu\u00e9 es el \u00abcorporate compliance\u00bb?"},"content":{"rendered":"<p><span style=\"color: #332f23;\"><span style=\"font-family: Arial;\">\u00a0<\/span><\/span><\/p>\n<div style=\"clear: both; text-align: center;\"><span style=\"font-family: Times New Roman;\"><a style=\"margin-left: 1em; margin-right: 1em;\" href=\"http:\/\/4.bp.blogspot.com\/-jTC4L4RhERg\/VZubgiBoSyI\/AAAAAAAAASc\/HrxWlkO6t0c\/s1600\/snail-505511_640.jpg\"><img loading=\"lazy\" decoding=\"async\" src=\"http:\/\/4.bp.blogspot.com\/-jTC4L4RhERg\/VZubgiBoSyI\/AAAAAAAAASc\/HrxWlkO6t0c\/s640\/snail-505511_640.jpg\" alt=\"\" width=\"640\" height=\"480\" border=\"0\" \/><\/a><\/span><\/div>\n<p><span style=\"font-family: Arial, Helvetica, sans-serif;\"><span style=\"font-family: Arial, Helvetica, sans-serif;\">\u00a0<\/span><\/span><\/p>\n<div style=\"line-height: normal; margin: 0cm 0cm 8pt; text-align: justify;\"><\/div>\n<p><span style=\"font-family: Arial, Helvetica, sans-serif;\"><span style=\"font-family: Arial, Helvetica, sans-serif;\"><br \/>\n<\/span><\/span><\/p>\n<div style=\"line-height: normal; margin: 0cm 0cm 8pt; text-align: justify;\">Literalmente se traduce como \u201ccumplimiento (normativo) corporativo\u201d y es el nombre que se le da al sistema de organizaci\u00f3n y gesti\u00f3n que ha de implantar la empresa para evitar, o en su caso atenuar, su responsabilidad penal.<\/div>\n<p>&nbsp;<\/p>\n<p>&nbsp;<\/p>\n<div style=\"line-height: normal; margin: 0cm 0cm 8pt; text-align: justify;\">Esta nueva responsabilidad penal de la empresa viene delimitada por la Ley 1\/2015, de 30 de marzo por la que se reforma el C\u00f3digo Penal, que entr\u00f3 en vigor el pasado d\u00eda 1 de julio de 2015. Habl\u00e1bamos de ella recientemente en este mismo blog:<\/div>\n<p>&nbsp;<\/p>\n<p>&nbsp;<\/p>\n<div style=\"line-height: normal; margin: 0cm 0cm 8pt; text-align: justify;\"><a href=\"http:\/\/www.euroresidentes.com\/empresa\/derecho-y-empresa\/2015\/06\/02\/la-responsabilidad-penal-de-las-personas-juridicas\/\"><span style=\"color: blue;\">http:\/\/derecho-y-empresa.euroresidentes.com\/2015\/06\/la-responsabilidad-penal-de-las.HTML<\/span><\/a><\/div>\n<p>&nbsp;<\/p>\n<p>&nbsp;<\/p>\n<div style=\"line-height: normal; margin: 0cm 0cm 8pt; text-align: justify;\">El objetivo de estas norma es concretar las medidas de vigilancia y control que va a adoptar la empresa para prevenir y reducir los efectos de los posibles delitos que puedan cometer.<\/div>\n<p>&nbsp;<\/p>\n<p>&nbsp;<\/p>\n<div style=\"line-height: normal; margin: 0cm 0cm 8pt; text-align: justify;\">Los delitos (hasta 31!) pueden ser cometidos a trav\u00e9s de las personas que trabajan en la empresa y que la Ley clasifica en dos grupos:<\/div>\n<p>&nbsp;<\/p>\n<p>&nbsp;<\/p>\n<div style=\"line-height: normal; margin: 0cm 0cm 8pt; text-align: justify;\">&#8211;\u00a0\u00a0\u00a0\u00a0\u00a0 los <b>representantes legales o administradores<\/b> de hecho o de derecho de la empresa,\u00a0cuando act\u00faen <i>por cuenta y en provecho<\/i> de aquella;<\/div>\n<p>&nbsp;<\/p>\n<p>&nbsp;<\/p>\n<div style=\"line-height: normal; margin: 0cm 0cm 8pt; text-align: justify;\">&#8211;\u00a0\u00a0\u00a0\u00a0\u00a0 \u00a0los <b>empleados <\/b>sometidos a la autoridad de aquellos, siempre y cuando el delito se hay cometido <i>por no haberse ejercido el debido control<\/i>sobre su persona y actividad, por los legales representantes o administradores. En este caso, solo se derivar\u00e1 responsabilidad penal para la empresa cuando esta no tuviera implantado o no hubiera funcionado con eficacia un sistema de control y prevenci\u00f3n de delitos, es decir, el sistema de\u00a0\u201c<i>Corporate Compliance<\/i>\u201d.<\/div>\n<p>&nbsp;<\/p>\n<p>&nbsp;<\/p>\n<div style=\"line-height: normal; margin: 0cm 0cm 8pt; text-align: justify;\">Este sistema se ha de recoger en varios documentos que componen el llamado \u00abModelo de prevenci\u00f3n o seguridad\u00bb, que no es obligatorio, es decir, la empresa puede decidir si implanta el modelo con car\u00e1cter previo a la posible comisi\u00f3n de un delito, o a posteriori, justo despu\u00e9s de su comisi\u00f3n.<\/div>\n<p>&nbsp;<\/p>\n<p>&nbsp;<\/p>\n<div style=\"line-height: normal; margin: 0cm 0cm 8pt; text-align: justify;\">Lo que ha previsto la Ley, eso s\u00ed, son distintas consecuencias\u00a0 para un caso y otro:<\/div>\n<p>&nbsp;<\/p>\n<p>&nbsp;<\/p>\n<div style=\"line-height: normal; margin: 0cm 0cm 8pt; text-align: justify;\">&#8211;\u00a0\u00a0\u00a0\u00a0\u00a0 \u00a0en caso de tener implantado el Modelo de Prevenci\u00f3n antes de la comisi\u00f3n del delito y acreditar que este funcion\u00f3, la empresa quedar\u00e1 <b>exonerada<\/b>de responsabilidad penal;<\/div>\n<p><span style=\"font-family: Arial, Helvetica, sans-serif;\"><span style=\"font-family: Arial, Helvetica, sans-serif;\"><br \/>\n<\/span><\/span><\/p>\n<div style=\"line-height: normal; margin: 0cm 0cm 8pt; text-align: justify;\">&#8211;\u00a0\u00a0\u00a0\u00a0\u00a0 en caso de implantarlo despu\u00e9s de que el delito se cometa, la empresa solo conseguir\u00e1 <b>atenuar<\/b> la pena, pero no exonerarla.<\/div>\n<div style=\"line-height: normal; margin: 0cm 0cm 8pt; text-align: justify;\"><\/div>\n<div style=\"line-height: normal; margin: 0cm 0cm 8pt; text-align: justify;\">(Fotograf\u00eda: Pixabay)<\/div>\n<p>&nbsp;<\/p>\n<div style=\"margin: 10pt 0cm;\"><\/div>\n<p>&nbsp;<\/p>\n<p><!-- antes tabla autor --><\/p>\n","protected":false},"excerpt":{"rendered":"<p>\u00a0 \u00a0 Literalmente se traduce como \u201ccumplimiento (normativo) corporativo\u201d y es el nombre que se le da al sistema de organizaci\u00f3n y gesti\u00f3n que ha de implantar la empresa para evitar, o en su caso atenuar, su responsabilidad penal. &nbsp; &nbsp; Esta nueva responsabilidad penal de la empresa viene delimitada por la Ley 1\/2015, de 30 de marzo por la que se reforma el C\u00f3digo Penal, que entr\u00f3 en vigor el pasado d\u00eda 1 de julio de 2015. Habl\u00e1bamos de ella recientemente en este mismo blog: &nbsp; &nbsp; http:\/\/derecho-y-empresa.euroresidentes.com\/2015\/06\/la-responsabilidad-penal-de-las.HTML &nbsp; &nbsp; El objetivo de estas norma es concretar las medidas <\/p>\n","protected":false},"author":9,"featured_media":114,"comment_status":"open","ping_status":"open","sticky":false,"template":"","format":"standard","meta":{"footnotes":""},"categories":[15],"tags":[],"class_list":["post-21","post","type-post","status-publish","format-standard","has-post-thumbnail","hentry","category-general","has_thumb"],"yoast_head":"<!-- This site is optimized with the Yoast SEO plugin v27.5 - https:\/\/yoast.com\/product\/yoast-seo-wordpress\/ -->\n<title>\u00bfQu\u00e9 es el &quot;corporate compliance&quot;? - Derecho Mercantil<\/title>\n<meta name=\"robots\" content=\"index, follow, max-snippet:-1, max-image-preview:large, max-video-preview:-1\" \/>\n<link rel=\"canonical\" href=\"https:\/\/www.euroresidentes.com\/empresa\/derecho-mercantil\/que-es-el-corporate-compliance\/\" \/>\n<meta property=\"og:locale\" content=\"es_ES\" \/>\n<meta property=\"og:type\" content=\"article\" \/>\n<meta property=\"og:title\" content=\"\u00bfQu\u00e9 es el &quot;corporate compliance&quot;? - Derecho Mercantil\" \/>\n<meta property=\"og:description\" content=\"\u00a0 \u00a0 Literalmente se traduce como \u201ccumplimiento (normativo) corporativo\u201d y es el nombre que se le da al sistema de organizaci\u00f3n y gesti\u00f3n que ha de implantar la empresa para evitar, o en su caso atenuar, su responsabilidad penal. &nbsp; &nbsp; Esta nueva responsabilidad penal de la empresa viene delimitada por la Ley 1\/2015, de 30 de marzo por la que se reforma el C\u00f3digo Penal, que entr\u00f3 en vigor el pasado d\u00eda 1 de julio de 2015. Habl\u00e1bamos de ella recientemente en este mismo blog: &nbsp; &nbsp; http:\/\/derecho-y-empresa.euroresidentes.com\/2015\/06\/la-responsabilidad-penal-de-las.HTML &nbsp; &nbsp; El objetivo de estas norma es concretar las medidas\" \/>\n<meta property=\"og:url\" content=\"https:\/\/www.euroresidentes.com\/empresa\/derecho-mercantil\/que-es-el-corporate-compliance\/\" \/>\n<meta property=\"og:site_name\" content=\"Derecho Mercantil\" \/>\n<meta property=\"article:publisher\" content=\"https:\/\/www.facebook.com\/euroresidentes\/\" \/>\n<meta property=\"article:published_time\" content=\"2015-07-07T07:29:00+00:00\" \/>\n<meta property=\"article:modified_time\" content=\"2017-03-27T12:35:55+00:00\" \/>\n<meta property=\"og:image\" content=\"https:\/\/www.euroresidentes.com\/empresa\/derecho-mercantil\/wp-content\/uploads\/sites\/12\/2015\/07\/snail-505511_640.jpg\" \/>\n\t<meta property=\"og:image:width\" content=\"640\" \/>\n\t<meta property=\"og:image:height\" content=\"480\" \/>\n\t<meta property=\"og:image:type\" content=\"image\/jpeg\" \/>\n<meta name=\"author\" content=\"Manuel Pomares\" \/>\n<meta name=\"twitter:card\" content=\"summary_large_image\" \/>\n<meta name=\"twitter:label1\" content=\"Written by\" \/>\n\t<meta name=\"twitter:data1\" content=\"Manuel Pomares\" \/>\n\t<meta name=\"twitter:label2\" content=\"Est. reading time\" \/>\n\t<meta name=\"twitter:data2\" content=\"2 minutos\" \/>\n<script type=\"application\/ld+json\" class=\"yoast-schema-graph\">{\"@context\":\"https:\\\/\\\/schema.org\",\"@graph\":[{\"@type\":\"Article\",\"@id\":\"https:\\\/\\\/www.euroresidentes.com\\\/empresa\\\/derecho-mercantil\\\/que-es-el-corporate-compliance\\\/#article\",\"isPartOf\":{\"@id\":\"https:\\\/\\\/www.euroresidentes.com\\\/empresa\\\/derecho-mercantil\\\/que-es-el-corporate-compliance\\\/\"},\"author\":{\"name\":\"Manuel Pomares\",\"@id\":\"https:\\\/\\\/www.euroresidentes.com\\\/empresa\\\/derecho-mercantil\\\/#\\\/schema\\\/person\\\/1f848038ac5623245414f398a267708f\"},\"headline\":\"\u00bfQu\u00e9 es el \u00abcorporate compliance\u00bb?\",\"datePublished\":\"2015-07-07T07:29:00+00:00\",\"dateModified\":\"2017-03-27T12:35:55+00:00\",\"mainEntityOfPage\":{\"@id\":\"https:\\\/\\\/www.euroresidentes.com\\\/empresa\\\/derecho-mercantil\\\/que-es-el-corporate-compliance\\\/\"},\"wordCount\":393,\"commentCount\":0,\"image\":{\"@id\":\"https:\\\/\\\/www.euroresidentes.com\\\/empresa\\\/derecho-mercantil\\\/que-es-el-corporate-compliance\\\/#primaryimage\"},\"thumbnailUrl\":\"https:\\\/\\\/www.euroresidentes.com\\\/empresa\\\/derecho-mercantil\\\/wp-content\\\/uploads\\\/sites\\\/12\\\/2015\\\/07\\\/snail-505511_640.jpg\",\"articleSection\":[\"General\"],\"inLanguage\":\"es\",\"potentialAction\":[{\"@type\":\"CommentAction\",\"name\":\"Comment\",\"target\":[\"https:\\\/\\\/www.euroresidentes.com\\\/empresa\\\/derecho-mercantil\\\/que-es-el-corporate-compliance\\\/#respond\"]}]},{\"@type\":\"WebPage\",\"@id\":\"https:\\\/\\\/www.euroresidentes.com\\\/empresa\\\/derecho-mercantil\\\/que-es-el-corporate-compliance\\\/\",\"url\":\"https:\\\/\\\/www.euroresidentes.com\\\/empresa\\\/derecho-mercantil\\\/que-es-el-corporate-compliance\\\/\",\"name\":\"\u00bfQu\u00e9 es el \\\"corporate compliance\\\"? - Derecho Mercantil\",\"isPartOf\":{\"@id\":\"https:\\\/\\\/www.euroresidentes.com\\\/empresa\\\/derecho-mercantil\\\/#website\"},\"primaryImageOfPage\":{\"@id\":\"https:\\\/\\\/www.euroresidentes.com\\\/empresa\\\/derecho-mercantil\\\/que-es-el-corporate-compliance\\\/#primaryimage\"},\"image\":{\"@id\":\"https:\\\/\\\/www.euroresidentes.com\\\/empresa\\\/derecho-mercantil\\\/que-es-el-corporate-compliance\\\/#primaryimage\"},\"thumbnailUrl\":\"https:\\\/\\\/www.euroresidentes.com\\\/empresa\\\/derecho-mercantil\\\/wp-content\\\/uploads\\\/sites\\\/12\\\/2015\\\/07\\\/snail-505511_640.jpg\",\"datePublished\":\"2015-07-07T07:29:00+00:00\",\"dateModified\":\"2017-03-27T12:35:55+00:00\",\"author\":{\"@id\":\"https:\\\/\\\/www.euroresidentes.com\\\/empresa\\\/derecho-mercantil\\\/#\\\/schema\\\/person\\\/1f848038ac5623245414f398a267708f\"},\"breadcrumb\":{\"@id\":\"https:\\\/\\\/www.euroresidentes.com\\\/empresa\\\/derecho-mercantil\\\/que-es-el-corporate-compliance\\\/#breadcrumb\"},\"inLanguage\":\"es\",\"potentialAction\":[{\"@type\":\"ReadAction\",\"target\":[\"https:\\\/\\\/www.euroresidentes.com\\\/empresa\\\/derecho-mercantil\\\/que-es-el-corporate-compliance\\\/\"]}]},{\"@type\":\"ImageObject\",\"inLanguage\":\"es\",\"@id\":\"https:\\\/\\\/www.euroresidentes.com\\\/empresa\\\/derecho-mercantil\\\/que-es-el-corporate-compliance\\\/#primaryimage\",\"url\":\"https:\\\/\\\/www.euroresidentes.com\\\/empresa\\\/derecho-mercantil\\\/wp-content\\\/uploads\\\/sites\\\/12\\\/2015\\\/07\\\/snail-505511_640.jpg\",\"contentUrl\":\"https:\\\/\\\/www.euroresidentes.com\\\/empresa\\\/derecho-mercantil\\\/wp-content\\\/uploads\\\/sites\\\/12\\\/2015\\\/07\\\/snail-505511_640.jpg\",\"width\":640,\"height\":480},{\"@type\":\"BreadcrumbList\",\"@id\":\"https:\\\/\\\/www.euroresidentes.com\\\/empresa\\\/derecho-mercantil\\\/que-es-el-corporate-compliance\\\/#breadcrumb\",\"itemListElement\":[{\"@type\":\"ListItem\",\"position\":1,\"name\":\"Portada\",\"item\":\"https:\\\/\\\/www.euroresidentes.com\\\/empresa\\\/derecho-mercantil\\\/\"},{\"@type\":\"ListItem\",\"position\":2,\"name\":\"\u00bfQu\u00e9 es el \u00abcorporate compliance\u00bb?\"}]},{\"@type\":\"WebSite\",\"@id\":\"https:\\\/\\\/www.euroresidentes.com\\\/empresa\\\/derecho-mercantil\\\/#website\",\"url\":\"https:\\\/\\\/www.euroresidentes.com\\\/empresa\\\/derecho-mercantil\\\/\",\"name\":\"Derecho Mercantil\",\"description\":\"Derecho y Empresa Euroresidentes\",\"potentialAction\":[{\"@type\":\"SearchAction\",\"target\":{\"@type\":\"EntryPoint\",\"urlTemplate\":\"https:\\\/\\\/www.euroresidentes.com\\\/empresa\\\/derecho-mercantil\\\/?s={search_term_string}\"},\"query-input\":{\"@type\":\"PropertyValueSpecification\",\"valueRequired\":true,\"valueName\":\"search_term_string\"}}],\"inLanguage\":\"es\"},{\"@type\":\"Person\",\"@id\":\"https:\\\/\\\/www.euroresidentes.com\\\/empresa\\\/derecho-mercantil\\\/#\\\/schema\\\/person\\\/1f848038ac5623245414f398a267708f\",\"name\":\"Manuel Pomares\",\"image\":{\"@type\":\"ImageObject\",\"inLanguage\":\"es\",\"@id\":\"https:\\\/\\\/www.euroresidentes.com\\\/empresa\\\/derecho-mercantil\\\/wp-content\\\/uploads\\\/sites\\\/12\\\/2016\\\/08\\\/manuel-pomares-abogados-150x150.jpg\",\"url\":\"https:\\\/\\\/www.euroresidentes.com\\\/empresa\\\/derecho-mercantil\\\/wp-content\\\/uploads\\\/sites\\\/12\\\/2016\\\/08\\\/manuel-pomares-abogados-150x150.jpg\",\"contentUrl\":\"https:\\\/\\\/www.euroresidentes.com\\\/empresa\\\/derecho-mercantil\\\/wp-content\\\/uploads\\\/sites\\\/12\\\/2016\\\/08\\\/manuel-pomares-abogados-150x150.jpg\",\"caption\":\"Manuel Pomares\"},\"description\":\"Manuel PomaresAbogado y socio director de la firma Pomares Abogados. Especialista en derecho mercantil-societario, bancario y responsabilidad civil-seguro.\",\"sameAs\":[\"http:\\\/\\\/www.euroresidentes.com\\\/empresa\\\/manuel-pomares-2.html\"],\"url\":\"https:\\\/\\\/www.euroresidentes.com\\\/empresa\\\/derecho-mercantil\\\/author\\\/manuel\\\/\"}]}<\/script>\n<!-- \/ Yoast SEO plugin. -->","yoast_head_json":{"title":"\u00bfQu\u00e9 es el \"corporate compliance\"? - Derecho Mercantil","robots":{"index":"index","follow":"follow","max-snippet":"max-snippet:-1","max-image-preview":"max-image-preview:large","max-video-preview":"max-video-preview:-1"},"canonical":"https:\/\/www.euroresidentes.com\/empresa\/derecho-mercantil\/que-es-el-corporate-compliance\/","og_locale":"es_ES","og_type":"article","og_title":"\u00bfQu\u00e9 es el \"corporate compliance\"? - Derecho Mercantil","og_description":"\u00a0 \u00a0 Literalmente se traduce como \u201ccumplimiento (normativo) corporativo\u201d y es el nombre que se le da al sistema de organizaci\u00f3n y gesti\u00f3n que ha de implantar la empresa para evitar, o en su caso atenuar, su responsabilidad penal. &nbsp; &nbsp; Esta nueva responsabilidad penal de la empresa viene delimitada por la Ley 1\/2015, de 30 de marzo por la que se reforma el C\u00f3digo Penal, que entr\u00f3 en vigor el pasado d\u00eda 1 de julio de 2015. Habl\u00e1bamos de ella recientemente en este mismo blog: &nbsp; &nbsp; http:\/\/derecho-y-empresa.euroresidentes.com\/2015\/06\/la-responsabilidad-penal-de-las.HTML &nbsp; &nbsp; El objetivo de estas norma es concretar las medidas","og_url":"https:\/\/www.euroresidentes.com\/empresa\/derecho-mercantil\/que-es-el-corporate-compliance\/","og_site_name":"Derecho Mercantil","article_publisher":"https:\/\/www.facebook.com\/euroresidentes\/","article_published_time":"2015-07-07T07:29:00+00:00","article_modified_time":"2017-03-27T12:35:55+00:00","og_image":[{"width":640,"height":480,"url":"https:\/\/www.euroresidentes.com\/empresa\/derecho-mercantil\/wp-content\/uploads\/sites\/12\/2015\/07\/snail-505511_640.jpg","type":"image\/jpeg"}],"author":"Manuel Pomares","twitter_card":"summary_large_image","twitter_misc":{"Written by":"Manuel Pomares","Est. reading time":"2 minutos"},"schema":{"@context":"https:\/\/schema.org","@graph":[{"@type":"Article","@id":"https:\/\/www.euroresidentes.com\/empresa\/derecho-mercantil\/que-es-el-corporate-compliance\/#article","isPartOf":{"@id":"https:\/\/www.euroresidentes.com\/empresa\/derecho-mercantil\/que-es-el-corporate-compliance\/"},"author":{"name":"Manuel Pomares","@id":"https:\/\/www.euroresidentes.com\/empresa\/derecho-mercantil\/#\/schema\/person\/1f848038ac5623245414f398a267708f"},"headline":"\u00bfQu\u00e9 es el \u00abcorporate compliance\u00bb?","datePublished":"2015-07-07T07:29:00+00:00","dateModified":"2017-03-27T12:35:55+00:00","mainEntityOfPage":{"@id":"https:\/\/www.euroresidentes.com\/empresa\/derecho-mercantil\/que-es-el-corporate-compliance\/"},"wordCount":393,"commentCount":0,"image":{"@id":"https:\/\/www.euroresidentes.com\/empresa\/derecho-mercantil\/que-es-el-corporate-compliance\/#primaryimage"},"thumbnailUrl":"https:\/\/www.euroresidentes.com\/empresa\/derecho-mercantil\/wp-content\/uploads\/sites\/12\/2015\/07\/snail-505511_640.jpg","articleSection":["General"],"inLanguage":"es","potentialAction":[{"@type":"CommentAction","name":"Comment","target":["https:\/\/www.euroresidentes.com\/empresa\/derecho-mercantil\/que-es-el-corporate-compliance\/#respond"]}]},{"@type":"WebPage","@id":"https:\/\/www.euroresidentes.com\/empresa\/derecho-mercantil\/que-es-el-corporate-compliance\/","url":"https:\/\/www.euroresidentes.com\/empresa\/derecho-mercantil\/que-es-el-corporate-compliance\/","name":"\u00bfQu\u00e9 es el \"corporate compliance\"? - Derecho Mercantil","isPartOf":{"@id":"https:\/\/www.euroresidentes.com\/empresa\/derecho-mercantil\/#website"},"primaryImageOfPage":{"@id":"https:\/\/www.euroresidentes.com\/empresa\/derecho-mercantil\/que-es-el-corporate-compliance\/#primaryimage"},"image":{"@id":"https:\/\/www.euroresidentes.com\/empresa\/derecho-mercantil\/que-es-el-corporate-compliance\/#primaryimage"},"thumbnailUrl":"https:\/\/www.euroresidentes.com\/empresa\/derecho-mercantil\/wp-content\/uploads\/sites\/12\/2015\/07\/snail-505511_640.jpg","datePublished":"2015-07-07T07:29:00+00:00","dateModified":"2017-03-27T12:35:55+00:00","author":{"@id":"https:\/\/www.euroresidentes.com\/empresa\/derecho-mercantil\/#\/schema\/person\/1f848038ac5623245414f398a267708f"},"breadcrumb":{"@id":"https:\/\/www.euroresidentes.com\/empresa\/derecho-mercantil\/que-es-el-corporate-compliance\/#breadcrumb"},"inLanguage":"es","potentialAction":[{"@type":"ReadAction","target":["https:\/\/www.euroresidentes.com\/empresa\/derecho-mercantil\/que-es-el-corporate-compliance\/"]}]},{"@type":"ImageObject","inLanguage":"es","@id":"https:\/\/www.euroresidentes.com\/empresa\/derecho-mercantil\/que-es-el-corporate-compliance\/#primaryimage","url":"https:\/\/www.euroresidentes.com\/empresa\/derecho-mercantil\/wp-content\/uploads\/sites\/12\/2015\/07\/snail-505511_640.jpg","contentUrl":"https:\/\/www.euroresidentes.com\/empresa\/derecho-mercantil\/wp-content\/uploads\/sites\/12\/2015\/07\/snail-505511_640.jpg","width":640,"height":480},{"@type":"BreadcrumbList","@id":"https:\/\/www.euroresidentes.com\/empresa\/derecho-mercantil\/que-es-el-corporate-compliance\/#breadcrumb","itemListElement":[{"@type":"ListItem","position":1,"name":"Portada","item":"https:\/\/www.euroresidentes.com\/empresa\/derecho-mercantil\/"},{"@type":"ListItem","position":2,"name":"\u00bfQu\u00e9 es el \u00abcorporate compliance\u00bb?"}]},{"@type":"WebSite","@id":"https:\/\/www.euroresidentes.com\/empresa\/derecho-mercantil\/#website","url":"https:\/\/www.euroresidentes.com\/empresa\/derecho-mercantil\/","name":"Derecho Mercantil","description":"Derecho y Empresa Euroresidentes","potentialAction":[{"@type":"SearchAction","target":{"@type":"EntryPoint","urlTemplate":"https:\/\/www.euroresidentes.com\/empresa\/derecho-mercantil\/?s={search_term_string}"},"query-input":{"@type":"PropertyValueSpecification","valueRequired":true,"valueName":"search_term_string"}}],"inLanguage":"es"},{"@type":"Person","@id":"https:\/\/www.euroresidentes.com\/empresa\/derecho-mercantil\/#\/schema\/person\/1f848038ac5623245414f398a267708f","name":"Manuel Pomares","image":{"@type":"ImageObject","inLanguage":"es","@id":"https:\/\/www.euroresidentes.com\/empresa\/derecho-mercantil\/wp-content\/uploads\/sites\/12\/2016\/08\/manuel-pomares-abogados-150x150.jpg","url":"https:\/\/www.euroresidentes.com\/empresa\/derecho-mercantil\/wp-content\/uploads\/sites\/12\/2016\/08\/manuel-pomares-abogados-150x150.jpg","contentUrl":"https:\/\/www.euroresidentes.com\/empresa\/derecho-mercantil\/wp-content\/uploads\/sites\/12\/2016\/08\/manuel-pomares-abogados-150x150.jpg","caption":"Manuel Pomares"},"description":"Manuel PomaresAbogado y socio director de la firma Pomares Abogados. Especialista en derecho mercantil-societario, bancario y responsabilidad civil-seguro.","sameAs":["http:\/\/www.euroresidentes.com\/empresa\/manuel-pomares-2.html"],"url":"https:\/\/www.euroresidentes.com\/empresa\/derecho-mercantil\/author\/manuel\/"}]}},"_links":{"self":[{"href":"https:\/\/www.euroresidentes.com\/empresa\/derecho-mercantil\/wp-json\/wp\/v2\/posts\/21","targetHints":{"allow":["GET"]}}],"collection":[{"href":"https:\/\/www.euroresidentes.com\/empresa\/derecho-mercantil\/wp-json\/wp\/v2\/posts"}],"about":[{"href":"https:\/\/www.euroresidentes.com\/empresa\/derecho-mercantil\/wp-json\/wp\/v2\/types\/post"}],"author":[{"embeddable":true,"href":"https:\/\/www.euroresidentes.com\/empresa\/derecho-mercantil\/wp-json\/wp\/v2\/users\/9"}],"replies":[{"embeddable":true,"href":"https:\/\/www.euroresidentes.com\/empresa\/derecho-mercantil\/wp-json\/wp\/v2\/comments?post=21"}],"version-history":[{"count":5,"href":"https:\/\/www.euroresidentes.com\/empresa\/derecho-mercantil\/wp-json\/wp\/v2\/posts\/21\/revisions"}],"predecessor-version":[{"id":566,"href":"https:\/\/www.euroresidentes.com\/empresa\/derecho-mercantil\/wp-json\/wp\/v2\/posts\/21\/revisions\/566"}],"wp:featuredmedia":[{"embeddable":true,"href":"https:\/\/www.euroresidentes.com\/empresa\/derecho-mercantil\/wp-json\/wp\/v2\/media\/114"}],"wp:attachment":[{"href":"https:\/\/www.euroresidentes.com\/empresa\/derecho-mercantil\/wp-json\/wp\/v2\/media?parent=21"}],"wp:term":[{"taxonomy":"category","embeddable":true,"href":"https:\/\/www.euroresidentes.com\/empresa\/derecho-mercantil\/wp-json\/wp\/v2\/categories?post=21"},{"taxonomy":"post_tag","embeddable":true,"href":"https:\/\/www.euroresidentes.com\/empresa\/derecho-mercantil\/wp-json\/wp\/v2\/tags?post=21"}],"curies":[{"name":"wp","href":"https:\/\/api.w.org\/{rel}","templated":true}]}}