
{"id":2098,"date":"2019-09-25T11:26:39","date_gmt":"2019-09-25T09:26:39","guid":{"rendered":"http:\/\/www.euroresidentes.com\/empresa\/derecho-mercantil\/?p=2098"},"modified":"2020-04-14T20:59:58","modified_gmt":"2020-04-14T18:59:58","slug":"criticas-empresas-internet-donde-esta-limite","status":"publish","type":"post","link":"https:\/\/www.euroresidentes.com\/empresa\/derecho-mercantil\/criticas-empresas-internet-donde-esta-limite\/","title":{"rendered":"Cr\u00edticas a empresas en internet: \u00bfd\u00f3nde est\u00e1 el l\u00edmite?"},"content":{"rendered":"<p style=\"text-align: justify\">En la actualidad, es frecuente que las personas muestren su opini\u00f3n v\u00eda internet respeto a diversas experiencias en diferentes aplicaciones y redes sociales sobre hoteles, restaurantes, comercios destinados al p\u00fablico, locales de ocio, etc., elimin\u00e1ndose as\u00ed los medios de difusi\u00f3n tradicionales.\u00a0La cr\u00edtica es una valoraci\u00f3n o juicio sobre las cosas, experiencias o incluso sobre las propias personas, cr\u00edticas que son fundamentadas en unos principios y criterios. No obstante, debemos tener en cuenta la intenci\u00f3n del emisor, pues cosa bien distinta es que se trate de un comentario o cr\u00edtica constructiva que s\u00f3lo busque la mejora de la empresa para el futuro, al contrario de los comentarios destructivos.<\/p>\n<p style=\"text-align: justify\"><a href=\"http:\/\/www.euroresidentes.com\/empresa\/derecho-mercantil\/wp-content\/uploads\/sites\/12\/2019\/09\/banner-1071783_1920.jpg\"><img loading=\"lazy\" decoding=\"async\" class=\"aligncenter wp-image-2099\" src=\"http:\/\/www.euroresidentes.com\/empresa\/derecho-mercantil\/wp-content\/uploads\/sites\/12\/2019\/09\/banner-1071783_1920-300x107.jpg\" alt=\"\" width=\"400\" height=\"142\" srcset=\"https:\/\/www.euroresidentes.com\/empresa\/derecho-mercantil\/wp-content\/uploads\/sites\/12\/2019\/09\/banner-1071783_1920-300x107.jpg 300w, https:\/\/www.euroresidentes.com\/empresa\/derecho-mercantil\/wp-content\/uploads\/sites\/12\/2019\/09\/banner-1071783_1920-768x273.jpg 768w, https:\/\/www.euroresidentes.com\/empresa\/derecho-mercantil\/wp-content\/uploads\/sites\/12\/2019\/09\/banner-1071783_1920.jpg 1024w, https:\/\/www.euroresidentes.com\/empresa\/derecho-mercantil\/wp-content\/uploads\/sites\/12\/2019\/09\/banner-1071783_1920-770x274.jpg 770w\" sizes=\"auto, (max-width: 400px) 100vw, 400px\" \/><\/a><\/p>\n<p style=\"text-align: justify\">\u00a0<\/p>\n<p style=\"text-align: justify\">Como ven\u00edamos diciendo, millones de empresas se encuentran constantemente ante una gran oleada de cr\u00edticas y comentarios ofensivos y difamatorios que como ya ven\u00edamos indicando en nuestro anterior post: <em><a href=\"https:\/\/www.euroresidentes.com\/empresa\/derecho-mercantil\/control-los-comentarios-ilicitos-las-redes-sociales\">https:\/\/www.euroresidentes.com\/empresa\/derecho-mercantil\/control-los-comentarios-ilicitos-las-redes-sociales<\/a><\/em>, debemos de poner fin a dichos comentarios, que \u00fanicamente son realizados con el objetivo de originar una respuesta negativa.<\/p>\n<p style=\"text-align: justify\">\u00a0<\/p>\n<p style=\"text-align: justify\">\u00a0<\/p>\n<p style=\"text-align: justify\"><strong>\u00bfQu\u00e9 perjuicio le causa a las empresas?<\/strong><\/p>\n<p style=\"text-align: justify\">\u00a0<\/p>\n<p style=\"text-align: justify\">Las nuevas tecnolog\u00edas y los grandes avances de informaci\u00f3n y comunicaci\u00f3n han evolucionado, debiendo con ello renovar los mecanismos de defensa de las compa\u00f1\u00edas, quienes se encuentran obligadas a conocer que se dice de ellas.<\/p>\n<p style=\"text-align: justify\">\u00a0<\/p>\n<p style=\"text-align: justify\">Al igual que las personas f\u00edsicas, las empresas tienen derecho al honor, esto es, el derecho de toda compa\u00f1\u00eda a proteger su prestigio y reputaci\u00f3n cuando se produce alguna difamaci\u00f3n que pueda desmerecer, da\u00f1ar y deteriorar su imagen.\u00a0 Obviamente nadie quiere ver como su prestigiosa empresa decae paulatinamente a causa de las opiniones p\u00fablicas, m\u00e1s a\u00fan cuando la mayor\u00eda de ellas son embustes o calumnias realizadas con malicia.<\/p>\n<p style=\"text-align: justify\">\u00a0<\/p>\n<p style=\"text-align: justify\"><strong>\u00bfCu\u00e1l es la forma de resolver dicha situaci\u00f3n?<\/strong><\/p>\n<p style=\"text-align: justify\">\u00a0<\/p>\n<p style=\"text-align: justify\">Ya se indicaba como ven\u00edamos diciendo en nuestro anterior post, que la eliminaci\u00f3n de forma completa de los comentarios il\u00edcitos en internet requiere de una gran complejidad. En la mayor\u00eda de ocasiones nadie quiere ir a la v\u00eda judicial para resolver dichos litigios. \u00danicamente es necesario la solicitud de retirada de dichos comentarios a la plataforma, siendo un mecanismo de protecci\u00f3n del derecho al honor de la empresa r\u00e1pido y eficaz.<\/p>\n<p style=\"text-align: justify\">\u00a0<\/p>\n<p style=\"text-align: justify\">No obstante, tambi\u00e9n sigue existiendo la v\u00eda judicial para el caso en el que no se proceda a la eliminaci\u00f3n de comentarios difamatorios y vejatorios. Las empresas que ven deteriorado su derecho al honor proceden a interponer demanda judicial, reclamando una compensaci\u00f3n econ\u00f3mica por las consecuencias y los da\u00f1os sufridos.<\/p>\n<p style=\"text-align: justify\">\u00a0<\/p>\n<p style=\"text-align: justify\">Recientemente, la aplicaci\u00f3n \u201c<em>Tripadvisor<\/em>\u201d, plataforma de viajes y servicios a los viajeros, se ha visto involucrada en un procedimiento judicial. La demandante, era una compa\u00f1\u00eda que hab\u00eda visto su establecimiento incluido en dicha aplicaci\u00f3n sin permiso, recibiendo todo tipo de comentarios y opiniones p\u00fablicas de la gente, da\u00f1ando su imagen y prestigio. Por ello la demandante interpuso demanda contra la plataforma por una cuant\u00eda elevada econ\u00f3micamente, concretamente de 669.000 euros. Ante ello, se ha dictado recientemente por el Juzgado de Instancia de Barcelona, Sentencia desestimatoria de la acci\u00f3n planteada por la compa\u00f1\u00eda.<\/p>\n<p style=\"text-align: justify\">\u00a0<\/p>\n<p style=\"text-align: justify\">Tal pronunciamiento fue llevado a cabo tras considerar los comentarios expuestos en demanda, comentarios que fueron borrados de forma inmediata. Ante el doble control realizado por la aplicaci\u00f3n, el Juez no tuvo m\u00e1s reparo que desestimar la demanda.<\/p>\n<p style=\"text-align: justify\">\u00a0<\/p>\n<p style=\"text-align: justify\">No obstante, como ocurre en el presente caso, si la p\u00e1gina web o plataforma no hubiera tomado las medidas de eliminaci\u00f3n de los comentarios il\u00edcitos, la Sentencia posiblemente hubiera sido contradictoria.\u00a0<\/p>\n<p style=\"text-align: justify\">\u00a0<\/p>\n<p style=\"text-align: justify\"><strong>\u00bfCu\u00e1l es ese control?<\/strong><\/p>\n<p style=\"text-align: justify\">\u00a0<\/p>\n<ul style=\"text-align: justify\">\n<li>Denunciar el comentario en la propia plataforma o p\u00e1gina web.<\/li>\n<li>Seguidamente ponerse en contacto con la plataforma o p\u00e1gina web v\u00eda email, enviando toda la documentaci\u00f3n necesaria que acredite que ese comentario, es falso, vejatorio y ofensivo.<\/li>\n<li>Posteriormente la plataforma o p\u00e1gina web v\u00eda email debe de ponerse en contacto con el usuario que ha interpuesto el comentario a fin de solicitarle si de verdad su comentario y usuario es real que retire el comentario, salvo que demuestre que dicho comentario es ver\u00eddico.<\/li>\n<\/ul>\n<p style=\"text-align: justify\">\u00a0<\/p>\n<p style=\"text-align: justify\">\u00a0<\/p>\n<p style=\"text-align: justify\">En conclusi\u00f3n, la eliminaci\u00f3n de forma directa de los comentarios vejatorios y desproporcionados, que \u00fanicamente son incluidos en las redes sociales con el objetivo de denigrar las empresas, podr\u00edan evitar la mayor\u00eda de procedimiento judiciales.\u00a0No obstante, debemos cerciorarnos de que los mensajes enviados negativos que se eliminen no sean veraces, dado que las personas tienen derecho a ejercer su libertad de expresi\u00f3n siempre dentro de la veracidad para dar a conocer la parte negativa de los establecimientos o de los servicios.<\/p>\n","protected":false},"excerpt":{"rendered":"<p>En la actualidad, es frecuente que las personas muestren su opini\u00f3n v\u00eda internet respeto a diversas experiencias en diferentes aplicaciones y redes sociales sobre hoteles, restaurantes, comercios destinados al p\u00fablico, locales de ocio, etc., elimin\u00e1ndose as\u00ed los medios de difusi\u00f3n tradicionales.\u00a0La cr\u00edtica es una valoraci\u00f3n o juicio sobre las cosas, experiencias o incluso sobre las propias personas, cr\u00edticas que son fundamentadas en unos principios y criterios. No obstante, debemos tener en cuenta la intenci\u00f3n del emisor, pues cosa bien distinta es que se trate de un comentario o cr\u00edtica constructiva que s\u00f3lo busque la mejora de la empresa para el <\/p>\n","protected":false},"author":9,"featured_media":2099,"comment_status":"open","ping_status":"closed","sticky":false,"template":"","format":"standard","meta":{"footnotes":""},"categories":[15],"tags":[],"class_list":["post-2098","post","type-post","status-publish","format-standard","has-post-thumbnail","hentry","category-general","has_thumb"],"yoast_head":"<!-- This site is optimized with the Yoast SEO plugin v27.5 - https:\/\/yoast.com\/product\/yoast-seo-wordpress\/ -->\n<title>Cr\u00edticas a empresas en internet: \u00bfd\u00f3nde est\u00e1 el l\u00edmite? - Derecho Mercantil<\/title>\n<meta name=\"robots\" content=\"index, follow, max-snippet:-1, max-image-preview:large, max-video-preview:-1\" \/>\n<link rel=\"canonical\" href=\"https:\/\/www.euroresidentes.com\/empresa\/derecho-mercantil\/criticas-empresas-internet-donde-esta-limite\/\" \/>\n<meta property=\"og:locale\" content=\"es_ES\" \/>\n<meta property=\"og:type\" content=\"article\" \/>\n<meta property=\"og:title\" content=\"Cr\u00edticas a empresas en internet: \u00bfd\u00f3nde est\u00e1 el l\u00edmite? - Derecho Mercantil\" \/>\n<meta property=\"og:description\" content=\"En la actualidad, es frecuente que las personas muestren su opini\u00f3n v\u00eda internet respeto a diversas experiencias en diferentes aplicaciones y redes sociales sobre hoteles, restaurantes, comercios destinados al p\u00fablico, locales de ocio, etc., elimin\u00e1ndose as\u00ed los medios de difusi\u00f3n tradicionales.\u00a0La cr\u00edtica es una valoraci\u00f3n o juicio sobre las cosas, experiencias o incluso sobre las propias personas, cr\u00edticas que son fundamentadas en unos principios y criterios. No obstante, debemos tener en cuenta la intenci\u00f3n del emisor, pues cosa bien distinta es que se trate de un comentario o cr\u00edtica constructiva que s\u00f3lo busque la mejora de la empresa para el\" \/>\n<meta property=\"og:url\" content=\"https:\/\/www.euroresidentes.com\/empresa\/derecho-mercantil\/criticas-empresas-internet-donde-esta-limite\/\" \/>\n<meta property=\"og:site_name\" content=\"Derecho Mercantil\" \/>\n<meta property=\"article:publisher\" content=\"https:\/\/www.facebook.com\/euroresidentes\/\" \/>\n<meta property=\"article:published_time\" content=\"2019-09-25T09:26:39+00:00\" \/>\n<meta property=\"article:modified_time\" content=\"2020-04-14T18:59:58+00:00\" \/>\n<meta property=\"og:image\" content=\"https:\/\/www.euroresidentes.com\/empresa\/derecho-mercantil\/wp-content\/uploads\/sites\/12\/2019\/09\/banner-1071783_1920.jpg\" \/>\n\t<meta property=\"og:image:width\" content=\"1024\" \/>\n\t<meta property=\"og:image:height\" content=\"364\" \/>\n\t<meta property=\"og:image:type\" content=\"image\/jpeg\" \/>\n<meta name=\"author\" content=\"Manuel Pomares\" \/>\n<meta name=\"twitter:card\" content=\"summary_large_image\" \/>\n<meta name=\"twitter:label1\" content=\"Written by\" \/>\n\t<meta name=\"twitter:data1\" content=\"Manuel Pomares\" \/>\n\t<meta name=\"twitter:label2\" content=\"Est. reading time\" \/>\n\t<meta name=\"twitter:data2\" content=\"4 minutos\" \/>\n<script type=\"application\/ld+json\" class=\"yoast-schema-graph\">{\"@context\":\"https:\\\/\\\/schema.org\",\"@graph\":[{\"@type\":\"Article\",\"@id\":\"https:\\\/\\\/www.euroresidentes.com\\\/empresa\\\/derecho-mercantil\\\/criticas-empresas-internet-donde-esta-limite\\\/#article\",\"isPartOf\":{\"@id\":\"https:\\\/\\\/www.euroresidentes.com\\\/empresa\\\/derecho-mercantil\\\/criticas-empresas-internet-donde-esta-limite\\\/\"},\"author\":{\"name\":\"Manuel Pomares\",\"@id\":\"https:\\\/\\\/www.euroresidentes.com\\\/empresa\\\/derecho-mercantil\\\/#\\\/schema\\\/person\\\/1f848038ac5623245414f398a267708f\"},\"headline\":\"Cr\u00edticas a empresas en internet: \u00bfd\u00f3nde est\u00e1 el l\u00edmite?\",\"datePublished\":\"2019-09-25T09:26:39+00:00\",\"dateModified\":\"2020-04-14T18:59:58+00:00\",\"mainEntityOfPage\":{\"@id\":\"https:\\\/\\\/www.euroresidentes.com\\\/empresa\\\/derecho-mercantil\\\/criticas-empresas-internet-donde-esta-limite\\\/\"},\"wordCount\":813,\"commentCount\":0,\"image\":{\"@id\":\"https:\\\/\\\/www.euroresidentes.com\\\/empresa\\\/derecho-mercantil\\\/criticas-empresas-internet-donde-esta-limite\\\/#primaryimage\"},\"thumbnailUrl\":\"https:\\\/\\\/www.euroresidentes.com\\\/empresa\\\/derecho-mercantil\\\/wp-content\\\/uploads\\\/sites\\\/12\\\/2019\\\/09\\\/banner-1071783_1920.jpg\",\"articleSection\":[\"General\"],\"inLanguage\":\"es\",\"potentialAction\":[{\"@type\":\"CommentAction\",\"name\":\"Comment\",\"target\":[\"https:\\\/\\\/www.euroresidentes.com\\\/empresa\\\/derecho-mercantil\\\/criticas-empresas-internet-donde-esta-limite\\\/#respond\"]}]},{\"@type\":\"WebPage\",\"@id\":\"https:\\\/\\\/www.euroresidentes.com\\\/empresa\\\/derecho-mercantil\\\/criticas-empresas-internet-donde-esta-limite\\\/\",\"url\":\"https:\\\/\\\/www.euroresidentes.com\\\/empresa\\\/derecho-mercantil\\\/criticas-empresas-internet-donde-esta-limite\\\/\",\"name\":\"Cr\u00edticas a empresas en internet: \u00bfd\u00f3nde est\u00e1 el l\u00edmite? - Derecho Mercantil\",\"isPartOf\":{\"@id\":\"https:\\\/\\\/www.euroresidentes.com\\\/empresa\\\/derecho-mercantil\\\/#website\"},\"primaryImageOfPage\":{\"@id\":\"https:\\\/\\\/www.euroresidentes.com\\\/empresa\\\/derecho-mercantil\\\/criticas-empresas-internet-donde-esta-limite\\\/#primaryimage\"},\"image\":{\"@id\":\"https:\\\/\\\/www.euroresidentes.com\\\/empresa\\\/derecho-mercantil\\\/criticas-empresas-internet-donde-esta-limite\\\/#primaryimage\"},\"thumbnailUrl\":\"https:\\\/\\\/www.euroresidentes.com\\\/empresa\\\/derecho-mercantil\\\/wp-content\\\/uploads\\\/sites\\\/12\\\/2019\\\/09\\\/banner-1071783_1920.jpg\",\"datePublished\":\"2019-09-25T09:26:39+00:00\",\"dateModified\":\"2020-04-14T18:59:58+00:00\",\"author\":{\"@id\":\"https:\\\/\\\/www.euroresidentes.com\\\/empresa\\\/derecho-mercantil\\\/#\\\/schema\\\/person\\\/1f848038ac5623245414f398a267708f\"},\"breadcrumb\":{\"@id\":\"https:\\\/\\\/www.euroresidentes.com\\\/empresa\\\/derecho-mercantil\\\/criticas-empresas-internet-donde-esta-limite\\\/#breadcrumb\"},\"inLanguage\":\"es\",\"potentialAction\":[{\"@type\":\"ReadAction\",\"target\":[\"https:\\\/\\\/www.euroresidentes.com\\\/empresa\\\/derecho-mercantil\\\/criticas-empresas-internet-donde-esta-limite\\\/\"]}]},{\"@type\":\"ImageObject\",\"inLanguage\":\"es\",\"@id\":\"https:\\\/\\\/www.euroresidentes.com\\\/empresa\\\/derecho-mercantil\\\/criticas-empresas-internet-donde-esta-limite\\\/#primaryimage\",\"url\":\"https:\\\/\\\/www.euroresidentes.com\\\/empresa\\\/derecho-mercantil\\\/wp-content\\\/uploads\\\/sites\\\/12\\\/2019\\\/09\\\/banner-1071783_1920.jpg\",\"contentUrl\":\"https:\\\/\\\/www.euroresidentes.com\\\/empresa\\\/derecho-mercantil\\\/wp-content\\\/uploads\\\/sites\\\/12\\\/2019\\\/09\\\/banner-1071783_1920.jpg\",\"width\":1024,\"height\":364},{\"@type\":\"BreadcrumbList\",\"@id\":\"https:\\\/\\\/www.euroresidentes.com\\\/empresa\\\/derecho-mercantil\\\/criticas-empresas-internet-donde-esta-limite\\\/#breadcrumb\",\"itemListElement\":[{\"@type\":\"ListItem\",\"position\":1,\"name\":\"Portada\",\"item\":\"https:\\\/\\\/www.euroresidentes.com\\\/empresa\\\/derecho-mercantil\\\/\"},{\"@type\":\"ListItem\",\"position\":2,\"name\":\"Cr\u00edticas a empresas en internet: \u00bfd\u00f3nde est\u00e1 el l\u00edmite?\"}]},{\"@type\":\"WebSite\",\"@id\":\"https:\\\/\\\/www.euroresidentes.com\\\/empresa\\\/derecho-mercantil\\\/#website\",\"url\":\"https:\\\/\\\/www.euroresidentes.com\\\/empresa\\\/derecho-mercantil\\\/\",\"name\":\"Derecho Mercantil\",\"description\":\"Derecho y Empresa Euroresidentes\",\"potentialAction\":[{\"@type\":\"SearchAction\",\"target\":{\"@type\":\"EntryPoint\",\"urlTemplate\":\"https:\\\/\\\/www.euroresidentes.com\\\/empresa\\\/derecho-mercantil\\\/?s={search_term_string}\"},\"query-input\":{\"@type\":\"PropertyValueSpecification\",\"valueRequired\":true,\"valueName\":\"search_term_string\"}}],\"inLanguage\":\"es\"},{\"@type\":\"Person\",\"@id\":\"https:\\\/\\\/www.euroresidentes.com\\\/empresa\\\/derecho-mercantil\\\/#\\\/schema\\\/person\\\/1f848038ac5623245414f398a267708f\",\"name\":\"Manuel Pomares\",\"image\":{\"@type\":\"ImageObject\",\"inLanguage\":\"es\",\"@id\":\"https:\\\/\\\/www.euroresidentes.com\\\/empresa\\\/derecho-mercantil\\\/wp-content\\\/uploads\\\/sites\\\/12\\\/2016\\\/08\\\/manuel-pomares-abogados-150x150.jpg\",\"url\":\"https:\\\/\\\/www.euroresidentes.com\\\/empresa\\\/derecho-mercantil\\\/wp-content\\\/uploads\\\/sites\\\/12\\\/2016\\\/08\\\/manuel-pomares-abogados-150x150.jpg\",\"contentUrl\":\"https:\\\/\\\/www.euroresidentes.com\\\/empresa\\\/derecho-mercantil\\\/wp-content\\\/uploads\\\/sites\\\/12\\\/2016\\\/08\\\/manuel-pomares-abogados-150x150.jpg\",\"caption\":\"Manuel Pomares\"},\"description\":\"Manuel PomaresAbogado y socio director de la firma Pomares Abogados. Especialista en derecho mercantil-societario, bancario y responsabilidad civil-seguro.\",\"sameAs\":[\"http:\\\/\\\/www.euroresidentes.com\\\/empresa\\\/manuel-pomares-2.html\"],\"url\":\"https:\\\/\\\/www.euroresidentes.com\\\/empresa\\\/derecho-mercantil\\\/author\\\/manuel\\\/\"}]}<\/script>\n<!-- \/ Yoast SEO plugin. -->","yoast_head_json":{"title":"Cr\u00edticas a empresas en internet: \u00bfd\u00f3nde est\u00e1 el l\u00edmite? - Derecho Mercantil","robots":{"index":"index","follow":"follow","max-snippet":"max-snippet:-1","max-image-preview":"max-image-preview:large","max-video-preview":"max-video-preview:-1"},"canonical":"https:\/\/www.euroresidentes.com\/empresa\/derecho-mercantil\/criticas-empresas-internet-donde-esta-limite\/","og_locale":"es_ES","og_type":"article","og_title":"Cr\u00edticas a empresas en internet: \u00bfd\u00f3nde est\u00e1 el l\u00edmite? - Derecho Mercantil","og_description":"En la actualidad, es frecuente que las personas muestren su opini\u00f3n v\u00eda internet respeto a diversas experiencias en diferentes aplicaciones y redes sociales sobre hoteles, restaurantes, comercios destinados al p\u00fablico, locales de ocio, etc., elimin\u00e1ndose as\u00ed los medios de difusi\u00f3n tradicionales.\u00a0La cr\u00edtica es una valoraci\u00f3n o juicio sobre las cosas, experiencias o incluso sobre las propias personas, cr\u00edticas que son fundamentadas en unos principios y criterios. No obstante, debemos tener en cuenta la intenci\u00f3n del emisor, pues cosa bien distinta es que se trate de un comentario o cr\u00edtica constructiva que s\u00f3lo busque la mejora de la empresa para el","og_url":"https:\/\/www.euroresidentes.com\/empresa\/derecho-mercantil\/criticas-empresas-internet-donde-esta-limite\/","og_site_name":"Derecho Mercantil","article_publisher":"https:\/\/www.facebook.com\/euroresidentes\/","article_published_time":"2019-09-25T09:26:39+00:00","article_modified_time":"2020-04-14T18:59:58+00:00","og_image":[{"width":1024,"height":364,"url":"https:\/\/www.euroresidentes.com\/empresa\/derecho-mercantil\/wp-content\/uploads\/sites\/12\/2019\/09\/banner-1071783_1920.jpg","type":"image\/jpeg"}],"author":"Manuel Pomares","twitter_card":"summary_large_image","twitter_misc":{"Written by":"Manuel Pomares","Est. reading time":"4 minutos"},"schema":{"@context":"https:\/\/schema.org","@graph":[{"@type":"Article","@id":"https:\/\/www.euroresidentes.com\/empresa\/derecho-mercantil\/criticas-empresas-internet-donde-esta-limite\/#article","isPartOf":{"@id":"https:\/\/www.euroresidentes.com\/empresa\/derecho-mercantil\/criticas-empresas-internet-donde-esta-limite\/"},"author":{"name":"Manuel Pomares","@id":"https:\/\/www.euroresidentes.com\/empresa\/derecho-mercantil\/#\/schema\/person\/1f848038ac5623245414f398a267708f"},"headline":"Cr\u00edticas a empresas en internet: \u00bfd\u00f3nde est\u00e1 el l\u00edmite?","datePublished":"2019-09-25T09:26:39+00:00","dateModified":"2020-04-14T18:59:58+00:00","mainEntityOfPage":{"@id":"https:\/\/www.euroresidentes.com\/empresa\/derecho-mercantil\/criticas-empresas-internet-donde-esta-limite\/"},"wordCount":813,"commentCount":0,"image":{"@id":"https:\/\/www.euroresidentes.com\/empresa\/derecho-mercantil\/criticas-empresas-internet-donde-esta-limite\/#primaryimage"},"thumbnailUrl":"https:\/\/www.euroresidentes.com\/empresa\/derecho-mercantil\/wp-content\/uploads\/sites\/12\/2019\/09\/banner-1071783_1920.jpg","articleSection":["General"],"inLanguage":"es","potentialAction":[{"@type":"CommentAction","name":"Comment","target":["https:\/\/www.euroresidentes.com\/empresa\/derecho-mercantil\/criticas-empresas-internet-donde-esta-limite\/#respond"]}]},{"@type":"WebPage","@id":"https:\/\/www.euroresidentes.com\/empresa\/derecho-mercantil\/criticas-empresas-internet-donde-esta-limite\/","url":"https:\/\/www.euroresidentes.com\/empresa\/derecho-mercantil\/criticas-empresas-internet-donde-esta-limite\/","name":"Cr\u00edticas a empresas en internet: \u00bfd\u00f3nde est\u00e1 el l\u00edmite? - Derecho Mercantil","isPartOf":{"@id":"https:\/\/www.euroresidentes.com\/empresa\/derecho-mercantil\/#website"},"primaryImageOfPage":{"@id":"https:\/\/www.euroresidentes.com\/empresa\/derecho-mercantil\/criticas-empresas-internet-donde-esta-limite\/#primaryimage"},"image":{"@id":"https:\/\/www.euroresidentes.com\/empresa\/derecho-mercantil\/criticas-empresas-internet-donde-esta-limite\/#primaryimage"},"thumbnailUrl":"https:\/\/www.euroresidentes.com\/empresa\/derecho-mercantil\/wp-content\/uploads\/sites\/12\/2019\/09\/banner-1071783_1920.jpg","datePublished":"2019-09-25T09:26:39+00:00","dateModified":"2020-04-14T18:59:58+00:00","author":{"@id":"https:\/\/www.euroresidentes.com\/empresa\/derecho-mercantil\/#\/schema\/person\/1f848038ac5623245414f398a267708f"},"breadcrumb":{"@id":"https:\/\/www.euroresidentes.com\/empresa\/derecho-mercantil\/criticas-empresas-internet-donde-esta-limite\/#breadcrumb"},"inLanguage":"es","potentialAction":[{"@type":"ReadAction","target":["https:\/\/www.euroresidentes.com\/empresa\/derecho-mercantil\/criticas-empresas-internet-donde-esta-limite\/"]}]},{"@type":"ImageObject","inLanguage":"es","@id":"https:\/\/www.euroresidentes.com\/empresa\/derecho-mercantil\/criticas-empresas-internet-donde-esta-limite\/#primaryimage","url":"https:\/\/www.euroresidentes.com\/empresa\/derecho-mercantil\/wp-content\/uploads\/sites\/12\/2019\/09\/banner-1071783_1920.jpg","contentUrl":"https:\/\/www.euroresidentes.com\/empresa\/derecho-mercantil\/wp-content\/uploads\/sites\/12\/2019\/09\/banner-1071783_1920.jpg","width":1024,"height":364},{"@type":"BreadcrumbList","@id":"https:\/\/www.euroresidentes.com\/empresa\/derecho-mercantil\/criticas-empresas-internet-donde-esta-limite\/#breadcrumb","itemListElement":[{"@type":"ListItem","position":1,"name":"Portada","item":"https:\/\/www.euroresidentes.com\/empresa\/derecho-mercantil\/"},{"@type":"ListItem","position":2,"name":"Cr\u00edticas a empresas en internet: \u00bfd\u00f3nde est\u00e1 el l\u00edmite?"}]},{"@type":"WebSite","@id":"https:\/\/www.euroresidentes.com\/empresa\/derecho-mercantil\/#website","url":"https:\/\/www.euroresidentes.com\/empresa\/derecho-mercantil\/","name":"Derecho Mercantil","description":"Derecho y Empresa Euroresidentes","potentialAction":[{"@type":"SearchAction","target":{"@type":"EntryPoint","urlTemplate":"https:\/\/www.euroresidentes.com\/empresa\/derecho-mercantil\/?s={search_term_string}"},"query-input":{"@type":"PropertyValueSpecification","valueRequired":true,"valueName":"search_term_string"}}],"inLanguage":"es"},{"@type":"Person","@id":"https:\/\/www.euroresidentes.com\/empresa\/derecho-mercantil\/#\/schema\/person\/1f848038ac5623245414f398a267708f","name":"Manuel Pomares","image":{"@type":"ImageObject","inLanguage":"es","@id":"https:\/\/www.euroresidentes.com\/empresa\/derecho-mercantil\/wp-content\/uploads\/sites\/12\/2016\/08\/manuel-pomares-abogados-150x150.jpg","url":"https:\/\/www.euroresidentes.com\/empresa\/derecho-mercantil\/wp-content\/uploads\/sites\/12\/2016\/08\/manuel-pomares-abogados-150x150.jpg","contentUrl":"https:\/\/www.euroresidentes.com\/empresa\/derecho-mercantil\/wp-content\/uploads\/sites\/12\/2016\/08\/manuel-pomares-abogados-150x150.jpg","caption":"Manuel Pomares"},"description":"Manuel PomaresAbogado y socio director de la firma Pomares Abogados. Especialista en derecho mercantil-societario, bancario y responsabilidad civil-seguro.","sameAs":["http:\/\/www.euroresidentes.com\/empresa\/manuel-pomares-2.html"],"url":"https:\/\/www.euroresidentes.com\/empresa\/derecho-mercantil\/author\/manuel\/"}]}},"_links":{"self":[{"href":"https:\/\/www.euroresidentes.com\/empresa\/derecho-mercantil\/wp-json\/wp\/v2\/posts\/2098","targetHints":{"allow":["GET"]}}],"collection":[{"href":"https:\/\/www.euroresidentes.com\/empresa\/derecho-mercantil\/wp-json\/wp\/v2\/posts"}],"about":[{"href":"https:\/\/www.euroresidentes.com\/empresa\/derecho-mercantil\/wp-json\/wp\/v2\/types\/post"}],"author":[{"embeddable":true,"href":"https:\/\/www.euroresidentes.com\/empresa\/derecho-mercantil\/wp-json\/wp\/v2\/users\/9"}],"replies":[{"embeddable":true,"href":"https:\/\/www.euroresidentes.com\/empresa\/derecho-mercantil\/wp-json\/wp\/v2\/comments?post=2098"}],"version-history":[{"count":2,"href":"https:\/\/www.euroresidentes.com\/empresa\/derecho-mercantil\/wp-json\/wp\/v2\/posts\/2098\/revisions"}],"predecessor-version":[{"id":2101,"href":"https:\/\/www.euroresidentes.com\/empresa\/derecho-mercantil\/wp-json\/wp\/v2\/posts\/2098\/revisions\/2101"}],"wp:featuredmedia":[{"embeddable":true,"href":"https:\/\/www.euroresidentes.com\/empresa\/derecho-mercantil\/wp-json\/wp\/v2\/media\/2099"}],"wp:attachment":[{"href":"https:\/\/www.euroresidentes.com\/empresa\/derecho-mercantil\/wp-json\/wp\/v2\/media?parent=2098"}],"wp:term":[{"taxonomy":"category","embeddable":true,"href":"https:\/\/www.euroresidentes.com\/empresa\/derecho-mercantil\/wp-json\/wp\/v2\/categories?post=2098"},{"taxonomy":"post_tag","embeddable":true,"href":"https:\/\/www.euroresidentes.com\/empresa\/derecho-mercantil\/wp-json\/wp\/v2\/tags?post=2098"}],"curies":[{"name":"wp","href":"https:\/\/api.w.org\/{rel}","templated":true}]}}