
{"id":2008,"date":"2019-06-04T15:22:44","date_gmt":"2019-06-04T13:22:44","guid":{"rendered":"http:\/\/www.euroresidentes.com\/empresa\/derecho-mercantil\/?p=2008"},"modified":"2020-04-14T21:00:58","modified_gmt":"2020-04-14T19:00:58","slug":"consecuencias-legales-difundir-material-contenido-intimo","status":"publish","type":"post","link":"https:\/\/www.euroresidentes.com\/empresa\/derecho-mercantil\/consecuencias-legales-difundir-material-contenido-intimo\/","title":{"rendered":"Consecuencias legales de difundir material de contenido \u00edntimo"},"content":{"rendered":"<p style=\"text-align: justify\">Hace pocos d\u00edas salt\u00f3 a los medios la noticia del suicidio de una trabajadora de la empresa IVECO tras haberse difundido entre sus compa\u00f1eros de trabajo un v\u00eddeo de contenido sexual.\u00a0La tragedia ha puesto de nuevo en el punto de mira la normativa que castiga la difusi\u00f3n de videos e im\u00e1genes \u00edntimas por medio de las redes sociales.<\/p>\n<p style=\"text-align: justify\"><a href=\"http:\/\/www.euroresidentes.com\/empresa\/derecho-mercantil\/wp-content\/uploads\/sites\/12\/2019\/06\/cell-phone-690192_960_720.jpg\"><img loading=\"lazy\" decoding=\"async\" class=\"aligncenter wp-image-2009\" src=\"http:\/\/www.euroresidentes.com\/empresa\/derecho-mercantil\/wp-content\/uploads\/sites\/12\/2019\/06\/cell-phone-690192_960_720-300x200.jpg\" alt=\"\" width=\"400\" height=\"267\" srcset=\"https:\/\/www.euroresidentes.com\/empresa\/derecho-mercantil\/wp-content\/uploads\/sites\/12\/2019\/06\/cell-phone-690192_960_720-300x200.jpg 300w, https:\/\/www.euroresidentes.com\/empresa\/derecho-mercantil\/wp-content\/uploads\/sites\/12\/2019\/06\/cell-phone-690192_960_720-768x512.jpg 768w, https:\/\/www.euroresidentes.com\/empresa\/derecho-mercantil\/wp-content\/uploads\/sites\/12\/2019\/06\/cell-phone-690192_960_720-446x297.jpg 446w, https:\/\/www.euroresidentes.com\/empresa\/derecho-mercantil\/wp-content\/uploads\/sites\/12\/2019\/06\/cell-phone-690192_960_720.jpg 960w\" sizes=\"auto, (max-width: 400px) 100vw, 400px\" \/><\/a><\/p>\n<p style=\"text-align: justify\">\u00a0<\/p>\n<p style=\"text-align: justify\"><strong>\u00a0<\/strong><strong>Antecedentes \u00a0<\/strong><\/p>\n<p style=\"text-align: justify\">\u00a0<\/p>\n<p style=\"text-align: justify\">Hasta el a\u00f1o 2015, nuestro c\u00f3digo penal \u00fanicamente sancionaba con penas de prisi\u00f3n de 1 a 4 a\u00f1os y multa de 12 a 24 meses, aquellos supuestos en el que el actor del delito obten\u00eda, <strong>sin consentimiento<\/strong> de la v\u00edctima, las grabaciones o im\u00e1genes que vulneraran la intimidad de esta (art\u00edculo 197.1 C\u00f3digo Penal).<\/p>\n<p style=\"text-align: justify\">Asimismo, la anterior regulaci\u00f3n conten\u00eda un tipo agravado (art\u00edculo 197.3 C\u00f3digo Penal), ampliando la pena de prisi\u00f3n de 2 a 5 a\u00f1os cuando concurre la conducta anterior junto con la difusi\u00f3n, revelaci\u00f3n o cesi\u00f3n a terceros de aquellos datos o hechos descubiertos o las im\u00e1genes captadas, obtenidas sin consentimiento de la v\u00edctima.<\/p>\n<p style=\"text-align: justify\">Sin embargo, la transformaci\u00f3n de nuestra sociedad ha obligado a reformar y actualizar la legislaci\u00f3n vigente, y a tipificar nuevos delitos que el legislador no hab\u00eda contemplado en la redacci\u00f3n primigenia de nuestro C\u00f3digo Penal.\u00a0<\/p>\n<p style=\"text-align: justify\">El punto de inflexi\u00f3n que hizo evidente la necesidad de la inclusi\u00f3n de nuevos tipos penales que se ajustaran a esta nueva realidad social, fue el tan sonado caso de la concejala de Los Y\u00e9benes (Toledo), que denunci\u00f3 la vulneraci\u00f3n de su derecho a la intimidad al difundir su expareja un video de contenido \u00edntimo que le hab\u00eda enviado en el transcurso de su relaci\u00f3n.<\/p>\n<p style=\"text-align: justify\">Sin embargo, la denuncia qued\u00f3 archivada al entender el juez que la acci\u00f3n no reun\u00eda el requisito indispensable para considerarse punible, y no es m\u00e1s que la obtenci\u00f3n il\u00edcita de la grabaci\u00f3n, circunstancia que no concurr\u00eda en el caso concreto ya que la propia concejala hab\u00eda enviado voluntariamente a su entonces pareja la grabaci\u00f3n.<\/p>\n<p style=\"text-align: justify\">\u00a0<\/p>\n<p style=\"text-align: justify\"><strong>La introducci\u00f3n de un nuevo tipo penal <\/strong><\/p>\n<p style=\"text-align: justify\">La\u00a0Ley Org\u00e1nica 1\/2015, de 30 de marzo, por la que se modific\u00f3 el C\u00f3digo Penal, introdujo <em>ex<\/em> art\u00edculo 197.7 C.P., una nueva figura delictiva que castiga con penas de prisi\u00f3n de 3 meses a 1 a\u00f1o o multa de 6 a 12 meses al que, sin autorizaci\u00f3n de la persona afectada, revele o ceda a terceros im\u00e1genes o grabaciones audiovisuales de aqu\u00e9lla que hubiera sido obtenidas<strong> con su consentimiento<\/strong> cuando la divulgaci\u00f3n menoscabe gravemente la intimidad personal de esa persona.<\/p>\n<p style=\"text-align: justify\">La anterior modificaci\u00f3n pone fin a una laguna legal que imped\u00eda sancionar la difusi\u00f3n de material de contenido \u00edntimo en los que mediara consentimiento previo por parte de la v\u00edctima.<\/p>\n<p style=\"text-align: justify\">Asimismo, incluye la nueva normativa un tipo agravado para los siguientes supuestos:<\/p>\n<ul style=\"text-align: justify\">\n<li>Cuando la acci\u00f3n punible hubiera sido cometida sido cometidos por el c\u00f3nyuge o por persona que est\u00e9 o haya estado unida a \u00e9l por an\u00e1loga relaci\u00f3n de afectividad, aun sin convivencia;<\/li>\n<li>El sujeto pasivo de la acci\u00f3n fuera menor de edad o una persona con discapacidad necesitada de especial protecci\u00f3n;<\/li>\n<li>El hecho se hubiese cometido con una finalidad lucrativa.<\/li>\n<\/ul>\n<p style=\"text-align: justify\">\u00a0<\/p>\n<p style=\"text-align: justify\"><strong>Problemas sin resolver<\/strong><\/p>\n<p style=\"text-align: justify\">El caso de la trabajadora de IVECO pone de manifiesto una problem\u00e1tica en cuanto a la investigaci\u00f3n sobre la difusi\u00f3n del v\u00eddeo y los posibles culpables, y es que para que se pueda investigar tiene que mediar una denuncia previa de la v\u00edctima, y al haber fallecido esta se presume imposible. Solo para el caso de que la v\u00edctima sea un menor de edad o una persona especialmente desvalida podr\u00e1 la fiscal\u00eda entrar de oficio.<\/p>\n<p style=\"text-align: justify\">Tampoco se da respuesta al posible delito que cometen terceros receptores que realizan difusiones posteriores del material y su consecuente viralizaci\u00f3n, pues la redacci\u00f3n literal del art\u00edculo 197.7 delimita la responsabilidad al sujeto que habiendo obtenido el material l\u00edcitamente lo difunde, no previ\u00e9ndose sanci\u00f3n alguna para aquellos que lo divulgan con posterioridad.<\/p>\n<p style=\"text-align: justify\">En conclusi\u00f3n, a pesar de que la avances introducidos con la Ley Org\u00e1nica 1\/2015, de 30 de marzo, la normativa penal tiene que ajustarse a\u00fan m\u00e1s a nueva realidad social y a los nuevos delitos cometidos por el uso inadecuado de las nuevas tecnolog\u00edas, al objeto de no dejar impunes actuaciones que vulneren derechos fundamentales como son el derecho a la intimidad o a la propia imagen.\u00a0 \u00a0<\/p>\n<p>&nbsp;<\/p>\n","protected":false},"excerpt":{"rendered":"<p>Hace pocos d\u00edas salt\u00f3 a los medios la noticia del suicidio de una trabajadora de la empresa IVECO tras haberse difundido entre sus compa\u00f1eros de trabajo un v\u00eddeo de contenido sexual.\u00a0La tragedia ha puesto de nuevo en el punto de mira la normativa que castiga la difusi\u00f3n de videos e im\u00e1genes \u00edntimas por medio de las redes sociales. \u00a0 \u00a0Antecedentes \u00a0 \u00a0 Hasta el a\u00f1o 2015, nuestro c\u00f3digo penal \u00fanicamente sancionaba con penas de prisi\u00f3n de 1 a 4 a\u00f1os y multa de 12 a 24 meses, aquellos supuestos en el que el actor del delito obten\u00eda, sin consentimiento de <\/p>\n","protected":false},"author":9,"featured_media":2009,"comment_status":"open","ping_status":"closed","sticky":false,"template":"","format":"standard","meta":{"footnotes":""},"categories":[15,178],"tags":[25],"class_list":["post-2008","post","type-post","status-publish","format-standard","has-post-thumbnail","hentry","category-general","category-proteccion-datos","tag-redes-sociales","has_thumb"],"yoast_head":"<!-- This site is optimized with the Yoast SEO plugin v27.5 - https:\/\/yoast.com\/product\/yoast-seo-wordpress\/ -->\n<title>Consecuencias legales de difundir material de contenido \u00edntimo - Derecho Mercantil<\/title>\n<meta name=\"robots\" content=\"index, follow, max-snippet:-1, max-image-preview:large, max-video-preview:-1\" \/>\n<link rel=\"canonical\" href=\"https:\/\/www.euroresidentes.com\/empresa\/derecho-mercantil\/consecuencias-legales-difundir-material-contenido-intimo\/\" \/>\n<meta property=\"og:locale\" content=\"es_ES\" \/>\n<meta property=\"og:type\" content=\"article\" \/>\n<meta property=\"og:title\" content=\"Consecuencias legales de difundir material de contenido \u00edntimo - Derecho Mercantil\" \/>\n<meta property=\"og:description\" content=\"Hace pocos d\u00edas salt\u00f3 a los medios la noticia del suicidio de una trabajadora de la empresa IVECO tras haberse difundido entre sus compa\u00f1eros de trabajo un v\u00eddeo de contenido sexual.\u00a0La tragedia ha puesto de nuevo en el punto de mira la normativa que castiga la difusi\u00f3n de videos e im\u00e1genes \u00edntimas por medio de las redes sociales. \u00a0 \u00a0Antecedentes \u00a0 \u00a0 Hasta el a\u00f1o 2015, nuestro c\u00f3digo penal \u00fanicamente sancionaba con penas de prisi\u00f3n de 1 a 4 a\u00f1os y multa de 12 a 24 meses, aquellos supuestos en el que el actor del delito obten\u00eda, sin consentimiento de\" \/>\n<meta property=\"og:url\" content=\"https:\/\/www.euroresidentes.com\/empresa\/derecho-mercantil\/consecuencias-legales-difundir-material-contenido-intimo\/\" \/>\n<meta property=\"og:site_name\" content=\"Derecho Mercantil\" \/>\n<meta property=\"article:publisher\" content=\"https:\/\/www.facebook.com\/euroresidentes\/\" \/>\n<meta property=\"article:published_time\" content=\"2019-06-04T13:22:44+00:00\" \/>\n<meta property=\"article:modified_time\" content=\"2020-04-14T19:00:58+00:00\" \/>\n<meta property=\"og:image\" content=\"https:\/\/www.euroresidentes.com\/empresa\/derecho-mercantil\/wp-content\/uploads\/sites\/12\/2019\/06\/cell-phone-690192_960_720.jpg\" \/>\n\t<meta property=\"og:image:width\" content=\"960\" \/>\n\t<meta property=\"og:image:height\" content=\"640\" \/>\n\t<meta property=\"og:image:type\" content=\"image\/jpeg\" \/>\n<meta name=\"author\" content=\"Manuel Pomares\" \/>\n<meta name=\"twitter:card\" content=\"summary_large_image\" \/>\n<meta name=\"twitter:label1\" content=\"Written by\" \/>\n\t<meta name=\"twitter:data1\" content=\"Manuel Pomares\" \/>\n\t<meta name=\"twitter:label2\" content=\"Est. reading time\" \/>\n\t<meta name=\"twitter:data2\" content=\"4 minutos\" \/>\n<script type=\"application\/ld+json\" class=\"yoast-schema-graph\">{\"@context\":\"https:\\\/\\\/schema.org\",\"@graph\":[{\"@type\":\"Article\",\"@id\":\"https:\\\/\\\/www.euroresidentes.com\\\/empresa\\\/derecho-mercantil\\\/consecuencias-legales-difundir-material-contenido-intimo\\\/#article\",\"isPartOf\":{\"@id\":\"https:\\\/\\\/www.euroresidentes.com\\\/empresa\\\/derecho-mercantil\\\/consecuencias-legales-difundir-material-contenido-intimo\\\/\"},\"author\":{\"name\":\"Manuel Pomares\",\"@id\":\"https:\\\/\\\/www.euroresidentes.com\\\/empresa\\\/derecho-mercantil\\\/#\\\/schema\\\/person\\\/1f848038ac5623245414f398a267708f\"},\"headline\":\"Consecuencias legales de difundir material de contenido \u00edntimo\",\"datePublished\":\"2019-06-04T13:22:44+00:00\",\"dateModified\":\"2020-04-14T19:00:58+00:00\",\"mainEntityOfPage\":{\"@id\":\"https:\\\/\\\/www.euroresidentes.com\\\/empresa\\\/derecho-mercantil\\\/consecuencias-legales-difundir-material-contenido-intimo\\\/\"},\"wordCount\":780,\"commentCount\":0,\"image\":{\"@id\":\"https:\\\/\\\/www.euroresidentes.com\\\/empresa\\\/derecho-mercantil\\\/consecuencias-legales-difundir-material-contenido-intimo\\\/#primaryimage\"},\"thumbnailUrl\":\"https:\\\/\\\/www.euroresidentes.com\\\/empresa\\\/derecho-mercantil\\\/wp-content\\\/uploads\\\/sites\\\/12\\\/2019\\\/06\\\/cell-phone-690192_960_720.jpg\",\"keywords\":[\"redes sociales\"],\"articleSection\":[\"General\",\"Protecci\u00f3n de Datos\"],\"inLanguage\":\"es\",\"potentialAction\":[{\"@type\":\"CommentAction\",\"name\":\"Comment\",\"target\":[\"https:\\\/\\\/www.euroresidentes.com\\\/empresa\\\/derecho-mercantil\\\/consecuencias-legales-difundir-material-contenido-intimo\\\/#respond\"]}]},{\"@type\":\"WebPage\",\"@id\":\"https:\\\/\\\/www.euroresidentes.com\\\/empresa\\\/derecho-mercantil\\\/consecuencias-legales-difundir-material-contenido-intimo\\\/\",\"url\":\"https:\\\/\\\/www.euroresidentes.com\\\/empresa\\\/derecho-mercantil\\\/consecuencias-legales-difundir-material-contenido-intimo\\\/\",\"name\":\"Consecuencias legales de difundir material de contenido \u00edntimo - Derecho Mercantil\",\"isPartOf\":{\"@id\":\"https:\\\/\\\/www.euroresidentes.com\\\/empresa\\\/derecho-mercantil\\\/#website\"},\"primaryImageOfPage\":{\"@id\":\"https:\\\/\\\/www.euroresidentes.com\\\/empresa\\\/derecho-mercantil\\\/consecuencias-legales-difundir-material-contenido-intimo\\\/#primaryimage\"},\"image\":{\"@id\":\"https:\\\/\\\/www.euroresidentes.com\\\/empresa\\\/derecho-mercantil\\\/consecuencias-legales-difundir-material-contenido-intimo\\\/#primaryimage\"},\"thumbnailUrl\":\"https:\\\/\\\/www.euroresidentes.com\\\/empresa\\\/derecho-mercantil\\\/wp-content\\\/uploads\\\/sites\\\/12\\\/2019\\\/06\\\/cell-phone-690192_960_720.jpg\",\"datePublished\":\"2019-06-04T13:22:44+00:00\",\"dateModified\":\"2020-04-14T19:00:58+00:00\",\"author\":{\"@id\":\"https:\\\/\\\/www.euroresidentes.com\\\/empresa\\\/derecho-mercantil\\\/#\\\/schema\\\/person\\\/1f848038ac5623245414f398a267708f\"},\"breadcrumb\":{\"@id\":\"https:\\\/\\\/www.euroresidentes.com\\\/empresa\\\/derecho-mercantil\\\/consecuencias-legales-difundir-material-contenido-intimo\\\/#breadcrumb\"},\"inLanguage\":\"es\",\"potentialAction\":[{\"@type\":\"ReadAction\",\"target\":[\"https:\\\/\\\/www.euroresidentes.com\\\/empresa\\\/derecho-mercantil\\\/consecuencias-legales-difundir-material-contenido-intimo\\\/\"]}]},{\"@type\":\"ImageObject\",\"inLanguage\":\"es\",\"@id\":\"https:\\\/\\\/www.euroresidentes.com\\\/empresa\\\/derecho-mercantil\\\/consecuencias-legales-difundir-material-contenido-intimo\\\/#primaryimage\",\"url\":\"https:\\\/\\\/www.euroresidentes.com\\\/empresa\\\/derecho-mercantil\\\/wp-content\\\/uploads\\\/sites\\\/12\\\/2019\\\/06\\\/cell-phone-690192_960_720.jpg\",\"contentUrl\":\"https:\\\/\\\/www.euroresidentes.com\\\/empresa\\\/derecho-mercantil\\\/wp-content\\\/uploads\\\/sites\\\/12\\\/2019\\\/06\\\/cell-phone-690192_960_720.jpg\",\"width\":960,\"height\":640},{\"@type\":\"BreadcrumbList\",\"@id\":\"https:\\\/\\\/www.euroresidentes.com\\\/empresa\\\/derecho-mercantil\\\/consecuencias-legales-difundir-material-contenido-intimo\\\/#breadcrumb\",\"itemListElement\":[{\"@type\":\"ListItem\",\"position\":1,\"name\":\"Portada\",\"item\":\"https:\\\/\\\/www.euroresidentes.com\\\/empresa\\\/derecho-mercantil\\\/\"},{\"@type\":\"ListItem\",\"position\":2,\"name\":\"Consecuencias legales de difundir material de contenido \u00edntimo\"}]},{\"@type\":\"WebSite\",\"@id\":\"https:\\\/\\\/www.euroresidentes.com\\\/empresa\\\/derecho-mercantil\\\/#website\",\"url\":\"https:\\\/\\\/www.euroresidentes.com\\\/empresa\\\/derecho-mercantil\\\/\",\"name\":\"Derecho Mercantil\",\"description\":\"Derecho y Empresa Euroresidentes\",\"potentialAction\":[{\"@type\":\"SearchAction\",\"target\":{\"@type\":\"EntryPoint\",\"urlTemplate\":\"https:\\\/\\\/www.euroresidentes.com\\\/empresa\\\/derecho-mercantil\\\/?s={search_term_string}\"},\"query-input\":{\"@type\":\"PropertyValueSpecification\",\"valueRequired\":true,\"valueName\":\"search_term_string\"}}],\"inLanguage\":\"es\"},{\"@type\":\"Person\",\"@id\":\"https:\\\/\\\/www.euroresidentes.com\\\/empresa\\\/derecho-mercantil\\\/#\\\/schema\\\/person\\\/1f848038ac5623245414f398a267708f\",\"name\":\"Manuel Pomares\",\"image\":{\"@type\":\"ImageObject\",\"inLanguage\":\"es\",\"@id\":\"https:\\\/\\\/www.euroresidentes.com\\\/empresa\\\/derecho-mercantil\\\/wp-content\\\/uploads\\\/sites\\\/12\\\/2016\\\/08\\\/manuel-pomares-abogados-150x150.jpg\",\"url\":\"https:\\\/\\\/www.euroresidentes.com\\\/empresa\\\/derecho-mercantil\\\/wp-content\\\/uploads\\\/sites\\\/12\\\/2016\\\/08\\\/manuel-pomares-abogados-150x150.jpg\",\"contentUrl\":\"https:\\\/\\\/www.euroresidentes.com\\\/empresa\\\/derecho-mercantil\\\/wp-content\\\/uploads\\\/sites\\\/12\\\/2016\\\/08\\\/manuel-pomares-abogados-150x150.jpg\",\"caption\":\"Manuel Pomares\"},\"description\":\"Manuel PomaresAbogado y socio director de la firma Pomares Abogados. Especialista en derecho mercantil-societario, bancario y responsabilidad civil-seguro.\",\"sameAs\":[\"http:\\\/\\\/www.euroresidentes.com\\\/empresa\\\/manuel-pomares-2.html\"],\"url\":\"https:\\\/\\\/www.euroresidentes.com\\\/empresa\\\/derecho-mercantil\\\/author\\\/manuel\\\/\"}]}<\/script>\n<!-- \/ Yoast SEO plugin. -->","yoast_head_json":{"title":"Consecuencias legales de difundir material de contenido \u00edntimo - Derecho Mercantil","robots":{"index":"index","follow":"follow","max-snippet":"max-snippet:-1","max-image-preview":"max-image-preview:large","max-video-preview":"max-video-preview:-1"},"canonical":"https:\/\/www.euroresidentes.com\/empresa\/derecho-mercantil\/consecuencias-legales-difundir-material-contenido-intimo\/","og_locale":"es_ES","og_type":"article","og_title":"Consecuencias legales de difundir material de contenido \u00edntimo - Derecho Mercantil","og_description":"Hace pocos d\u00edas salt\u00f3 a los medios la noticia del suicidio de una trabajadora de la empresa IVECO tras haberse difundido entre sus compa\u00f1eros de trabajo un v\u00eddeo de contenido sexual.\u00a0La tragedia ha puesto de nuevo en el punto de mira la normativa que castiga la difusi\u00f3n de videos e im\u00e1genes \u00edntimas por medio de las redes sociales. \u00a0 \u00a0Antecedentes \u00a0 \u00a0 Hasta el a\u00f1o 2015, nuestro c\u00f3digo penal \u00fanicamente sancionaba con penas de prisi\u00f3n de 1 a 4 a\u00f1os y multa de 12 a 24 meses, aquellos supuestos en el que el actor del delito obten\u00eda, sin consentimiento de","og_url":"https:\/\/www.euroresidentes.com\/empresa\/derecho-mercantil\/consecuencias-legales-difundir-material-contenido-intimo\/","og_site_name":"Derecho Mercantil","article_publisher":"https:\/\/www.facebook.com\/euroresidentes\/","article_published_time":"2019-06-04T13:22:44+00:00","article_modified_time":"2020-04-14T19:00:58+00:00","og_image":[{"width":960,"height":640,"url":"https:\/\/www.euroresidentes.com\/empresa\/derecho-mercantil\/wp-content\/uploads\/sites\/12\/2019\/06\/cell-phone-690192_960_720.jpg","type":"image\/jpeg"}],"author":"Manuel Pomares","twitter_card":"summary_large_image","twitter_misc":{"Written by":"Manuel Pomares","Est. reading time":"4 minutos"},"schema":{"@context":"https:\/\/schema.org","@graph":[{"@type":"Article","@id":"https:\/\/www.euroresidentes.com\/empresa\/derecho-mercantil\/consecuencias-legales-difundir-material-contenido-intimo\/#article","isPartOf":{"@id":"https:\/\/www.euroresidentes.com\/empresa\/derecho-mercantil\/consecuencias-legales-difundir-material-contenido-intimo\/"},"author":{"name":"Manuel Pomares","@id":"https:\/\/www.euroresidentes.com\/empresa\/derecho-mercantil\/#\/schema\/person\/1f848038ac5623245414f398a267708f"},"headline":"Consecuencias legales de difundir material de contenido \u00edntimo","datePublished":"2019-06-04T13:22:44+00:00","dateModified":"2020-04-14T19:00:58+00:00","mainEntityOfPage":{"@id":"https:\/\/www.euroresidentes.com\/empresa\/derecho-mercantil\/consecuencias-legales-difundir-material-contenido-intimo\/"},"wordCount":780,"commentCount":0,"image":{"@id":"https:\/\/www.euroresidentes.com\/empresa\/derecho-mercantil\/consecuencias-legales-difundir-material-contenido-intimo\/#primaryimage"},"thumbnailUrl":"https:\/\/www.euroresidentes.com\/empresa\/derecho-mercantil\/wp-content\/uploads\/sites\/12\/2019\/06\/cell-phone-690192_960_720.jpg","keywords":["redes sociales"],"articleSection":["General","Protecci\u00f3n de Datos"],"inLanguage":"es","potentialAction":[{"@type":"CommentAction","name":"Comment","target":["https:\/\/www.euroresidentes.com\/empresa\/derecho-mercantil\/consecuencias-legales-difundir-material-contenido-intimo\/#respond"]}]},{"@type":"WebPage","@id":"https:\/\/www.euroresidentes.com\/empresa\/derecho-mercantil\/consecuencias-legales-difundir-material-contenido-intimo\/","url":"https:\/\/www.euroresidentes.com\/empresa\/derecho-mercantil\/consecuencias-legales-difundir-material-contenido-intimo\/","name":"Consecuencias legales de difundir material de contenido \u00edntimo - Derecho Mercantil","isPartOf":{"@id":"https:\/\/www.euroresidentes.com\/empresa\/derecho-mercantil\/#website"},"primaryImageOfPage":{"@id":"https:\/\/www.euroresidentes.com\/empresa\/derecho-mercantil\/consecuencias-legales-difundir-material-contenido-intimo\/#primaryimage"},"image":{"@id":"https:\/\/www.euroresidentes.com\/empresa\/derecho-mercantil\/consecuencias-legales-difundir-material-contenido-intimo\/#primaryimage"},"thumbnailUrl":"https:\/\/www.euroresidentes.com\/empresa\/derecho-mercantil\/wp-content\/uploads\/sites\/12\/2019\/06\/cell-phone-690192_960_720.jpg","datePublished":"2019-06-04T13:22:44+00:00","dateModified":"2020-04-14T19:00:58+00:00","author":{"@id":"https:\/\/www.euroresidentes.com\/empresa\/derecho-mercantil\/#\/schema\/person\/1f848038ac5623245414f398a267708f"},"breadcrumb":{"@id":"https:\/\/www.euroresidentes.com\/empresa\/derecho-mercantil\/consecuencias-legales-difundir-material-contenido-intimo\/#breadcrumb"},"inLanguage":"es","potentialAction":[{"@type":"ReadAction","target":["https:\/\/www.euroresidentes.com\/empresa\/derecho-mercantil\/consecuencias-legales-difundir-material-contenido-intimo\/"]}]},{"@type":"ImageObject","inLanguage":"es","@id":"https:\/\/www.euroresidentes.com\/empresa\/derecho-mercantil\/consecuencias-legales-difundir-material-contenido-intimo\/#primaryimage","url":"https:\/\/www.euroresidentes.com\/empresa\/derecho-mercantil\/wp-content\/uploads\/sites\/12\/2019\/06\/cell-phone-690192_960_720.jpg","contentUrl":"https:\/\/www.euroresidentes.com\/empresa\/derecho-mercantil\/wp-content\/uploads\/sites\/12\/2019\/06\/cell-phone-690192_960_720.jpg","width":960,"height":640},{"@type":"BreadcrumbList","@id":"https:\/\/www.euroresidentes.com\/empresa\/derecho-mercantil\/consecuencias-legales-difundir-material-contenido-intimo\/#breadcrumb","itemListElement":[{"@type":"ListItem","position":1,"name":"Portada","item":"https:\/\/www.euroresidentes.com\/empresa\/derecho-mercantil\/"},{"@type":"ListItem","position":2,"name":"Consecuencias legales de difundir material de contenido \u00edntimo"}]},{"@type":"WebSite","@id":"https:\/\/www.euroresidentes.com\/empresa\/derecho-mercantil\/#website","url":"https:\/\/www.euroresidentes.com\/empresa\/derecho-mercantil\/","name":"Derecho Mercantil","description":"Derecho y Empresa Euroresidentes","potentialAction":[{"@type":"SearchAction","target":{"@type":"EntryPoint","urlTemplate":"https:\/\/www.euroresidentes.com\/empresa\/derecho-mercantil\/?s={search_term_string}"},"query-input":{"@type":"PropertyValueSpecification","valueRequired":true,"valueName":"search_term_string"}}],"inLanguage":"es"},{"@type":"Person","@id":"https:\/\/www.euroresidentes.com\/empresa\/derecho-mercantil\/#\/schema\/person\/1f848038ac5623245414f398a267708f","name":"Manuel Pomares","image":{"@type":"ImageObject","inLanguage":"es","@id":"https:\/\/www.euroresidentes.com\/empresa\/derecho-mercantil\/wp-content\/uploads\/sites\/12\/2016\/08\/manuel-pomares-abogados-150x150.jpg","url":"https:\/\/www.euroresidentes.com\/empresa\/derecho-mercantil\/wp-content\/uploads\/sites\/12\/2016\/08\/manuel-pomares-abogados-150x150.jpg","contentUrl":"https:\/\/www.euroresidentes.com\/empresa\/derecho-mercantil\/wp-content\/uploads\/sites\/12\/2016\/08\/manuel-pomares-abogados-150x150.jpg","caption":"Manuel Pomares"},"description":"Manuel PomaresAbogado y socio director de la firma Pomares Abogados. Especialista en derecho mercantil-societario, bancario y responsabilidad civil-seguro.","sameAs":["http:\/\/www.euroresidentes.com\/empresa\/manuel-pomares-2.html"],"url":"https:\/\/www.euroresidentes.com\/empresa\/derecho-mercantil\/author\/manuel\/"}]}},"_links":{"self":[{"href":"https:\/\/www.euroresidentes.com\/empresa\/derecho-mercantil\/wp-json\/wp\/v2\/posts\/2008","targetHints":{"allow":["GET"]}}],"collection":[{"href":"https:\/\/www.euroresidentes.com\/empresa\/derecho-mercantil\/wp-json\/wp\/v2\/posts"}],"about":[{"href":"https:\/\/www.euroresidentes.com\/empresa\/derecho-mercantil\/wp-json\/wp\/v2\/types\/post"}],"author":[{"embeddable":true,"href":"https:\/\/www.euroresidentes.com\/empresa\/derecho-mercantil\/wp-json\/wp\/v2\/users\/9"}],"replies":[{"embeddable":true,"href":"https:\/\/www.euroresidentes.com\/empresa\/derecho-mercantil\/wp-json\/wp\/v2\/comments?post=2008"}],"version-history":[{"count":2,"href":"https:\/\/www.euroresidentes.com\/empresa\/derecho-mercantil\/wp-json\/wp\/v2\/posts\/2008\/revisions"}],"predecessor-version":[{"id":2011,"href":"https:\/\/www.euroresidentes.com\/empresa\/derecho-mercantil\/wp-json\/wp\/v2\/posts\/2008\/revisions\/2011"}],"wp:featuredmedia":[{"embeddable":true,"href":"https:\/\/www.euroresidentes.com\/empresa\/derecho-mercantil\/wp-json\/wp\/v2\/media\/2009"}],"wp:attachment":[{"href":"https:\/\/www.euroresidentes.com\/empresa\/derecho-mercantil\/wp-json\/wp\/v2\/media?parent=2008"}],"wp:term":[{"taxonomy":"category","embeddable":true,"href":"https:\/\/www.euroresidentes.com\/empresa\/derecho-mercantil\/wp-json\/wp\/v2\/categories?post=2008"},{"taxonomy":"post_tag","embeddable":true,"href":"https:\/\/www.euroresidentes.com\/empresa\/derecho-mercantil\/wp-json\/wp\/v2\/tags?post=2008"}],"curies":[{"name":"wp","href":"https:\/\/api.w.org\/{rel}","templated":true}]}}