
{"id":1890,"date":"2019-01-29T16:42:05","date_gmt":"2019-01-29T15:42:05","guid":{"rendered":"http:\/\/www.euroresidentes.com\/empresa\/derecho-mercantil\/?p=1890"},"modified":"2019-01-30T09:20:13","modified_gmt":"2019-01-30T08:20:13","slug":"una-nueva-figura-mundo-empresarial-delegado-proteccion-datos","status":"publish","type":"post","link":"https:\/\/www.euroresidentes.com\/empresa\/derecho-mercantil\/una-nueva-figura-mundo-empresarial-delegado-proteccion-datos\/","title":{"rendered":"Una nueva figura en el mundo empresarial: el delegado de protecci\u00f3n de datos"},"content":{"rendered":"<p style=\"text-align: left;\">Las constantes modificaciones en materia de protecci\u00f3n de datos, han propiciado la creaci\u00f3n de una nueva figura en el campo de la empresa, encargada de controlar todos los aspectos relativos a esta materia. Nos referimos al delegado de protecci\u00f3n de datos, tambi\u00e9n conocido como \u201cDPO\u201d.<\/p>\n<h3 style=\"text-align: left;\">\u00bfQui\u00e9n es el delegado de protecci\u00f3n de datos?\u00a0<\/h3>\n<p style=\"text-align: left;\">El delegado de protecci\u00f3n de datos es un especialista en derecho de protecci\u00f3n de datos, que trabaja junto con el responsable y el encargado del tratamiento de datos. Para ocupar tal calificaci\u00f3n laboral es necesario ser un experto en materia de protecci\u00f3n de datos, sin que sea requisito imprescindible ser letrado. El delegado puede ser incluso un t\u00e9cnico, siempre y cuando cuente con conocimientos jur\u00eddicos adecuados.<\/p>\n<h4 style=\"text-align: justify;\"><strong>\u00bfQu\u00e9 funciones realiza?<\/strong><\/h4>\n<p style=\"text-align: justify;\">Concretamente, sus funciones aparecen recogidas en el art\u00edculo 39 del Reglamente General de Protecci\u00f3n de Datos (RGPD). \u00c9stas son:<\/p>\n<ul style=\"text-align: justify;\">\n<li>Informar y asesorar a los responsables y encargados del tratamiento de datos personales, de las obligaciones que tienen, derivadas tanto de la legislaci\u00f3n europea como de la espa\u00f1ola;<\/li>\n<li>Supervisar el cumplimiento de la legislaci\u00f3n y de la pol\u00edtica de protecci\u00f3n de datos de una Administraci\u00f3n P\u00fablica, Entidad privada;<\/li>\n<li>Ofrecer el asesoramiento que se les solicite para hacer la evaluaci\u00f3n de impacto de un tratamiento de datos personales, cuando entra\u00f1e un alto riesgo para los derechos y libertades de las personas f\u00edsicas, y supervisar luego su aplicaci\u00f3n;<\/li>\n<li>Cooperar con las \u201cautoridades de control\u201d; y<\/li>\n<li>Actuar como \u201cpunto de contacto\u201d de las autoridades de control para cualquier consulta sobre el tratamiento de datos personales.<\/li>\n<\/ul>\n<p style=\"text-align: justify;\">\u00a0<\/p>\n<p style=\"text-align: justify;\">\u00a0En resumen, todas las funciones que realizada el delegado de protecci\u00f3n de datos deben de realizarse conforme a las obligaciones que la normativa reguladora de la protecci\u00f3n de datos establece.<\/p>\n<p style=\"text-align: justify;\"><a href=\"http:\/\/www.euroresidentes.com\/empresa\/derecho-mercantil\/wp-content\/uploads\/sites\/12\/2019\/01\/matrix-2503236_1920.jpg\"><img loading=\"lazy\" decoding=\"async\" class=\"aligncenter wp-image-1891\" src=\"http:\/\/www.euroresidentes.com\/empresa\/derecho-mercantil\/wp-content\/uploads\/sites\/12\/2019\/01\/matrix-2503236_1920-1024x442.jpg\" alt=\"\" width=\"400\" height=\"173\" srcset=\"https:\/\/www.euroresidentes.com\/empresa\/derecho-mercantil\/wp-content\/uploads\/sites\/12\/2019\/01\/matrix-2503236_1920.jpg 1024w, https:\/\/www.euroresidentes.com\/empresa\/derecho-mercantil\/wp-content\/uploads\/sites\/12\/2019\/01\/matrix-2503236_1920-300x129.jpg 300w, https:\/\/www.euroresidentes.com\/empresa\/derecho-mercantil\/wp-content\/uploads\/sites\/12\/2019\/01\/matrix-2503236_1920-768x331.jpg 768w, https:\/\/www.euroresidentes.com\/empresa\/derecho-mercantil\/wp-content\/uploads\/sites\/12\/2019\/01\/matrix-2503236_1920-689x297.jpg 689w\" sizes=\"auto, (max-width: 400px) 100vw, 400px\" \/><\/a><\/p>\n<h3 style=\"text-align: justify;\">\u00bfQu\u00e9 responsabilidad puede tener el delegado de protecci\u00f3n de datos?<\/h3>\n<p style=\"text-align: left;\">Como norma general, <strong>no responder\u00e1n personalmente en caso de incumplimiento<\/strong> de las obligaciones impuestas por dicha normativa, seg\u00fan establece el RGPD.\u00a0 \u00c9stos quedaran exentos de responsabilidad cuando pudieran demostrar que no son en modo alguno responsables del hecho que haya causado los da\u00f1os. Al delegado de protecci\u00f3n de datos, no le ser\u00e1n exigibles las responsabilidades establecidas por la normativa de protecci\u00f3n de datos, en la medida que se limite al ejercicio de sus funciones y al cumplimiento de las labores. En todo caso, ser\u00e1 el responsable del tratamiento de datos, quien responder\u00e1 de los da\u00f1os y perjuicios causados, cuando incumpla lo dispuesto en dicha norma.<\/p>\n<p style=\"text-align: left;\">El delegado de protecci\u00f3n de datos que lleva a cabo una acci\u00f3n negligente, podr\u00e1 ser sancionado. Es m\u00e1s, muchas actuaciones negligentes causan una vulneraci\u00f3n a las personas titulares de los datos, en la medida en que \u00e9stas ven sus derechos fundamentales, tales como en derecho a la intimidad personal o familiar, honor o imagen, violados.<\/p>\n<p style=\"text-align: left;\">Para que al delegado de protecci\u00f3n de datos se le pudiera llegar a exigirle responsabilidad penal por la omisi\u00f3n de sus funciones, deber\u00e1 tener transferidas las competencias de control. No obstante, en el caso concreto del delegado de protecci\u00f3n de datos, la transferencia de la posici\u00f3n de garante s\u00f3lo comprender\u00e1 el control espec\u00edficamente respecto a la normativa de protecci\u00f3n de datos, por lo que s\u00f3lo podr\u00e1n serle exigidas responsabilidades en este sentido.<\/p>\n<p style=\"text-align: left;\">En conclusi\u00f3n, la precisi\u00f3n y la estrictez de la normativa de protecci\u00f3n de datos es cada vez mayor, y ello implica la necesidad de crear controles en el \u00e1mbito empresarial para asegurarse un \u00edntegro cumplimiento de la legislaci\u00f3n.<\/p>\n","protected":false},"excerpt":{"rendered":"<p>Las constantes modificaciones en materia de protecci\u00f3n de datos, han propiciado la creaci\u00f3n de una nueva figura en el campo de la empresa, encargada de controlar todos los aspectos relativos a esta materia. Nos referimos al delegado de protecci\u00f3n de datos, tambi\u00e9n conocido como \u201cDPO\u201d. \u00bfQui\u00e9n es el delegado de protecci\u00f3n de datos?\u00a0 El delegado de protecci\u00f3n de datos es un especialista en derecho de protecci\u00f3n de datos, que trabaja junto con el responsable y el encargado del tratamiento de datos. Para ocupar tal calificaci\u00f3n laboral es necesario ser un experto en materia de protecci\u00f3n de datos, sin que sea <\/p>\n","protected":false},"author":9,"featured_media":1891,"comment_status":"open","ping_status":"closed","sticky":false,"template":"","format":"standard","meta":{"footnotes":""},"categories":[15,178],"tags":[225,27],"class_list":["post-1890","post","type-post","status-publish","format-standard","has-post-thumbnail","hentry","category-general","category-proteccion-datos","tag-delegado","tag-proteccion-de-datos","has_thumb"],"yoast_head":"<!-- This site is optimized with the Yoast SEO plugin v27.5 - https:\/\/yoast.com\/product\/yoast-seo-wordpress\/ -->\n<title>Una nueva figura en el mundo empresarial: el delegado de protecci\u00f3n de datos - Derecho Mercantil<\/title>\n<meta name=\"robots\" content=\"index, follow, max-snippet:-1, max-image-preview:large, max-video-preview:-1\" \/>\n<link rel=\"canonical\" href=\"https:\/\/www.euroresidentes.com\/empresa\/derecho-mercantil\/una-nueva-figura-mundo-empresarial-delegado-proteccion-datos\/\" \/>\n<meta property=\"og:locale\" content=\"es_ES\" \/>\n<meta property=\"og:type\" content=\"article\" \/>\n<meta property=\"og:title\" content=\"Una nueva figura en el mundo empresarial: el delegado de protecci\u00f3n de datos - Derecho Mercantil\" \/>\n<meta property=\"og:description\" content=\"Las constantes modificaciones en materia de protecci\u00f3n de datos, han propiciado la creaci\u00f3n de una nueva figura en el campo de la empresa, encargada de controlar todos los aspectos relativos a esta materia. Nos referimos al delegado de protecci\u00f3n de datos, tambi\u00e9n conocido como \u201cDPO\u201d. \u00bfQui\u00e9n es el delegado de protecci\u00f3n de datos?\u00a0 El delegado de protecci\u00f3n de datos es un especialista en derecho de protecci\u00f3n de datos, que trabaja junto con el responsable y el encargado del tratamiento de datos. Para ocupar tal calificaci\u00f3n laboral es necesario ser un experto en materia de protecci\u00f3n de datos, sin que sea\" \/>\n<meta property=\"og:url\" content=\"https:\/\/www.euroresidentes.com\/empresa\/derecho-mercantil\/una-nueva-figura-mundo-empresarial-delegado-proteccion-datos\/\" \/>\n<meta property=\"og:site_name\" content=\"Derecho Mercantil\" \/>\n<meta property=\"article:publisher\" content=\"https:\/\/www.facebook.com\/euroresidentes\/\" \/>\n<meta property=\"article:published_time\" content=\"2019-01-29T15:42:05+00:00\" \/>\n<meta property=\"article:modified_time\" content=\"2019-01-30T08:20:13+00:00\" \/>\n<meta property=\"og:image\" content=\"https:\/\/www.euroresidentes.com\/empresa\/derecho-mercantil\/wp-content\/uploads\/sites\/12\/2019\/01\/matrix-2503236_1920.jpg\" \/>\n\t<meta property=\"og:image:width\" content=\"1024\" \/>\n\t<meta property=\"og:image:height\" content=\"442\" \/>\n\t<meta property=\"og:image:type\" content=\"image\/jpeg\" \/>\n<meta name=\"author\" content=\"Manuel Pomares\" \/>\n<meta name=\"twitter:card\" content=\"summary_large_image\" \/>\n<meta name=\"twitter:label1\" content=\"Written by\" \/>\n\t<meta name=\"twitter:data1\" content=\"Manuel Pomares\" \/>\n\t<meta name=\"twitter:label2\" content=\"Est. reading time\" \/>\n\t<meta name=\"twitter:data2\" content=\"3 minutos\" \/>\n<script type=\"application\/ld+json\" class=\"yoast-schema-graph\">{\"@context\":\"https:\\\/\\\/schema.org\",\"@graph\":[{\"@type\":\"Article\",\"@id\":\"https:\\\/\\\/www.euroresidentes.com\\\/empresa\\\/derecho-mercantil\\\/una-nueva-figura-mundo-empresarial-delegado-proteccion-datos\\\/#article\",\"isPartOf\":{\"@id\":\"https:\\\/\\\/www.euroresidentes.com\\\/empresa\\\/derecho-mercantil\\\/una-nueva-figura-mundo-empresarial-delegado-proteccion-datos\\\/\"},\"author\":{\"name\":\"Manuel Pomares\",\"@id\":\"https:\\\/\\\/www.euroresidentes.com\\\/empresa\\\/derecho-mercantil\\\/#\\\/schema\\\/person\\\/1f848038ac5623245414f398a267708f\"},\"headline\":\"Una nueva figura en el mundo empresarial: el delegado de protecci\u00f3n de datos\",\"datePublished\":\"2019-01-29T15:42:05+00:00\",\"dateModified\":\"2019-01-30T08:20:13+00:00\",\"mainEntityOfPage\":{\"@id\":\"https:\\\/\\\/www.euroresidentes.com\\\/empresa\\\/derecho-mercantil\\\/una-nueva-figura-mundo-empresarial-delegado-proteccion-datos\\\/\"},\"wordCount\":628,\"commentCount\":0,\"image\":{\"@id\":\"https:\\\/\\\/www.euroresidentes.com\\\/empresa\\\/derecho-mercantil\\\/una-nueva-figura-mundo-empresarial-delegado-proteccion-datos\\\/#primaryimage\"},\"thumbnailUrl\":\"https:\\\/\\\/www.euroresidentes.com\\\/empresa\\\/derecho-mercantil\\\/wp-content\\\/uploads\\\/sites\\\/12\\\/2019\\\/01\\\/matrix-2503236_1920.jpg\",\"keywords\":[\"delegado\",\"protecci\u00f3n de datos\"],\"articleSection\":[\"General\",\"Protecci\u00f3n de Datos\"],\"inLanguage\":\"es\",\"potentialAction\":[{\"@type\":\"CommentAction\",\"name\":\"Comment\",\"target\":[\"https:\\\/\\\/www.euroresidentes.com\\\/empresa\\\/derecho-mercantil\\\/una-nueva-figura-mundo-empresarial-delegado-proteccion-datos\\\/#respond\"]}]},{\"@type\":\"WebPage\",\"@id\":\"https:\\\/\\\/www.euroresidentes.com\\\/empresa\\\/derecho-mercantil\\\/una-nueva-figura-mundo-empresarial-delegado-proteccion-datos\\\/\",\"url\":\"https:\\\/\\\/www.euroresidentes.com\\\/empresa\\\/derecho-mercantil\\\/una-nueva-figura-mundo-empresarial-delegado-proteccion-datos\\\/\",\"name\":\"Una nueva figura en el mundo empresarial: el delegado de protecci\u00f3n de datos - Derecho Mercantil\",\"isPartOf\":{\"@id\":\"https:\\\/\\\/www.euroresidentes.com\\\/empresa\\\/derecho-mercantil\\\/#website\"},\"primaryImageOfPage\":{\"@id\":\"https:\\\/\\\/www.euroresidentes.com\\\/empresa\\\/derecho-mercantil\\\/una-nueva-figura-mundo-empresarial-delegado-proteccion-datos\\\/#primaryimage\"},\"image\":{\"@id\":\"https:\\\/\\\/www.euroresidentes.com\\\/empresa\\\/derecho-mercantil\\\/una-nueva-figura-mundo-empresarial-delegado-proteccion-datos\\\/#primaryimage\"},\"thumbnailUrl\":\"https:\\\/\\\/www.euroresidentes.com\\\/empresa\\\/derecho-mercantil\\\/wp-content\\\/uploads\\\/sites\\\/12\\\/2019\\\/01\\\/matrix-2503236_1920.jpg\",\"datePublished\":\"2019-01-29T15:42:05+00:00\",\"dateModified\":\"2019-01-30T08:20:13+00:00\",\"author\":{\"@id\":\"https:\\\/\\\/www.euroresidentes.com\\\/empresa\\\/derecho-mercantil\\\/#\\\/schema\\\/person\\\/1f848038ac5623245414f398a267708f\"},\"breadcrumb\":{\"@id\":\"https:\\\/\\\/www.euroresidentes.com\\\/empresa\\\/derecho-mercantil\\\/una-nueva-figura-mundo-empresarial-delegado-proteccion-datos\\\/#breadcrumb\"},\"inLanguage\":\"es\",\"potentialAction\":[{\"@type\":\"ReadAction\",\"target\":[\"https:\\\/\\\/www.euroresidentes.com\\\/empresa\\\/derecho-mercantil\\\/una-nueva-figura-mundo-empresarial-delegado-proteccion-datos\\\/\"]}]},{\"@type\":\"ImageObject\",\"inLanguage\":\"es\",\"@id\":\"https:\\\/\\\/www.euroresidentes.com\\\/empresa\\\/derecho-mercantil\\\/una-nueva-figura-mundo-empresarial-delegado-proteccion-datos\\\/#primaryimage\",\"url\":\"https:\\\/\\\/www.euroresidentes.com\\\/empresa\\\/derecho-mercantil\\\/wp-content\\\/uploads\\\/sites\\\/12\\\/2019\\\/01\\\/matrix-2503236_1920.jpg\",\"contentUrl\":\"https:\\\/\\\/www.euroresidentes.com\\\/empresa\\\/derecho-mercantil\\\/wp-content\\\/uploads\\\/sites\\\/12\\\/2019\\\/01\\\/matrix-2503236_1920.jpg\",\"width\":1024,\"height\":442},{\"@type\":\"BreadcrumbList\",\"@id\":\"https:\\\/\\\/www.euroresidentes.com\\\/empresa\\\/derecho-mercantil\\\/una-nueva-figura-mundo-empresarial-delegado-proteccion-datos\\\/#breadcrumb\",\"itemListElement\":[{\"@type\":\"ListItem\",\"position\":1,\"name\":\"Portada\",\"item\":\"https:\\\/\\\/www.euroresidentes.com\\\/empresa\\\/derecho-mercantil\\\/\"},{\"@type\":\"ListItem\",\"position\":2,\"name\":\"Una nueva figura en el mundo empresarial: el delegado de protecci\u00f3n de datos\"}]},{\"@type\":\"WebSite\",\"@id\":\"https:\\\/\\\/www.euroresidentes.com\\\/empresa\\\/derecho-mercantil\\\/#website\",\"url\":\"https:\\\/\\\/www.euroresidentes.com\\\/empresa\\\/derecho-mercantil\\\/\",\"name\":\"Derecho Mercantil\",\"description\":\"Derecho y Empresa Euroresidentes\",\"potentialAction\":[{\"@type\":\"SearchAction\",\"target\":{\"@type\":\"EntryPoint\",\"urlTemplate\":\"https:\\\/\\\/www.euroresidentes.com\\\/empresa\\\/derecho-mercantil\\\/?s={search_term_string}\"},\"query-input\":{\"@type\":\"PropertyValueSpecification\",\"valueRequired\":true,\"valueName\":\"search_term_string\"}}],\"inLanguage\":\"es\"},{\"@type\":\"Person\",\"@id\":\"https:\\\/\\\/www.euroresidentes.com\\\/empresa\\\/derecho-mercantil\\\/#\\\/schema\\\/person\\\/1f848038ac5623245414f398a267708f\",\"name\":\"Manuel Pomares\",\"image\":{\"@type\":\"ImageObject\",\"inLanguage\":\"es\",\"@id\":\"https:\\\/\\\/www.euroresidentes.com\\\/empresa\\\/derecho-mercantil\\\/wp-content\\\/uploads\\\/sites\\\/12\\\/2016\\\/08\\\/manuel-pomares-abogados-150x150.jpg\",\"url\":\"https:\\\/\\\/www.euroresidentes.com\\\/empresa\\\/derecho-mercantil\\\/wp-content\\\/uploads\\\/sites\\\/12\\\/2016\\\/08\\\/manuel-pomares-abogados-150x150.jpg\",\"contentUrl\":\"https:\\\/\\\/www.euroresidentes.com\\\/empresa\\\/derecho-mercantil\\\/wp-content\\\/uploads\\\/sites\\\/12\\\/2016\\\/08\\\/manuel-pomares-abogados-150x150.jpg\",\"caption\":\"Manuel Pomares\"},\"description\":\"Manuel PomaresAbogado y socio director de la firma Pomares Abogados. Especialista en derecho mercantil-societario, bancario y responsabilidad civil-seguro.\",\"sameAs\":[\"http:\\\/\\\/www.euroresidentes.com\\\/empresa\\\/manuel-pomares-2.html\"],\"url\":\"https:\\\/\\\/www.euroresidentes.com\\\/empresa\\\/derecho-mercantil\\\/author\\\/manuel\\\/\"}]}<\/script>\n<!-- \/ Yoast SEO plugin. -->","yoast_head_json":{"title":"Una nueva figura en el mundo empresarial: el delegado de protecci\u00f3n de datos - Derecho Mercantil","robots":{"index":"index","follow":"follow","max-snippet":"max-snippet:-1","max-image-preview":"max-image-preview:large","max-video-preview":"max-video-preview:-1"},"canonical":"https:\/\/www.euroresidentes.com\/empresa\/derecho-mercantil\/una-nueva-figura-mundo-empresarial-delegado-proteccion-datos\/","og_locale":"es_ES","og_type":"article","og_title":"Una nueva figura en el mundo empresarial: el delegado de protecci\u00f3n de datos - Derecho Mercantil","og_description":"Las constantes modificaciones en materia de protecci\u00f3n de datos, han propiciado la creaci\u00f3n de una nueva figura en el campo de la empresa, encargada de controlar todos los aspectos relativos a esta materia. Nos referimos al delegado de protecci\u00f3n de datos, tambi\u00e9n conocido como \u201cDPO\u201d. \u00bfQui\u00e9n es el delegado de protecci\u00f3n de datos?\u00a0 El delegado de protecci\u00f3n de datos es un especialista en derecho de protecci\u00f3n de datos, que trabaja junto con el responsable y el encargado del tratamiento de datos. Para ocupar tal calificaci\u00f3n laboral es necesario ser un experto en materia de protecci\u00f3n de datos, sin que sea","og_url":"https:\/\/www.euroresidentes.com\/empresa\/derecho-mercantil\/una-nueva-figura-mundo-empresarial-delegado-proteccion-datos\/","og_site_name":"Derecho Mercantil","article_publisher":"https:\/\/www.facebook.com\/euroresidentes\/","article_published_time":"2019-01-29T15:42:05+00:00","article_modified_time":"2019-01-30T08:20:13+00:00","og_image":[{"width":1024,"height":442,"url":"https:\/\/www.euroresidentes.com\/empresa\/derecho-mercantil\/wp-content\/uploads\/sites\/12\/2019\/01\/matrix-2503236_1920.jpg","type":"image\/jpeg"}],"author":"Manuel Pomares","twitter_card":"summary_large_image","twitter_misc":{"Written by":"Manuel Pomares","Est. reading time":"3 minutos"},"schema":{"@context":"https:\/\/schema.org","@graph":[{"@type":"Article","@id":"https:\/\/www.euroresidentes.com\/empresa\/derecho-mercantil\/una-nueva-figura-mundo-empresarial-delegado-proteccion-datos\/#article","isPartOf":{"@id":"https:\/\/www.euroresidentes.com\/empresa\/derecho-mercantil\/una-nueva-figura-mundo-empresarial-delegado-proteccion-datos\/"},"author":{"name":"Manuel Pomares","@id":"https:\/\/www.euroresidentes.com\/empresa\/derecho-mercantil\/#\/schema\/person\/1f848038ac5623245414f398a267708f"},"headline":"Una nueva figura en el mundo empresarial: el delegado de protecci\u00f3n de datos","datePublished":"2019-01-29T15:42:05+00:00","dateModified":"2019-01-30T08:20:13+00:00","mainEntityOfPage":{"@id":"https:\/\/www.euroresidentes.com\/empresa\/derecho-mercantil\/una-nueva-figura-mundo-empresarial-delegado-proteccion-datos\/"},"wordCount":628,"commentCount":0,"image":{"@id":"https:\/\/www.euroresidentes.com\/empresa\/derecho-mercantil\/una-nueva-figura-mundo-empresarial-delegado-proteccion-datos\/#primaryimage"},"thumbnailUrl":"https:\/\/www.euroresidentes.com\/empresa\/derecho-mercantil\/wp-content\/uploads\/sites\/12\/2019\/01\/matrix-2503236_1920.jpg","keywords":["delegado","protecci\u00f3n de datos"],"articleSection":["General","Protecci\u00f3n de Datos"],"inLanguage":"es","potentialAction":[{"@type":"CommentAction","name":"Comment","target":["https:\/\/www.euroresidentes.com\/empresa\/derecho-mercantil\/una-nueva-figura-mundo-empresarial-delegado-proteccion-datos\/#respond"]}]},{"@type":"WebPage","@id":"https:\/\/www.euroresidentes.com\/empresa\/derecho-mercantil\/una-nueva-figura-mundo-empresarial-delegado-proteccion-datos\/","url":"https:\/\/www.euroresidentes.com\/empresa\/derecho-mercantil\/una-nueva-figura-mundo-empresarial-delegado-proteccion-datos\/","name":"Una nueva figura en el mundo empresarial: el delegado de protecci\u00f3n de datos - Derecho Mercantil","isPartOf":{"@id":"https:\/\/www.euroresidentes.com\/empresa\/derecho-mercantil\/#website"},"primaryImageOfPage":{"@id":"https:\/\/www.euroresidentes.com\/empresa\/derecho-mercantil\/una-nueva-figura-mundo-empresarial-delegado-proteccion-datos\/#primaryimage"},"image":{"@id":"https:\/\/www.euroresidentes.com\/empresa\/derecho-mercantil\/una-nueva-figura-mundo-empresarial-delegado-proteccion-datos\/#primaryimage"},"thumbnailUrl":"https:\/\/www.euroresidentes.com\/empresa\/derecho-mercantil\/wp-content\/uploads\/sites\/12\/2019\/01\/matrix-2503236_1920.jpg","datePublished":"2019-01-29T15:42:05+00:00","dateModified":"2019-01-30T08:20:13+00:00","author":{"@id":"https:\/\/www.euroresidentes.com\/empresa\/derecho-mercantil\/#\/schema\/person\/1f848038ac5623245414f398a267708f"},"breadcrumb":{"@id":"https:\/\/www.euroresidentes.com\/empresa\/derecho-mercantil\/una-nueva-figura-mundo-empresarial-delegado-proteccion-datos\/#breadcrumb"},"inLanguage":"es","potentialAction":[{"@type":"ReadAction","target":["https:\/\/www.euroresidentes.com\/empresa\/derecho-mercantil\/una-nueva-figura-mundo-empresarial-delegado-proteccion-datos\/"]}]},{"@type":"ImageObject","inLanguage":"es","@id":"https:\/\/www.euroresidentes.com\/empresa\/derecho-mercantil\/una-nueva-figura-mundo-empresarial-delegado-proteccion-datos\/#primaryimage","url":"https:\/\/www.euroresidentes.com\/empresa\/derecho-mercantil\/wp-content\/uploads\/sites\/12\/2019\/01\/matrix-2503236_1920.jpg","contentUrl":"https:\/\/www.euroresidentes.com\/empresa\/derecho-mercantil\/wp-content\/uploads\/sites\/12\/2019\/01\/matrix-2503236_1920.jpg","width":1024,"height":442},{"@type":"BreadcrumbList","@id":"https:\/\/www.euroresidentes.com\/empresa\/derecho-mercantil\/una-nueva-figura-mundo-empresarial-delegado-proteccion-datos\/#breadcrumb","itemListElement":[{"@type":"ListItem","position":1,"name":"Portada","item":"https:\/\/www.euroresidentes.com\/empresa\/derecho-mercantil\/"},{"@type":"ListItem","position":2,"name":"Una nueva figura en el mundo empresarial: el delegado de protecci\u00f3n de datos"}]},{"@type":"WebSite","@id":"https:\/\/www.euroresidentes.com\/empresa\/derecho-mercantil\/#website","url":"https:\/\/www.euroresidentes.com\/empresa\/derecho-mercantil\/","name":"Derecho Mercantil","description":"Derecho y Empresa Euroresidentes","potentialAction":[{"@type":"SearchAction","target":{"@type":"EntryPoint","urlTemplate":"https:\/\/www.euroresidentes.com\/empresa\/derecho-mercantil\/?s={search_term_string}"},"query-input":{"@type":"PropertyValueSpecification","valueRequired":true,"valueName":"search_term_string"}}],"inLanguage":"es"},{"@type":"Person","@id":"https:\/\/www.euroresidentes.com\/empresa\/derecho-mercantil\/#\/schema\/person\/1f848038ac5623245414f398a267708f","name":"Manuel Pomares","image":{"@type":"ImageObject","inLanguage":"es","@id":"https:\/\/www.euroresidentes.com\/empresa\/derecho-mercantil\/wp-content\/uploads\/sites\/12\/2016\/08\/manuel-pomares-abogados-150x150.jpg","url":"https:\/\/www.euroresidentes.com\/empresa\/derecho-mercantil\/wp-content\/uploads\/sites\/12\/2016\/08\/manuel-pomares-abogados-150x150.jpg","contentUrl":"https:\/\/www.euroresidentes.com\/empresa\/derecho-mercantil\/wp-content\/uploads\/sites\/12\/2016\/08\/manuel-pomares-abogados-150x150.jpg","caption":"Manuel Pomares"},"description":"Manuel PomaresAbogado y socio director de la firma Pomares Abogados. Especialista en derecho mercantil-societario, bancario y responsabilidad civil-seguro.","sameAs":["http:\/\/www.euroresidentes.com\/empresa\/manuel-pomares-2.html"],"url":"https:\/\/www.euroresidentes.com\/empresa\/derecho-mercantil\/author\/manuel\/"}]}},"_links":{"self":[{"href":"https:\/\/www.euroresidentes.com\/empresa\/derecho-mercantil\/wp-json\/wp\/v2\/posts\/1890","targetHints":{"allow":["GET"]}}],"collection":[{"href":"https:\/\/www.euroresidentes.com\/empresa\/derecho-mercantil\/wp-json\/wp\/v2\/posts"}],"about":[{"href":"https:\/\/www.euroresidentes.com\/empresa\/derecho-mercantil\/wp-json\/wp\/v2\/types\/post"}],"author":[{"embeddable":true,"href":"https:\/\/www.euroresidentes.com\/empresa\/derecho-mercantil\/wp-json\/wp\/v2\/users\/9"}],"replies":[{"embeddable":true,"href":"https:\/\/www.euroresidentes.com\/empresa\/derecho-mercantil\/wp-json\/wp\/v2\/comments?post=1890"}],"version-history":[{"count":5,"href":"https:\/\/www.euroresidentes.com\/empresa\/derecho-mercantil\/wp-json\/wp\/v2\/posts\/1890\/revisions"}],"predecessor-version":[{"id":1896,"href":"https:\/\/www.euroresidentes.com\/empresa\/derecho-mercantil\/wp-json\/wp\/v2\/posts\/1890\/revisions\/1896"}],"wp:featuredmedia":[{"embeddable":true,"href":"https:\/\/www.euroresidentes.com\/empresa\/derecho-mercantil\/wp-json\/wp\/v2\/media\/1891"}],"wp:attachment":[{"href":"https:\/\/www.euroresidentes.com\/empresa\/derecho-mercantil\/wp-json\/wp\/v2\/media?parent=1890"}],"wp:term":[{"taxonomy":"category","embeddable":true,"href":"https:\/\/www.euroresidentes.com\/empresa\/derecho-mercantil\/wp-json\/wp\/v2\/categories?post=1890"},{"taxonomy":"post_tag","embeddable":true,"href":"https:\/\/www.euroresidentes.com\/empresa\/derecho-mercantil\/wp-json\/wp\/v2\/tags?post=1890"}],"curies":[{"name":"wp","href":"https:\/\/api.w.org\/{rel}","templated":true}]}}