
{"id":1715,"date":"2018-07-17T15:12:56","date_gmt":"2018-07-17T13:12:56","guid":{"rendered":"http:\/\/www.euroresidentes.com\/empresa\/derecho-mercantil\/?p=1715"},"modified":"2018-07-19T20:12:20","modified_gmt":"2018-07-19T18:12:20","slug":"impresion-tridimensional-oportunidad-para-legislar-y-amenaza-para-el-progreso-tecnico","status":"publish","type":"post","link":"https:\/\/www.euroresidentes.com\/empresa\/derecho-mercantil\/impresion-tridimensional-oportunidad-para-legislar-y-amenaza-para-el-progreso-tecnico\/","title":{"rendered":"Impresi\u00f3n tridimensional: \u00bfoportunidad para legislar y amenaza para el progreso t\u00e9cnico?"},"content":{"rendered":"<p style=\"text-align: left;\">Podemos afirmar, sin miedo a equivocarnos, que durante los \u00faltimos a\u00f1os estamos viviendo un <strong>avance exponencial<\/strong> de lo que muchos conocen como \u201c<strong>el estado de la t\u00e9cnica<\/strong>\u201d. Dicho de otro modo,\u00a0es\u00a0extra\u00f1o el a\u00f1o -y en ocasiones, en menor\u00a0c\u00f3mputo\u00a0de tiempo- que no se produce una innovaci\u00f3n o<strong> invenci\u00f3n en el \u00e1mbito de la tecnolog\u00eda que revoluciona el sector<\/strong>.<\/p>\n<p style=\"text-align: left;\">Estas novedades, adem\u00e1s de revolucionar y contribuir al progreso de la ciencia y la tecnolog\u00eda, trascienden a otros sectores o \u00e1mbitos, como puede ser el jur\u00eddico, medioambiental, sanitario, econ\u00f3mico, etc. Y ello es as\u00ed, tanto por el hecho de lo que la concreta innovaci\u00f3n tecnol\u00f3gica puede aportar a\u00a0esos sectores, como lo que \u00e9stos pueden (y en ocasiones, deben) aportar al sector de la ciencia, dando soporte y respuesta a muchas de las necesidades e interrogantes que la ciencia descubre con cada avance, en lo que podr\u00edamos llamar una relaci\u00f3n de \u201cmutua\u00a0necesidad\u201d, si me permit\u00eds la expresi\u00f3n.\u00a0<\/p>\n<p>Pues bien, uno de los \u00faltimos y m\u00e1s novedosos avances\u00a0ha sido\u00a0sin lugar a duda, <strong>la impresi\u00f3n en tres dimensiones<\/strong>, m\u00e1s conocida como 3D. Verdaderamente supone\u00a0un antes y un despu\u00e9s en la era de la inform\u00e1tica y las nuevas tecnolog\u00edas, fundamentalmente por el sinf\u00edn de sus posibles aplicaciones.\u00a0<\/p>\n<p>Sin embargo, este importante desarrollo tecnol\u00f3gico<strong> no est\u00e1 exento de algunas cuestiones que deben ser objeto de an\u00e1lisis y debate<\/strong>, aunque con ello existan posibles conflictos\u00a0de intereses.<\/p>\n<p style=\"text-align: left;\">De hecho, es curioso, pero parece que el sector de la impresi\u00f3n siempre ha estado envuelto de cierta\u00a0pol\u00e9mica\u00a0e incertidumbre, incluso desde sus or\u00edgenes. Recordemos que el nacimiento de la primera imprenta se atribuye a Johannes Gutenberg, a mediados del siglo XV, pero no sin cierta controversia.<\/p>\n<p style=\"text-align: left;\">Para poder dar salida y consolidar su invenci\u00f3n, Gutenberg necesit\u00f3 del sustento econ\u00f3mico de algunos socios capitalistas, entre los cuales se encontraba Johann\u00a0Fust, un negociante de N\u00faremberg, que le prest\u00f3 una importante suma de dinero para hacer frente a su proyecto. Posiblemente conocedor de los importantes beneficios que podr\u00eda tener la invenci\u00f3n de una m\u00e1quina que revolucionara la forma de realizar reproducciones de obras y textos, a finales de 1455, Faust acus\u00f3\u00a0a Gutenberg de emplear el dinero que le hab\u00eda prestado\u00a0para otra cosa que la \u201cfabricaci\u00f3n de libros\u201d. El pleito finalmente termin\u00f3 con la condena\u00a0a\u00a0Gutenberg\u00a0para\u00a0restituir un montante econ\u00f3mico a favor de su mecenas.\u00a0<\/p>\n<p style=\"text-align: left;\"><img loading=\"lazy\" decoding=\"async\" class=\"aligncenter wp-image-1716\" src=\"http:\/\/www.euroresidentes.com\/empresa\/derecho-mercantil\/wp-content\/uploads\/sites\/12\/2018\/07\/printer-1455165_1920-1024x1024.jpg\" alt=\"printer-1455165_1920\" width=\"511\" height=\"466\" \/><\/p>\n<p style=\"text-align: left;\">Expuesta esta curiosidad y volviendo a la actualidad, casi seis siglos despu\u00e9s de la invenci\u00f3n de la imprenta, <strong>la impresi\u00f3n 3D ha revolucionado la tecnolog\u00eda<\/strong>, en lo que supone una de las innovaciones m\u00e1s disruptivas de los \u00faltimos a\u00f1os. Con esta nueva tecnolog\u00eda de impresi\u00f3n, <strong>se puede materializar la impresi\u00f3n de pr\u00e1cticamente todo tipo de objetos y enseres,<\/strong> desde un simple y sencillo juguete o elemento de decoraci\u00f3n, hasta objetos funcionales, e incluso elementos m\u00e1s complejos como casas, como\u00a0es\u00a0el caso de una familia en Francia, que ha fijado su residencia en una casa impresa en 3D.\u00a0<\/p>\n<p style=\"text-align: left;\">De hecho, el avance tecnol\u00f3gico es tal que la Uni\u00f3n Europea\u00a0(UE),\u00a0ante\u00a0el miedo de posibles consecuencias negativas para el mercado com\u00fan en forma de <strong>proliferaci\u00f3n de copias ilegales<\/strong> o una nueva forma de pirater\u00eda, se ha planteado la posibilidad de entrar en el \u201cterreno de juego\u201d de un sector que hasta el momento carece de\u00a0una <strong>regulaci\u00f3n espec\u00edfica,<\/strong> y que en palabras del propio Parlamento Europeo, \u201c<span class=\"m_2409829915616566686s5\">se est\u00e1 generalizando cada vez m\u00e1s en la sociedad, especialmente en el \u00e1mbito de la educaci\u00f3n, en foros de ciudadanos y empresas emergentes [\u2026], as\u00ed como en la esfera privada\u201d.\u00a0<\/span><\/p>\n<p style=\"text-align: left;\">Por ese motivo, el Parlamento Europeo ha publicado con fecha 3 de julio de 2018, una\u00a0<span class=\"m_2409829915616566686s6\"><strong>Resoluci\u00f3n sobre impresi\u00f3n tridimensional<\/strong>, un reto en el \u00e1mbito de los derechos de propiedad intelectual y de la responsabilidad civil.<\/span>\u00a0En esta resoluci\u00f3n, la UE plantea una serie de realidades como son el hecho de que <strong>la impresi\u00f3n 3D \u201c<span class=\"m_2409829915616566686s5\">tiene un enorme\u00a0<\/span><span class=\"m_2409829915616566686s5\">potencial<\/span><span class=\"m_2409829915616566686s5\">\u00a0para transformar las cadenas de\u00a0<\/span><span class=\"m_2409829915616566686s5\">suministros<\/span><\/strong><span class=\"m_2409829915616566686s5\"><strong>\u00a0en la fabricaci\u00f3n<\/strong> que puede ayudar a Europa a aumentar los niveles de producci\u00f3n<\/span>\u201d, as\u00ed como un \u201c<span class=\"m_2409829915616566686s5\">efecto positivo en la creaci\u00f3n de un mayor n\u00famero de nuevos empleos cualificados, menos exigentes y menos peligrosos en algunos casos<\/span>\u201d.\u00a0<\/p>\n<p style=\"text-align: left;\">Pero la UE tambi\u00e9n plantea otras\u00a0serie de\u00a0cuestiones a las que se les\u00a0deber\u00e1 dar respuesta y soporte jur\u00eddico por\u00a0parte de\u00a0todos los agentes responsables de ello, tanto a nivel legislativo, como a nivel judicial, ya que c\u00f3mo bien indica la Resoluci\u00f3n, <strong>\u201c<span class=\"m_2409829915616566686s5\">la tecnolog\u00eda de impresi\u00f3n 3D puede plantear algunas inquietudes espec\u00edficas, de orden jur\u00eddico y \u00e9tico, tanto en los \u00e1mbitos del derecho de propiedad intelectual, tales como los derechos de autor, las patentes, el dise\u00f1o [\u2026], como de la responsabilidad civil<\/span>\u201d<\/strong>; incluso la propia UE es consciente de c\u00f3mo todo este desarrollo \u201c<span class=\"m_2409829915616566686s5\">puede afectar los derechos de imagen y el derecho a la privacidad<\/span>\u201d.\u00a0<\/p>\n<p style=\"text-align: left;\">Sea como fuere, debemos entender<strong> la necesidad de dotar a la impresi\u00f3n 3D de\u00a0un marco jur\u00eddico<\/strong>\u00a0con el que dar respuesta a todas estas cuestiones y necesidades planteadas. Eso s\u00ed, el nuevo marco regulatorio ha de partir de una premisa:\u00a0proporcionar seguridad jur\u00eddica, tanto a consumidores como proveedores (empresas, pymes, profesionales, etc.), pero sin que ello restrinja o coarte el avance del \u201cestado de la t\u00e9cnica\u201d.<\/p>\n<p>\u00a0Se trata del motor del progreso econ\u00f3mico y social y las leyes no pueden ser las puertas al mar.<\/p>\n<p>Desarrollo tecnol\u00f3gico versus proteccionismo normativo. Es el gran desaf\u00edo, uno m\u00e1s,\u00a0al que\u00a0tendr\u00e1 que hacer frente la Uni\u00f3n Europea.<\/p>\n<p>&nbsp;<\/p>\n<p><strong>Lecturas relacionadas:<\/strong><\/p>\n<ul>\n<li><a href=\"https:\/\/www.euroresidentes.com\/tecnologia\/avances-tecnologicos\/la-revolucion-de-la-impresion-3d\">La revoluci\u00f3n de la impresi\u00f3n 3D: \u00f3rganos, ropa, pr\u00f3tesis\u2026 y todo lo que puedas imaginar<\/a><\/li>\n<li><a href=\"https:\/\/www.euroresidentes.com\/hogar\/noticias-vivienda\/10-viviendas-construidas-con-impresoras\">10 viviendas construidas con impresoras 3D en China (en un s\u00f3lo d\u00eda)<\/a><\/li>\n<\/ul>\n","protected":false},"excerpt":{"rendered":"<p>Podemos afirmar, sin miedo a equivocarnos, que durante los \u00faltimos a\u00f1os estamos viviendo un avance exponencial de lo que muchos conocen como \u201cel estado de la t\u00e9cnica\u201d. Dicho de otro modo,\u00a0es\u00a0extra\u00f1o el a\u00f1o -y en ocasiones, en menor\u00a0c\u00f3mputo\u00a0de tiempo- que no se produce una innovaci\u00f3n o invenci\u00f3n en el \u00e1mbito de la tecnolog\u00eda que revoluciona el sector. Estas novedades, adem\u00e1s de revolucionar y contribuir al progreso de la ciencia y la tecnolog\u00eda, trascienden a otros sectores o \u00e1mbitos, como puede ser el jur\u00eddico, medioambiental, sanitario, econ\u00f3mico, etc. Y ello es as\u00ed, tanto por el hecho de lo que la concreta <\/p>\n","protected":false},"author":9,"featured_media":1716,"comment_status":"open","ping_status":"open","sticky":false,"template":"","format":"standard","meta":{"footnotes":""},"categories":[15],"tags":[121,141,82],"class_list":["post-1715","post","type-post","status-publish","format-standard","has-post-thumbnail","hentry","category-general","tag-derecho-de-la-union-europea","tag-legislacion","tag-nuevas-tecnologias","has_thumb"],"yoast_head":"<!-- This site is optimized with the Yoast SEO plugin v27.5 - https:\/\/yoast.com\/product\/yoast-seo-wordpress\/ -->\n<title>Impresi\u00f3n tridimensional: \u00bfoportunidad para legislar y amenaza para el progreso t\u00e9cnico? - Derecho Mercantil<\/title>\n<meta name=\"robots\" content=\"index, follow, max-snippet:-1, max-image-preview:large, max-video-preview:-1\" \/>\n<link rel=\"canonical\" href=\"https:\/\/www.euroresidentes.com\/empresa\/derecho-mercantil\/impresion-tridimensional-oportunidad-para-legislar-y-amenaza-para-el-progreso-tecnico\/\" \/>\n<meta property=\"og:locale\" content=\"es_ES\" \/>\n<meta property=\"og:type\" content=\"article\" \/>\n<meta property=\"og:title\" content=\"Impresi\u00f3n tridimensional: \u00bfoportunidad para legislar y amenaza para el progreso t\u00e9cnico? - Derecho Mercantil\" \/>\n<meta property=\"og:description\" content=\"Podemos afirmar, sin miedo a equivocarnos, que durante los \u00faltimos a\u00f1os estamos viviendo un avance exponencial de lo que muchos conocen como \u201cel estado de la t\u00e9cnica\u201d. Dicho de otro modo,\u00a0es\u00a0extra\u00f1o el a\u00f1o -y en ocasiones, en menor\u00a0c\u00f3mputo\u00a0de tiempo- que no se produce una innovaci\u00f3n o invenci\u00f3n en el \u00e1mbito de la tecnolog\u00eda que revoluciona el sector. Estas novedades, adem\u00e1s de revolucionar y contribuir al progreso de la ciencia y la tecnolog\u00eda, trascienden a otros sectores o \u00e1mbitos, como puede ser el jur\u00eddico, medioambiental, sanitario, econ\u00f3mico, etc. Y ello es as\u00ed, tanto por el hecho de lo que la concreta\" \/>\n<meta property=\"og:url\" content=\"https:\/\/www.euroresidentes.com\/empresa\/derecho-mercantil\/impresion-tridimensional-oportunidad-para-legislar-y-amenaza-para-el-progreso-tecnico\/\" \/>\n<meta property=\"og:site_name\" content=\"Derecho Mercantil\" \/>\n<meta property=\"article:publisher\" content=\"https:\/\/www.facebook.com\/euroresidentes\/\" \/>\n<meta property=\"article:published_time\" content=\"2018-07-17T13:12:56+00:00\" \/>\n<meta property=\"article:modified_time\" content=\"2018-07-19T18:12:20+00:00\" \/>\n<meta property=\"og:image\" content=\"https:\/\/www.euroresidentes.com\/empresa\/derecho-mercantil\/wp-content\/uploads\/sites\/12\/2018\/07\/printer-1455165_1920.jpg\" \/>\n\t<meta property=\"og:image:width\" content=\"1024\" \/>\n\t<meta property=\"og:image:height\" content=\"1024\" \/>\n\t<meta property=\"og:image:type\" content=\"image\/jpeg\" \/>\n<meta name=\"author\" content=\"Manuel Pomares\" \/>\n<meta name=\"twitter:card\" content=\"summary_large_image\" \/>\n<meta name=\"twitter:label1\" content=\"Written by\" \/>\n\t<meta name=\"twitter:data1\" content=\"Manuel Pomares\" \/>\n\t<meta name=\"twitter:label2\" content=\"Est. reading time\" \/>\n\t<meta name=\"twitter:data2\" content=\"5 minutos\" \/>\n<script type=\"application\/ld+json\" class=\"yoast-schema-graph\">{\"@context\":\"https:\\\/\\\/schema.org\",\"@graph\":[{\"@type\":\"Article\",\"@id\":\"https:\\\/\\\/www.euroresidentes.com\\\/empresa\\\/derecho-mercantil\\\/impresion-tridimensional-oportunidad-para-legislar-y-amenaza-para-el-progreso-tecnico\\\/#article\",\"isPartOf\":{\"@id\":\"https:\\\/\\\/www.euroresidentes.com\\\/empresa\\\/derecho-mercantil\\\/impresion-tridimensional-oportunidad-para-legislar-y-amenaza-para-el-progreso-tecnico\\\/\"},\"author\":{\"name\":\"Manuel Pomares\",\"@id\":\"https:\\\/\\\/www.euroresidentes.com\\\/empresa\\\/derecho-mercantil\\\/#\\\/schema\\\/person\\\/1f848038ac5623245414f398a267708f\"},\"headline\":\"Impresi\u00f3n tridimensional: \u00bfoportunidad para legislar y amenaza para el progreso t\u00e9cnico?\",\"datePublished\":\"2018-07-17T13:12:56+00:00\",\"dateModified\":\"2018-07-19T18:12:20+00:00\",\"mainEntityOfPage\":{\"@id\":\"https:\\\/\\\/www.euroresidentes.com\\\/empresa\\\/derecho-mercantil\\\/impresion-tridimensional-oportunidad-para-legislar-y-amenaza-para-el-progreso-tecnico\\\/\"},\"wordCount\":1036,\"commentCount\":0,\"image\":{\"@id\":\"https:\\\/\\\/www.euroresidentes.com\\\/empresa\\\/derecho-mercantil\\\/impresion-tridimensional-oportunidad-para-legislar-y-amenaza-para-el-progreso-tecnico\\\/#primaryimage\"},\"thumbnailUrl\":\"https:\\\/\\\/www.euroresidentes.com\\\/empresa\\\/derecho-mercantil\\\/wp-content\\\/uploads\\\/sites\\\/12\\\/2018\\\/07\\\/printer-1455165_1920.jpg\",\"keywords\":[\"Derecho de la Uni\u00f3n Europea\",\"legislaci\u00f3n\",\"nuevas tecnologias\"],\"articleSection\":[\"General\"],\"inLanguage\":\"es\",\"potentialAction\":[{\"@type\":\"CommentAction\",\"name\":\"Comment\",\"target\":[\"https:\\\/\\\/www.euroresidentes.com\\\/empresa\\\/derecho-mercantil\\\/impresion-tridimensional-oportunidad-para-legislar-y-amenaza-para-el-progreso-tecnico\\\/#respond\"]}]},{\"@type\":\"WebPage\",\"@id\":\"https:\\\/\\\/www.euroresidentes.com\\\/empresa\\\/derecho-mercantil\\\/impresion-tridimensional-oportunidad-para-legislar-y-amenaza-para-el-progreso-tecnico\\\/\",\"url\":\"https:\\\/\\\/www.euroresidentes.com\\\/empresa\\\/derecho-mercantil\\\/impresion-tridimensional-oportunidad-para-legislar-y-amenaza-para-el-progreso-tecnico\\\/\",\"name\":\"Impresi\u00f3n tridimensional: \u00bfoportunidad para legislar y amenaza para el progreso t\u00e9cnico? - Derecho Mercantil\",\"isPartOf\":{\"@id\":\"https:\\\/\\\/www.euroresidentes.com\\\/empresa\\\/derecho-mercantil\\\/#website\"},\"primaryImageOfPage\":{\"@id\":\"https:\\\/\\\/www.euroresidentes.com\\\/empresa\\\/derecho-mercantil\\\/impresion-tridimensional-oportunidad-para-legislar-y-amenaza-para-el-progreso-tecnico\\\/#primaryimage\"},\"image\":{\"@id\":\"https:\\\/\\\/www.euroresidentes.com\\\/empresa\\\/derecho-mercantil\\\/impresion-tridimensional-oportunidad-para-legislar-y-amenaza-para-el-progreso-tecnico\\\/#primaryimage\"},\"thumbnailUrl\":\"https:\\\/\\\/www.euroresidentes.com\\\/empresa\\\/derecho-mercantil\\\/wp-content\\\/uploads\\\/sites\\\/12\\\/2018\\\/07\\\/printer-1455165_1920.jpg\",\"datePublished\":\"2018-07-17T13:12:56+00:00\",\"dateModified\":\"2018-07-19T18:12:20+00:00\",\"author\":{\"@id\":\"https:\\\/\\\/www.euroresidentes.com\\\/empresa\\\/derecho-mercantil\\\/#\\\/schema\\\/person\\\/1f848038ac5623245414f398a267708f\"},\"breadcrumb\":{\"@id\":\"https:\\\/\\\/www.euroresidentes.com\\\/empresa\\\/derecho-mercantil\\\/impresion-tridimensional-oportunidad-para-legislar-y-amenaza-para-el-progreso-tecnico\\\/#breadcrumb\"},\"inLanguage\":\"es\",\"potentialAction\":[{\"@type\":\"ReadAction\",\"target\":[\"https:\\\/\\\/www.euroresidentes.com\\\/empresa\\\/derecho-mercantil\\\/impresion-tridimensional-oportunidad-para-legislar-y-amenaza-para-el-progreso-tecnico\\\/\"]}]},{\"@type\":\"ImageObject\",\"inLanguage\":\"es\",\"@id\":\"https:\\\/\\\/www.euroresidentes.com\\\/empresa\\\/derecho-mercantil\\\/impresion-tridimensional-oportunidad-para-legislar-y-amenaza-para-el-progreso-tecnico\\\/#primaryimage\",\"url\":\"https:\\\/\\\/www.euroresidentes.com\\\/empresa\\\/derecho-mercantil\\\/wp-content\\\/uploads\\\/sites\\\/12\\\/2018\\\/07\\\/printer-1455165_1920.jpg\",\"contentUrl\":\"https:\\\/\\\/www.euroresidentes.com\\\/empresa\\\/derecho-mercantil\\\/wp-content\\\/uploads\\\/sites\\\/12\\\/2018\\\/07\\\/printer-1455165_1920.jpg\",\"width\":1024,\"height\":1024},{\"@type\":\"BreadcrumbList\",\"@id\":\"https:\\\/\\\/www.euroresidentes.com\\\/empresa\\\/derecho-mercantil\\\/impresion-tridimensional-oportunidad-para-legislar-y-amenaza-para-el-progreso-tecnico\\\/#breadcrumb\",\"itemListElement\":[{\"@type\":\"ListItem\",\"position\":1,\"name\":\"Portada\",\"item\":\"https:\\\/\\\/www.euroresidentes.com\\\/empresa\\\/derecho-mercantil\\\/\"},{\"@type\":\"ListItem\",\"position\":2,\"name\":\"Impresi\u00f3n tridimensional: \u00bfoportunidad para legislar y amenaza para el progreso t\u00e9cnico?\"}]},{\"@type\":\"WebSite\",\"@id\":\"https:\\\/\\\/www.euroresidentes.com\\\/empresa\\\/derecho-mercantil\\\/#website\",\"url\":\"https:\\\/\\\/www.euroresidentes.com\\\/empresa\\\/derecho-mercantil\\\/\",\"name\":\"Derecho Mercantil\",\"description\":\"Derecho y Empresa Euroresidentes\",\"potentialAction\":[{\"@type\":\"SearchAction\",\"target\":{\"@type\":\"EntryPoint\",\"urlTemplate\":\"https:\\\/\\\/www.euroresidentes.com\\\/empresa\\\/derecho-mercantil\\\/?s={search_term_string}\"},\"query-input\":{\"@type\":\"PropertyValueSpecification\",\"valueRequired\":true,\"valueName\":\"search_term_string\"}}],\"inLanguage\":\"es\"},{\"@type\":\"Person\",\"@id\":\"https:\\\/\\\/www.euroresidentes.com\\\/empresa\\\/derecho-mercantil\\\/#\\\/schema\\\/person\\\/1f848038ac5623245414f398a267708f\",\"name\":\"Manuel Pomares\",\"image\":{\"@type\":\"ImageObject\",\"inLanguage\":\"es\",\"@id\":\"https:\\\/\\\/www.euroresidentes.com\\\/empresa\\\/derecho-mercantil\\\/wp-content\\\/uploads\\\/sites\\\/12\\\/2016\\\/08\\\/manuel-pomares-abogados-150x150.jpg\",\"url\":\"https:\\\/\\\/www.euroresidentes.com\\\/empresa\\\/derecho-mercantil\\\/wp-content\\\/uploads\\\/sites\\\/12\\\/2016\\\/08\\\/manuel-pomares-abogados-150x150.jpg\",\"contentUrl\":\"https:\\\/\\\/www.euroresidentes.com\\\/empresa\\\/derecho-mercantil\\\/wp-content\\\/uploads\\\/sites\\\/12\\\/2016\\\/08\\\/manuel-pomares-abogados-150x150.jpg\",\"caption\":\"Manuel Pomares\"},\"description\":\"Manuel PomaresAbogado y socio director de la firma Pomares Abogados. Especialista en derecho mercantil-societario, bancario y responsabilidad civil-seguro.\",\"sameAs\":[\"http:\\\/\\\/www.euroresidentes.com\\\/empresa\\\/manuel-pomares-2.html\"],\"url\":\"https:\\\/\\\/www.euroresidentes.com\\\/empresa\\\/derecho-mercantil\\\/author\\\/manuel\\\/\"}]}<\/script>\n<!-- \/ Yoast SEO plugin. -->","yoast_head_json":{"title":"Impresi\u00f3n tridimensional: \u00bfoportunidad para legislar y amenaza para el progreso t\u00e9cnico? - Derecho Mercantil","robots":{"index":"index","follow":"follow","max-snippet":"max-snippet:-1","max-image-preview":"max-image-preview:large","max-video-preview":"max-video-preview:-1"},"canonical":"https:\/\/www.euroresidentes.com\/empresa\/derecho-mercantil\/impresion-tridimensional-oportunidad-para-legislar-y-amenaza-para-el-progreso-tecnico\/","og_locale":"es_ES","og_type":"article","og_title":"Impresi\u00f3n tridimensional: \u00bfoportunidad para legislar y amenaza para el progreso t\u00e9cnico? - Derecho Mercantil","og_description":"Podemos afirmar, sin miedo a equivocarnos, que durante los \u00faltimos a\u00f1os estamos viviendo un avance exponencial de lo que muchos conocen como \u201cel estado de la t\u00e9cnica\u201d. Dicho de otro modo,\u00a0es\u00a0extra\u00f1o el a\u00f1o -y en ocasiones, en menor\u00a0c\u00f3mputo\u00a0de tiempo- que no se produce una innovaci\u00f3n o invenci\u00f3n en el \u00e1mbito de la tecnolog\u00eda que revoluciona el sector. Estas novedades, adem\u00e1s de revolucionar y contribuir al progreso de la ciencia y la tecnolog\u00eda, trascienden a otros sectores o \u00e1mbitos, como puede ser el jur\u00eddico, medioambiental, sanitario, econ\u00f3mico, etc. Y ello es as\u00ed, tanto por el hecho de lo que la concreta","og_url":"https:\/\/www.euroresidentes.com\/empresa\/derecho-mercantil\/impresion-tridimensional-oportunidad-para-legislar-y-amenaza-para-el-progreso-tecnico\/","og_site_name":"Derecho Mercantil","article_publisher":"https:\/\/www.facebook.com\/euroresidentes\/","article_published_time":"2018-07-17T13:12:56+00:00","article_modified_time":"2018-07-19T18:12:20+00:00","og_image":[{"width":1024,"height":1024,"url":"https:\/\/www.euroresidentes.com\/empresa\/derecho-mercantil\/wp-content\/uploads\/sites\/12\/2018\/07\/printer-1455165_1920.jpg","type":"image\/jpeg"}],"author":"Manuel Pomares","twitter_card":"summary_large_image","twitter_misc":{"Written by":"Manuel Pomares","Est. reading time":"5 minutos"},"schema":{"@context":"https:\/\/schema.org","@graph":[{"@type":"Article","@id":"https:\/\/www.euroresidentes.com\/empresa\/derecho-mercantil\/impresion-tridimensional-oportunidad-para-legislar-y-amenaza-para-el-progreso-tecnico\/#article","isPartOf":{"@id":"https:\/\/www.euroresidentes.com\/empresa\/derecho-mercantil\/impresion-tridimensional-oportunidad-para-legislar-y-amenaza-para-el-progreso-tecnico\/"},"author":{"name":"Manuel Pomares","@id":"https:\/\/www.euroresidentes.com\/empresa\/derecho-mercantil\/#\/schema\/person\/1f848038ac5623245414f398a267708f"},"headline":"Impresi\u00f3n tridimensional: \u00bfoportunidad para legislar y amenaza para el progreso t\u00e9cnico?","datePublished":"2018-07-17T13:12:56+00:00","dateModified":"2018-07-19T18:12:20+00:00","mainEntityOfPage":{"@id":"https:\/\/www.euroresidentes.com\/empresa\/derecho-mercantil\/impresion-tridimensional-oportunidad-para-legislar-y-amenaza-para-el-progreso-tecnico\/"},"wordCount":1036,"commentCount":0,"image":{"@id":"https:\/\/www.euroresidentes.com\/empresa\/derecho-mercantil\/impresion-tridimensional-oportunidad-para-legislar-y-amenaza-para-el-progreso-tecnico\/#primaryimage"},"thumbnailUrl":"https:\/\/www.euroresidentes.com\/empresa\/derecho-mercantil\/wp-content\/uploads\/sites\/12\/2018\/07\/printer-1455165_1920.jpg","keywords":["Derecho de la Uni\u00f3n Europea","legislaci\u00f3n","nuevas tecnologias"],"articleSection":["General"],"inLanguage":"es","potentialAction":[{"@type":"CommentAction","name":"Comment","target":["https:\/\/www.euroresidentes.com\/empresa\/derecho-mercantil\/impresion-tridimensional-oportunidad-para-legislar-y-amenaza-para-el-progreso-tecnico\/#respond"]}]},{"@type":"WebPage","@id":"https:\/\/www.euroresidentes.com\/empresa\/derecho-mercantil\/impresion-tridimensional-oportunidad-para-legislar-y-amenaza-para-el-progreso-tecnico\/","url":"https:\/\/www.euroresidentes.com\/empresa\/derecho-mercantil\/impresion-tridimensional-oportunidad-para-legislar-y-amenaza-para-el-progreso-tecnico\/","name":"Impresi\u00f3n tridimensional: \u00bfoportunidad para legislar y amenaza para el progreso t\u00e9cnico? - Derecho Mercantil","isPartOf":{"@id":"https:\/\/www.euroresidentes.com\/empresa\/derecho-mercantil\/#website"},"primaryImageOfPage":{"@id":"https:\/\/www.euroresidentes.com\/empresa\/derecho-mercantil\/impresion-tridimensional-oportunidad-para-legislar-y-amenaza-para-el-progreso-tecnico\/#primaryimage"},"image":{"@id":"https:\/\/www.euroresidentes.com\/empresa\/derecho-mercantil\/impresion-tridimensional-oportunidad-para-legislar-y-amenaza-para-el-progreso-tecnico\/#primaryimage"},"thumbnailUrl":"https:\/\/www.euroresidentes.com\/empresa\/derecho-mercantil\/wp-content\/uploads\/sites\/12\/2018\/07\/printer-1455165_1920.jpg","datePublished":"2018-07-17T13:12:56+00:00","dateModified":"2018-07-19T18:12:20+00:00","author":{"@id":"https:\/\/www.euroresidentes.com\/empresa\/derecho-mercantil\/#\/schema\/person\/1f848038ac5623245414f398a267708f"},"breadcrumb":{"@id":"https:\/\/www.euroresidentes.com\/empresa\/derecho-mercantil\/impresion-tridimensional-oportunidad-para-legislar-y-amenaza-para-el-progreso-tecnico\/#breadcrumb"},"inLanguage":"es","potentialAction":[{"@type":"ReadAction","target":["https:\/\/www.euroresidentes.com\/empresa\/derecho-mercantil\/impresion-tridimensional-oportunidad-para-legislar-y-amenaza-para-el-progreso-tecnico\/"]}]},{"@type":"ImageObject","inLanguage":"es","@id":"https:\/\/www.euroresidentes.com\/empresa\/derecho-mercantil\/impresion-tridimensional-oportunidad-para-legislar-y-amenaza-para-el-progreso-tecnico\/#primaryimage","url":"https:\/\/www.euroresidentes.com\/empresa\/derecho-mercantil\/wp-content\/uploads\/sites\/12\/2018\/07\/printer-1455165_1920.jpg","contentUrl":"https:\/\/www.euroresidentes.com\/empresa\/derecho-mercantil\/wp-content\/uploads\/sites\/12\/2018\/07\/printer-1455165_1920.jpg","width":1024,"height":1024},{"@type":"BreadcrumbList","@id":"https:\/\/www.euroresidentes.com\/empresa\/derecho-mercantil\/impresion-tridimensional-oportunidad-para-legislar-y-amenaza-para-el-progreso-tecnico\/#breadcrumb","itemListElement":[{"@type":"ListItem","position":1,"name":"Portada","item":"https:\/\/www.euroresidentes.com\/empresa\/derecho-mercantil\/"},{"@type":"ListItem","position":2,"name":"Impresi\u00f3n tridimensional: \u00bfoportunidad para legislar y amenaza para el progreso t\u00e9cnico?"}]},{"@type":"WebSite","@id":"https:\/\/www.euroresidentes.com\/empresa\/derecho-mercantil\/#website","url":"https:\/\/www.euroresidentes.com\/empresa\/derecho-mercantil\/","name":"Derecho Mercantil","description":"Derecho y Empresa Euroresidentes","potentialAction":[{"@type":"SearchAction","target":{"@type":"EntryPoint","urlTemplate":"https:\/\/www.euroresidentes.com\/empresa\/derecho-mercantil\/?s={search_term_string}"},"query-input":{"@type":"PropertyValueSpecification","valueRequired":true,"valueName":"search_term_string"}}],"inLanguage":"es"},{"@type":"Person","@id":"https:\/\/www.euroresidentes.com\/empresa\/derecho-mercantil\/#\/schema\/person\/1f848038ac5623245414f398a267708f","name":"Manuel Pomares","image":{"@type":"ImageObject","inLanguage":"es","@id":"https:\/\/www.euroresidentes.com\/empresa\/derecho-mercantil\/wp-content\/uploads\/sites\/12\/2016\/08\/manuel-pomares-abogados-150x150.jpg","url":"https:\/\/www.euroresidentes.com\/empresa\/derecho-mercantil\/wp-content\/uploads\/sites\/12\/2016\/08\/manuel-pomares-abogados-150x150.jpg","contentUrl":"https:\/\/www.euroresidentes.com\/empresa\/derecho-mercantil\/wp-content\/uploads\/sites\/12\/2016\/08\/manuel-pomares-abogados-150x150.jpg","caption":"Manuel Pomares"},"description":"Manuel PomaresAbogado y socio director de la firma Pomares Abogados. Especialista en derecho mercantil-societario, bancario y responsabilidad civil-seguro.","sameAs":["http:\/\/www.euroresidentes.com\/empresa\/manuel-pomares-2.html"],"url":"https:\/\/www.euroresidentes.com\/empresa\/derecho-mercantil\/author\/manuel\/"}]}},"_links":{"self":[{"href":"https:\/\/www.euroresidentes.com\/empresa\/derecho-mercantil\/wp-json\/wp\/v2\/posts\/1715","targetHints":{"allow":["GET"]}}],"collection":[{"href":"https:\/\/www.euroresidentes.com\/empresa\/derecho-mercantil\/wp-json\/wp\/v2\/posts"}],"about":[{"href":"https:\/\/www.euroresidentes.com\/empresa\/derecho-mercantil\/wp-json\/wp\/v2\/types\/post"}],"author":[{"embeddable":true,"href":"https:\/\/www.euroresidentes.com\/empresa\/derecho-mercantil\/wp-json\/wp\/v2\/users\/9"}],"replies":[{"embeddable":true,"href":"https:\/\/www.euroresidentes.com\/empresa\/derecho-mercantil\/wp-json\/wp\/v2\/comments?post=1715"}],"version-history":[{"count":5,"href":"https:\/\/www.euroresidentes.com\/empresa\/derecho-mercantil\/wp-json\/wp\/v2\/posts\/1715\/revisions"}],"predecessor-version":[{"id":1721,"href":"https:\/\/www.euroresidentes.com\/empresa\/derecho-mercantil\/wp-json\/wp\/v2\/posts\/1715\/revisions\/1721"}],"wp:featuredmedia":[{"embeddable":true,"href":"https:\/\/www.euroresidentes.com\/empresa\/derecho-mercantil\/wp-json\/wp\/v2\/media\/1716"}],"wp:attachment":[{"href":"https:\/\/www.euroresidentes.com\/empresa\/derecho-mercantil\/wp-json\/wp\/v2\/media?parent=1715"}],"wp:term":[{"taxonomy":"category","embeddable":true,"href":"https:\/\/www.euroresidentes.com\/empresa\/derecho-mercantil\/wp-json\/wp\/v2\/categories?post=1715"},{"taxonomy":"post_tag","embeddable":true,"href":"https:\/\/www.euroresidentes.com\/empresa\/derecho-mercantil\/wp-json\/wp\/v2\/tags?post=1715"}],"curies":[{"name":"wp","href":"https:\/\/api.w.org\/{rel}","templated":true}]}}