
{"id":1655,"date":"2018-05-23T15:22:06","date_gmt":"2018-05-23T13:22:06","guid":{"rendered":"http:\/\/www.euroresidentes.com\/empresa\/derecho-mercantil\/?p=1655"},"modified":"2018-08-10T12:54:30","modified_gmt":"2018-08-10T10:54:30","slug":"primera-sancion-de-la-aepd-a-un-particular-por-difundir-imagenes-por-whatsapp-grabadas-en-la-via-publica","status":"publish","type":"post","link":"https:\/\/www.euroresidentes.com\/empresa\/derecho-mercantil\/primera-sancion-de-la-aepd-a-un-particular-por-difundir-imagenes-por-whatsapp-grabadas-en-la-via-publica\/","title":{"rendered":"Primera sanci\u00f3n a un particular por difundir im\u00e1genes por WhatsApp grabadas en la v\u00eda p\u00fablica"},"content":{"rendered":"<p>El auge en el uso de las redes sociales y el af\u00e1n de publicar hace que, en ocasiones, se conviertan en una suerte de alternativa a los medios de comunicaci\u00f3n como fuente de informaci\u00f3n. Cualquiera tiene facilidad para grabar desde su tel\u00e9fono m\u00f3vil, y tan pronto se graba se publica en la red social de turno, o se comparte en los grupos de whatsapp.<\/p>\n<p><a href=\"http:\/\/www.euroresidentes.com\/empresa\/derecho-mercantil\/wp-content\/uploads\/sites\/12\/2018\/05\/photograph-3385169_1920.jpg\"><img loading=\"lazy\" decoding=\"async\" class=\"aligncenter size-large wp-image-1656\" src=\"http:\/\/www.euroresidentes.com\/empresa\/derecho-mercantil\/wp-content\/uploads\/sites\/12\/2018\/05\/photograph-3385169_1920-1024x479.jpg\" alt=\"photograph-3385169_1920\" width=\"1024\" height=\"479\" srcset=\"https:\/\/www.euroresidentes.com\/empresa\/derecho-mercantil\/wp-content\/uploads\/sites\/12\/2018\/05\/photograph-3385169_1920.jpg 1024w, https:\/\/www.euroresidentes.com\/empresa\/derecho-mercantil\/wp-content\/uploads\/sites\/12\/2018\/05\/photograph-3385169_1920-300x140.jpg 300w, https:\/\/www.euroresidentes.com\/empresa\/derecho-mercantil\/wp-content\/uploads\/sites\/12\/2018\/05\/photograph-3385169_1920-634x297.jpg 634w\" sizes=\"auto, (max-width: 1024px) 100vw, 1024px\" \/><\/a><\/p>\n<p>Y ese tipo de acci\u00f3n puede llevar a desagradables sorpresas.<\/p>\n<p><strong>Lo que se grab\u00f3 y public\u00f3<\/strong><\/p>\n<p>El pasado mes de mayo de 2017 una persona grab\u00f3 desde su domicilio la actuaci\u00f3n de un agente de polic\u00eda local en un caso de violencia dom\u00e9stica, en la v\u00eda p\u00fablica.<\/p>\n<p>Dicho funcionario pidi\u00f3 al vecino que cesara en la grabaci\u00f3n, pero no s\u00f3lo ignor\u00f3 tal requerimiento, sino que difundi\u00f3 estas im\u00e1genes por WhatsApp.<\/p>\n<p>El agente de polic\u00eda local, tras comprobar la difusi\u00f3n de las im\u00e1genes, denunci\u00f3 los hechos ante la Agencia Estatal de Protecci\u00f3n de Datos.<\/p>\n<p><strong>La sanci\u00f3n de la AEPD: por exceder de la \u00f3rbita dom\u00e9stica<\/strong><\/p>\n<p>Seg\u00fan se acaba de conocer, la AEPD, tras la incoaci\u00f3n del oportuno expediente, ha sancionado al particular con una multa de 2.000 euros por difundir dichas im\u00e1genes por whatsapp.<\/p>\n<p>El denunciado aleg\u00f3 en su defensa que la grabaci\u00f3n se efectu\u00f3 por motivo de una agresi\u00f3n machista que estaba teniendo lugar en la v\u00eda p\u00fablica. Incidi\u00f3 tambi\u00e9n en que la actuaci\u00f3n del polic\u00eda local fue en el desarrollo de sus competencias profesionales. Y, por \u00faltimo, que la finalidad de la grabaci\u00f3n no era la de obtener beneficio alguno. En todo caso, aleg\u00f3, podr\u00eda servir a la v\u00edctima de la agresi\u00f3n machista como medio de prueba.<\/p>\n<p>Sin embargo, la AEPD considera relevante a efectos de imponer la sanci\u00f3n que se hubiera grabado a un polic\u00eda. Porque, tal y como la propia Agencia tiene informado, grabar a empleados p\u00fablicos excede de la \u00f3rbita dom\u00e9stica. Y precisamente esto, el exceder de la \u00f3rbita dom\u00e9stica, hace que deba aplicarse la LOPD. Por ello, tal y como dispone esta norma, se requiere la necesidad de recabar el consentimiento de las personas afectadas.<\/p>\n<p>Como vemos, la facilidad que tenemos para grabar y compartir no es incompatible con la complicaci\u00f3n de tener que vernos ante un expediente sancionador. Sirva como aviso por parte de la AEPD; de sus actuaciones de control no escapa nadie.<\/p>\n<p>&nbsp;<\/p>\n","protected":false},"excerpt":{"rendered":"<p>El auge en el uso de las redes sociales y el af\u00e1n de publicar hace que, en ocasiones, se conviertan en una suerte de alternativa a los medios de comunicaci\u00f3n como fuente de informaci\u00f3n. Cualquiera tiene facilidad para grabar desde su tel\u00e9fono m\u00f3vil, y tan pronto se graba se publica en la red social de turno, o se comparte en los grupos de whatsapp. Y ese tipo de acci\u00f3n puede llevar a desagradables sorpresas. Lo que se grab\u00f3 y public\u00f3 El pasado mes de mayo de 2017 una persona grab\u00f3 desde su domicilio la actuaci\u00f3n de un agente de polic\u00eda <\/p>\n","protected":false},"author":9,"featured_media":1656,"comment_status":"open","ping_status":"open","sticky":false,"template":"","format":"standard","meta":{"footnotes":""},"categories":[178],"tags":[25,148],"class_list":["post-1655","post","type-post","status-publish","format-standard","has-post-thumbnail","hentry","category-proteccion-datos","tag-redes-sociales","tag-whatsapp","has_thumb"],"yoast_head":"<!-- This site is optimized with the Yoast SEO plugin v27.4 - https:\/\/yoast.com\/product\/yoast-seo-wordpress\/ -->\n<title>Primera sanci\u00f3n a un particular por difundir im\u00e1genes por WhatsApp grabadas en la v\u00eda p\u00fablica - Derecho Mercantil<\/title>\n<meta name=\"robots\" content=\"index, follow, max-snippet:-1, max-image-preview:large, max-video-preview:-1\" \/>\n<link rel=\"canonical\" href=\"https:\/\/www.euroresidentes.com\/empresa\/derecho-mercantil\/primera-sancion-de-la-aepd-a-un-particular-por-difundir-imagenes-por-whatsapp-grabadas-en-la-via-publica\/\" \/>\n<meta property=\"og:locale\" content=\"es_ES\" \/>\n<meta property=\"og:type\" content=\"article\" \/>\n<meta property=\"og:title\" content=\"Primera sanci\u00f3n a un particular por difundir im\u00e1genes por WhatsApp grabadas en la v\u00eda p\u00fablica - Derecho Mercantil\" \/>\n<meta property=\"og:description\" content=\"El auge en el uso de las redes sociales y el af\u00e1n de publicar hace que, en ocasiones, se conviertan en una suerte de alternativa a los medios de comunicaci\u00f3n como fuente de informaci\u00f3n. Cualquiera tiene facilidad para grabar desde su tel\u00e9fono m\u00f3vil, y tan pronto se graba se publica en la red social de turno, o se comparte en los grupos de whatsapp. Y ese tipo de acci\u00f3n puede llevar a desagradables sorpresas. Lo que se grab\u00f3 y public\u00f3 El pasado mes de mayo de 2017 una persona grab\u00f3 desde su domicilio la actuaci\u00f3n de un agente de polic\u00eda\" \/>\n<meta property=\"og:url\" content=\"https:\/\/www.euroresidentes.com\/empresa\/derecho-mercantil\/primera-sancion-de-la-aepd-a-un-particular-por-difundir-imagenes-por-whatsapp-grabadas-en-la-via-publica\/\" \/>\n<meta property=\"og:site_name\" content=\"Derecho Mercantil\" \/>\n<meta property=\"article:publisher\" content=\"https:\/\/www.facebook.com\/euroresidentes\/\" \/>\n<meta property=\"article:published_time\" content=\"2018-05-23T13:22:06+00:00\" \/>\n<meta property=\"article:modified_time\" content=\"2018-08-10T10:54:30+00:00\" \/>\n<meta property=\"og:image\" content=\"https:\/\/www.euroresidentes.com\/empresa\/derecho-mercantil\/wp-content\/uploads\/sites\/12\/2018\/05\/photograph-3385169_1920.jpg\" \/>\n\t<meta property=\"og:image:width\" content=\"1024\" \/>\n\t<meta property=\"og:image:height\" content=\"479\" \/>\n\t<meta property=\"og:image:type\" content=\"image\/jpeg\" \/>\n<meta name=\"author\" content=\"Manuel Pomares\" \/>\n<meta name=\"twitter:card\" content=\"summary_large_image\" \/>\n<meta name=\"twitter:label1\" content=\"Written by\" \/>\n\t<meta name=\"twitter:data1\" content=\"Manuel Pomares\" \/>\n\t<meta name=\"twitter:label2\" content=\"Est. reading time\" \/>\n\t<meta name=\"twitter:data2\" content=\"2 minutos\" \/>\n<script type=\"application\/ld+json\" class=\"yoast-schema-graph\">{\"@context\":\"https:\\\/\\\/schema.org\",\"@graph\":[{\"@type\":\"Article\",\"@id\":\"https:\\\/\\\/www.euroresidentes.com\\\/empresa\\\/derecho-mercantil\\\/primera-sancion-de-la-aepd-a-un-particular-por-difundir-imagenes-por-whatsapp-grabadas-en-la-via-publica\\\/#article\",\"isPartOf\":{\"@id\":\"https:\\\/\\\/www.euroresidentes.com\\\/empresa\\\/derecho-mercantil\\\/primera-sancion-de-la-aepd-a-un-particular-por-difundir-imagenes-por-whatsapp-grabadas-en-la-via-publica\\\/\"},\"author\":{\"name\":\"Manuel Pomares\",\"@id\":\"https:\\\/\\\/www.euroresidentes.com\\\/empresa\\\/derecho-mercantil\\\/#\\\/schema\\\/person\\\/1f848038ac5623245414f398a267708f\"},\"headline\":\"Primera sanci\u00f3n a un particular por difundir im\u00e1genes por WhatsApp grabadas en la v\u00eda p\u00fablica\",\"datePublished\":\"2018-05-23T13:22:06+00:00\",\"dateModified\":\"2018-08-10T10:54:30+00:00\",\"mainEntityOfPage\":{\"@id\":\"https:\\\/\\\/www.euroresidentes.com\\\/empresa\\\/derecho-mercantil\\\/primera-sancion-de-la-aepd-a-un-particular-por-difundir-imagenes-por-whatsapp-grabadas-en-la-via-publica\\\/\"},\"wordCount\":442,\"commentCount\":0,\"image\":{\"@id\":\"https:\\\/\\\/www.euroresidentes.com\\\/empresa\\\/derecho-mercantil\\\/primera-sancion-de-la-aepd-a-un-particular-por-difundir-imagenes-por-whatsapp-grabadas-en-la-via-publica\\\/#primaryimage\"},\"thumbnailUrl\":\"https:\\\/\\\/www.euroresidentes.com\\\/empresa\\\/derecho-mercantil\\\/wp-content\\\/uploads\\\/sites\\\/12\\\/2018\\\/05\\\/photograph-3385169_1920.jpg\",\"keywords\":[\"redes sociales\",\"WhatsApp\"],\"articleSection\":[\"Protecci\u00f3n de Datos\"],\"inLanguage\":\"es\",\"potentialAction\":[{\"@type\":\"CommentAction\",\"name\":\"Comment\",\"target\":[\"https:\\\/\\\/www.euroresidentes.com\\\/empresa\\\/derecho-mercantil\\\/primera-sancion-de-la-aepd-a-un-particular-por-difundir-imagenes-por-whatsapp-grabadas-en-la-via-publica\\\/#respond\"]}]},{\"@type\":\"WebPage\",\"@id\":\"https:\\\/\\\/www.euroresidentes.com\\\/empresa\\\/derecho-mercantil\\\/primera-sancion-de-la-aepd-a-un-particular-por-difundir-imagenes-por-whatsapp-grabadas-en-la-via-publica\\\/\",\"url\":\"https:\\\/\\\/www.euroresidentes.com\\\/empresa\\\/derecho-mercantil\\\/primera-sancion-de-la-aepd-a-un-particular-por-difundir-imagenes-por-whatsapp-grabadas-en-la-via-publica\\\/\",\"name\":\"Primera sanci\u00f3n a un particular por difundir im\u00e1genes por WhatsApp grabadas en la v\u00eda p\u00fablica - Derecho Mercantil\",\"isPartOf\":{\"@id\":\"https:\\\/\\\/www.euroresidentes.com\\\/empresa\\\/derecho-mercantil\\\/#website\"},\"primaryImageOfPage\":{\"@id\":\"https:\\\/\\\/www.euroresidentes.com\\\/empresa\\\/derecho-mercantil\\\/primera-sancion-de-la-aepd-a-un-particular-por-difundir-imagenes-por-whatsapp-grabadas-en-la-via-publica\\\/#primaryimage\"},\"image\":{\"@id\":\"https:\\\/\\\/www.euroresidentes.com\\\/empresa\\\/derecho-mercantil\\\/primera-sancion-de-la-aepd-a-un-particular-por-difundir-imagenes-por-whatsapp-grabadas-en-la-via-publica\\\/#primaryimage\"},\"thumbnailUrl\":\"https:\\\/\\\/www.euroresidentes.com\\\/empresa\\\/derecho-mercantil\\\/wp-content\\\/uploads\\\/sites\\\/12\\\/2018\\\/05\\\/photograph-3385169_1920.jpg\",\"datePublished\":\"2018-05-23T13:22:06+00:00\",\"dateModified\":\"2018-08-10T10:54:30+00:00\",\"author\":{\"@id\":\"https:\\\/\\\/www.euroresidentes.com\\\/empresa\\\/derecho-mercantil\\\/#\\\/schema\\\/person\\\/1f848038ac5623245414f398a267708f\"},\"breadcrumb\":{\"@id\":\"https:\\\/\\\/www.euroresidentes.com\\\/empresa\\\/derecho-mercantil\\\/primera-sancion-de-la-aepd-a-un-particular-por-difundir-imagenes-por-whatsapp-grabadas-en-la-via-publica\\\/#breadcrumb\"},\"inLanguage\":\"es\",\"potentialAction\":[{\"@type\":\"ReadAction\",\"target\":[\"https:\\\/\\\/www.euroresidentes.com\\\/empresa\\\/derecho-mercantil\\\/primera-sancion-de-la-aepd-a-un-particular-por-difundir-imagenes-por-whatsapp-grabadas-en-la-via-publica\\\/\"]}]},{\"@type\":\"ImageObject\",\"inLanguage\":\"es\",\"@id\":\"https:\\\/\\\/www.euroresidentes.com\\\/empresa\\\/derecho-mercantil\\\/primera-sancion-de-la-aepd-a-un-particular-por-difundir-imagenes-por-whatsapp-grabadas-en-la-via-publica\\\/#primaryimage\",\"url\":\"https:\\\/\\\/www.euroresidentes.com\\\/empresa\\\/derecho-mercantil\\\/wp-content\\\/uploads\\\/sites\\\/12\\\/2018\\\/05\\\/photograph-3385169_1920.jpg\",\"contentUrl\":\"https:\\\/\\\/www.euroresidentes.com\\\/empresa\\\/derecho-mercantil\\\/wp-content\\\/uploads\\\/sites\\\/12\\\/2018\\\/05\\\/photograph-3385169_1920.jpg\",\"width\":1024,\"height\":479},{\"@type\":\"BreadcrumbList\",\"@id\":\"https:\\\/\\\/www.euroresidentes.com\\\/empresa\\\/derecho-mercantil\\\/primera-sancion-de-la-aepd-a-un-particular-por-difundir-imagenes-por-whatsapp-grabadas-en-la-via-publica\\\/#breadcrumb\",\"itemListElement\":[{\"@type\":\"ListItem\",\"position\":1,\"name\":\"Portada\",\"item\":\"https:\\\/\\\/www.euroresidentes.com\\\/empresa\\\/derecho-mercantil\\\/\"},{\"@type\":\"ListItem\",\"position\":2,\"name\":\"Primera sanci\u00f3n a un particular por difundir im\u00e1genes por WhatsApp grabadas en la v\u00eda p\u00fablica\"}]},{\"@type\":\"WebSite\",\"@id\":\"https:\\\/\\\/www.euroresidentes.com\\\/empresa\\\/derecho-mercantil\\\/#website\",\"url\":\"https:\\\/\\\/www.euroresidentes.com\\\/empresa\\\/derecho-mercantil\\\/\",\"name\":\"Derecho Mercantil\",\"description\":\"Derecho y Empresa Euroresidentes\",\"potentialAction\":[{\"@type\":\"SearchAction\",\"target\":{\"@type\":\"EntryPoint\",\"urlTemplate\":\"https:\\\/\\\/www.euroresidentes.com\\\/empresa\\\/derecho-mercantil\\\/?s={search_term_string}\"},\"query-input\":{\"@type\":\"PropertyValueSpecification\",\"valueRequired\":true,\"valueName\":\"search_term_string\"}}],\"inLanguage\":\"es\"},{\"@type\":\"Person\",\"@id\":\"https:\\\/\\\/www.euroresidentes.com\\\/empresa\\\/derecho-mercantil\\\/#\\\/schema\\\/person\\\/1f848038ac5623245414f398a267708f\",\"name\":\"Manuel Pomares\",\"image\":{\"@type\":\"ImageObject\",\"inLanguage\":\"es\",\"@id\":\"https:\\\/\\\/www.euroresidentes.com\\\/empresa\\\/derecho-mercantil\\\/wp-content\\\/uploads\\\/sites\\\/12\\\/2016\\\/08\\\/manuel-pomares-abogados-150x150.jpg\",\"url\":\"https:\\\/\\\/www.euroresidentes.com\\\/empresa\\\/derecho-mercantil\\\/wp-content\\\/uploads\\\/sites\\\/12\\\/2016\\\/08\\\/manuel-pomares-abogados-150x150.jpg\",\"contentUrl\":\"https:\\\/\\\/www.euroresidentes.com\\\/empresa\\\/derecho-mercantil\\\/wp-content\\\/uploads\\\/sites\\\/12\\\/2016\\\/08\\\/manuel-pomares-abogados-150x150.jpg\",\"caption\":\"Manuel Pomares\"},\"description\":\"Manuel PomaresAbogado y socio director de la firma Pomares Abogados. Especialista en derecho mercantil-societario, bancario y responsabilidad civil-seguro.\",\"sameAs\":[\"http:\\\/\\\/www.euroresidentes.com\\\/empresa\\\/manuel-pomares-2.html\"],\"url\":\"https:\\\/\\\/www.euroresidentes.com\\\/empresa\\\/derecho-mercantil\\\/author\\\/manuel\\\/\"}]}<\/script>\n<!-- \/ Yoast SEO plugin. -->","yoast_head_json":{"title":"Primera sanci\u00f3n a un particular por difundir im\u00e1genes por WhatsApp grabadas en la v\u00eda p\u00fablica - Derecho Mercantil","robots":{"index":"index","follow":"follow","max-snippet":"max-snippet:-1","max-image-preview":"max-image-preview:large","max-video-preview":"max-video-preview:-1"},"canonical":"https:\/\/www.euroresidentes.com\/empresa\/derecho-mercantil\/primera-sancion-de-la-aepd-a-un-particular-por-difundir-imagenes-por-whatsapp-grabadas-en-la-via-publica\/","og_locale":"es_ES","og_type":"article","og_title":"Primera sanci\u00f3n a un particular por difundir im\u00e1genes por WhatsApp grabadas en la v\u00eda p\u00fablica - Derecho Mercantil","og_description":"El auge en el uso de las redes sociales y el af\u00e1n de publicar hace que, en ocasiones, se conviertan en una suerte de alternativa a los medios de comunicaci\u00f3n como fuente de informaci\u00f3n. Cualquiera tiene facilidad para grabar desde su tel\u00e9fono m\u00f3vil, y tan pronto se graba se publica en la red social de turno, o se comparte en los grupos de whatsapp. Y ese tipo de acci\u00f3n puede llevar a desagradables sorpresas. Lo que se grab\u00f3 y public\u00f3 El pasado mes de mayo de 2017 una persona grab\u00f3 desde su domicilio la actuaci\u00f3n de un agente de polic\u00eda","og_url":"https:\/\/www.euroresidentes.com\/empresa\/derecho-mercantil\/primera-sancion-de-la-aepd-a-un-particular-por-difundir-imagenes-por-whatsapp-grabadas-en-la-via-publica\/","og_site_name":"Derecho Mercantil","article_publisher":"https:\/\/www.facebook.com\/euroresidentes\/","article_published_time":"2018-05-23T13:22:06+00:00","article_modified_time":"2018-08-10T10:54:30+00:00","og_image":[{"width":1024,"height":479,"url":"https:\/\/www.euroresidentes.com\/empresa\/derecho-mercantil\/wp-content\/uploads\/sites\/12\/2018\/05\/photograph-3385169_1920.jpg","type":"image\/jpeg"}],"author":"Manuel Pomares","twitter_card":"summary_large_image","twitter_misc":{"Written by":"Manuel Pomares","Est. reading time":"2 minutos"},"schema":{"@context":"https:\/\/schema.org","@graph":[{"@type":"Article","@id":"https:\/\/www.euroresidentes.com\/empresa\/derecho-mercantil\/primera-sancion-de-la-aepd-a-un-particular-por-difundir-imagenes-por-whatsapp-grabadas-en-la-via-publica\/#article","isPartOf":{"@id":"https:\/\/www.euroresidentes.com\/empresa\/derecho-mercantil\/primera-sancion-de-la-aepd-a-un-particular-por-difundir-imagenes-por-whatsapp-grabadas-en-la-via-publica\/"},"author":{"name":"Manuel Pomares","@id":"https:\/\/www.euroresidentes.com\/empresa\/derecho-mercantil\/#\/schema\/person\/1f848038ac5623245414f398a267708f"},"headline":"Primera sanci\u00f3n a un particular por difundir im\u00e1genes por WhatsApp grabadas en la v\u00eda p\u00fablica","datePublished":"2018-05-23T13:22:06+00:00","dateModified":"2018-08-10T10:54:30+00:00","mainEntityOfPage":{"@id":"https:\/\/www.euroresidentes.com\/empresa\/derecho-mercantil\/primera-sancion-de-la-aepd-a-un-particular-por-difundir-imagenes-por-whatsapp-grabadas-en-la-via-publica\/"},"wordCount":442,"commentCount":0,"image":{"@id":"https:\/\/www.euroresidentes.com\/empresa\/derecho-mercantil\/primera-sancion-de-la-aepd-a-un-particular-por-difundir-imagenes-por-whatsapp-grabadas-en-la-via-publica\/#primaryimage"},"thumbnailUrl":"https:\/\/www.euroresidentes.com\/empresa\/derecho-mercantil\/wp-content\/uploads\/sites\/12\/2018\/05\/photograph-3385169_1920.jpg","keywords":["redes sociales","WhatsApp"],"articleSection":["Protecci\u00f3n de Datos"],"inLanguage":"es","potentialAction":[{"@type":"CommentAction","name":"Comment","target":["https:\/\/www.euroresidentes.com\/empresa\/derecho-mercantil\/primera-sancion-de-la-aepd-a-un-particular-por-difundir-imagenes-por-whatsapp-grabadas-en-la-via-publica\/#respond"]}]},{"@type":"WebPage","@id":"https:\/\/www.euroresidentes.com\/empresa\/derecho-mercantil\/primera-sancion-de-la-aepd-a-un-particular-por-difundir-imagenes-por-whatsapp-grabadas-en-la-via-publica\/","url":"https:\/\/www.euroresidentes.com\/empresa\/derecho-mercantil\/primera-sancion-de-la-aepd-a-un-particular-por-difundir-imagenes-por-whatsapp-grabadas-en-la-via-publica\/","name":"Primera sanci\u00f3n a un particular por difundir im\u00e1genes por WhatsApp grabadas en la v\u00eda p\u00fablica - Derecho Mercantil","isPartOf":{"@id":"https:\/\/www.euroresidentes.com\/empresa\/derecho-mercantil\/#website"},"primaryImageOfPage":{"@id":"https:\/\/www.euroresidentes.com\/empresa\/derecho-mercantil\/primera-sancion-de-la-aepd-a-un-particular-por-difundir-imagenes-por-whatsapp-grabadas-en-la-via-publica\/#primaryimage"},"image":{"@id":"https:\/\/www.euroresidentes.com\/empresa\/derecho-mercantil\/primera-sancion-de-la-aepd-a-un-particular-por-difundir-imagenes-por-whatsapp-grabadas-en-la-via-publica\/#primaryimage"},"thumbnailUrl":"https:\/\/www.euroresidentes.com\/empresa\/derecho-mercantil\/wp-content\/uploads\/sites\/12\/2018\/05\/photograph-3385169_1920.jpg","datePublished":"2018-05-23T13:22:06+00:00","dateModified":"2018-08-10T10:54:30+00:00","author":{"@id":"https:\/\/www.euroresidentes.com\/empresa\/derecho-mercantil\/#\/schema\/person\/1f848038ac5623245414f398a267708f"},"breadcrumb":{"@id":"https:\/\/www.euroresidentes.com\/empresa\/derecho-mercantil\/primera-sancion-de-la-aepd-a-un-particular-por-difundir-imagenes-por-whatsapp-grabadas-en-la-via-publica\/#breadcrumb"},"inLanguage":"es","potentialAction":[{"@type":"ReadAction","target":["https:\/\/www.euroresidentes.com\/empresa\/derecho-mercantil\/primera-sancion-de-la-aepd-a-un-particular-por-difundir-imagenes-por-whatsapp-grabadas-en-la-via-publica\/"]}]},{"@type":"ImageObject","inLanguage":"es","@id":"https:\/\/www.euroresidentes.com\/empresa\/derecho-mercantil\/primera-sancion-de-la-aepd-a-un-particular-por-difundir-imagenes-por-whatsapp-grabadas-en-la-via-publica\/#primaryimage","url":"https:\/\/www.euroresidentes.com\/empresa\/derecho-mercantil\/wp-content\/uploads\/sites\/12\/2018\/05\/photograph-3385169_1920.jpg","contentUrl":"https:\/\/www.euroresidentes.com\/empresa\/derecho-mercantil\/wp-content\/uploads\/sites\/12\/2018\/05\/photograph-3385169_1920.jpg","width":1024,"height":479},{"@type":"BreadcrumbList","@id":"https:\/\/www.euroresidentes.com\/empresa\/derecho-mercantil\/primera-sancion-de-la-aepd-a-un-particular-por-difundir-imagenes-por-whatsapp-grabadas-en-la-via-publica\/#breadcrumb","itemListElement":[{"@type":"ListItem","position":1,"name":"Portada","item":"https:\/\/www.euroresidentes.com\/empresa\/derecho-mercantil\/"},{"@type":"ListItem","position":2,"name":"Primera sanci\u00f3n a un particular por difundir im\u00e1genes por WhatsApp grabadas en la v\u00eda p\u00fablica"}]},{"@type":"WebSite","@id":"https:\/\/www.euroresidentes.com\/empresa\/derecho-mercantil\/#website","url":"https:\/\/www.euroresidentes.com\/empresa\/derecho-mercantil\/","name":"Derecho Mercantil","description":"Derecho y Empresa Euroresidentes","potentialAction":[{"@type":"SearchAction","target":{"@type":"EntryPoint","urlTemplate":"https:\/\/www.euroresidentes.com\/empresa\/derecho-mercantil\/?s={search_term_string}"},"query-input":{"@type":"PropertyValueSpecification","valueRequired":true,"valueName":"search_term_string"}}],"inLanguage":"es"},{"@type":"Person","@id":"https:\/\/www.euroresidentes.com\/empresa\/derecho-mercantil\/#\/schema\/person\/1f848038ac5623245414f398a267708f","name":"Manuel Pomares","image":{"@type":"ImageObject","inLanguage":"es","@id":"https:\/\/www.euroresidentes.com\/empresa\/derecho-mercantil\/wp-content\/uploads\/sites\/12\/2016\/08\/manuel-pomares-abogados-150x150.jpg","url":"https:\/\/www.euroresidentes.com\/empresa\/derecho-mercantil\/wp-content\/uploads\/sites\/12\/2016\/08\/manuel-pomares-abogados-150x150.jpg","contentUrl":"https:\/\/www.euroresidentes.com\/empresa\/derecho-mercantil\/wp-content\/uploads\/sites\/12\/2016\/08\/manuel-pomares-abogados-150x150.jpg","caption":"Manuel Pomares"},"description":"Manuel PomaresAbogado y socio director de la firma Pomares Abogados. Especialista en derecho mercantil-societario, bancario y responsabilidad civil-seguro.","sameAs":["http:\/\/www.euroresidentes.com\/empresa\/manuel-pomares-2.html"],"url":"https:\/\/www.euroresidentes.com\/empresa\/derecho-mercantil\/author\/manuel\/"}]}},"_links":{"self":[{"href":"https:\/\/www.euroresidentes.com\/empresa\/derecho-mercantil\/wp-json\/wp\/v2\/posts\/1655","targetHints":{"allow":["GET"]}}],"collection":[{"href":"https:\/\/www.euroresidentes.com\/empresa\/derecho-mercantil\/wp-json\/wp\/v2\/posts"}],"about":[{"href":"https:\/\/www.euroresidentes.com\/empresa\/derecho-mercantil\/wp-json\/wp\/v2\/types\/post"}],"author":[{"embeddable":true,"href":"https:\/\/www.euroresidentes.com\/empresa\/derecho-mercantil\/wp-json\/wp\/v2\/users\/9"}],"replies":[{"embeddable":true,"href":"https:\/\/www.euroresidentes.com\/empresa\/derecho-mercantil\/wp-json\/wp\/v2\/comments?post=1655"}],"version-history":[{"count":3,"href":"https:\/\/www.euroresidentes.com\/empresa\/derecho-mercantil\/wp-json\/wp\/v2\/posts\/1655\/revisions"}],"predecessor-version":[{"id":1749,"href":"https:\/\/www.euroresidentes.com\/empresa\/derecho-mercantil\/wp-json\/wp\/v2\/posts\/1655\/revisions\/1749"}],"wp:featuredmedia":[{"embeddable":true,"href":"https:\/\/www.euroresidentes.com\/empresa\/derecho-mercantil\/wp-json\/wp\/v2\/media\/1656"}],"wp:attachment":[{"href":"https:\/\/www.euroresidentes.com\/empresa\/derecho-mercantil\/wp-json\/wp\/v2\/media?parent=1655"}],"wp:term":[{"taxonomy":"category","embeddable":true,"href":"https:\/\/www.euroresidentes.com\/empresa\/derecho-mercantil\/wp-json\/wp\/v2\/categories?post=1655"},{"taxonomy":"post_tag","embeddable":true,"href":"https:\/\/www.euroresidentes.com\/empresa\/derecho-mercantil\/wp-json\/wp\/v2\/tags?post=1655"}],"curies":[{"name":"wp","href":"https:\/\/api.w.org\/{rel}","templated":true}]}}