
{"id":1630,"date":"2018-04-17T17:25:11","date_gmt":"2018-04-17T15:25:11","guid":{"rendered":"http:\/\/www.euroresidentes.com\/empresa\/derecho-mercantil\/?p=1630"},"modified":"2018-08-10T12:59:10","modified_gmt":"2018-08-10T10:59:10","slug":"el-tribunal-de-justicia-de-la-union-europea-contra-la-libertad-de-empresa-los-estados-podran-sancionar-a-uber","status":"publish","type":"post","link":"https:\/\/www.euroresidentes.com\/empresa\/derecho-mercantil\/el-tribunal-de-justicia-de-la-union-europea-contra-la-libertad-de-empresa-los-estados-podran-sancionar-a-uber\/","title":{"rendered":"El Tribunal de Justicia de la UE contra la libertad de empresa: los estados podr\u00e1n sancionar a UBER"},"content":{"rendered":"<p>La Uni\u00f3n Europea contin\u00faa amparando las trabas legales a la actividad de transportes prestado por UBER. Como recordaremos, la fuente de conflicto viene referido a la controversia existente entre el servicio \u201coficial\u201d de taxis y el de las plataformas o redes de transporte privado como UBER.<\/p>\n<p class=\"gmail-m-8385792322373663265msonospacing\" style=\"text-align: justify; background: white;\"><span style=\"font-size: 12.0pt; font-family: 'Arial',sans-serif; color: #222222;\">\u00a0<a href=\"http:\/\/www.euroresidentes.com\/empresa\/derecho-mercantil\/wp-content\/uploads\/sites\/12\/2018\/04\/taxi-1538110_1920.jpg\"><img loading=\"lazy\" decoding=\"async\" class=\"aligncenter size-large wp-image-1631\" src=\"http:\/\/www.euroresidentes.com\/empresa\/derecho-mercantil\/wp-content\/uploads\/sites\/12\/2018\/04\/taxi-1538110_1920-1024x683.jpg\" alt=\"taxi-1538110_1920\" width=\"1024\" height=\"683\" srcset=\"https:\/\/www.euroresidentes.com\/empresa\/derecho-mercantil\/wp-content\/uploads\/sites\/12\/2018\/04\/taxi-1538110_1920.jpg 1024w, https:\/\/www.euroresidentes.com\/empresa\/derecho-mercantil\/wp-content\/uploads\/sites\/12\/2018\/04\/taxi-1538110_1920-300x200.jpg 300w, https:\/\/www.euroresidentes.com\/empresa\/derecho-mercantil\/wp-content\/uploads\/sites\/12\/2018\/04\/taxi-1538110_1920-446x297.jpg 446w\" sizes=\"auto, (max-width: 1024px) 100vw, 1024px\" \/><\/a><\/span><\/p>\n<p style=\"text-align: left;\">Esta vez ha sido el Tribunal de Justicia de la Uni\u00f3n Europea quien ha avalado que los Estados miembros puedan sancionar penalmente el sistema utilizado por UBER. Un nuevo ejemplo de actuaci\u00f3n contraria a los principios que inspiran el ordenamiento jur\u00eddico europea en materia de libre competencia y defensa de los consumidores.<span style=\"font-size: 12.0pt; font-family: 'Arial',sans-serif; color: #222222;\">\u00a0<\/span><\/p>\n<h3>Francia quiere juzgar penalmente a UBER por su sistema uberpop<\/h3>\n<p style=\"text-align: left;\">El estado franc\u00e9s ha encausado a UBER Francia penalmente por haber organizado un sistema uberpop para la conexi\u00f3n entre clientes y conductores no profesionales que llevan a cabo transportes de personas a t\u00edtulo oneroso con veh\u00edculos de menos de 10 plazas. En Francia existe una ley que tipifica y penaliza dicha actividad.<\/p>\n<h3>La defensa de UBER: la ley que penaliza su actividad, \u00bfes un reglamento t\u00e9cnico que afecta a un servicio de la sociedad de la informaci\u00f3n?<\/h3>\n<p>Si fuera as\u00ed y se tratara de una norma establecida bajo la aplicaci\u00f3n de la Directiva relativa a las normas y reglamentaciones t\u00e9cnicas, los Estados miembros deben notificar a la Comisi\u00f3n todo proyecto de ley que establezca reglas t\u00e9cnicas a los productos y servicios de la informaci\u00f3n.<span style=\"font-size: 12.0pt; font-family: 'Arial',sans-serif; color: #222222;\">\u00a0<\/span><\/p>\n<p style=\"text-align: left;\">As\u00ed, respecto de la ley que tipifica la actividad de UBER Francia como delictiva, esta plataforma alegaba que las autoridades francesas no notificaron el proyecto de esa ley a la Comisi\u00f3n antes de su promulgaci\u00f3n. Por ello, esta entiende que no puede ser encausada, por haberse incumplido dicho relevante tr\u00e1mite.<span style=\"font-size: 12.0pt; font-family: 'Arial',sans-serif; color: #222222;\">\u00a0<\/span><\/p>\n<h3>La decisi\u00f3n del TJUE<\/h3>\n<p style=\"text-align: left;\">El Tribunal de Justicia de la Uni\u00f3n Europea ha establecido, en reciente Sentencia, que\u00a0los Estados miembros pueden prohibir y sancionar penalmente el ejercicio ilegal de una actividad de transporte como uberpop sin tener que notificar previamente a la Comisi\u00f3n el proyecto de ley que tipifica como delito dicho ejercicio.<\/p>\n<p style=\"text-align: left;\">Su principal fundamento radica en considerar que el sistema uberpop de Francia est\u00e1 comprendido en el \u00e1mbito del transporte. As\u00ed, El TJUE recuerda que el pasado 20 de diciembre de 2017, en el asunto UBER Espa\u00f1a ya determin\u00f3 que\u00a0el servicio uberpop\u00a0propuesto en Espa\u00f1a\u00a0no constitu\u00eda un servicio de la sociedad de la informaci\u00f3n en el sentido de la Directiva; esto es, que estaba comprendido en el \u00e1mbito del transporte. Ello implica que, como se ha apuntado antes, no era obligada la previa notificaci\u00f3n del proyecto de ley a la Comisi\u00f3n, tal y como establec\u00eda la Directiva.<\/p>\n<p style=\"text-align: left;\">En consecuencia, el Tribunal ampara la legislaci\u00f3n de los Estados miembros cuya finalidad sea la de perseguir penalmente el tipo de actividad que propone este tipo de plataformas.<\/p>\n<p style=\"text-align: left;\">Como vemos, el TJUE aplica la normativa europea que va decididamente en contra de la liberalizaci\u00f3n del sistema de transporte de personas. No deja de llamar la atenci\u00f3n que las pol\u00edticas reguladoras de la Uni\u00f3n Europea en materia econ\u00f3mica presuman de ser proclives a la efectiva competencia y a la defensa del consumidor, y, sin embargo, muestren tan arcaico proteccionismo respecto de la actividad de transporte de personas.<\/p>\n<p style=\"text-align: left;\">El principio a la libertad de empresa que (debe) inspirar el derecho europeo queda en este caso obstaculizado por una legislaci\u00f3n proteccionista que ampara la actividad monopol\u00edstica y cerrada del transporte de personas. Queda lejos, por tanto, la existencia de una verdadera competencia entre varias empresas que puedan beneficiar al usuario.<\/p>\n","protected":false},"excerpt":{"rendered":"<p>La Uni\u00f3n Europea contin\u00faa amparando las trabas legales a la actividad de transportes prestado por UBER. Como recordaremos, la fuente de conflicto viene referido a la controversia existente entre el servicio \u201coficial\u201d de taxis y el de las plataformas o redes de transporte privado como UBER. \u00a0 Esta vez ha sido el Tribunal de Justicia de la Uni\u00f3n Europea quien ha avalado que los Estados miembros puedan sancionar penalmente el sistema utilizado por UBER. Un nuevo ejemplo de actuaci\u00f3n contraria a los principios que inspiran el ordenamiento jur\u00eddico europea en materia de libre competencia y defensa de los consumidores.\u00a0 Francia <\/p>\n","protected":false},"author":9,"featured_media":1633,"comment_status":"open","ping_status":"open","sticky":false,"template":"","format":"standard","meta":{"footnotes":""},"categories":[15,83],"tags":[180,179,182,53,181],"class_list":["post-1630","post","type-post","status-publish","format-standard","has-post-thumbnail","hentry","category-general","category-sentencias","tag-competencia","tag-libertad-empresa","tag-taxis","tag-tjue","tag-uber","has_thumb"],"yoast_head":"<!-- This site is optimized with the Yoast SEO plugin v27.5 - https:\/\/yoast.com\/product\/yoast-seo-wordpress\/ -->\n<title>El Tribunal de Justicia de la UE contra la libertad de empresa: los estados podr\u00e1n sancionar a UBER - Derecho Mercantil<\/title>\n<meta name=\"robots\" content=\"index, follow, max-snippet:-1, max-image-preview:large, max-video-preview:-1\" \/>\n<link rel=\"canonical\" href=\"https:\/\/www.euroresidentes.com\/empresa\/derecho-mercantil\/el-tribunal-de-justicia-de-la-union-europea-contra-la-libertad-de-empresa-los-estados-podran-sancionar-a-uber\/\" \/>\n<meta property=\"og:locale\" content=\"es_ES\" \/>\n<meta property=\"og:type\" content=\"article\" \/>\n<meta property=\"og:title\" content=\"El Tribunal de Justicia de la UE contra la libertad de empresa: los estados podr\u00e1n sancionar a UBER - Derecho Mercantil\" \/>\n<meta property=\"og:description\" content=\"La Uni\u00f3n Europea contin\u00faa amparando las trabas legales a la actividad de transportes prestado por UBER. Como recordaremos, la fuente de conflicto viene referido a la controversia existente entre el servicio \u201coficial\u201d de taxis y el de las plataformas o redes de transporte privado como UBER. \u00a0 Esta vez ha sido el Tribunal de Justicia de la Uni\u00f3n Europea quien ha avalado que los Estados miembros puedan sancionar penalmente el sistema utilizado por UBER. Un nuevo ejemplo de actuaci\u00f3n contraria a los principios que inspiran el ordenamiento jur\u00eddico europea en materia de libre competencia y defensa de los consumidores.\u00a0 Francia\" \/>\n<meta property=\"og:url\" content=\"https:\/\/www.euroresidentes.com\/empresa\/derecho-mercantil\/el-tribunal-de-justicia-de-la-union-europea-contra-la-libertad-de-empresa-los-estados-podran-sancionar-a-uber\/\" \/>\n<meta property=\"og:site_name\" content=\"Derecho Mercantil\" \/>\n<meta property=\"article:publisher\" content=\"https:\/\/www.facebook.com\/euroresidentes\/\" \/>\n<meta property=\"article:published_time\" content=\"2018-04-17T15:25:11+00:00\" \/>\n<meta property=\"article:modified_time\" content=\"2018-08-10T10:59:10+00:00\" \/>\n<meta property=\"og:image\" content=\"https:\/\/www.euroresidentes.com\/empresa\/derecho-mercantil\/wp-content\/uploads\/sites\/12\/2018\/04\/uber-noticias.jpg\" \/>\n\t<meta property=\"og:image:width\" content=\"700\" \/>\n\t<meta property=\"og:image:height\" content=\"525\" \/>\n\t<meta property=\"og:image:type\" content=\"image\/jpeg\" \/>\n<meta name=\"author\" content=\"Manuel Pomares\" \/>\n<meta name=\"twitter:card\" content=\"summary_large_image\" \/>\n<meta name=\"twitter:label1\" content=\"Written by\" \/>\n\t<meta name=\"twitter:data1\" content=\"Manuel Pomares\" \/>\n\t<meta name=\"twitter:label2\" content=\"Est. reading time\" \/>\n\t<meta name=\"twitter:data2\" content=\"3 minutos\" \/>\n<script type=\"application\/ld+json\" class=\"yoast-schema-graph\">{\"@context\":\"https:\\\/\\\/schema.org\",\"@graph\":[{\"@type\":\"Article\",\"@id\":\"https:\\\/\\\/www.euroresidentes.com\\\/empresa\\\/derecho-mercantil\\\/el-tribunal-de-justicia-de-la-union-europea-contra-la-libertad-de-empresa-los-estados-podran-sancionar-a-uber\\\/#article\",\"isPartOf\":{\"@id\":\"https:\\\/\\\/www.euroresidentes.com\\\/empresa\\\/derecho-mercantil\\\/el-tribunal-de-justicia-de-la-union-europea-contra-la-libertad-de-empresa-los-estados-podran-sancionar-a-uber\\\/\"},\"author\":{\"name\":\"Manuel Pomares\",\"@id\":\"https:\\\/\\\/www.euroresidentes.com\\\/empresa\\\/derecho-mercantil\\\/#\\\/schema\\\/person\\\/1f848038ac5623245414f398a267708f\"},\"headline\":\"El Tribunal de Justicia de la UE contra la libertad de empresa: los estados podr\u00e1n sancionar a UBER\",\"datePublished\":\"2018-04-17T15:25:11+00:00\",\"dateModified\":\"2018-08-10T10:59:10+00:00\",\"mainEntityOfPage\":{\"@id\":\"https:\\\/\\\/www.euroresidentes.com\\\/empresa\\\/derecho-mercantil\\\/el-tribunal-de-justicia-de-la-union-europea-contra-la-libertad-de-empresa-los-estados-podran-sancionar-a-uber\\\/\"},\"wordCount\":634,\"commentCount\":1,\"image\":{\"@id\":\"https:\\\/\\\/www.euroresidentes.com\\\/empresa\\\/derecho-mercantil\\\/el-tribunal-de-justicia-de-la-union-europea-contra-la-libertad-de-empresa-los-estados-podran-sancionar-a-uber\\\/#primaryimage\"},\"thumbnailUrl\":\"https:\\\/\\\/www.euroresidentes.com\\\/empresa\\\/derecho-mercantil\\\/wp-content\\\/uploads\\\/sites\\\/12\\\/2018\\\/04\\\/uber-noticias.jpg\",\"keywords\":[\"competencia\",\"libertad empresa\",\"taxis\",\"TJUE\",\"UBER\"],\"articleSection\":[\"General\",\"SENTENCIAS\"],\"inLanguage\":\"es\",\"potentialAction\":[{\"@type\":\"CommentAction\",\"name\":\"Comment\",\"target\":[\"https:\\\/\\\/www.euroresidentes.com\\\/empresa\\\/derecho-mercantil\\\/el-tribunal-de-justicia-de-la-union-europea-contra-la-libertad-de-empresa-los-estados-podran-sancionar-a-uber\\\/#respond\"]}]},{\"@type\":\"WebPage\",\"@id\":\"https:\\\/\\\/www.euroresidentes.com\\\/empresa\\\/derecho-mercantil\\\/el-tribunal-de-justicia-de-la-union-europea-contra-la-libertad-de-empresa-los-estados-podran-sancionar-a-uber\\\/\",\"url\":\"https:\\\/\\\/www.euroresidentes.com\\\/empresa\\\/derecho-mercantil\\\/el-tribunal-de-justicia-de-la-union-europea-contra-la-libertad-de-empresa-los-estados-podran-sancionar-a-uber\\\/\",\"name\":\"El Tribunal de Justicia de la UE contra la libertad de empresa: los estados podr\u00e1n sancionar a UBER - Derecho Mercantil\",\"isPartOf\":{\"@id\":\"https:\\\/\\\/www.euroresidentes.com\\\/empresa\\\/derecho-mercantil\\\/#website\"},\"primaryImageOfPage\":{\"@id\":\"https:\\\/\\\/www.euroresidentes.com\\\/empresa\\\/derecho-mercantil\\\/el-tribunal-de-justicia-de-la-union-europea-contra-la-libertad-de-empresa-los-estados-podran-sancionar-a-uber\\\/#primaryimage\"},\"image\":{\"@id\":\"https:\\\/\\\/www.euroresidentes.com\\\/empresa\\\/derecho-mercantil\\\/el-tribunal-de-justicia-de-la-union-europea-contra-la-libertad-de-empresa-los-estados-podran-sancionar-a-uber\\\/#primaryimage\"},\"thumbnailUrl\":\"https:\\\/\\\/www.euroresidentes.com\\\/empresa\\\/derecho-mercantil\\\/wp-content\\\/uploads\\\/sites\\\/12\\\/2018\\\/04\\\/uber-noticias.jpg\",\"datePublished\":\"2018-04-17T15:25:11+00:00\",\"dateModified\":\"2018-08-10T10:59:10+00:00\",\"author\":{\"@id\":\"https:\\\/\\\/www.euroresidentes.com\\\/empresa\\\/derecho-mercantil\\\/#\\\/schema\\\/person\\\/1f848038ac5623245414f398a267708f\"},\"breadcrumb\":{\"@id\":\"https:\\\/\\\/www.euroresidentes.com\\\/empresa\\\/derecho-mercantil\\\/el-tribunal-de-justicia-de-la-union-europea-contra-la-libertad-de-empresa-los-estados-podran-sancionar-a-uber\\\/#breadcrumb\"},\"inLanguage\":\"es\",\"potentialAction\":[{\"@type\":\"ReadAction\",\"target\":[\"https:\\\/\\\/www.euroresidentes.com\\\/empresa\\\/derecho-mercantil\\\/el-tribunal-de-justicia-de-la-union-europea-contra-la-libertad-de-empresa-los-estados-podran-sancionar-a-uber\\\/\"]}]},{\"@type\":\"ImageObject\",\"inLanguage\":\"es\",\"@id\":\"https:\\\/\\\/www.euroresidentes.com\\\/empresa\\\/derecho-mercantil\\\/el-tribunal-de-justicia-de-la-union-europea-contra-la-libertad-de-empresa-los-estados-podran-sancionar-a-uber\\\/#primaryimage\",\"url\":\"https:\\\/\\\/www.euroresidentes.com\\\/empresa\\\/derecho-mercantil\\\/wp-content\\\/uploads\\\/sites\\\/12\\\/2018\\\/04\\\/uber-noticias.jpg\",\"contentUrl\":\"https:\\\/\\\/www.euroresidentes.com\\\/empresa\\\/derecho-mercantil\\\/wp-content\\\/uploads\\\/sites\\\/12\\\/2018\\\/04\\\/uber-noticias.jpg\",\"width\":700,\"height\":525},{\"@type\":\"BreadcrumbList\",\"@id\":\"https:\\\/\\\/www.euroresidentes.com\\\/empresa\\\/derecho-mercantil\\\/el-tribunal-de-justicia-de-la-union-europea-contra-la-libertad-de-empresa-los-estados-podran-sancionar-a-uber\\\/#breadcrumb\",\"itemListElement\":[{\"@type\":\"ListItem\",\"position\":1,\"name\":\"Portada\",\"item\":\"https:\\\/\\\/www.euroresidentes.com\\\/empresa\\\/derecho-mercantil\\\/\"},{\"@type\":\"ListItem\",\"position\":2,\"name\":\"El Tribunal de Justicia de la UE contra la libertad de empresa: los estados podr\u00e1n sancionar a UBER\"}]},{\"@type\":\"WebSite\",\"@id\":\"https:\\\/\\\/www.euroresidentes.com\\\/empresa\\\/derecho-mercantil\\\/#website\",\"url\":\"https:\\\/\\\/www.euroresidentes.com\\\/empresa\\\/derecho-mercantil\\\/\",\"name\":\"Derecho Mercantil\",\"description\":\"Derecho y Empresa Euroresidentes\",\"potentialAction\":[{\"@type\":\"SearchAction\",\"target\":{\"@type\":\"EntryPoint\",\"urlTemplate\":\"https:\\\/\\\/www.euroresidentes.com\\\/empresa\\\/derecho-mercantil\\\/?s={search_term_string}\"},\"query-input\":{\"@type\":\"PropertyValueSpecification\",\"valueRequired\":true,\"valueName\":\"search_term_string\"}}],\"inLanguage\":\"es\"},{\"@type\":\"Person\",\"@id\":\"https:\\\/\\\/www.euroresidentes.com\\\/empresa\\\/derecho-mercantil\\\/#\\\/schema\\\/person\\\/1f848038ac5623245414f398a267708f\",\"name\":\"Manuel Pomares\",\"image\":{\"@type\":\"ImageObject\",\"inLanguage\":\"es\",\"@id\":\"https:\\\/\\\/www.euroresidentes.com\\\/empresa\\\/derecho-mercantil\\\/wp-content\\\/uploads\\\/sites\\\/12\\\/2016\\\/08\\\/manuel-pomares-abogados-150x150.jpg\",\"url\":\"https:\\\/\\\/www.euroresidentes.com\\\/empresa\\\/derecho-mercantil\\\/wp-content\\\/uploads\\\/sites\\\/12\\\/2016\\\/08\\\/manuel-pomares-abogados-150x150.jpg\",\"contentUrl\":\"https:\\\/\\\/www.euroresidentes.com\\\/empresa\\\/derecho-mercantil\\\/wp-content\\\/uploads\\\/sites\\\/12\\\/2016\\\/08\\\/manuel-pomares-abogados-150x150.jpg\",\"caption\":\"Manuel Pomares\"},\"description\":\"Manuel PomaresAbogado y socio director de la firma Pomares Abogados. Especialista en derecho mercantil-societario, bancario y responsabilidad civil-seguro.\",\"sameAs\":[\"http:\\\/\\\/www.euroresidentes.com\\\/empresa\\\/manuel-pomares-2.html\"],\"url\":\"https:\\\/\\\/www.euroresidentes.com\\\/empresa\\\/derecho-mercantil\\\/author\\\/manuel\\\/\"}]}<\/script>\n<!-- \/ Yoast SEO plugin. -->","yoast_head_json":{"title":"El Tribunal de Justicia de la UE contra la libertad de empresa: los estados podr\u00e1n sancionar a UBER - Derecho Mercantil","robots":{"index":"index","follow":"follow","max-snippet":"max-snippet:-1","max-image-preview":"max-image-preview:large","max-video-preview":"max-video-preview:-1"},"canonical":"https:\/\/www.euroresidentes.com\/empresa\/derecho-mercantil\/el-tribunal-de-justicia-de-la-union-europea-contra-la-libertad-de-empresa-los-estados-podran-sancionar-a-uber\/","og_locale":"es_ES","og_type":"article","og_title":"El Tribunal de Justicia de la UE contra la libertad de empresa: los estados podr\u00e1n sancionar a UBER - Derecho Mercantil","og_description":"La Uni\u00f3n Europea contin\u00faa amparando las trabas legales a la actividad de transportes prestado por UBER. Como recordaremos, la fuente de conflicto viene referido a la controversia existente entre el servicio \u201coficial\u201d de taxis y el de las plataformas o redes de transporte privado como UBER. \u00a0 Esta vez ha sido el Tribunal de Justicia de la Uni\u00f3n Europea quien ha avalado que los Estados miembros puedan sancionar penalmente el sistema utilizado por UBER. Un nuevo ejemplo de actuaci\u00f3n contraria a los principios que inspiran el ordenamiento jur\u00eddico europea en materia de libre competencia y defensa de los consumidores.\u00a0 Francia","og_url":"https:\/\/www.euroresidentes.com\/empresa\/derecho-mercantil\/el-tribunal-de-justicia-de-la-union-europea-contra-la-libertad-de-empresa-los-estados-podran-sancionar-a-uber\/","og_site_name":"Derecho Mercantil","article_publisher":"https:\/\/www.facebook.com\/euroresidentes\/","article_published_time":"2018-04-17T15:25:11+00:00","article_modified_time":"2018-08-10T10:59:10+00:00","og_image":[{"width":700,"height":525,"url":"https:\/\/www.euroresidentes.com\/empresa\/derecho-mercantil\/wp-content\/uploads\/sites\/12\/2018\/04\/uber-noticias.jpg","type":"image\/jpeg"}],"author":"Manuel Pomares","twitter_card":"summary_large_image","twitter_misc":{"Written by":"Manuel Pomares","Est. reading time":"3 minutos"},"schema":{"@context":"https:\/\/schema.org","@graph":[{"@type":"Article","@id":"https:\/\/www.euroresidentes.com\/empresa\/derecho-mercantil\/el-tribunal-de-justicia-de-la-union-europea-contra-la-libertad-de-empresa-los-estados-podran-sancionar-a-uber\/#article","isPartOf":{"@id":"https:\/\/www.euroresidentes.com\/empresa\/derecho-mercantil\/el-tribunal-de-justicia-de-la-union-europea-contra-la-libertad-de-empresa-los-estados-podran-sancionar-a-uber\/"},"author":{"name":"Manuel Pomares","@id":"https:\/\/www.euroresidentes.com\/empresa\/derecho-mercantil\/#\/schema\/person\/1f848038ac5623245414f398a267708f"},"headline":"El Tribunal de Justicia de la UE contra la libertad de empresa: los estados podr\u00e1n sancionar a UBER","datePublished":"2018-04-17T15:25:11+00:00","dateModified":"2018-08-10T10:59:10+00:00","mainEntityOfPage":{"@id":"https:\/\/www.euroresidentes.com\/empresa\/derecho-mercantil\/el-tribunal-de-justicia-de-la-union-europea-contra-la-libertad-de-empresa-los-estados-podran-sancionar-a-uber\/"},"wordCount":634,"commentCount":1,"image":{"@id":"https:\/\/www.euroresidentes.com\/empresa\/derecho-mercantil\/el-tribunal-de-justicia-de-la-union-europea-contra-la-libertad-de-empresa-los-estados-podran-sancionar-a-uber\/#primaryimage"},"thumbnailUrl":"https:\/\/www.euroresidentes.com\/empresa\/derecho-mercantil\/wp-content\/uploads\/sites\/12\/2018\/04\/uber-noticias.jpg","keywords":["competencia","libertad empresa","taxis","TJUE","UBER"],"articleSection":["General","SENTENCIAS"],"inLanguage":"es","potentialAction":[{"@type":"CommentAction","name":"Comment","target":["https:\/\/www.euroresidentes.com\/empresa\/derecho-mercantil\/el-tribunal-de-justicia-de-la-union-europea-contra-la-libertad-de-empresa-los-estados-podran-sancionar-a-uber\/#respond"]}]},{"@type":"WebPage","@id":"https:\/\/www.euroresidentes.com\/empresa\/derecho-mercantil\/el-tribunal-de-justicia-de-la-union-europea-contra-la-libertad-de-empresa-los-estados-podran-sancionar-a-uber\/","url":"https:\/\/www.euroresidentes.com\/empresa\/derecho-mercantil\/el-tribunal-de-justicia-de-la-union-europea-contra-la-libertad-de-empresa-los-estados-podran-sancionar-a-uber\/","name":"El Tribunal de Justicia de la UE contra la libertad de empresa: los estados podr\u00e1n sancionar a UBER - Derecho Mercantil","isPartOf":{"@id":"https:\/\/www.euroresidentes.com\/empresa\/derecho-mercantil\/#website"},"primaryImageOfPage":{"@id":"https:\/\/www.euroresidentes.com\/empresa\/derecho-mercantil\/el-tribunal-de-justicia-de-la-union-europea-contra-la-libertad-de-empresa-los-estados-podran-sancionar-a-uber\/#primaryimage"},"image":{"@id":"https:\/\/www.euroresidentes.com\/empresa\/derecho-mercantil\/el-tribunal-de-justicia-de-la-union-europea-contra-la-libertad-de-empresa-los-estados-podran-sancionar-a-uber\/#primaryimage"},"thumbnailUrl":"https:\/\/www.euroresidentes.com\/empresa\/derecho-mercantil\/wp-content\/uploads\/sites\/12\/2018\/04\/uber-noticias.jpg","datePublished":"2018-04-17T15:25:11+00:00","dateModified":"2018-08-10T10:59:10+00:00","author":{"@id":"https:\/\/www.euroresidentes.com\/empresa\/derecho-mercantil\/#\/schema\/person\/1f848038ac5623245414f398a267708f"},"breadcrumb":{"@id":"https:\/\/www.euroresidentes.com\/empresa\/derecho-mercantil\/el-tribunal-de-justicia-de-la-union-europea-contra-la-libertad-de-empresa-los-estados-podran-sancionar-a-uber\/#breadcrumb"},"inLanguage":"es","potentialAction":[{"@type":"ReadAction","target":["https:\/\/www.euroresidentes.com\/empresa\/derecho-mercantil\/el-tribunal-de-justicia-de-la-union-europea-contra-la-libertad-de-empresa-los-estados-podran-sancionar-a-uber\/"]}]},{"@type":"ImageObject","inLanguage":"es","@id":"https:\/\/www.euroresidentes.com\/empresa\/derecho-mercantil\/el-tribunal-de-justicia-de-la-union-europea-contra-la-libertad-de-empresa-los-estados-podran-sancionar-a-uber\/#primaryimage","url":"https:\/\/www.euroresidentes.com\/empresa\/derecho-mercantil\/wp-content\/uploads\/sites\/12\/2018\/04\/uber-noticias.jpg","contentUrl":"https:\/\/www.euroresidentes.com\/empresa\/derecho-mercantil\/wp-content\/uploads\/sites\/12\/2018\/04\/uber-noticias.jpg","width":700,"height":525},{"@type":"BreadcrumbList","@id":"https:\/\/www.euroresidentes.com\/empresa\/derecho-mercantil\/el-tribunal-de-justicia-de-la-union-europea-contra-la-libertad-de-empresa-los-estados-podran-sancionar-a-uber\/#breadcrumb","itemListElement":[{"@type":"ListItem","position":1,"name":"Portada","item":"https:\/\/www.euroresidentes.com\/empresa\/derecho-mercantil\/"},{"@type":"ListItem","position":2,"name":"El Tribunal de Justicia de la UE contra la libertad de empresa: los estados podr\u00e1n sancionar a UBER"}]},{"@type":"WebSite","@id":"https:\/\/www.euroresidentes.com\/empresa\/derecho-mercantil\/#website","url":"https:\/\/www.euroresidentes.com\/empresa\/derecho-mercantil\/","name":"Derecho Mercantil","description":"Derecho y Empresa Euroresidentes","potentialAction":[{"@type":"SearchAction","target":{"@type":"EntryPoint","urlTemplate":"https:\/\/www.euroresidentes.com\/empresa\/derecho-mercantil\/?s={search_term_string}"},"query-input":{"@type":"PropertyValueSpecification","valueRequired":true,"valueName":"search_term_string"}}],"inLanguage":"es"},{"@type":"Person","@id":"https:\/\/www.euroresidentes.com\/empresa\/derecho-mercantil\/#\/schema\/person\/1f848038ac5623245414f398a267708f","name":"Manuel Pomares","image":{"@type":"ImageObject","inLanguage":"es","@id":"https:\/\/www.euroresidentes.com\/empresa\/derecho-mercantil\/wp-content\/uploads\/sites\/12\/2016\/08\/manuel-pomares-abogados-150x150.jpg","url":"https:\/\/www.euroresidentes.com\/empresa\/derecho-mercantil\/wp-content\/uploads\/sites\/12\/2016\/08\/manuel-pomares-abogados-150x150.jpg","contentUrl":"https:\/\/www.euroresidentes.com\/empresa\/derecho-mercantil\/wp-content\/uploads\/sites\/12\/2016\/08\/manuel-pomares-abogados-150x150.jpg","caption":"Manuel Pomares"},"description":"Manuel PomaresAbogado y socio director de la firma Pomares Abogados. Especialista en derecho mercantil-societario, bancario y responsabilidad civil-seguro.","sameAs":["http:\/\/www.euroresidentes.com\/empresa\/manuel-pomares-2.html"],"url":"https:\/\/www.euroresidentes.com\/empresa\/derecho-mercantil\/author\/manuel\/"}]}},"_links":{"self":[{"href":"https:\/\/www.euroresidentes.com\/empresa\/derecho-mercantil\/wp-json\/wp\/v2\/posts\/1630","targetHints":{"allow":["GET"]}}],"collection":[{"href":"https:\/\/www.euroresidentes.com\/empresa\/derecho-mercantil\/wp-json\/wp\/v2\/posts"}],"about":[{"href":"https:\/\/www.euroresidentes.com\/empresa\/derecho-mercantil\/wp-json\/wp\/v2\/types\/post"}],"author":[{"embeddable":true,"href":"https:\/\/www.euroresidentes.com\/empresa\/derecho-mercantil\/wp-json\/wp\/v2\/users\/9"}],"replies":[{"embeddable":true,"href":"https:\/\/www.euroresidentes.com\/empresa\/derecho-mercantil\/wp-json\/wp\/v2\/comments?post=1630"}],"version-history":[{"count":5,"href":"https:\/\/www.euroresidentes.com\/empresa\/derecho-mercantil\/wp-json\/wp\/v2\/posts\/1630\/revisions"}],"predecessor-version":[{"id":1753,"href":"https:\/\/www.euroresidentes.com\/empresa\/derecho-mercantil\/wp-json\/wp\/v2\/posts\/1630\/revisions\/1753"}],"wp:featuredmedia":[{"embeddable":true,"href":"https:\/\/www.euroresidentes.com\/empresa\/derecho-mercantil\/wp-json\/wp\/v2\/media\/1633"}],"wp:attachment":[{"href":"https:\/\/www.euroresidentes.com\/empresa\/derecho-mercantil\/wp-json\/wp\/v2\/media?parent=1630"}],"wp:term":[{"taxonomy":"category","embeddable":true,"href":"https:\/\/www.euroresidentes.com\/empresa\/derecho-mercantil\/wp-json\/wp\/v2\/categories?post=1630"},{"taxonomy":"post_tag","embeddable":true,"href":"https:\/\/www.euroresidentes.com\/empresa\/derecho-mercantil\/wp-json\/wp\/v2\/tags?post=1630"}],"curies":[{"name":"wp","href":"https:\/\/api.w.org\/{rel}","templated":true}]}}