
{"id":1413,"date":"2017-12-05T10:00:31","date_gmt":"2017-12-05T09:00:31","guid":{"rendered":"http:\/\/www.euroresidentes.com\/empresa\/derecho-mercantil\/?p=1413"},"modified":"2018-01-31T12:43:27","modified_gmt":"2018-01-31T11:43:27","slug":"bail-in-financiero-la-alternativa-a-los-rescates-publicos","status":"publish","type":"post","link":"https:\/\/www.euroresidentes.com\/empresa\/derecho-mercantil\/bail-in-financiero-la-alternativa-a-los-rescates-publicos\/","title":{"rendered":"\u201cBail-in\u201d financiero: la alternativa a los rescates p\u00fablicos"},"content":{"rendered":"<p>Durante la\u00a0crisis inmobiliaria y financiera\u00a0que comenz\u00f3 en 2007 fuimos testigos de una serie de tensiones financieras y hasta colapsos de diversas entidades bancarias.<\/p>\n<p>Para frenar el \u201cefecto contagio\u201d al resto de la econom\u00eda, los gobiernos y dem\u00e1s autoridades apostaron por el llamado rescate bancario. Como ya sabemos, se trata del mecanismo mediante el cual hemos sido los contribuyentes los que hemos \u201crescatado\u201d de la quiebra a varias entidades bancarias, \u00a0a trav\u00e9s de la inyecci\u00f3n de capital p\u00fablico.<\/p>\n<p><!-- inserta publi --><\/p>\n<p>Precisamente para evitar ese da\u00f1o directo al contribuyente, se ven\u00edan <strong>reclamando herramientas para evitar la socializaci\u00f3n de p\u00e9rdidas de la banca<\/strong>. Y dichas herramientas se traducen en medidas, establecidas por los reguladores globales, consistentes en que sean los propios inversores bancarios los que deban absorber las p\u00e9rdidas.<\/p>\n<p>Dicho de otro modo, ante una complicada situaci\u00f3n financiera de un banco podr\u00eda optarse por dos tipos de medidas. Por un lado, una recapitalizaci\u00f3n con dinero p\u00fablico, asumida por los contribuyentes. Y por otro, que sean los propios accionistas e inversores privados los que soporten dichas p\u00e9rdidas.<\/p>\n<p><img loading=\"lazy\" decoding=\"async\" class=\"aligncenter size-full wp-image-1417\" src=\"http:\/\/www.euroresidentes.com\/empresa\/derecho-mercantil\/wp-content\/uploads\/sites\/12\/2017\/12\/bail-in-alternativa-rescate-publico.jpg\" alt=\"bail-in-alternativa-rescate-publico\" width=\"700\" height=\"525\" srcset=\"https:\/\/www.euroresidentes.com\/empresa\/derecho-mercantil\/wp-content\/uploads\/sites\/12\/2017\/12\/bail-in-alternativa-rescate-publico.jpg 700w, https:\/\/www.euroresidentes.com\/empresa\/derecho-mercantil\/wp-content\/uploads\/sites\/12\/2017\/12\/bail-in-alternativa-rescate-publico-300x225.jpg 300w\" sizes=\"auto, (max-width: 700px) 100vw, 700px\" \/><\/p>\n<p><strong>\u00bfQu\u00e9 es el \u201cbail-in\u201d?<\/strong><\/p>\n<p>Esta segunda opci\u00f3n es la que se conoce como \u201cbail-in\u201d. Puede ser definido como un instrumento de recapitalizaci\u00f3n interna cuyo objetivo es la garant\u00eda para que los accionistas y los acreedores de la entidad inviable sufran las p\u00e9rdidas pertinentes y asuman la parte correspondiente de los costes que se deriven de la inviabilidad de la entidad. De una manera m\u00e1s sencilla, ser\u00eda la <strong>conversi\u00f3n de pasivos de la entidad quebrada en fondos propios. <\/strong><\/p>\n<p><strong>La regulaci\u00f3n espa\u00f1ola<\/strong><\/p>\n<p>En el marco de la Uni\u00f3n Europea, este sistema de regulaci\u00f3n viene recogido en la Directiva 2014\/59\/UE del Parlamento Europeo y del Consejo de 15 de mayo de 2014. Se establece el \u201cbail-in\u201d como un instrumento de recapitalizaci\u00f3n interna, es decir, el mecanismo mediante el cual una autoridad de resoluci\u00f3n ejerce las competencias de amortizaci\u00f3n y conversi\u00f3n de los pasivos de una entidad objeto de resoluci\u00f3n. Se trata, por tanto, de una <strong>intervenci\u00f3n sin dinero p\u00fablico.<\/strong><\/p>\n<p>Esa Directiva ha sido traspuesta en Espa\u00f1a por la <strong>Ley 11\/2015, de 18 de junio, de recuperaci\u00f3n y resoluci\u00f3n de entidades de cr\u00e9dito y empresas de servicios de inversi\u00f3n<\/strong> (aunque ya la Ley 9\/2012, de 14 de noviembre, se hab\u00eda anticipado a la Directiva, incorporando la mayor\u00eda de sus principios).<\/p>\n<p><!-- inserta publi 2 --><\/p>\n<p>Esta disposici\u00f3n legal llama al \u201cbail-in\u201d como \u201crecapitalizaci\u00f3n interna\u201d. Pero conviene no dejar lugar a posibles confusiones; lo que se pretende con esa recapitalizaci\u00f3n no equivale a aumentar capital, sino a \u201creducir deudas\u201d. Y para ello la ley lo plantea tanto mediante conversi\u00f3n de deudas en acciones, como quitas.<\/p>\n<p><strong>\u00bfQu\u00e9 pasar\u00eda con los dep\u00f3sitos?<\/strong><\/p>\n<p>La ley espa\u00f1ola contempla un ciclo de absorci\u00f3n de p\u00e9rdidas, en lo referentes a su asunci\u00f3n por parte de accionista y acreedores, pero limitado al 8% del valor del total de pasivos de la entidad. Si con esto no fuera suficiente, el Fondo de Resoluci\u00f3n podr\u00eda asumir p\u00e9rdidas por un m\u00e1ximo del 5% del total de pasivos. Y si aun as\u00ed no fuera suficiente, la recapitalizaci\u00f3n interna continuar\u00eda sobre el resto de acreedores.<\/p>\n<p>Si bien, lo que se prev\u00e9 es que afecte en \u00faltima instancia a los dep\u00f3sitos. En todo caso, quedar\u00edan excluidos los dep\u00f3sitos cubiertos por el Fondo de Garant\u00eda de Dep\u00f3sitos (actualmente est\u00e1n cubiertos hasta 100.000 euros).\u00a0<\/p>\n<p>Con la regulaci\u00f3n del \u201cbail-in\u201d se busca asegurar que los bancos globales sistem\u00e1ticamente importantes tengan suficiente capacidad para absorber p\u00e9rdidas y recapitalizarse en caso de entrar en dificultades.<\/p>\n<p>As\u00ed, al recaer la necesaria soluci\u00f3n en los propios <strong>accionistas e inversores, <\/strong>\u00e9stos<strong> deber\u00e1n controlar de forma m\u00e1s estricta el riego bancario que puedan asumir sus dirigentes.<\/strong> En circunstancias normales, tambi\u00e9n en el negocio bancario, la suerte de la compa\u00f1\u00eda deben decidirla sus accionistas y acreedores.<\/p>\n<p>No se trata, en definitiva, m\u00e1s que de la aplicaci\u00f3n del concepto de responsabilidad al propio sistema privado financiero.<\/p>\n<p>Solo nos queda comprobar hasta d\u00f3nde puede llegar esta soluci\u00f3n y si podr\u00e1 ser cierto que, en determinados escenarios, no sean los contribuyentes los que finalmente deban rescatar el sistema financiero en caso de que asome una crisis.<\/p>\n<p>Saludos.<\/p>\n","protected":false},"excerpt":{"rendered":"<p>Durante la\u00a0crisis inmobiliaria y financiera\u00a0que comenz\u00f3 en 2007 fuimos testigos de una serie de tensiones financieras y hasta colapsos de diversas entidades bancarias. Para frenar el \u201cefecto contagio\u201d al resto de la econom\u00eda, los gobiernos y dem\u00e1s autoridades apostaron por el llamado rescate bancario. Como ya sabemos, se trata del mecanismo mediante el cual hemos sido los contribuyentes los que hemos \u201crescatado\u201d de la quiebra a varias entidades bancarias, \u00a0a trav\u00e9s de la inyecci\u00f3n de capital p\u00fablico. Precisamente para evitar ese da\u00f1o directo al contribuyente, se ven\u00edan reclamando herramientas para evitar la socializaci\u00f3n de p\u00e9rdidas de la banca. Y dichas <\/p>\n","protected":false},"author":9,"featured_media":1417,"comment_status":"open","ping_status":"open","sticky":false,"template":"","format":"standard","meta":{"footnotes":""},"categories":[15],"tags":[],"class_list":["post-1413","post","type-post","status-publish","format-standard","has-post-thumbnail","hentry","category-general","has_thumb"],"yoast_head":"<!-- This site is optimized with the Yoast SEO plugin v27.5 - https:\/\/yoast.com\/product\/yoast-seo-wordpress\/ -->\n<title>\u201cBail-in\u201d financiero: la alternativa a los rescates p\u00fablicos - Derecho Mercantil<\/title>\n<meta name=\"robots\" content=\"index, follow, max-snippet:-1, max-image-preview:large, max-video-preview:-1\" \/>\n<link rel=\"canonical\" href=\"https:\/\/www.euroresidentes.com\/empresa\/derecho-mercantil\/bail-in-financiero-la-alternativa-a-los-rescates-publicos\/\" \/>\n<meta property=\"og:locale\" content=\"es_ES\" \/>\n<meta property=\"og:type\" content=\"article\" \/>\n<meta property=\"og:title\" content=\"\u201cBail-in\u201d financiero: la alternativa a los rescates p\u00fablicos - Derecho Mercantil\" \/>\n<meta property=\"og:description\" content=\"Durante la\u00a0crisis inmobiliaria y financiera\u00a0que comenz\u00f3 en 2007 fuimos testigos de una serie de tensiones financieras y hasta colapsos de diversas entidades bancarias. Para frenar el \u201cefecto contagio\u201d al resto de la econom\u00eda, los gobiernos y dem\u00e1s autoridades apostaron por el llamado rescate bancario. Como ya sabemos, se trata del mecanismo mediante el cual hemos sido los contribuyentes los que hemos \u201crescatado\u201d de la quiebra a varias entidades bancarias, \u00a0a trav\u00e9s de la inyecci\u00f3n de capital p\u00fablico. Precisamente para evitar ese da\u00f1o directo al contribuyente, se ven\u00edan reclamando herramientas para evitar la socializaci\u00f3n de p\u00e9rdidas de la banca. Y dichas\" \/>\n<meta property=\"og:url\" content=\"https:\/\/www.euroresidentes.com\/empresa\/derecho-mercantil\/bail-in-financiero-la-alternativa-a-los-rescates-publicos\/\" \/>\n<meta property=\"og:site_name\" content=\"Derecho Mercantil\" \/>\n<meta property=\"article:publisher\" content=\"https:\/\/www.facebook.com\/euroresidentes\/\" \/>\n<meta property=\"article:published_time\" content=\"2017-12-05T09:00:31+00:00\" \/>\n<meta property=\"article:modified_time\" content=\"2018-01-31T11:43:27+00:00\" \/>\n<meta property=\"og:image\" content=\"https:\/\/www.euroresidentes.com\/empresa\/derecho-mercantil\/wp-content\/uploads\/sites\/12\/2017\/12\/bail-in-alternativa-rescate-publico.jpg\" \/>\n\t<meta property=\"og:image:width\" content=\"700\" \/>\n\t<meta property=\"og:image:height\" content=\"525\" \/>\n\t<meta property=\"og:image:type\" content=\"image\/jpeg\" \/>\n<meta name=\"author\" content=\"Manuel Pomares\" \/>\n<meta name=\"twitter:card\" content=\"summary_large_image\" \/>\n<meta name=\"twitter:label1\" content=\"Written by\" \/>\n\t<meta name=\"twitter:data1\" content=\"Manuel Pomares\" \/>\n\t<meta name=\"twitter:label2\" content=\"Est. reading time\" \/>\n\t<meta name=\"twitter:data2\" content=\"4 minutos\" \/>\n<script type=\"application\/ld+json\" class=\"yoast-schema-graph\">{\"@context\":\"https:\\\/\\\/schema.org\",\"@graph\":[{\"@type\":\"Article\",\"@id\":\"https:\\\/\\\/www.euroresidentes.com\\\/empresa\\\/derecho-mercantil\\\/bail-in-financiero-la-alternativa-a-los-rescates-publicos\\\/#article\",\"isPartOf\":{\"@id\":\"https:\\\/\\\/www.euroresidentes.com\\\/empresa\\\/derecho-mercantil\\\/bail-in-financiero-la-alternativa-a-los-rescates-publicos\\\/\"},\"author\":{\"name\":\"Manuel Pomares\",\"@id\":\"https:\\\/\\\/www.euroresidentes.com\\\/empresa\\\/derecho-mercantil\\\/#\\\/schema\\\/person\\\/1f848038ac5623245414f398a267708f\"},\"headline\":\"\u201cBail-in\u201d financiero: la alternativa a los rescates p\u00fablicos\",\"datePublished\":\"2017-12-05T09:00:31+00:00\",\"dateModified\":\"2018-01-31T11:43:27+00:00\",\"mainEntityOfPage\":{\"@id\":\"https:\\\/\\\/www.euroresidentes.com\\\/empresa\\\/derecho-mercantil\\\/bail-in-financiero-la-alternativa-a-los-rescates-publicos\\\/\"},\"wordCount\":747,\"commentCount\":0,\"image\":{\"@id\":\"https:\\\/\\\/www.euroresidentes.com\\\/empresa\\\/derecho-mercantil\\\/bail-in-financiero-la-alternativa-a-los-rescates-publicos\\\/#primaryimage\"},\"thumbnailUrl\":\"https:\\\/\\\/www.euroresidentes.com\\\/empresa\\\/derecho-mercantil\\\/wp-content\\\/uploads\\\/sites\\\/12\\\/2017\\\/12\\\/bail-in-alternativa-rescate-publico.jpg\",\"articleSection\":[\"General\"],\"inLanguage\":\"es\",\"potentialAction\":[{\"@type\":\"CommentAction\",\"name\":\"Comment\",\"target\":[\"https:\\\/\\\/www.euroresidentes.com\\\/empresa\\\/derecho-mercantil\\\/bail-in-financiero-la-alternativa-a-los-rescates-publicos\\\/#respond\"]}]},{\"@type\":\"WebPage\",\"@id\":\"https:\\\/\\\/www.euroresidentes.com\\\/empresa\\\/derecho-mercantil\\\/bail-in-financiero-la-alternativa-a-los-rescates-publicos\\\/\",\"url\":\"https:\\\/\\\/www.euroresidentes.com\\\/empresa\\\/derecho-mercantil\\\/bail-in-financiero-la-alternativa-a-los-rescates-publicos\\\/\",\"name\":\"\u201cBail-in\u201d financiero: la alternativa a los rescates p\u00fablicos - Derecho Mercantil\",\"isPartOf\":{\"@id\":\"https:\\\/\\\/www.euroresidentes.com\\\/empresa\\\/derecho-mercantil\\\/#website\"},\"primaryImageOfPage\":{\"@id\":\"https:\\\/\\\/www.euroresidentes.com\\\/empresa\\\/derecho-mercantil\\\/bail-in-financiero-la-alternativa-a-los-rescates-publicos\\\/#primaryimage\"},\"image\":{\"@id\":\"https:\\\/\\\/www.euroresidentes.com\\\/empresa\\\/derecho-mercantil\\\/bail-in-financiero-la-alternativa-a-los-rescates-publicos\\\/#primaryimage\"},\"thumbnailUrl\":\"https:\\\/\\\/www.euroresidentes.com\\\/empresa\\\/derecho-mercantil\\\/wp-content\\\/uploads\\\/sites\\\/12\\\/2017\\\/12\\\/bail-in-alternativa-rescate-publico.jpg\",\"datePublished\":\"2017-12-05T09:00:31+00:00\",\"dateModified\":\"2018-01-31T11:43:27+00:00\",\"author\":{\"@id\":\"https:\\\/\\\/www.euroresidentes.com\\\/empresa\\\/derecho-mercantil\\\/#\\\/schema\\\/person\\\/1f848038ac5623245414f398a267708f\"},\"breadcrumb\":{\"@id\":\"https:\\\/\\\/www.euroresidentes.com\\\/empresa\\\/derecho-mercantil\\\/bail-in-financiero-la-alternativa-a-los-rescates-publicos\\\/#breadcrumb\"},\"inLanguage\":\"es\",\"potentialAction\":[{\"@type\":\"ReadAction\",\"target\":[\"https:\\\/\\\/www.euroresidentes.com\\\/empresa\\\/derecho-mercantil\\\/bail-in-financiero-la-alternativa-a-los-rescates-publicos\\\/\"]}]},{\"@type\":\"ImageObject\",\"inLanguage\":\"es\",\"@id\":\"https:\\\/\\\/www.euroresidentes.com\\\/empresa\\\/derecho-mercantil\\\/bail-in-financiero-la-alternativa-a-los-rescates-publicos\\\/#primaryimage\",\"url\":\"https:\\\/\\\/www.euroresidentes.com\\\/empresa\\\/derecho-mercantil\\\/wp-content\\\/uploads\\\/sites\\\/12\\\/2017\\\/12\\\/bail-in-alternativa-rescate-publico.jpg\",\"contentUrl\":\"https:\\\/\\\/www.euroresidentes.com\\\/empresa\\\/derecho-mercantil\\\/wp-content\\\/uploads\\\/sites\\\/12\\\/2017\\\/12\\\/bail-in-alternativa-rescate-publico.jpg\",\"width\":700,\"height\":525},{\"@type\":\"BreadcrumbList\",\"@id\":\"https:\\\/\\\/www.euroresidentes.com\\\/empresa\\\/derecho-mercantil\\\/bail-in-financiero-la-alternativa-a-los-rescates-publicos\\\/#breadcrumb\",\"itemListElement\":[{\"@type\":\"ListItem\",\"position\":1,\"name\":\"Portada\",\"item\":\"https:\\\/\\\/www.euroresidentes.com\\\/empresa\\\/derecho-mercantil\\\/\"},{\"@type\":\"ListItem\",\"position\":2,\"name\":\"\u201cBail-in\u201d financiero: la alternativa a los rescates p\u00fablicos\"}]},{\"@type\":\"WebSite\",\"@id\":\"https:\\\/\\\/www.euroresidentes.com\\\/empresa\\\/derecho-mercantil\\\/#website\",\"url\":\"https:\\\/\\\/www.euroresidentes.com\\\/empresa\\\/derecho-mercantil\\\/\",\"name\":\"Derecho Mercantil\",\"description\":\"Derecho y Empresa Euroresidentes\",\"potentialAction\":[{\"@type\":\"SearchAction\",\"target\":{\"@type\":\"EntryPoint\",\"urlTemplate\":\"https:\\\/\\\/www.euroresidentes.com\\\/empresa\\\/derecho-mercantil\\\/?s={search_term_string}\"},\"query-input\":{\"@type\":\"PropertyValueSpecification\",\"valueRequired\":true,\"valueName\":\"search_term_string\"}}],\"inLanguage\":\"es\"},{\"@type\":\"Person\",\"@id\":\"https:\\\/\\\/www.euroresidentes.com\\\/empresa\\\/derecho-mercantil\\\/#\\\/schema\\\/person\\\/1f848038ac5623245414f398a267708f\",\"name\":\"Manuel Pomares\",\"image\":{\"@type\":\"ImageObject\",\"inLanguage\":\"es\",\"@id\":\"https:\\\/\\\/www.euroresidentes.com\\\/empresa\\\/derecho-mercantil\\\/wp-content\\\/uploads\\\/sites\\\/12\\\/2016\\\/08\\\/manuel-pomares-abogados-150x150.jpg\",\"url\":\"https:\\\/\\\/www.euroresidentes.com\\\/empresa\\\/derecho-mercantil\\\/wp-content\\\/uploads\\\/sites\\\/12\\\/2016\\\/08\\\/manuel-pomares-abogados-150x150.jpg\",\"contentUrl\":\"https:\\\/\\\/www.euroresidentes.com\\\/empresa\\\/derecho-mercantil\\\/wp-content\\\/uploads\\\/sites\\\/12\\\/2016\\\/08\\\/manuel-pomares-abogados-150x150.jpg\",\"caption\":\"Manuel Pomares\"},\"description\":\"Manuel PomaresAbogado y socio director de la firma Pomares Abogados. Especialista en derecho mercantil-societario, bancario y responsabilidad civil-seguro.\",\"sameAs\":[\"http:\\\/\\\/www.euroresidentes.com\\\/empresa\\\/manuel-pomares-2.html\"],\"url\":\"https:\\\/\\\/www.euroresidentes.com\\\/empresa\\\/derecho-mercantil\\\/author\\\/manuel\\\/\"}]}<\/script>\n<!-- \/ Yoast SEO plugin. -->","yoast_head_json":{"title":"\u201cBail-in\u201d financiero: la alternativa a los rescates p\u00fablicos - Derecho Mercantil","robots":{"index":"index","follow":"follow","max-snippet":"max-snippet:-1","max-image-preview":"max-image-preview:large","max-video-preview":"max-video-preview:-1"},"canonical":"https:\/\/www.euroresidentes.com\/empresa\/derecho-mercantil\/bail-in-financiero-la-alternativa-a-los-rescates-publicos\/","og_locale":"es_ES","og_type":"article","og_title":"\u201cBail-in\u201d financiero: la alternativa a los rescates p\u00fablicos - Derecho Mercantil","og_description":"Durante la\u00a0crisis inmobiliaria y financiera\u00a0que comenz\u00f3 en 2007 fuimos testigos de una serie de tensiones financieras y hasta colapsos de diversas entidades bancarias. Para frenar el \u201cefecto contagio\u201d al resto de la econom\u00eda, los gobiernos y dem\u00e1s autoridades apostaron por el llamado rescate bancario. Como ya sabemos, se trata del mecanismo mediante el cual hemos sido los contribuyentes los que hemos \u201crescatado\u201d de la quiebra a varias entidades bancarias, \u00a0a trav\u00e9s de la inyecci\u00f3n de capital p\u00fablico. Precisamente para evitar ese da\u00f1o directo al contribuyente, se ven\u00edan reclamando herramientas para evitar la socializaci\u00f3n de p\u00e9rdidas de la banca. Y dichas","og_url":"https:\/\/www.euroresidentes.com\/empresa\/derecho-mercantil\/bail-in-financiero-la-alternativa-a-los-rescates-publicos\/","og_site_name":"Derecho Mercantil","article_publisher":"https:\/\/www.facebook.com\/euroresidentes\/","article_published_time":"2017-12-05T09:00:31+00:00","article_modified_time":"2018-01-31T11:43:27+00:00","og_image":[{"width":700,"height":525,"url":"https:\/\/www.euroresidentes.com\/empresa\/derecho-mercantil\/wp-content\/uploads\/sites\/12\/2017\/12\/bail-in-alternativa-rescate-publico.jpg","type":"image\/jpeg"}],"author":"Manuel Pomares","twitter_card":"summary_large_image","twitter_misc":{"Written by":"Manuel Pomares","Est. reading time":"4 minutos"},"schema":{"@context":"https:\/\/schema.org","@graph":[{"@type":"Article","@id":"https:\/\/www.euroresidentes.com\/empresa\/derecho-mercantil\/bail-in-financiero-la-alternativa-a-los-rescates-publicos\/#article","isPartOf":{"@id":"https:\/\/www.euroresidentes.com\/empresa\/derecho-mercantil\/bail-in-financiero-la-alternativa-a-los-rescates-publicos\/"},"author":{"name":"Manuel Pomares","@id":"https:\/\/www.euroresidentes.com\/empresa\/derecho-mercantil\/#\/schema\/person\/1f848038ac5623245414f398a267708f"},"headline":"\u201cBail-in\u201d financiero: la alternativa a los rescates p\u00fablicos","datePublished":"2017-12-05T09:00:31+00:00","dateModified":"2018-01-31T11:43:27+00:00","mainEntityOfPage":{"@id":"https:\/\/www.euroresidentes.com\/empresa\/derecho-mercantil\/bail-in-financiero-la-alternativa-a-los-rescates-publicos\/"},"wordCount":747,"commentCount":0,"image":{"@id":"https:\/\/www.euroresidentes.com\/empresa\/derecho-mercantil\/bail-in-financiero-la-alternativa-a-los-rescates-publicos\/#primaryimage"},"thumbnailUrl":"https:\/\/www.euroresidentes.com\/empresa\/derecho-mercantil\/wp-content\/uploads\/sites\/12\/2017\/12\/bail-in-alternativa-rescate-publico.jpg","articleSection":["General"],"inLanguage":"es","potentialAction":[{"@type":"CommentAction","name":"Comment","target":["https:\/\/www.euroresidentes.com\/empresa\/derecho-mercantil\/bail-in-financiero-la-alternativa-a-los-rescates-publicos\/#respond"]}]},{"@type":"WebPage","@id":"https:\/\/www.euroresidentes.com\/empresa\/derecho-mercantil\/bail-in-financiero-la-alternativa-a-los-rescates-publicos\/","url":"https:\/\/www.euroresidentes.com\/empresa\/derecho-mercantil\/bail-in-financiero-la-alternativa-a-los-rescates-publicos\/","name":"\u201cBail-in\u201d financiero: la alternativa a los rescates p\u00fablicos - Derecho Mercantil","isPartOf":{"@id":"https:\/\/www.euroresidentes.com\/empresa\/derecho-mercantil\/#website"},"primaryImageOfPage":{"@id":"https:\/\/www.euroresidentes.com\/empresa\/derecho-mercantil\/bail-in-financiero-la-alternativa-a-los-rescates-publicos\/#primaryimage"},"image":{"@id":"https:\/\/www.euroresidentes.com\/empresa\/derecho-mercantil\/bail-in-financiero-la-alternativa-a-los-rescates-publicos\/#primaryimage"},"thumbnailUrl":"https:\/\/www.euroresidentes.com\/empresa\/derecho-mercantil\/wp-content\/uploads\/sites\/12\/2017\/12\/bail-in-alternativa-rescate-publico.jpg","datePublished":"2017-12-05T09:00:31+00:00","dateModified":"2018-01-31T11:43:27+00:00","author":{"@id":"https:\/\/www.euroresidentes.com\/empresa\/derecho-mercantil\/#\/schema\/person\/1f848038ac5623245414f398a267708f"},"breadcrumb":{"@id":"https:\/\/www.euroresidentes.com\/empresa\/derecho-mercantil\/bail-in-financiero-la-alternativa-a-los-rescates-publicos\/#breadcrumb"},"inLanguage":"es","potentialAction":[{"@type":"ReadAction","target":["https:\/\/www.euroresidentes.com\/empresa\/derecho-mercantil\/bail-in-financiero-la-alternativa-a-los-rescates-publicos\/"]}]},{"@type":"ImageObject","inLanguage":"es","@id":"https:\/\/www.euroresidentes.com\/empresa\/derecho-mercantil\/bail-in-financiero-la-alternativa-a-los-rescates-publicos\/#primaryimage","url":"https:\/\/www.euroresidentes.com\/empresa\/derecho-mercantil\/wp-content\/uploads\/sites\/12\/2017\/12\/bail-in-alternativa-rescate-publico.jpg","contentUrl":"https:\/\/www.euroresidentes.com\/empresa\/derecho-mercantil\/wp-content\/uploads\/sites\/12\/2017\/12\/bail-in-alternativa-rescate-publico.jpg","width":700,"height":525},{"@type":"BreadcrumbList","@id":"https:\/\/www.euroresidentes.com\/empresa\/derecho-mercantil\/bail-in-financiero-la-alternativa-a-los-rescates-publicos\/#breadcrumb","itemListElement":[{"@type":"ListItem","position":1,"name":"Portada","item":"https:\/\/www.euroresidentes.com\/empresa\/derecho-mercantil\/"},{"@type":"ListItem","position":2,"name":"\u201cBail-in\u201d financiero: la alternativa a los rescates p\u00fablicos"}]},{"@type":"WebSite","@id":"https:\/\/www.euroresidentes.com\/empresa\/derecho-mercantil\/#website","url":"https:\/\/www.euroresidentes.com\/empresa\/derecho-mercantil\/","name":"Derecho Mercantil","description":"Derecho y Empresa Euroresidentes","potentialAction":[{"@type":"SearchAction","target":{"@type":"EntryPoint","urlTemplate":"https:\/\/www.euroresidentes.com\/empresa\/derecho-mercantil\/?s={search_term_string}"},"query-input":{"@type":"PropertyValueSpecification","valueRequired":true,"valueName":"search_term_string"}}],"inLanguage":"es"},{"@type":"Person","@id":"https:\/\/www.euroresidentes.com\/empresa\/derecho-mercantil\/#\/schema\/person\/1f848038ac5623245414f398a267708f","name":"Manuel Pomares","image":{"@type":"ImageObject","inLanguage":"es","@id":"https:\/\/www.euroresidentes.com\/empresa\/derecho-mercantil\/wp-content\/uploads\/sites\/12\/2016\/08\/manuel-pomares-abogados-150x150.jpg","url":"https:\/\/www.euroresidentes.com\/empresa\/derecho-mercantil\/wp-content\/uploads\/sites\/12\/2016\/08\/manuel-pomares-abogados-150x150.jpg","contentUrl":"https:\/\/www.euroresidentes.com\/empresa\/derecho-mercantil\/wp-content\/uploads\/sites\/12\/2016\/08\/manuel-pomares-abogados-150x150.jpg","caption":"Manuel Pomares"},"description":"Manuel PomaresAbogado y socio director de la firma Pomares Abogados. Especialista en derecho mercantil-societario, bancario y responsabilidad civil-seguro.","sameAs":["http:\/\/www.euroresidentes.com\/empresa\/manuel-pomares-2.html"],"url":"https:\/\/www.euroresidentes.com\/empresa\/derecho-mercantil\/author\/manuel\/"}]}},"_links":{"self":[{"href":"https:\/\/www.euroresidentes.com\/empresa\/derecho-mercantil\/wp-json\/wp\/v2\/posts\/1413","targetHints":{"allow":["GET"]}}],"collection":[{"href":"https:\/\/www.euroresidentes.com\/empresa\/derecho-mercantil\/wp-json\/wp\/v2\/posts"}],"about":[{"href":"https:\/\/www.euroresidentes.com\/empresa\/derecho-mercantil\/wp-json\/wp\/v2\/types\/post"}],"author":[{"embeddable":true,"href":"https:\/\/www.euroresidentes.com\/empresa\/derecho-mercantil\/wp-json\/wp\/v2\/users\/9"}],"replies":[{"embeddable":true,"href":"https:\/\/www.euroresidentes.com\/empresa\/derecho-mercantil\/wp-json\/wp\/v2\/comments?post=1413"}],"version-history":[{"count":3,"href":"https:\/\/www.euroresidentes.com\/empresa\/derecho-mercantil\/wp-json\/wp\/v2\/posts\/1413\/revisions"}],"predecessor-version":[{"id":1419,"href":"https:\/\/www.euroresidentes.com\/empresa\/derecho-mercantil\/wp-json\/wp\/v2\/posts\/1413\/revisions\/1419"}],"wp:featuredmedia":[{"embeddable":true,"href":"https:\/\/www.euroresidentes.com\/empresa\/derecho-mercantil\/wp-json\/wp\/v2\/media\/1417"}],"wp:attachment":[{"href":"https:\/\/www.euroresidentes.com\/empresa\/derecho-mercantil\/wp-json\/wp\/v2\/media?parent=1413"}],"wp:term":[{"taxonomy":"category","embeddable":true,"href":"https:\/\/www.euroresidentes.com\/empresa\/derecho-mercantil\/wp-json\/wp\/v2\/categories?post=1413"},{"taxonomy":"post_tag","embeddable":true,"href":"https:\/\/www.euroresidentes.com\/empresa\/derecho-mercantil\/wp-json\/wp\/v2\/tags?post=1413"}],"curies":[{"name":"wp","href":"https:\/\/api.w.org\/{rel}","templated":true}]}}