
{"id":1395,"date":"2017-11-28T12:59:40","date_gmt":"2017-11-28T11:59:40","guid":{"rendered":"http:\/\/www.euroresidentes.com\/empresa\/derecho-mercantil\/?p=1395"},"modified":"2018-01-31T12:49:55","modified_gmt":"2018-01-31T11:49:55","slug":"es-suficiente-la-amistad-en-facebook-para-revocar-a-los-miembros-de-un-tribunal","status":"publish","type":"post","link":"https:\/\/www.euroresidentes.com\/empresa\/derecho-mercantil\/es-suficiente-la-amistad-en-facebook-para-revocar-a-los-miembros-de-un-tribunal\/","title":{"rendered":"\u00bfEs suficiente la amistad en Facebook para revocar a los miembros de un tribunal?"},"content":{"rendered":"<p style=\"text-align: justify\">\u00a1Qu\u00e9 cosas pasan! Resulta que el Concello de Vigo recus\u00f3 a dos vocales de un tribunal de una oposici\u00f3n a Polic\u00eda Local por considerar que ten\u00edan amistad con dos aspirantes, ya que eran amigos en la red social. Sin embargo, el Jugado de los Contencioso Administrativo n\u00ba 1 de Vigo considera que esta amistad \u201cvirtual\u201d no es equiparable a una amistad \u201creal\u201d, y ha dado la raz\u00f3n a los dos aspirantes que fueron suspendidos como consecuencia de dicha amistad en la red social.<\/p>\n<p style=\"text-align: justify\">\u00a0<\/p>\n<p><a href=\"http:\/\/www.euroresidentes.com\/empresa\/derecho-mercantil\/wp-content\/uploads\/sites\/12\/2017\/11\/twitter-292994_960_720.jpg\"><img loading=\"lazy\" decoding=\"async\" class=\"wp-image-1396 aligncenter\" src=\"http:\/\/www.euroresidentes.com\/empresa\/derecho-mercantil\/wp-content\/uploads\/sites\/12\/2017\/11\/twitter-292994_960_720.jpg\" alt=\"twitter-292994_960_720\" width=\"700\" height=\"467\" srcset=\"https:\/\/www.euroresidentes.com\/empresa\/derecho-mercantil\/wp-content\/uploads\/sites\/12\/2017\/11\/twitter-292994_960_720.jpg 960w, https:\/\/www.euroresidentes.com\/empresa\/derecho-mercantil\/wp-content\/uploads\/sites\/12\/2017\/11\/twitter-292994_960_720-300x200.jpg 300w\" sizes=\"auto, (max-width: 700px) 100vw, 700px\" \/><\/a><\/p>\n<p>&nbsp;<\/p>\n<p style=\"text-align: justify\"><strong>Los v\u00ednculos en las redes sociales y la recusaci\u00f3n<\/strong><\/p>\n<p style=\"text-align: justify\"><strong>\u00a0<\/strong><\/p>\n<p style=\"text-align: justify\">Parece oportuno mencionar que la soluci\u00f3n a la problem\u00e1tica de la imparcialidad en el \u00e1mbito de la administraci\u00f3n p\u00fablica sea resuelta con la medida de la abstenci\u00f3n, en los casos previstos por la Ley.<\/p>\n<p style=\"text-align: justify\">\u00a0<\/p>\n<p style=\"text-align: justify\">Ahora bien, si reflexionamos un poco sobre el plano de la actualidad nos damos cuenta de que con el avance de la tecnolog\u00eda ha cambiado la manera en que nos relacionamos. Siendo as\u00ed que, ahora es posible tener cientos de \u201camistades\u201d a millones de kil\u00f3metros con las que quiz\u00e1 compartimos, o no, gustos o preferencias.<\/p>\n<p style=\"text-align: justify\">\u00a0<\/p>\n<p style=\"text-align: justify\">Pues bien, la tecnolog\u00eda ha conseguido llevar hasta los tribunales determinadas discrepancias respecto de la imparcialidad del personal al servicio de las Administraciones p\u00fablicas y la amistad en internet.<\/p>\n<p style=\"text-align: justify\">\u00a0<\/p>\n<p style=\"text-align: justify\">Tal es el caso del Juzgado de lo Contencioso-administrativo n\u00ba 1 de Vigo que considera que una amistad en Facebook no demuestra la existencia de una amistad \u00edntima entre los aspirantes y los miembros del Tribunal evaluador de un proceso selectivo.<\/p>\n<p style=\"text-align: justify\">\u00a0<\/p>\n<p style=\"text-align: justify\">La sentencia da la raz\u00f3n a dos demandantes, que aprobaron la oposici\u00f3n y la vieron suspendida.<\/p>\n<p style=\"text-align: justify\">\u00a0<\/p>\n<p style=\"text-align: justify\">El Concello de Vigo pretendi\u00f3 amparar la recusaci\u00f3n en tres documentos gr\u00e1ficos: una fotograf\u00eda de una cena de Navidad del a\u00f1o 2016, de la Polic\u00eda Local de Mos, donde los dos vocales coinciden con dos aspirantes; un comentario a esta fotograf\u00eda de Navidad de Facebook donde uno de los vocales hablaba de \u201ccena de compis\u201d; y un pantallazo del perfil de Facebook de un aspirante donde aparece como \u201camigo com\u00fan\u201d de uno de los vocales.<\/p>\n<p style=\"text-align: justify\">\u00a0<\/p>\n<p style=\"text-align: justify\">Sin embargo, al Juzgado de lo Contencioso-administrativo n\u00ba 1 de Vigo\u00a0 no le pareci\u00f3 suficiente prueba como para concluir que entre los dos miembros del tribunal y los dos opositores mediaba amistad \u00edntima determinante de su recusaci\u00f3n. En palabras del juez de Vigo:<\/p>\n<p style=\"text-align: right\">\u00a0<\/p>\n<p style=\"text-align: center\"><em>\u00a0\u201cLa sociedad avanza, al punto de que el estado actual de la tecnolog\u00eda permite mantener relaciones con personas completamente desconocidas, que residen en las ant\u00edpodas, pero que convergen en la expresi\u00f3n de una idea, de una aspiraci\u00f3n, de un sentimiento o de un simple juego que les hace part\u00edcipes de un com\u00fan objetivo\u201d.<\/em><\/p>\n<p style=\"text-align: justify\">\u00a0<\/p>\n<p style=\"text-align: justify\"><strong>\u00bfCu\u00e1l es la posici\u00f3n del Tribunal Supremo? \u00bfSon t\u00e9rminos equiparables amistad real y amistad virtual?<\/strong><\/p>\n<p style=\"text-align: justify\"><strong>\u00a0<\/strong><\/p>\n<p style=\"text-align: justify\">El Tribunal Supremo ha declarado respecto de la amistad \u00edntima que se tiene que dar la coincidencia de manera repetida o habitual en los tiempos y actividades de ocio, en celebraciones familiares, o en viajes: <em>\u201cla amistad \u00edntima no contempla una relaci\u00f3n profesional ni tampoco la personal basada en razones de cortes\u00eda, sino que es preciso un grado de amistad que por alcanzar una vinculaci\u00f3n personal m\u00e1s intensa pueda hacer dudar de la imparcialidad\u201d.<\/em><\/p>\n<p style=\"text-align: justify\">\u00a0<\/p>\n<p style=\"text-align: justify\">Dicho de otra manera, parece que la amistad \u00abvirtual\u00bb apunta a ser m\u00e1s estrat\u00e9gica, efectista y an\u00f3nima, puesto que en internet se comparten deseos y opiniones, y en muchas ocasiones, se compite para conseguir la aprobaci\u00f3n de otros, por ejemplo, dando un clic en la pesta\u00f1a \u00abme gusta\u00bb lo cual como hemos dicho no implicar\u00eda tampoco tener amistad con el autor de la publicaci\u00f3n, siendo la amistad real m\u00e1s verdadera, cercana y coincidente con el apego.<\/p>\n<p style=\"text-align: justify\">\u00a0<\/p>\n<p style=\"text-align: justify\">\u00a0<\/p>\n<p style=\"text-align: justify\">En resumen, la falta de protocolos claros para definir este tipo de circunstancias est\u00e1 generando situaciones que acaban judicializ\u00e1ndose de forma irreversible.<\/p>\n<p style=\"text-align: justify\">\u00a0<\/p>\n<p style=\"text-align: justify\">Quiz\u00e1 va siendo hora de establecer par\u00e1metros entre el mundo real y el mundo virtual en vistas a regular toda esta clase de problemas y confusiones que de manera sobrevenida nos ha tra\u00eddo el desarrollo de las tecnolog\u00edas.<\/p>\n<p style=\"text-align: justify\">\u00a0<\/p>\n<p style=\"text-align: justify\">Lo dicho, \u00a1qu\u00e9 cosas pasan!<\/p>\n","protected":false},"excerpt":{"rendered":"<p>\u00a1Qu\u00e9 cosas pasan! Resulta que el Concello de Vigo recus\u00f3 a dos vocales de un tribunal de una oposici\u00f3n a Polic\u00eda Local por considerar que ten\u00edan amistad con dos aspirantes, ya que eran amigos en la red social. Sin embargo, el Jugado de los Contencioso Administrativo n\u00ba 1 de Vigo considera que esta amistad \u201cvirtual\u201d no es equiparable a una amistad \u201creal\u201d, y ha dado la raz\u00f3n a los dos aspirantes que fueron suspendidos como consecuencia de dicha amistad en la red social. \u00a0 &nbsp; Los v\u00ednculos en las redes sociales y la recusaci\u00f3n \u00a0 Parece oportuno mencionar que la <\/p>\n","protected":false},"author":9,"featured_media":1396,"comment_status":"open","ping_status":"open","sticky":false,"template":"","format":"standard","meta":{"footnotes":""},"categories":[83],"tags":[29,25],"class_list":["post-1395","post","type-post","status-publish","format-standard","has-post-thumbnail","hentry","category-sentencias","tag-facebook","tag-redes-sociales","has_thumb"],"yoast_head":"<!-- This site is optimized with the Yoast SEO plugin v27.5 - https:\/\/yoast.com\/product\/yoast-seo-wordpress\/ -->\n<title>\u00bfEs suficiente la amistad en Facebook para revocar a los miembros de un tribunal? - Derecho Mercantil<\/title>\n<meta name=\"robots\" content=\"index, follow, max-snippet:-1, max-image-preview:large, max-video-preview:-1\" \/>\n<link rel=\"canonical\" href=\"https:\/\/www.euroresidentes.com\/empresa\/derecho-mercantil\/es-suficiente-la-amistad-en-facebook-para-revocar-a-los-miembros-de-un-tribunal\/\" \/>\n<meta property=\"og:locale\" content=\"es_ES\" \/>\n<meta property=\"og:type\" content=\"article\" \/>\n<meta property=\"og:title\" content=\"\u00bfEs suficiente la amistad en Facebook para revocar a los miembros de un tribunal? - Derecho Mercantil\" \/>\n<meta property=\"og:description\" content=\"\u00a1Qu\u00e9 cosas pasan! Resulta que el Concello de Vigo recus\u00f3 a dos vocales de un tribunal de una oposici\u00f3n a Polic\u00eda Local por considerar que ten\u00edan amistad con dos aspirantes, ya que eran amigos en la red social. Sin embargo, el Jugado de los Contencioso Administrativo n\u00ba 1 de Vigo considera que esta amistad \u201cvirtual\u201d no es equiparable a una amistad \u201creal\u201d, y ha dado la raz\u00f3n a los dos aspirantes que fueron suspendidos como consecuencia de dicha amistad en la red social. \u00a0 &nbsp; Los v\u00ednculos en las redes sociales y la recusaci\u00f3n \u00a0 Parece oportuno mencionar que la\" \/>\n<meta property=\"og:url\" content=\"https:\/\/www.euroresidentes.com\/empresa\/derecho-mercantil\/es-suficiente-la-amistad-en-facebook-para-revocar-a-los-miembros-de-un-tribunal\/\" \/>\n<meta property=\"og:site_name\" content=\"Derecho Mercantil\" \/>\n<meta property=\"article:publisher\" content=\"https:\/\/www.facebook.com\/euroresidentes\/\" \/>\n<meta property=\"article:published_time\" content=\"2017-11-28T11:59:40+00:00\" \/>\n<meta property=\"article:modified_time\" content=\"2018-01-31T11:49:55+00:00\" \/>\n<meta property=\"og:image\" content=\"https:\/\/www.euroresidentes.com\/empresa\/derecho-mercantil\/wp-content\/uploads\/sites\/12\/2017\/11\/twitter-292994_960_720.jpg\" \/>\n\t<meta property=\"og:image:width\" content=\"960\" \/>\n\t<meta property=\"og:image:height\" content=\"640\" \/>\n\t<meta property=\"og:image:type\" content=\"image\/jpeg\" \/>\n<meta name=\"author\" content=\"Manuel Pomares\" \/>\n<meta name=\"twitter:card\" content=\"summary_large_image\" \/>\n<meta name=\"twitter:label1\" content=\"Written by\" \/>\n\t<meta name=\"twitter:data1\" content=\"Manuel Pomares\" \/>\n\t<meta name=\"twitter:label2\" content=\"Est. reading time\" \/>\n\t<meta name=\"twitter:data2\" content=\"4 minutos\" \/>\n<script type=\"application\/ld+json\" class=\"yoast-schema-graph\">{\"@context\":\"https:\\\/\\\/schema.org\",\"@graph\":[{\"@type\":\"Article\",\"@id\":\"https:\\\/\\\/www.euroresidentes.com\\\/empresa\\\/derecho-mercantil\\\/es-suficiente-la-amistad-en-facebook-para-revocar-a-los-miembros-de-un-tribunal\\\/#article\",\"isPartOf\":{\"@id\":\"https:\\\/\\\/www.euroresidentes.com\\\/empresa\\\/derecho-mercantil\\\/es-suficiente-la-amistad-en-facebook-para-revocar-a-los-miembros-de-un-tribunal\\\/\"},\"author\":{\"name\":\"Manuel Pomares\",\"@id\":\"https:\\\/\\\/www.euroresidentes.com\\\/empresa\\\/derecho-mercantil\\\/#\\\/schema\\\/person\\\/1f848038ac5623245414f398a267708f\"},\"headline\":\"\u00bfEs suficiente la amistad en Facebook para revocar a los miembros de un tribunal?\",\"datePublished\":\"2017-11-28T11:59:40+00:00\",\"dateModified\":\"2018-01-31T11:49:55+00:00\",\"mainEntityOfPage\":{\"@id\":\"https:\\\/\\\/www.euroresidentes.com\\\/empresa\\\/derecho-mercantil\\\/es-suficiente-la-amistad-en-facebook-para-revocar-a-los-miembros-de-un-tribunal\\\/\"},\"wordCount\":729,\"commentCount\":0,\"image\":{\"@id\":\"https:\\\/\\\/www.euroresidentes.com\\\/empresa\\\/derecho-mercantil\\\/es-suficiente-la-amistad-en-facebook-para-revocar-a-los-miembros-de-un-tribunal\\\/#primaryimage\"},\"thumbnailUrl\":\"https:\\\/\\\/www.euroresidentes.com\\\/empresa\\\/derecho-mercantil\\\/wp-content\\\/uploads\\\/sites\\\/12\\\/2017\\\/11\\\/twitter-292994_960_720.jpg\",\"keywords\":[\"facebook\",\"redes sociales\"],\"articleSection\":[\"SENTENCIAS\"],\"inLanguage\":\"es\",\"potentialAction\":[{\"@type\":\"CommentAction\",\"name\":\"Comment\",\"target\":[\"https:\\\/\\\/www.euroresidentes.com\\\/empresa\\\/derecho-mercantil\\\/es-suficiente-la-amistad-en-facebook-para-revocar-a-los-miembros-de-un-tribunal\\\/#respond\"]}]},{\"@type\":\"WebPage\",\"@id\":\"https:\\\/\\\/www.euroresidentes.com\\\/empresa\\\/derecho-mercantil\\\/es-suficiente-la-amistad-en-facebook-para-revocar-a-los-miembros-de-un-tribunal\\\/\",\"url\":\"https:\\\/\\\/www.euroresidentes.com\\\/empresa\\\/derecho-mercantil\\\/es-suficiente-la-amistad-en-facebook-para-revocar-a-los-miembros-de-un-tribunal\\\/\",\"name\":\"\u00bfEs suficiente la amistad en Facebook para revocar a los miembros de un tribunal? - Derecho Mercantil\",\"isPartOf\":{\"@id\":\"https:\\\/\\\/www.euroresidentes.com\\\/empresa\\\/derecho-mercantil\\\/#website\"},\"primaryImageOfPage\":{\"@id\":\"https:\\\/\\\/www.euroresidentes.com\\\/empresa\\\/derecho-mercantil\\\/es-suficiente-la-amistad-en-facebook-para-revocar-a-los-miembros-de-un-tribunal\\\/#primaryimage\"},\"image\":{\"@id\":\"https:\\\/\\\/www.euroresidentes.com\\\/empresa\\\/derecho-mercantil\\\/es-suficiente-la-amistad-en-facebook-para-revocar-a-los-miembros-de-un-tribunal\\\/#primaryimage\"},\"thumbnailUrl\":\"https:\\\/\\\/www.euroresidentes.com\\\/empresa\\\/derecho-mercantil\\\/wp-content\\\/uploads\\\/sites\\\/12\\\/2017\\\/11\\\/twitter-292994_960_720.jpg\",\"datePublished\":\"2017-11-28T11:59:40+00:00\",\"dateModified\":\"2018-01-31T11:49:55+00:00\",\"author\":{\"@id\":\"https:\\\/\\\/www.euroresidentes.com\\\/empresa\\\/derecho-mercantil\\\/#\\\/schema\\\/person\\\/1f848038ac5623245414f398a267708f\"},\"breadcrumb\":{\"@id\":\"https:\\\/\\\/www.euroresidentes.com\\\/empresa\\\/derecho-mercantil\\\/es-suficiente-la-amistad-en-facebook-para-revocar-a-los-miembros-de-un-tribunal\\\/#breadcrumb\"},\"inLanguage\":\"es\",\"potentialAction\":[{\"@type\":\"ReadAction\",\"target\":[\"https:\\\/\\\/www.euroresidentes.com\\\/empresa\\\/derecho-mercantil\\\/es-suficiente-la-amistad-en-facebook-para-revocar-a-los-miembros-de-un-tribunal\\\/\"]}]},{\"@type\":\"ImageObject\",\"inLanguage\":\"es\",\"@id\":\"https:\\\/\\\/www.euroresidentes.com\\\/empresa\\\/derecho-mercantil\\\/es-suficiente-la-amistad-en-facebook-para-revocar-a-los-miembros-de-un-tribunal\\\/#primaryimage\",\"url\":\"https:\\\/\\\/www.euroresidentes.com\\\/empresa\\\/derecho-mercantil\\\/wp-content\\\/uploads\\\/sites\\\/12\\\/2017\\\/11\\\/twitter-292994_960_720.jpg\",\"contentUrl\":\"https:\\\/\\\/www.euroresidentes.com\\\/empresa\\\/derecho-mercantil\\\/wp-content\\\/uploads\\\/sites\\\/12\\\/2017\\\/11\\\/twitter-292994_960_720.jpg\",\"width\":960,\"height\":640},{\"@type\":\"BreadcrumbList\",\"@id\":\"https:\\\/\\\/www.euroresidentes.com\\\/empresa\\\/derecho-mercantil\\\/es-suficiente-la-amistad-en-facebook-para-revocar-a-los-miembros-de-un-tribunal\\\/#breadcrumb\",\"itemListElement\":[{\"@type\":\"ListItem\",\"position\":1,\"name\":\"Portada\",\"item\":\"https:\\\/\\\/www.euroresidentes.com\\\/empresa\\\/derecho-mercantil\\\/\"},{\"@type\":\"ListItem\",\"position\":2,\"name\":\"\u00bfEs suficiente la amistad en Facebook para revocar a los miembros de un tribunal?\"}]},{\"@type\":\"WebSite\",\"@id\":\"https:\\\/\\\/www.euroresidentes.com\\\/empresa\\\/derecho-mercantil\\\/#website\",\"url\":\"https:\\\/\\\/www.euroresidentes.com\\\/empresa\\\/derecho-mercantil\\\/\",\"name\":\"Derecho Mercantil\",\"description\":\"Derecho y Empresa Euroresidentes\",\"potentialAction\":[{\"@type\":\"SearchAction\",\"target\":{\"@type\":\"EntryPoint\",\"urlTemplate\":\"https:\\\/\\\/www.euroresidentes.com\\\/empresa\\\/derecho-mercantil\\\/?s={search_term_string}\"},\"query-input\":{\"@type\":\"PropertyValueSpecification\",\"valueRequired\":true,\"valueName\":\"search_term_string\"}}],\"inLanguage\":\"es\"},{\"@type\":\"Person\",\"@id\":\"https:\\\/\\\/www.euroresidentes.com\\\/empresa\\\/derecho-mercantil\\\/#\\\/schema\\\/person\\\/1f848038ac5623245414f398a267708f\",\"name\":\"Manuel Pomares\",\"image\":{\"@type\":\"ImageObject\",\"inLanguage\":\"es\",\"@id\":\"https:\\\/\\\/www.euroresidentes.com\\\/empresa\\\/derecho-mercantil\\\/wp-content\\\/uploads\\\/sites\\\/12\\\/2016\\\/08\\\/manuel-pomares-abogados-150x150.jpg\",\"url\":\"https:\\\/\\\/www.euroresidentes.com\\\/empresa\\\/derecho-mercantil\\\/wp-content\\\/uploads\\\/sites\\\/12\\\/2016\\\/08\\\/manuel-pomares-abogados-150x150.jpg\",\"contentUrl\":\"https:\\\/\\\/www.euroresidentes.com\\\/empresa\\\/derecho-mercantil\\\/wp-content\\\/uploads\\\/sites\\\/12\\\/2016\\\/08\\\/manuel-pomares-abogados-150x150.jpg\",\"caption\":\"Manuel Pomares\"},\"description\":\"Manuel PomaresAbogado y socio director de la firma Pomares Abogados. Especialista en derecho mercantil-societario, bancario y responsabilidad civil-seguro.\",\"sameAs\":[\"http:\\\/\\\/www.euroresidentes.com\\\/empresa\\\/manuel-pomares-2.html\"],\"url\":\"https:\\\/\\\/www.euroresidentes.com\\\/empresa\\\/derecho-mercantil\\\/author\\\/manuel\\\/\"}]}<\/script>\n<!-- \/ Yoast SEO plugin. -->","yoast_head_json":{"title":"\u00bfEs suficiente la amistad en Facebook para revocar a los miembros de un tribunal? - Derecho Mercantil","robots":{"index":"index","follow":"follow","max-snippet":"max-snippet:-1","max-image-preview":"max-image-preview:large","max-video-preview":"max-video-preview:-1"},"canonical":"https:\/\/www.euroresidentes.com\/empresa\/derecho-mercantil\/es-suficiente-la-amistad-en-facebook-para-revocar-a-los-miembros-de-un-tribunal\/","og_locale":"es_ES","og_type":"article","og_title":"\u00bfEs suficiente la amistad en Facebook para revocar a los miembros de un tribunal? - Derecho Mercantil","og_description":"\u00a1Qu\u00e9 cosas pasan! Resulta que el Concello de Vigo recus\u00f3 a dos vocales de un tribunal de una oposici\u00f3n a Polic\u00eda Local por considerar que ten\u00edan amistad con dos aspirantes, ya que eran amigos en la red social. Sin embargo, el Jugado de los Contencioso Administrativo n\u00ba 1 de Vigo considera que esta amistad \u201cvirtual\u201d no es equiparable a una amistad \u201creal\u201d, y ha dado la raz\u00f3n a los dos aspirantes que fueron suspendidos como consecuencia de dicha amistad en la red social. \u00a0 &nbsp; Los v\u00ednculos en las redes sociales y la recusaci\u00f3n \u00a0 Parece oportuno mencionar que la","og_url":"https:\/\/www.euroresidentes.com\/empresa\/derecho-mercantil\/es-suficiente-la-amistad-en-facebook-para-revocar-a-los-miembros-de-un-tribunal\/","og_site_name":"Derecho Mercantil","article_publisher":"https:\/\/www.facebook.com\/euroresidentes\/","article_published_time":"2017-11-28T11:59:40+00:00","article_modified_time":"2018-01-31T11:49:55+00:00","og_image":[{"width":960,"height":640,"url":"https:\/\/www.euroresidentes.com\/empresa\/derecho-mercantil\/wp-content\/uploads\/sites\/12\/2017\/11\/twitter-292994_960_720.jpg","type":"image\/jpeg"}],"author":"Manuel Pomares","twitter_card":"summary_large_image","twitter_misc":{"Written by":"Manuel Pomares","Est. reading time":"4 minutos"},"schema":{"@context":"https:\/\/schema.org","@graph":[{"@type":"Article","@id":"https:\/\/www.euroresidentes.com\/empresa\/derecho-mercantil\/es-suficiente-la-amistad-en-facebook-para-revocar-a-los-miembros-de-un-tribunal\/#article","isPartOf":{"@id":"https:\/\/www.euroresidentes.com\/empresa\/derecho-mercantil\/es-suficiente-la-amistad-en-facebook-para-revocar-a-los-miembros-de-un-tribunal\/"},"author":{"name":"Manuel Pomares","@id":"https:\/\/www.euroresidentes.com\/empresa\/derecho-mercantil\/#\/schema\/person\/1f848038ac5623245414f398a267708f"},"headline":"\u00bfEs suficiente la amistad en Facebook para revocar a los miembros de un tribunal?","datePublished":"2017-11-28T11:59:40+00:00","dateModified":"2018-01-31T11:49:55+00:00","mainEntityOfPage":{"@id":"https:\/\/www.euroresidentes.com\/empresa\/derecho-mercantil\/es-suficiente-la-amistad-en-facebook-para-revocar-a-los-miembros-de-un-tribunal\/"},"wordCount":729,"commentCount":0,"image":{"@id":"https:\/\/www.euroresidentes.com\/empresa\/derecho-mercantil\/es-suficiente-la-amistad-en-facebook-para-revocar-a-los-miembros-de-un-tribunal\/#primaryimage"},"thumbnailUrl":"https:\/\/www.euroresidentes.com\/empresa\/derecho-mercantil\/wp-content\/uploads\/sites\/12\/2017\/11\/twitter-292994_960_720.jpg","keywords":["facebook","redes sociales"],"articleSection":["SENTENCIAS"],"inLanguage":"es","potentialAction":[{"@type":"CommentAction","name":"Comment","target":["https:\/\/www.euroresidentes.com\/empresa\/derecho-mercantil\/es-suficiente-la-amistad-en-facebook-para-revocar-a-los-miembros-de-un-tribunal\/#respond"]}]},{"@type":"WebPage","@id":"https:\/\/www.euroresidentes.com\/empresa\/derecho-mercantil\/es-suficiente-la-amistad-en-facebook-para-revocar-a-los-miembros-de-un-tribunal\/","url":"https:\/\/www.euroresidentes.com\/empresa\/derecho-mercantil\/es-suficiente-la-amistad-en-facebook-para-revocar-a-los-miembros-de-un-tribunal\/","name":"\u00bfEs suficiente la amistad en Facebook para revocar a los miembros de un tribunal? - Derecho Mercantil","isPartOf":{"@id":"https:\/\/www.euroresidentes.com\/empresa\/derecho-mercantil\/#website"},"primaryImageOfPage":{"@id":"https:\/\/www.euroresidentes.com\/empresa\/derecho-mercantil\/es-suficiente-la-amistad-en-facebook-para-revocar-a-los-miembros-de-un-tribunal\/#primaryimage"},"image":{"@id":"https:\/\/www.euroresidentes.com\/empresa\/derecho-mercantil\/es-suficiente-la-amistad-en-facebook-para-revocar-a-los-miembros-de-un-tribunal\/#primaryimage"},"thumbnailUrl":"https:\/\/www.euroresidentes.com\/empresa\/derecho-mercantil\/wp-content\/uploads\/sites\/12\/2017\/11\/twitter-292994_960_720.jpg","datePublished":"2017-11-28T11:59:40+00:00","dateModified":"2018-01-31T11:49:55+00:00","author":{"@id":"https:\/\/www.euroresidentes.com\/empresa\/derecho-mercantil\/#\/schema\/person\/1f848038ac5623245414f398a267708f"},"breadcrumb":{"@id":"https:\/\/www.euroresidentes.com\/empresa\/derecho-mercantil\/es-suficiente-la-amistad-en-facebook-para-revocar-a-los-miembros-de-un-tribunal\/#breadcrumb"},"inLanguage":"es","potentialAction":[{"@type":"ReadAction","target":["https:\/\/www.euroresidentes.com\/empresa\/derecho-mercantil\/es-suficiente-la-amistad-en-facebook-para-revocar-a-los-miembros-de-un-tribunal\/"]}]},{"@type":"ImageObject","inLanguage":"es","@id":"https:\/\/www.euroresidentes.com\/empresa\/derecho-mercantil\/es-suficiente-la-amistad-en-facebook-para-revocar-a-los-miembros-de-un-tribunal\/#primaryimage","url":"https:\/\/www.euroresidentes.com\/empresa\/derecho-mercantil\/wp-content\/uploads\/sites\/12\/2017\/11\/twitter-292994_960_720.jpg","contentUrl":"https:\/\/www.euroresidentes.com\/empresa\/derecho-mercantil\/wp-content\/uploads\/sites\/12\/2017\/11\/twitter-292994_960_720.jpg","width":960,"height":640},{"@type":"BreadcrumbList","@id":"https:\/\/www.euroresidentes.com\/empresa\/derecho-mercantil\/es-suficiente-la-amistad-en-facebook-para-revocar-a-los-miembros-de-un-tribunal\/#breadcrumb","itemListElement":[{"@type":"ListItem","position":1,"name":"Portada","item":"https:\/\/www.euroresidentes.com\/empresa\/derecho-mercantil\/"},{"@type":"ListItem","position":2,"name":"\u00bfEs suficiente la amistad en Facebook para revocar a los miembros de un tribunal?"}]},{"@type":"WebSite","@id":"https:\/\/www.euroresidentes.com\/empresa\/derecho-mercantil\/#website","url":"https:\/\/www.euroresidentes.com\/empresa\/derecho-mercantil\/","name":"Derecho Mercantil","description":"Derecho y Empresa Euroresidentes","potentialAction":[{"@type":"SearchAction","target":{"@type":"EntryPoint","urlTemplate":"https:\/\/www.euroresidentes.com\/empresa\/derecho-mercantil\/?s={search_term_string}"},"query-input":{"@type":"PropertyValueSpecification","valueRequired":true,"valueName":"search_term_string"}}],"inLanguage":"es"},{"@type":"Person","@id":"https:\/\/www.euroresidentes.com\/empresa\/derecho-mercantil\/#\/schema\/person\/1f848038ac5623245414f398a267708f","name":"Manuel Pomares","image":{"@type":"ImageObject","inLanguage":"es","@id":"https:\/\/www.euroresidentes.com\/empresa\/derecho-mercantil\/wp-content\/uploads\/sites\/12\/2016\/08\/manuel-pomares-abogados-150x150.jpg","url":"https:\/\/www.euroresidentes.com\/empresa\/derecho-mercantil\/wp-content\/uploads\/sites\/12\/2016\/08\/manuel-pomares-abogados-150x150.jpg","contentUrl":"https:\/\/www.euroresidentes.com\/empresa\/derecho-mercantil\/wp-content\/uploads\/sites\/12\/2016\/08\/manuel-pomares-abogados-150x150.jpg","caption":"Manuel Pomares"},"description":"Manuel PomaresAbogado y socio director de la firma Pomares Abogados. Especialista en derecho mercantil-societario, bancario y responsabilidad civil-seguro.","sameAs":["http:\/\/www.euroresidentes.com\/empresa\/manuel-pomares-2.html"],"url":"https:\/\/www.euroresidentes.com\/empresa\/derecho-mercantil\/author\/manuel\/"}]}},"_links":{"self":[{"href":"https:\/\/www.euroresidentes.com\/empresa\/derecho-mercantil\/wp-json\/wp\/v2\/posts\/1395","targetHints":{"allow":["GET"]}}],"collection":[{"href":"https:\/\/www.euroresidentes.com\/empresa\/derecho-mercantil\/wp-json\/wp\/v2\/posts"}],"about":[{"href":"https:\/\/www.euroresidentes.com\/empresa\/derecho-mercantil\/wp-json\/wp\/v2\/types\/post"}],"author":[{"embeddable":true,"href":"https:\/\/www.euroresidentes.com\/empresa\/derecho-mercantil\/wp-json\/wp\/v2\/users\/9"}],"replies":[{"embeddable":true,"href":"https:\/\/www.euroresidentes.com\/empresa\/derecho-mercantil\/wp-json\/wp\/v2\/comments?post=1395"}],"version-history":[{"count":10,"href":"https:\/\/www.euroresidentes.com\/empresa\/derecho-mercantil\/wp-json\/wp\/v2\/posts\/1395\/revisions"}],"predecessor-version":[{"id":1406,"href":"https:\/\/www.euroresidentes.com\/empresa\/derecho-mercantil\/wp-json\/wp\/v2\/posts\/1395\/revisions\/1406"}],"wp:featuredmedia":[{"embeddable":true,"href":"https:\/\/www.euroresidentes.com\/empresa\/derecho-mercantil\/wp-json\/wp\/v2\/media\/1396"}],"wp:attachment":[{"href":"https:\/\/www.euroresidentes.com\/empresa\/derecho-mercantil\/wp-json\/wp\/v2\/media?parent=1395"}],"wp:term":[{"taxonomy":"category","embeddable":true,"href":"https:\/\/www.euroresidentes.com\/empresa\/derecho-mercantil\/wp-json\/wp\/v2\/categories?post=1395"},{"taxonomy":"post_tag","embeddable":true,"href":"https:\/\/www.euroresidentes.com\/empresa\/derecho-mercantil\/wp-json\/wp\/v2\/tags?post=1395"}],"curies":[{"name":"wp","href":"https:\/\/api.w.org\/{rel}","templated":true}]}}