
{"id":1338,"date":"2017-10-17T11:30:11","date_gmt":"2017-10-17T09:30:11","guid":{"rendered":"http:\/\/www.euroresidentes.com\/empresa\/derecho-mercantil\/?p=1338"},"modified":"2018-04-16T13:10:51","modified_gmt":"2018-04-16T11:10:51","slug":"europa-dice-si-al-control-del-e-mail-pero-con-condiciones","status":"publish","type":"post","link":"https:\/\/www.euroresidentes.com\/empresa\/derecho-mercantil\/europa-dice-si-al-control-del-e-mail-pero-con-condiciones\/","title":{"rendered":"Europa dice s\u00ed al control del e-mail, pero con condiciones"},"content":{"rendered":"<p>Muy recientemente se ha vuelto a pronunciar el Tribunal Europeo de Derecho Humanos (TEDH) sobre la <strong>batalla de intereses entre empresario y trabajador<\/strong>, batalla que invade el mundo que nos rodea, <strong>consecuencia del uso de Internet y del mundo de las tecnolog\u00ed\u00adas<\/strong>.<\/p>\n<p><!-- inserta publi --><\/p>\n<p>Nos referimos a la posibilidad de que una empresa pueda <strong>controlar el correo electr\u00f3nico<\/strong> de sus trabajadores, as\u00ed como <strong>la frecuencia con la que se accede a internet para fines personales<\/strong>.\u00a0<\/p>\n<p>El pasado cinco de septiembre de 2017, el <strong>Tribunal de Estrasburgo<\/strong>, dict\u00f3 una Sentencia, mediante la cual, <strong>daba la raz\u00f3n a un trabajador<\/strong>, al entender que hab\u00edan sido vulnerados los derechos del mismo relativos al respeto de su vida privada y familiar, de su domicilio y de su correspondencia.<\/p>\n<p>La empresa hab\u00ed\u00ada procedido a <strong>controlar el correo electr\u00f3nico del empleado sin haberle informado previamente<\/strong> del alcance, tipo y naturaleza de la monitorizaci\u00f3n, ni de la posibilidad de que la empresa pudiese acceder al contenido de sus correos electr\u00f3nicos.<\/p>\n<p><a href=\"http:\/\/www.euroresidentes.com\/empresa\/derecho-mercantil\/wp-content\/uploads\/sites\/12\/2017\/10\/email-empresa.jpg\"><img loading=\"lazy\" decoding=\"async\" class=\"aligncenter size-full wp-image-1349\" src=\"http:\/\/www.euroresidentes.com\/empresa\/derecho-mercantil\/wp-content\/uploads\/sites\/12\/2017\/10\/email-empresa.jpg\" alt=\"email-empresa\" width=\"700\" height=\"525\" srcset=\"https:\/\/www.euroresidentes.com\/empresa\/derecho-mercantil\/wp-content\/uploads\/sites\/12\/2017\/10\/email-empresa.jpg 700w, https:\/\/www.euroresidentes.com\/empresa\/derecho-mercantil\/wp-content\/uploads\/sites\/12\/2017\/10\/email-empresa-300x225.jpg 300w\" sizes=\"auto, (max-width: 700px) 100vw, 700px\" \/><\/a><\/p>\n<p>Desde Europa no se niega la posibilidad de controlar el uso de internet y del correo electr\u00f3nico utilizado para fines personales. Tal control queda totalmente permitido, pero, ahora bien, siempre y cuando se cumplan unas <strong>condiciones<\/strong> por parte del empresario.<\/p>\n<p>La <strong>monitorizaci\u00f3n del correo electr\u00f3nico y del uso de internet para fines personales<\/strong>, podr\u00e1 llevarse a cabo por el empresario siempre y cuando <strong>se cumplan varias circunstancias,<\/strong> y ser\u00e1 tras el cumplimiento de las mismas, cuando la utilizaci\u00f3n personal de esos medios podr\u00e1 ser generadora de un despido disciplinario o de una sanci\u00f3n.<\/p>\n<p>Se podr\u00e1 controlar, y posteriormente sancionar o despedir a un trabajador por el uso de internet o del correo electr\u00f3nico para fines personales cuando:<\/p>\n<ul>\n<li>El empresario <strong>haya avisado<\/strong> al trabajador de que la empresa va a <strong>proceder a controlar<\/strong> la correspondencia, as\u00ed como el uso de internet.<\/li>\n<\/ul>\n<ul>\n<li>El empresario <strong>haya comunicad<\/strong>o al trabajador el <strong>alcance del control y el grado de intrusi\u00f3n<\/strong> en su privacidad.<\/li>\n<\/ul>\n<ul>\n<li>El empresario <strong>haya avisado<\/strong> al empleado de las <strong>consecuencias<\/strong> del control, es decir, de las posibles sanciones o incluso despidos que se pueden producir por utilizar internet o por usar el correo electr\u00f3nico para fines personales.<\/li>\n<\/ul>\n<p>Es m\u00e1s, <strong>el empresario deber\u00e1 de probar que las medidas de control adoptadas son id\u00f3neas, necesarias, proporcionadas y justificadas<\/strong>. Y siempre deber\u00e1 procurar que el sistema de monitorizaci\u00f3n o control adoptado sea lo menos intrusivo para el trabajador.<\/p>\n<p>En esta ocasi\u00f3n, la Gran Sala avala al trabajador al entender vulnerado su derecho fundamental; sin embargo, en sentencias anteriores se hab\u00ed\u00ada fallado a favor del empresario, pues no exist\u00ed\u00ada tal vulneraci\u00f3n al haberse cumplido los requisitos establecidos para el control.\u00a0<\/p>\n<p>Sea como fuere, lo que la Sala pone de manifiesto con esta resoluci\u00f3n, es que ha de analizarse <strong>caso por caso<\/strong>, y que el fallo de cada Sentencia depender\u00e1 de las circunstancias acaecidas.<\/p>\n<p>Ello, sin perder de vista los intereses existentes en la batalla: por un lado, el derecho del trabajador al respeto de la vida familiar y privada y a la correspondencia; y por otro, el derecho del empresario a organizar y controlar el desarrollo de la actividad empresarial.<\/p>\n<p>&nbsp;<\/p>\n<p><strong>Lecturas relacionadas:<\/strong><\/p>\n<ul>\n<li><a href=\"https:\/\/www.euroresidentes.com\/empresa\/derecho-mercantil\/quien-puede-espiar-mi-correo-electronico-2\">\u00bfQui\u00e9n puede espiar mi correo electr\u00f3nico?<\/a><\/li>\n<\/ul>\n","protected":false},"excerpt":{"rendered":"<p>Muy recientemente se ha vuelto a pronunciar el Tribunal Europeo de Derecho Humanos (TEDH) sobre la batalla de intereses entre empresario y trabajador, batalla que invade el mundo que nos rodea, consecuencia del uso de Internet y del mundo de las tecnolog\u00ed\u00adas. Nos referimos a la posibilidad de que una empresa pueda controlar el correo electr\u00f3nico de sus trabajadores, as\u00ed como la frecuencia con la que se accede a internet para fines personales.\u00a0 El pasado cinco de septiembre de 2017, el Tribunal de Estrasburgo, dict\u00f3 una Sentencia, mediante la cual, daba la raz\u00f3n a un trabajador, al entender que hab\u00edan <\/p>\n","protected":false},"author":9,"featured_media":1349,"comment_status":"open","ping_status":"open","sticky":false,"template":"","format":"standard","meta":{"footnotes":""},"categories":[83],"tags":[121,33],"class_list":["post-1338","post","type-post","status-publish","format-standard","has-post-thumbnail","hentry","category-sentencias","tag-derecho-de-la-union-europea","tag-derecho-laboral","has_thumb"],"yoast_head":"<!-- This site is optimized with the Yoast SEO plugin v27.5 - https:\/\/yoast.com\/product\/yoast-seo-wordpress\/ -->\n<title>Europa dice s\u00ed al control del e-mail, pero con condiciones - Derecho Mercantil<\/title>\n<meta name=\"robots\" content=\"index, follow, max-snippet:-1, max-image-preview:large, max-video-preview:-1\" \/>\n<link rel=\"canonical\" href=\"https:\/\/www.euroresidentes.com\/empresa\/derecho-mercantil\/europa-dice-si-al-control-del-e-mail-pero-con-condiciones\/\" \/>\n<meta property=\"og:locale\" content=\"es_ES\" \/>\n<meta property=\"og:type\" content=\"article\" \/>\n<meta property=\"og:title\" content=\"Europa dice s\u00ed al control del e-mail, pero con condiciones - Derecho Mercantil\" \/>\n<meta property=\"og:description\" content=\"Muy recientemente se ha vuelto a pronunciar el Tribunal Europeo de Derecho Humanos (TEDH) sobre la batalla de intereses entre empresario y trabajador, batalla que invade el mundo que nos rodea, consecuencia del uso de Internet y del mundo de las tecnolog\u00ed\u00adas. Nos referimos a la posibilidad de que una empresa pueda controlar el correo electr\u00f3nico de sus trabajadores, as\u00ed como la frecuencia con la que se accede a internet para fines personales.\u00a0 El pasado cinco de septiembre de 2017, el Tribunal de Estrasburgo, dict\u00f3 una Sentencia, mediante la cual, daba la raz\u00f3n a un trabajador, al entender que hab\u00edan\" \/>\n<meta property=\"og:url\" content=\"https:\/\/www.euroresidentes.com\/empresa\/derecho-mercantil\/europa-dice-si-al-control-del-e-mail-pero-con-condiciones\/\" \/>\n<meta property=\"og:site_name\" content=\"Derecho Mercantil\" \/>\n<meta property=\"article:publisher\" content=\"https:\/\/www.facebook.com\/euroresidentes\/\" \/>\n<meta property=\"article:published_time\" content=\"2017-10-17T09:30:11+00:00\" \/>\n<meta property=\"article:modified_time\" content=\"2018-04-16T11:10:51+00:00\" \/>\n<meta property=\"og:image\" content=\"https:\/\/www.euroresidentes.com\/empresa\/derecho-mercantil\/wp-content\/uploads\/sites\/12\/2017\/10\/email-empresa.jpg\" \/>\n\t<meta property=\"og:image:width\" content=\"700\" \/>\n\t<meta property=\"og:image:height\" content=\"525\" \/>\n\t<meta property=\"og:image:type\" content=\"image\/jpeg\" \/>\n<meta name=\"author\" content=\"Manuel Pomares\" \/>\n<meta name=\"twitter:card\" content=\"summary_large_image\" \/>\n<meta name=\"twitter:label1\" content=\"Written by\" \/>\n\t<meta name=\"twitter:data1\" content=\"Manuel Pomares\" \/>\n\t<meta name=\"twitter:label2\" content=\"Est. reading time\" \/>\n\t<meta name=\"twitter:data2\" content=\"3 minutos\" \/>\n<script type=\"application\/ld+json\" class=\"yoast-schema-graph\">{\"@context\":\"https:\\\/\\\/schema.org\",\"@graph\":[{\"@type\":\"Article\",\"@id\":\"https:\\\/\\\/www.euroresidentes.com\\\/empresa\\\/derecho-mercantil\\\/europa-dice-si-al-control-del-e-mail-pero-con-condiciones\\\/#article\",\"isPartOf\":{\"@id\":\"https:\\\/\\\/www.euroresidentes.com\\\/empresa\\\/derecho-mercantil\\\/europa-dice-si-al-control-del-e-mail-pero-con-condiciones\\\/\"},\"author\":{\"name\":\"Manuel Pomares\",\"@id\":\"https:\\\/\\\/www.euroresidentes.com\\\/empresa\\\/derecho-mercantil\\\/#\\\/schema\\\/person\\\/1f848038ac5623245414f398a267708f\"},\"headline\":\"Europa dice s\u00ed al control del e-mail, pero con condiciones\",\"datePublished\":\"2017-10-17T09:30:11+00:00\",\"dateModified\":\"2018-04-16T11:10:51+00:00\",\"mainEntityOfPage\":{\"@id\":\"https:\\\/\\\/www.euroresidentes.com\\\/empresa\\\/derecho-mercantil\\\/europa-dice-si-al-control-del-e-mail-pero-con-condiciones\\\/\"},\"wordCount\":558,\"commentCount\":0,\"image\":{\"@id\":\"https:\\\/\\\/www.euroresidentes.com\\\/empresa\\\/derecho-mercantil\\\/europa-dice-si-al-control-del-e-mail-pero-con-condiciones\\\/#primaryimage\"},\"thumbnailUrl\":\"https:\\\/\\\/www.euroresidentes.com\\\/empresa\\\/derecho-mercantil\\\/wp-content\\\/uploads\\\/sites\\\/12\\\/2017\\\/10\\\/email-empresa.jpg\",\"keywords\":[\"Derecho de la Uni\u00f3n Europea\",\"derecho laboral\"],\"articleSection\":[\"SENTENCIAS\"],\"inLanguage\":\"es\",\"potentialAction\":[{\"@type\":\"CommentAction\",\"name\":\"Comment\",\"target\":[\"https:\\\/\\\/www.euroresidentes.com\\\/empresa\\\/derecho-mercantil\\\/europa-dice-si-al-control-del-e-mail-pero-con-condiciones\\\/#respond\"]}]},{\"@type\":\"WebPage\",\"@id\":\"https:\\\/\\\/www.euroresidentes.com\\\/empresa\\\/derecho-mercantil\\\/europa-dice-si-al-control-del-e-mail-pero-con-condiciones\\\/\",\"url\":\"https:\\\/\\\/www.euroresidentes.com\\\/empresa\\\/derecho-mercantil\\\/europa-dice-si-al-control-del-e-mail-pero-con-condiciones\\\/\",\"name\":\"Europa dice s\u00ed al control del e-mail, pero con condiciones - Derecho Mercantil\",\"isPartOf\":{\"@id\":\"https:\\\/\\\/www.euroresidentes.com\\\/empresa\\\/derecho-mercantil\\\/#website\"},\"primaryImageOfPage\":{\"@id\":\"https:\\\/\\\/www.euroresidentes.com\\\/empresa\\\/derecho-mercantil\\\/europa-dice-si-al-control-del-e-mail-pero-con-condiciones\\\/#primaryimage\"},\"image\":{\"@id\":\"https:\\\/\\\/www.euroresidentes.com\\\/empresa\\\/derecho-mercantil\\\/europa-dice-si-al-control-del-e-mail-pero-con-condiciones\\\/#primaryimage\"},\"thumbnailUrl\":\"https:\\\/\\\/www.euroresidentes.com\\\/empresa\\\/derecho-mercantil\\\/wp-content\\\/uploads\\\/sites\\\/12\\\/2017\\\/10\\\/email-empresa.jpg\",\"datePublished\":\"2017-10-17T09:30:11+00:00\",\"dateModified\":\"2018-04-16T11:10:51+00:00\",\"author\":{\"@id\":\"https:\\\/\\\/www.euroresidentes.com\\\/empresa\\\/derecho-mercantil\\\/#\\\/schema\\\/person\\\/1f848038ac5623245414f398a267708f\"},\"breadcrumb\":{\"@id\":\"https:\\\/\\\/www.euroresidentes.com\\\/empresa\\\/derecho-mercantil\\\/europa-dice-si-al-control-del-e-mail-pero-con-condiciones\\\/#breadcrumb\"},\"inLanguage\":\"es\",\"potentialAction\":[{\"@type\":\"ReadAction\",\"target\":[\"https:\\\/\\\/www.euroresidentes.com\\\/empresa\\\/derecho-mercantil\\\/europa-dice-si-al-control-del-e-mail-pero-con-condiciones\\\/\"]}]},{\"@type\":\"ImageObject\",\"inLanguage\":\"es\",\"@id\":\"https:\\\/\\\/www.euroresidentes.com\\\/empresa\\\/derecho-mercantil\\\/europa-dice-si-al-control-del-e-mail-pero-con-condiciones\\\/#primaryimage\",\"url\":\"https:\\\/\\\/www.euroresidentes.com\\\/empresa\\\/derecho-mercantil\\\/wp-content\\\/uploads\\\/sites\\\/12\\\/2017\\\/10\\\/email-empresa.jpg\",\"contentUrl\":\"https:\\\/\\\/www.euroresidentes.com\\\/empresa\\\/derecho-mercantil\\\/wp-content\\\/uploads\\\/sites\\\/12\\\/2017\\\/10\\\/email-empresa.jpg\",\"width\":700,\"height\":525},{\"@type\":\"BreadcrumbList\",\"@id\":\"https:\\\/\\\/www.euroresidentes.com\\\/empresa\\\/derecho-mercantil\\\/europa-dice-si-al-control-del-e-mail-pero-con-condiciones\\\/#breadcrumb\",\"itemListElement\":[{\"@type\":\"ListItem\",\"position\":1,\"name\":\"Portada\",\"item\":\"https:\\\/\\\/www.euroresidentes.com\\\/empresa\\\/derecho-mercantil\\\/\"},{\"@type\":\"ListItem\",\"position\":2,\"name\":\"Europa dice s\u00ed al control del e-mail, pero con condiciones\"}]},{\"@type\":\"WebSite\",\"@id\":\"https:\\\/\\\/www.euroresidentes.com\\\/empresa\\\/derecho-mercantil\\\/#website\",\"url\":\"https:\\\/\\\/www.euroresidentes.com\\\/empresa\\\/derecho-mercantil\\\/\",\"name\":\"Derecho Mercantil\",\"description\":\"Derecho y Empresa Euroresidentes\",\"potentialAction\":[{\"@type\":\"SearchAction\",\"target\":{\"@type\":\"EntryPoint\",\"urlTemplate\":\"https:\\\/\\\/www.euroresidentes.com\\\/empresa\\\/derecho-mercantil\\\/?s={search_term_string}\"},\"query-input\":{\"@type\":\"PropertyValueSpecification\",\"valueRequired\":true,\"valueName\":\"search_term_string\"}}],\"inLanguage\":\"es\"},{\"@type\":\"Person\",\"@id\":\"https:\\\/\\\/www.euroresidentes.com\\\/empresa\\\/derecho-mercantil\\\/#\\\/schema\\\/person\\\/1f848038ac5623245414f398a267708f\",\"name\":\"Manuel Pomares\",\"image\":{\"@type\":\"ImageObject\",\"inLanguage\":\"es\",\"@id\":\"https:\\\/\\\/www.euroresidentes.com\\\/empresa\\\/derecho-mercantil\\\/wp-content\\\/uploads\\\/sites\\\/12\\\/2016\\\/08\\\/manuel-pomares-abogados-150x150.jpg\",\"url\":\"https:\\\/\\\/www.euroresidentes.com\\\/empresa\\\/derecho-mercantil\\\/wp-content\\\/uploads\\\/sites\\\/12\\\/2016\\\/08\\\/manuel-pomares-abogados-150x150.jpg\",\"contentUrl\":\"https:\\\/\\\/www.euroresidentes.com\\\/empresa\\\/derecho-mercantil\\\/wp-content\\\/uploads\\\/sites\\\/12\\\/2016\\\/08\\\/manuel-pomares-abogados-150x150.jpg\",\"caption\":\"Manuel Pomares\"},\"description\":\"Manuel PomaresAbogado y socio director de la firma Pomares Abogados. Especialista en derecho mercantil-societario, bancario y responsabilidad civil-seguro.\",\"sameAs\":[\"http:\\\/\\\/www.euroresidentes.com\\\/empresa\\\/manuel-pomares-2.html\"],\"url\":\"https:\\\/\\\/www.euroresidentes.com\\\/empresa\\\/derecho-mercantil\\\/author\\\/manuel\\\/\"}]}<\/script>\n<!-- \/ Yoast SEO plugin. -->","yoast_head_json":{"title":"Europa dice s\u00ed al control del e-mail, pero con condiciones - Derecho Mercantil","robots":{"index":"index","follow":"follow","max-snippet":"max-snippet:-1","max-image-preview":"max-image-preview:large","max-video-preview":"max-video-preview:-1"},"canonical":"https:\/\/www.euroresidentes.com\/empresa\/derecho-mercantil\/europa-dice-si-al-control-del-e-mail-pero-con-condiciones\/","og_locale":"es_ES","og_type":"article","og_title":"Europa dice s\u00ed al control del e-mail, pero con condiciones - Derecho Mercantil","og_description":"Muy recientemente se ha vuelto a pronunciar el Tribunal Europeo de Derecho Humanos (TEDH) sobre la batalla de intereses entre empresario y trabajador, batalla que invade el mundo que nos rodea, consecuencia del uso de Internet y del mundo de las tecnolog\u00ed\u00adas. Nos referimos a la posibilidad de que una empresa pueda controlar el correo electr\u00f3nico de sus trabajadores, as\u00ed como la frecuencia con la que se accede a internet para fines personales.\u00a0 El pasado cinco de septiembre de 2017, el Tribunal de Estrasburgo, dict\u00f3 una Sentencia, mediante la cual, daba la raz\u00f3n a un trabajador, al entender que hab\u00edan","og_url":"https:\/\/www.euroresidentes.com\/empresa\/derecho-mercantil\/europa-dice-si-al-control-del-e-mail-pero-con-condiciones\/","og_site_name":"Derecho Mercantil","article_publisher":"https:\/\/www.facebook.com\/euroresidentes\/","article_published_time":"2017-10-17T09:30:11+00:00","article_modified_time":"2018-04-16T11:10:51+00:00","og_image":[{"width":700,"height":525,"url":"https:\/\/www.euroresidentes.com\/empresa\/derecho-mercantil\/wp-content\/uploads\/sites\/12\/2017\/10\/email-empresa.jpg","type":"image\/jpeg"}],"author":"Manuel Pomares","twitter_card":"summary_large_image","twitter_misc":{"Written by":"Manuel Pomares","Est. reading time":"3 minutos"},"schema":{"@context":"https:\/\/schema.org","@graph":[{"@type":"Article","@id":"https:\/\/www.euroresidentes.com\/empresa\/derecho-mercantil\/europa-dice-si-al-control-del-e-mail-pero-con-condiciones\/#article","isPartOf":{"@id":"https:\/\/www.euroresidentes.com\/empresa\/derecho-mercantil\/europa-dice-si-al-control-del-e-mail-pero-con-condiciones\/"},"author":{"name":"Manuel Pomares","@id":"https:\/\/www.euroresidentes.com\/empresa\/derecho-mercantil\/#\/schema\/person\/1f848038ac5623245414f398a267708f"},"headline":"Europa dice s\u00ed al control del e-mail, pero con condiciones","datePublished":"2017-10-17T09:30:11+00:00","dateModified":"2018-04-16T11:10:51+00:00","mainEntityOfPage":{"@id":"https:\/\/www.euroresidentes.com\/empresa\/derecho-mercantil\/europa-dice-si-al-control-del-e-mail-pero-con-condiciones\/"},"wordCount":558,"commentCount":0,"image":{"@id":"https:\/\/www.euroresidentes.com\/empresa\/derecho-mercantil\/europa-dice-si-al-control-del-e-mail-pero-con-condiciones\/#primaryimage"},"thumbnailUrl":"https:\/\/www.euroresidentes.com\/empresa\/derecho-mercantil\/wp-content\/uploads\/sites\/12\/2017\/10\/email-empresa.jpg","keywords":["Derecho de la Uni\u00f3n Europea","derecho laboral"],"articleSection":["SENTENCIAS"],"inLanguage":"es","potentialAction":[{"@type":"CommentAction","name":"Comment","target":["https:\/\/www.euroresidentes.com\/empresa\/derecho-mercantil\/europa-dice-si-al-control-del-e-mail-pero-con-condiciones\/#respond"]}]},{"@type":"WebPage","@id":"https:\/\/www.euroresidentes.com\/empresa\/derecho-mercantil\/europa-dice-si-al-control-del-e-mail-pero-con-condiciones\/","url":"https:\/\/www.euroresidentes.com\/empresa\/derecho-mercantil\/europa-dice-si-al-control-del-e-mail-pero-con-condiciones\/","name":"Europa dice s\u00ed al control del e-mail, pero con condiciones - Derecho Mercantil","isPartOf":{"@id":"https:\/\/www.euroresidentes.com\/empresa\/derecho-mercantil\/#website"},"primaryImageOfPage":{"@id":"https:\/\/www.euroresidentes.com\/empresa\/derecho-mercantil\/europa-dice-si-al-control-del-e-mail-pero-con-condiciones\/#primaryimage"},"image":{"@id":"https:\/\/www.euroresidentes.com\/empresa\/derecho-mercantil\/europa-dice-si-al-control-del-e-mail-pero-con-condiciones\/#primaryimage"},"thumbnailUrl":"https:\/\/www.euroresidentes.com\/empresa\/derecho-mercantil\/wp-content\/uploads\/sites\/12\/2017\/10\/email-empresa.jpg","datePublished":"2017-10-17T09:30:11+00:00","dateModified":"2018-04-16T11:10:51+00:00","author":{"@id":"https:\/\/www.euroresidentes.com\/empresa\/derecho-mercantil\/#\/schema\/person\/1f848038ac5623245414f398a267708f"},"breadcrumb":{"@id":"https:\/\/www.euroresidentes.com\/empresa\/derecho-mercantil\/europa-dice-si-al-control-del-e-mail-pero-con-condiciones\/#breadcrumb"},"inLanguage":"es","potentialAction":[{"@type":"ReadAction","target":["https:\/\/www.euroresidentes.com\/empresa\/derecho-mercantil\/europa-dice-si-al-control-del-e-mail-pero-con-condiciones\/"]}]},{"@type":"ImageObject","inLanguage":"es","@id":"https:\/\/www.euroresidentes.com\/empresa\/derecho-mercantil\/europa-dice-si-al-control-del-e-mail-pero-con-condiciones\/#primaryimage","url":"https:\/\/www.euroresidentes.com\/empresa\/derecho-mercantil\/wp-content\/uploads\/sites\/12\/2017\/10\/email-empresa.jpg","contentUrl":"https:\/\/www.euroresidentes.com\/empresa\/derecho-mercantil\/wp-content\/uploads\/sites\/12\/2017\/10\/email-empresa.jpg","width":700,"height":525},{"@type":"BreadcrumbList","@id":"https:\/\/www.euroresidentes.com\/empresa\/derecho-mercantil\/europa-dice-si-al-control-del-e-mail-pero-con-condiciones\/#breadcrumb","itemListElement":[{"@type":"ListItem","position":1,"name":"Portada","item":"https:\/\/www.euroresidentes.com\/empresa\/derecho-mercantil\/"},{"@type":"ListItem","position":2,"name":"Europa dice s\u00ed al control del e-mail, pero con condiciones"}]},{"@type":"WebSite","@id":"https:\/\/www.euroresidentes.com\/empresa\/derecho-mercantil\/#website","url":"https:\/\/www.euroresidentes.com\/empresa\/derecho-mercantil\/","name":"Derecho Mercantil","description":"Derecho y Empresa Euroresidentes","potentialAction":[{"@type":"SearchAction","target":{"@type":"EntryPoint","urlTemplate":"https:\/\/www.euroresidentes.com\/empresa\/derecho-mercantil\/?s={search_term_string}"},"query-input":{"@type":"PropertyValueSpecification","valueRequired":true,"valueName":"search_term_string"}}],"inLanguage":"es"},{"@type":"Person","@id":"https:\/\/www.euroresidentes.com\/empresa\/derecho-mercantil\/#\/schema\/person\/1f848038ac5623245414f398a267708f","name":"Manuel Pomares","image":{"@type":"ImageObject","inLanguage":"es","@id":"https:\/\/www.euroresidentes.com\/empresa\/derecho-mercantil\/wp-content\/uploads\/sites\/12\/2016\/08\/manuel-pomares-abogados-150x150.jpg","url":"https:\/\/www.euroresidentes.com\/empresa\/derecho-mercantil\/wp-content\/uploads\/sites\/12\/2016\/08\/manuel-pomares-abogados-150x150.jpg","contentUrl":"https:\/\/www.euroresidentes.com\/empresa\/derecho-mercantil\/wp-content\/uploads\/sites\/12\/2016\/08\/manuel-pomares-abogados-150x150.jpg","caption":"Manuel Pomares"},"description":"Manuel PomaresAbogado y socio director de la firma Pomares Abogados. Especialista en derecho mercantil-societario, bancario y responsabilidad civil-seguro.","sameAs":["http:\/\/www.euroresidentes.com\/empresa\/manuel-pomares-2.html"],"url":"https:\/\/www.euroresidentes.com\/empresa\/derecho-mercantil\/author\/manuel\/"}]}},"_links":{"self":[{"href":"https:\/\/www.euroresidentes.com\/empresa\/derecho-mercantil\/wp-json\/wp\/v2\/posts\/1338","targetHints":{"allow":["GET"]}}],"collection":[{"href":"https:\/\/www.euroresidentes.com\/empresa\/derecho-mercantil\/wp-json\/wp\/v2\/posts"}],"about":[{"href":"https:\/\/www.euroresidentes.com\/empresa\/derecho-mercantil\/wp-json\/wp\/v2\/types\/post"}],"author":[{"embeddable":true,"href":"https:\/\/www.euroresidentes.com\/empresa\/derecho-mercantil\/wp-json\/wp\/v2\/users\/9"}],"replies":[{"embeddable":true,"href":"https:\/\/www.euroresidentes.com\/empresa\/derecho-mercantil\/wp-json\/wp\/v2\/comments?post=1338"}],"version-history":[{"count":11,"href":"https:\/\/www.euroresidentes.com\/empresa\/derecho-mercantil\/wp-json\/wp\/v2\/posts\/1338\/revisions"}],"predecessor-version":[{"id":1351,"href":"https:\/\/www.euroresidentes.com\/empresa\/derecho-mercantil\/wp-json\/wp\/v2\/posts\/1338\/revisions\/1351"}],"wp:featuredmedia":[{"embeddable":true,"href":"https:\/\/www.euroresidentes.com\/empresa\/derecho-mercantil\/wp-json\/wp\/v2\/media\/1349"}],"wp:attachment":[{"href":"https:\/\/www.euroresidentes.com\/empresa\/derecho-mercantil\/wp-json\/wp\/v2\/media?parent=1338"}],"wp:term":[{"taxonomy":"category","embeddable":true,"href":"https:\/\/www.euroresidentes.com\/empresa\/derecho-mercantil\/wp-json\/wp\/v2\/categories?post=1338"},{"taxonomy":"post_tag","embeddable":true,"href":"https:\/\/www.euroresidentes.com\/empresa\/derecho-mercantil\/wp-json\/wp\/v2\/tags?post=1338"}],"curies":[{"name":"wp","href":"https:\/\/api.w.org\/{rel}","templated":true}]}}