
{"id":1276,"date":"2017-09-12T10:00:27","date_gmt":"2017-09-12T08:00:27","guid":{"rendered":"http:\/\/www.euroresidentes.com\/empresa\/derecho-mercantil\/?p=1276"},"modified":"2018-04-16T13:11:17","modified_gmt":"2018-04-16T11:11:17","slug":"derecho-al-olvido-las-criticas-de-los-pacientes-de-un-medico-en-internet-son-de-interes-publico","status":"publish","type":"post","link":"https:\/\/www.euroresidentes.com\/empresa\/derecho-mercantil\/derecho-al-olvido-las-criticas-de-los-pacientes-de-un-medico-en-internet-son-de-interes-publico\/","title":{"rendered":"Derecho al olvido: las cr\u00edticas de los pacientes de un m\u00e9dico en internet son de inter\u00e9s p\u00fablico"},"content":{"rendered":"<h4>La Audiencia Nacional se ha pronunciado recientemente sobre el \u00ab<strong>derecho al olvido<\/strong>\u00ab\u009d, rechaz\u00e1ndoselo a un m\u00e9dico que lo solicit\u00f3 ante las cr\u00ed\u00adticas de pacientes vertidas en internet.<\/h4>\n<p><a href=\"http:\/\/www.euroresidentes.com\/empresa\/derecho-mercantil\/wp-content\/uploads\/sites\/12\/2017\/09\/derecho-olvido-medico-paciente.jpg\"><img loading=\"lazy\" decoding=\"async\" class=\"aligncenter size-full wp-image-1280\" src=\"http:\/\/www.euroresidentes.com\/empresa\/derecho-mercantil\/wp-content\/uploads\/sites\/12\/2017\/09\/derecho-olvido-medico-paciente.jpg\" alt=\"derecho-olvido-medico-paciente\" width=\"700\" height=\"525\" srcset=\"https:\/\/www.euroresidentes.com\/empresa\/derecho-mercantil\/wp-content\/uploads\/sites\/12\/2017\/09\/derecho-olvido-medico-paciente.jpg 700w, https:\/\/www.euroresidentes.com\/empresa\/derecho-mercantil\/wp-content\/uploads\/sites\/12\/2017\/09\/derecho-olvido-medico-paciente-300x225.jpg 300w\" sizes=\"auto, (max-width: 700px) 100vw, 700px\" \/><\/a><\/p>\n<h3>Internet no olvida<\/h3>\n<p>Los foros y webs de opiniones son un lugar id\u00f3neo para que los usuarios, tanto de servicios como de productos, expresen sus valoraciones. A menudo las cr\u00edticas no son muy buenas, y ello puede perjudicar gravemente a los negocios y servicios ofrecidos por profesionales. Estas cr\u00ed\u00adticas negativas, \u00bftienen alg\u00fan l\u00ed\u00admite?<\/p>\n<p><!-- inserta publi --><\/p>\n<p>En el caso que nos ocupa, un cirujano especialista en problemas de espalda ejerci\u00f3 su derecho de oposici\u00f3n de sus datos personales frente a la empresa que gestiona el motor de b\u00fasqueda de Google. En su petici\u00f3n solicitaba la retirada de un enlace que llevaba a los internautas a un foro donde anteriores pacientes daban su opini\u00f3n sobre su experiencia con este doctor, experiencias no muy buenas, publicadas hace nueve a\u00f1os.<\/p>\n<p>&nbsp;<\/p>\n<h3>El inter\u00e9s p\u00fablico y la libertad de expresi\u00f3n priman sobre el derecho a la protecci\u00f3n de datos<\/h3>\n<p>La Sentencia de la Audiencia Nacional de 11 de mayo de 2017 resuelve este caso, dando la raz\u00f3n al gestor del motor de b\u00fasqueda, que defend\u00ed\u00ada la accesibilidad a esos datos por el inter\u00e9s p\u00fablico y la utilidad que pudieran tener para futuros pacientes.<\/p>\n<p>En un primer momento, la Agencia Espa\u00f1ola de Protecci\u00f3n de Datos (en adelante AEPD) estim\u00f3 la petici\u00f3n del doctor, por el car\u00e1cter obsoleto de los datos (hab\u00edan pasado ya nueve a\u00f1os) y la falta de inter\u00e9s general.<\/p>\n<p>Sin embargo, la Audiencia Nacional ha revocado la resoluci\u00f3n de la AEPD, por las siguientes <strong>razones<\/strong>:<\/p>\n<ol>\n<li>Aunque en el derecho a la protecci\u00f3n de datos personales tambi\u00e9n se incluyen datos de profesionales individuales, en este caso, <strong>los comentarios se refieren \u00fanicamente a la actividad profesional<\/strong> del cirujano, y por tanto, la protecci\u00f3n de datos personales es de menor intensidad. Son valoraciones que solo versan sobre aspectos profesionales del doctor.<\/li>\n<\/ol>\n<ol start=\"2\">\n<li>Los comentarios vertidos en el foro sobre el doctor son meras <strong>opiniones<\/strong>, que seg\u00fan la doctrina de la Audiencia Nacional, no entran en el \u00e1mbito de protecci\u00f3n de la LOPD.<\/li>\n<\/ol>\n<ol start=\"3\">\n<li>Hay que tener en cuenta la <strong>repercusi\u00f3n de la actividad profesional del m\u00e9dico en la vida p\u00fablica<\/strong>, m\u00e1s importante que su desprestigio profesional. Seg\u00fan la Audiencia Nacional, existe un \u00abi<em>nter\u00e9s leg\u00edtimo de los internautas potencialmente interesados en tener acceso a la informaci\u00f3n en cuesti\u00f3n\u00bb\u009d. <\/em>No hay que olvidar que se trata de un m\u00e9dico que sigue en activo. Ante esto, los futuros pacientes tienen derecho a conocer las experiencias de anteriores pacientes.<\/li>\n<\/ol>\n<ol start=\"4\">\n<li>Estas opiniones est\u00e1n amparadas por el <strong>derecho a la libertad de expresi\u00f3n<\/strong>, no debiendo pasar por el filtro de la informaci\u00f3n veraz, por el que s\u00ed\u00ad debe pasar la libertad de informaci\u00f3n.<\/li>\n<\/ol>\n<p><!-- inserta publi 2 --><\/p>\n<p>En conclusi\u00f3n, Google no debe eliminar de su buscador el enlace que lleva a la p\u00e1gina del foro, pues tal y como sentencia la Audiencia Nacional, los comentarios del foro son opiniones personales que versan \u00fanicamente sobre el aspecto profesional y no personal del doctor, una persona que tiene relevancia p\u00fablica en su sector, debiendo prevalecer sobre todo el inter\u00e9s p\u00fablico por conocer las opiniones de anteriores pacientes.<\/p>\n<p>La sentencia de la Audiencia Nacional delimita este derecho al olvido, uno de tantos derechos que ha nacido con el desarrollo de la era digital y el uso de internet.<\/p>\n<p><strong>En internet se queda huella de todo lo que hacemos<\/strong>, as\u00ed que, para evitar estas cosas, haced bien vuestro trabajo, pues tal y como se\u00f1ala la Audiencia Nacional, el derecho al olvido no significa que puedas construirte un pasado a tu gusto, eliminando toda informaci\u00f3n y opini\u00f3n que no te convenga.<\/p>\n<p>&nbsp;<\/p>\n<p><strong>Lecturas relacionadas:<\/strong><\/p>\n<ul>\n<li><a href=\"https:\/\/www.euroresidentes.com\/empresa\/derecho-mercantil\/en-que-afecta-a-mi-empresa-el-derecho-al-olvido-en-internet\">\u00bfEn qu\u00e9 afecta a mi empresa \u00abel derecho al olvido en internet\u00bb?<\/a><\/li>\n<li><a href=\"https:\/\/www.euroresidentes.com\/empresa\/innovacion\/la-sentencia-europea-contra-google-y-e\">La sentencia europea contra Google y el \u201cderecho al recuerdo\u201d<\/a><\/li>\n<\/ul>\n","protected":false},"excerpt":{"rendered":"<p>La Audiencia Nacional se ha pronunciado recientemente sobre el \u00abderecho al olvido\u00ab\u009d, rechaz\u00e1ndoselo a un m\u00e9dico que lo solicit\u00f3 ante las cr\u00ed\u00adticas de pacientes vertidas en internet. Internet no olvida Los foros y webs de opiniones son un lugar id\u00f3neo para que los usuarios, tanto de servicios como de productos, expresen sus valoraciones. A menudo las cr\u00edticas no son muy buenas, y ello puede perjudicar gravemente a los negocios y servicios ofrecidos por profesionales. Estas cr\u00ed\u00adticas negativas, \u00bftienen alg\u00fan l\u00ed\u00admite? En el caso que nos ocupa, un cirujano especialista en problemas de espalda ejerci\u00f3 su derecho de oposici\u00f3n de sus <\/p>\n","protected":false},"author":9,"featured_media":1280,"comment_status":"open","ping_status":"open","sticky":false,"template":"","format":"standard","meta":{"footnotes":""},"categories":[178,83],"tags":[],"class_list":["post-1276","post","type-post","status-publish","format-standard","has-post-thumbnail","hentry","category-proteccion-datos","category-sentencias","has_thumb"],"yoast_head":"<!-- This site is optimized with the Yoast SEO plugin v27.5 - https:\/\/yoast.com\/product\/yoast-seo-wordpress\/ -->\n<title>Derecho al olvido: las cr\u00edticas de los pacientes de un m\u00e9dico en internet son de inter\u00e9s p\u00fablico - Derecho Mercantil<\/title>\n<meta name=\"robots\" content=\"index, follow, max-snippet:-1, max-image-preview:large, max-video-preview:-1\" \/>\n<link rel=\"canonical\" href=\"https:\/\/www.euroresidentes.com\/empresa\/derecho-mercantil\/derecho-al-olvido-las-criticas-de-los-pacientes-de-un-medico-en-internet-son-de-interes-publico\/\" \/>\n<meta property=\"og:locale\" content=\"es_ES\" \/>\n<meta property=\"og:type\" content=\"article\" \/>\n<meta property=\"og:title\" content=\"Derecho al olvido: las cr\u00edticas de los pacientes de un m\u00e9dico en internet son de inter\u00e9s p\u00fablico - Derecho Mercantil\" \/>\n<meta property=\"og:description\" content=\"La Audiencia Nacional se ha pronunciado recientemente sobre el \u00abderecho al olvido\u00ab\u009d, rechaz\u00e1ndoselo a un m\u00e9dico que lo solicit\u00f3 ante las cr\u00ed\u00adticas de pacientes vertidas en internet. Internet no olvida Los foros y webs de opiniones son un lugar id\u00f3neo para que los usuarios, tanto de servicios como de productos, expresen sus valoraciones. A menudo las cr\u00edticas no son muy buenas, y ello puede perjudicar gravemente a los negocios y servicios ofrecidos por profesionales. Estas cr\u00ed\u00adticas negativas, \u00bftienen alg\u00fan l\u00ed\u00admite? En el caso que nos ocupa, un cirujano especialista en problemas de espalda ejerci\u00f3 su derecho de oposici\u00f3n de sus\" \/>\n<meta property=\"og:url\" content=\"https:\/\/www.euroresidentes.com\/empresa\/derecho-mercantil\/derecho-al-olvido-las-criticas-de-los-pacientes-de-un-medico-en-internet-son-de-interes-publico\/\" \/>\n<meta property=\"og:site_name\" content=\"Derecho Mercantil\" \/>\n<meta property=\"article:publisher\" content=\"https:\/\/www.facebook.com\/euroresidentes\/\" \/>\n<meta property=\"article:published_time\" content=\"2017-09-12T08:00:27+00:00\" \/>\n<meta property=\"article:modified_time\" content=\"2018-04-16T11:11:17+00:00\" \/>\n<meta property=\"og:image\" content=\"https:\/\/www.euroresidentes.com\/empresa\/derecho-mercantil\/wp-content\/uploads\/sites\/12\/2017\/09\/derecho-olvido-medico-paciente.jpg\" \/>\n\t<meta property=\"og:image:width\" content=\"700\" \/>\n\t<meta property=\"og:image:height\" content=\"525\" \/>\n\t<meta property=\"og:image:type\" content=\"image\/jpeg\" \/>\n<meta name=\"author\" content=\"Manuel Pomares\" \/>\n<meta name=\"twitter:card\" content=\"summary_large_image\" \/>\n<meta name=\"twitter:label1\" content=\"Written by\" \/>\n\t<meta name=\"twitter:data1\" content=\"Manuel Pomares\" \/>\n\t<meta name=\"twitter:label2\" content=\"Est. reading time\" \/>\n\t<meta name=\"twitter:data2\" content=\"3 minutos\" \/>\n<script type=\"application\/ld+json\" class=\"yoast-schema-graph\">{\"@context\":\"https:\\\/\\\/schema.org\",\"@graph\":[{\"@type\":\"Article\",\"@id\":\"https:\\\/\\\/www.euroresidentes.com\\\/empresa\\\/derecho-mercantil\\\/derecho-al-olvido-las-criticas-de-los-pacientes-de-un-medico-en-internet-son-de-interes-publico\\\/#article\",\"isPartOf\":{\"@id\":\"https:\\\/\\\/www.euroresidentes.com\\\/empresa\\\/derecho-mercantil\\\/derecho-al-olvido-las-criticas-de-los-pacientes-de-un-medico-en-internet-son-de-interes-publico\\\/\"},\"author\":{\"name\":\"Manuel Pomares\",\"@id\":\"https:\\\/\\\/www.euroresidentes.com\\\/empresa\\\/derecho-mercantil\\\/#\\\/schema\\\/person\\\/1f848038ac5623245414f398a267708f\"},\"headline\":\"Derecho al olvido: las cr\u00edticas de los pacientes de un m\u00e9dico en internet son de inter\u00e9s p\u00fablico\",\"datePublished\":\"2017-09-12T08:00:27+00:00\",\"dateModified\":\"2018-04-16T11:11:17+00:00\",\"mainEntityOfPage\":{\"@id\":\"https:\\\/\\\/www.euroresidentes.com\\\/empresa\\\/derecho-mercantil\\\/derecho-al-olvido-las-criticas-de-los-pacientes-de-un-medico-en-internet-son-de-interes-publico\\\/\"},\"wordCount\":703,\"commentCount\":0,\"image\":{\"@id\":\"https:\\\/\\\/www.euroresidentes.com\\\/empresa\\\/derecho-mercantil\\\/derecho-al-olvido-las-criticas-de-los-pacientes-de-un-medico-en-internet-son-de-interes-publico\\\/#primaryimage\"},\"thumbnailUrl\":\"https:\\\/\\\/www.euroresidentes.com\\\/empresa\\\/derecho-mercantil\\\/wp-content\\\/uploads\\\/sites\\\/12\\\/2017\\\/09\\\/derecho-olvido-medico-paciente.jpg\",\"articleSection\":[\"Protecci\u00f3n de Datos\",\"SENTENCIAS\"],\"inLanguage\":\"es\",\"potentialAction\":[{\"@type\":\"CommentAction\",\"name\":\"Comment\",\"target\":[\"https:\\\/\\\/www.euroresidentes.com\\\/empresa\\\/derecho-mercantil\\\/derecho-al-olvido-las-criticas-de-los-pacientes-de-un-medico-en-internet-son-de-interes-publico\\\/#respond\"]}]},{\"@type\":\"WebPage\",\"@id\":\"https:\\\/\\\/www.euroresidentes.com\\\/empresa\\\/derecho-mercantil\\\/derecho-al-olvido-las-criticas-de-los-pacientes-de-un-medico-en-internet-son-de-interes-publico\\\/\",\"url\":\"https:\\\/\\\/www.euroresidentes.com\\\/empresa\\\/derecho-mercantil\\\/derecho-al-olvido-las-criticas-de-los-pacientes-de-un-medico-en-internet-son-de-interes-publico\\\/\",\"name\":\"Derecho al olvido: las cr\u00edticas de los pacientes de un m\u00e9dico en internet son de inter\u00e9s p\u00fablico - Derecho Mercantil\",\"isPartOf\":{\"@id\":\"https:\\\/\\\/www.euroresidentes.com\\\/empresa\\\/derecho-mercantil\\\/#website\"},\"primaryImageOfPage\":{\"@id\":\"https:\\\/\\\/www.euroresidentes.com\\\/empresa\\\/derecho-mercantil\\\/derecho-al-olvido-las-criticas-de-los-pacientes-de-un-medico-en-internet-son-de-interes-publico\\\/#primaryimage\"},\"image\":{\"@id\":\"https:\\\/\\\/www.euroresidentes.com\\\/empresa\\\/derecho-mercantil\\\/derecho-al-olvido-las-criticas-de-los-pacientes-de-un-medico-en-internet-son-de-interes-publico\\\/#primaryimage\"},\"thumbnailUrl\":\"https:\\\/\\\/www.euroresidentes.com\\\/empresa\\\/derecho-mercantil\\\/wp-content\\\/uploads\\\/sites\\\/12\\\/2017\\\/09\\\/derecho-olvido-medico-paciente.jpg\",\"datePublished\":\"2017-09-12T08:00:27+00:00\",\"dateModified\":\"2018-04-16T11:11:17+00:00\",\"author\":{\"@id\":\"https:\\\/\\\/www.euroresidentes.com\\\/empresa\\\/derecho-mercantil\\\/#\\\/schema\\\/person\\\/1f848038ac5623245414f398a267708f\"},\"breadcrumb\":{\"@id\":\"https:\\\/\\\/www.euroresidentes.com\\\/empresa\\\/derecho-mercantil\\\/derecho-al-olvido-las-criticas-de-los-pacientes-de-un-medico-en-internet-son-de-interes-publico\\\/#breadcrumb\"},\"inLanguage\":\"es\",\"potentialAction\":[{\"@type\":\"ReadAction\",\"target\":[\"https:\\\/\\\/www.euroresidentes.com\\\/empresa\\\/derecho-mercantil\\\/derecho-al-olvido-las-criticas-de-los-pacientes-de-un-medico-en-internet-son-de-interes-publico\\\/\"]}]},{\"@type\":\"ImageObject\",\"inLanguage\":\"es\",\"@id\":\"https:\\\/\\\/www.euroresidentes.com\\\/empresa\\\/derecho-mercantil\\\/derecho-al-olvido-las-criticas-de-los-pacientes-de-un-medico-en-internet-son-de-interes-publico\\\/#primaryimage\",\"url\":\"https:\\\/\\\/www.euroresidentes.com\\\/empresa\\\/derecho-mercantil\\\/wp-content\\\/uploads\\\/sites\\\/12\\\/2017\\\/09\\\/derecho-olvido-medico-paciente.jpg\",\"contentUrl\":\"https:\\\/\\\/www.euroresidentes.com\\\/empresa\\\/derecho-mercantil\\\/wp-content\\\/uploads\\\/sites\\\/12\\\/2017\\\/09\\\/derecho-olvido-medico-paciente.jpg\",\"width\":700,\"height\":525},{\"@type\":\"BreadcrumbList\",\"@id\":\"https:\\\/\\\/www.euroresidentes.com\\\/empresa\\\/derecho-mercantil\\\/derecho-al-olvido-las-criticas-de-los-pacientes-de-un-medico-en-internet-son-de-interes-publico\\\/#breadcrumb\",\"itemListElement\":[{\"@type\":\"ListItem\",\"position\":1,\"name\":\"Portada\",\"item\":\"https:\\\/\\\/www.euroresidentes.com\\\/empresa\\\/derecho-mercantil\\\/\"},{\"@type\":\"ListItem\",\"position\":2,\"name\":\"Derecho al olvido: las cr\u00edticas de los pacientes de un m\u00e9dico en internet son de inter\u00e9s p\u00fablico\"}]},{\"@type\":\"WebSite\",\"@id\":\"https:\\\/\\\/www.euroresidentes.com\\\/empresa\\\/derecho-mercantil\\\/#website\",\"url\":\"https:\\\/\\\/www.euroresidentes.com\\\/empresa\\\/derecho-mercantil\\\/\",\"name\":\"Derecho Mercantil\",\"description\":\"Derecho y Empresa Euroresidentes\",\"potentialAction\":[{\"@type\":\"SearchAction\",\"target\":{\"@type\":\"EntryPoint\",\"urlTemplate\":\"https:\\\/\\\/www.euroresidentes.com\\\/empresa\\\/derecho-mercantil\\\/?s={search_term_string}\"},\"query-input\":{\"@type\":\"PropertyValueSpecification\",\"valueRequired\":true,\"valueName\":\"search_term_string\"}}],\"inLanguage\":\"es\"},{\"@type\":\"Person\",\"@id\":\"https:\\\/\\\/www.euroresidentes.com\\\/empresa\\\/derecho-mercantil\\\/#\\\/schema\\\/person\\\/1f848038ac5623245414f398a267708f\",\"name\":\"Manuel Pomares\",\"image\":{\"@type\":\"ImageObject\",\"inLanguage\":\"es\",\"@id\":\"https:\\\/\\\/www.euroresidentes.com\\\/empresa\\\/derecho-mercantil\\\/wp-content\\\/uploads\\\/sites\\\/12\\\/2016\\\/08\\\/manuel-pomares-abogados-150x150.jpg\",\"url\":\"https:\\\/\\\/www.euroresidentes.com\\\/empresa\\\/derecho-mercantil\\\/wp-content\\\/uploads\\\/sites\\\/12\\\/2016\\\/08\\\/manuel-pomares-abogados-150x150.jpg\",\"contentUrl\":\"https:\\\/\\\/www.euroresidentes.com\\\/empresa\\\/derecho-mercantil\\\/wp-content\\\/uploads\\\/sites\\\/12\\\/2016\\\/08\\\/manuel-pomares-abogados-150x150.jpg\",\"caption\":\"Manuel Pomares\"},\"description\":\"Manuel PomaresAbogado y socio director de la firma Pomares Abogados. Especialista en derecho mercantil-societario, bancario y responsabilidad civil-seguro.\",\"sameAs\":[\"http:\\\/\\\/www.euroresidentes.com\\\/empresa\\\/manuel-pomares-2.html\"],\"url\":\"https:\\\/\\\/www.euroresidentes.com\\\/empresa\\\/derecho-mercantil\\\/author\\\/manuel\\\/\"}]}<\/script>\n<!-- \/ Yoast SEO plugin. -->","yoast_head_json":{"title":"Derecho al olvido: las cr\u00edticas de los pacientes de un m\u00e9dico en internet son de inter\u00e9s p\u00fablico - Derecho Mercantil","robots":{"index":"index","follow":"follow","max-snippet":"max-snippet:-1","max-image-preview":"max-image-preview:large","max-video-preview":"max-video-preview:-1"},"canonical":"https:\/\/www.euroresidentes.com\/empresa\/derecho-mercantil\/derecho-al-olvido-las-criticas-de-los-pacientes-de-un-medico-en-internet-son-de-interes-publico\/","og_locale":"es_ES","og_type":"article","og_title":"Derecho al olvido: las cr\u00edticas de los pacientes de un m\u00e9dico en internet son de inter\u00e9s p\u00fablico - Derecho Mercantil","og_description":"La Audiencia Nacional se ha pronunciado recientemente sobre el \u00abderecho al olvido\u00ab\u009d, rechaz\u00e1ndoselo a un m\u00e9dico que lo solicit\u00f3 ante las cr\u00ed\u00adticas de pacientes vertidas en internet. Internet no olvida Los foros y webs de opiniones son un lugar id\u00f3neo para que los usuarios, tanto de servicios como de productos, expresen sus valoraciones. A menudo las cr\u00edticas no son muy buenas, y ello puede perjudicar gravemente a los negocios y servicios ofrecidos por profesionales. Estas cr\u00ed\u00adticas negativas, \u00bftienen alg\u00fan l\u00ed\u00admite? En el caso que nos ocupa, un cirujano especialista en problemas de espalda ejerci\u00f3 su derecho de oposici\u00f3n de sus","og_url":"https:\/\/www.euroresidentes.com\/empresa\/derecho-mercantil\/derecho-al-olvido-las-criticas-de-los-pacientes-de-un-medico-en-internet-son-de-interes-publico\/","og_site_name":"Derecho Mercantil","article_publisher":"https:\/\/www.facebook.com\/euroresidentes\/","article_published_time":"2017-09-12T08:00:27+00:00","article_modified_time":"2018-04-16T11:11:17+00:00","og_image":[{"width":700,"height":525,"url":"https:\/\/www.euroresidentes.com\/empresa\/derecho-mercantil\/wp-content\/uploads\/sites\/12\/2017\/09\/derecho-olvido-medico-paciente.jpg","type":"image\/jpeg"}],"author":"Manuel Pomares","twitter_card":"summary_large_image","twitter_misc":{"Written by":"Manuel Pomares","Est. reading time":"3 minutos"},"schema":{"@context":"https:\/\/schema.org","@graph":[{"@type":"Article","@id":"https:\/\/www.euroresidentes.com\/empresa\/derecho-mercantil\/derecho-al-olvido-las-criticas-de-los-pacientes-de-un-medico-en-internet-son-de-interes-publico\/#article","isPartOf":{"@id":"https:\/\/www.euroresidentes.com\/empresa\/derecho-mercantil\/derecho-al-olvido-las-criticas-de-los-pacientes-de-un-medico-en-internet-son-de-interes-publico\/"},"author":{"name":"Manuel Pomares","@id":"https:\/\/www.euroresidentes.com\/empresa\/derecho-mercantil\/#\/schema\/person\/1f848038ac5623245414f398a267708f"},"headline":"Derecho al olvido: las cr\u00edticas de los pacientes de un m\u00e9dico en internet son de inter\u00e9s p\u00fablico","datePublished":"2017-09-12T08:00:27+00:00","dateModified":"2018-04-16T11:11:17+00:00","mainEntityOfPage":{"@id":"https:\/\/www.euroresidentes.com\/empresa\/derecho-mercantil\/derecho-al-olvido-las-criticas-de-los-pacientes-de-un-medico-en-internet-son-de-interes-publico\/"},"wordCount":703,"commentCount":0,"image":{"@id":"https:\/\/www.euroresidentes.com\/empresa\/derecho-mercantil\/derecho-al-olvido-las-criticas-de-los-pacientes-de-un-medico-en-internet-son-de-interes-publico\/#primaryimage"},"thumbnailUrl":"https:\/\/www.euroresidentes.com\/empresa\/derecho-mercantil\/wp-content\/uploads\/sites\/12\/2017\/09\/derecho-olvido-medico-paciente.jpg","articleSection":["Protecci\u00f3n de Datos","SENTENCIAS"],"inLanguage":"es","potentialAction":[{"@type":"CommentAction","name":"Comment","target":["https:\/\/www.euroresidentes.com\/empresa\/derecho-mercantil\/derecho-al-olvido-las-criticas-de-los-pacientes-de-un-medico-en-internet-son-de-interes-publico\/#respond"]}]},{"@type":"WebPage","@id":"https:\/\/www.euroresidentes.com\/empresa\/derecho-mercantil\/derecho-al-olvido-las-criticas-de-los-pacientes-de-un-medico-en-internet-son-de-interes-publico\/","url":"https:\/\/www.euroresidentes.com\/empresa\/derecho-mercantil\/derecho-al-olvido-las-criticas-de-los-pacientes-de-un-medico-en-internet-son-de-interes-publico\/","name":"Derecho al olvido: las cr\u00edticas de los pacientes de un m\u00e9dico en internet son de inter\u00e9s p\u00fablico - Derecho Mercantil","isPartOf":{"@id":"https:\/\/www.euroresidentes.com\/empresa\/derecho-mercantil\/#website"},"primaryImageOfPage":{"@id":"https:\/\/www.euroresidentes.com\/empresa\/derecho-mercantil\/derecho-al-olvido-las-criticas-de-los-pacientes-de-un-medico-en-internet-son-de-interes-publico\/#primaryimage"},"image":{"@id":"https:\/\/www.euroresidentes.com\/empresa\/derecho-mercantil\/derecho-al-olvido-las-criticas-de-los-pacientes-de-un-medico-en-internet-son-de-interes-publico\/#primaryimage"},"thumbnailUrl":"https:\/\/www.euroresidentes.com\/empresa\/derecho-mercantil\/wp-content\/uploads\/sites\/12\/2017\/09\/derecho-olvido-medico-paciente.jpg","datePublished":"2017-09-12T08:00:27+00:00","dateModified":"2018-04-16T11:11:17+00:00","author":{"@id":"https:\/\/www.euroresidentes.com\/empresa\/derecho-mercantil\/#\/schema\/person\/1f848038ac5623245414f398a267708f"},"breadcrumb":{"@id":"https:\/\/www.euroresidentes.com\/empresa\/derecho-mercantil\/derecho-al-olvido-las-criticas-de-los-pacientes-de-un-medico-en-internet-son-de-interes-publico\/#breadcrumb"},"inLanguage":"es","potentialAction":[{"@type":"ReadAction","target":["https:\/\/www.euroresidentes.com\/empresa\/derecho-mercantil\/derecho-al-olvido-las-criticas-de-los-pacientes-de-un-medico-en-internet-son-de-interes-publico\/"]}]},{"@type":"ImageObject","inLanguage":"es","@id":"https:\/\/www.euroresidentes.com\/empresa\/derecho-mercantil\/derecho-al-olvido-las-criticas-de-los-pacientes-de-un-medico-en-internet-son-de-interes-publico\/#primaryimage","url":"https:\/\/www.euroresidentes.com\/empresa\/derecho-mercantil\/wp-content\/uploads\/sites\/12\/2017\/09\/derecho-olvido-medico-paciente.jpg","contentUrl":"https:\/\/www.euroresidentes.com\/empresa\/derecho-mercantil\/wp-content\/uploads\/sites\/12\/2017\/09\/derecho-olvido-medico-paciente.jpg","width":700,"height":525},{"@type":"BreadcrumbList","@id":"https:\/\/www.euroresidentes.com\/empresa\/derecho-mercantil\/derecho-al-olvido-las-criticas-de-los-pacientes-de-un-medico-en-internet-son-de-interes-publico\/#breadcrumb","itemListElement":[{"@type":"ListItem","position":1,"name":"Portada","item":"https:\/\/www.euroresidentes.com\/empresa\/derecho-mercantil\/"},{"@type":"ListItem","position":2,"name":"Derecho al olvido: las cr\u00edticas de los pacientes de un m\u00e9dico en internet son de inter\u00e9s p\u00fablico"}]},{"@type":"WebSite","@id":"https:\/\/www.euroresidentes.com\/empresa\/derecho-mercantil\/#website","url":"https:\/\/www.euroresidentes.com\/empresa\/derecho-mercantil\/","name":"Derecho Mercantil","description":"Derecho y Empresa Euroresidentes","potentialAction":[{"@type":"SearchAction","target":{"@type":"EntryPoint","urlTemplate":"https:\/\/www.euroresidentes.com\/empresa\/derecho-mercantil\/?s={search_term_string}"},"query-input":{"@type":"PropertyValueSpecification","valueRequired":true,"valueName":"search_term_string"}}],"inLanguage":"es"},{"@type":"Person","@id":"https:\/\/www.euroresidentes.com\/empresa\/derecho-mercantil\/#\/schema\/person\/1f848038ac5623245414f398a267708f","name":"Manuel Pomares","image":{"@type":"ImageObject","inLanguage":"es","@id":"https:\/\/www.euroresidentes.com\/empresa\/derecho-mercantil\/wp-content\/uploads\/sites\/12\/2016\/08\/manuel-pomares-abogados-150x150.jpg","url":"https:\/\/www.euroresidentes.com\/empresa\/derecho-mercantil\/wp-content\/uploads\/sites\/12\/2016\/08\/manuel-pomares-abogados-150x150.jpg","contentUrl":"https:\/\/www.euroresidentes.com\/empresa\/derecho-mercantil\/wp-content\/uploads\/sites\/12\/2016\/08\/manuel-pomares-abogados-150x150.jpg","caption":"Manuel Pomares"},"description":"Manuel PomaresAbogado y socio director de la firma Pomares Abogados. Especialista en derecho mercantil-societario, bancario y responsabilidad civil-seguro.","sameAs":["http:\/\/www.euroresidentes.com\/empresa\/manuel-pomares-2.html"],"url":"https:\/\/www.euroresidentes.com\/empresa\/derecho-mercantil\/author\/manuel\/"}]}},"_links":{"self":[{"href":"https:\/\/www.euroresidentes.com\/empresa\/derecho-mercantil\/wp-json\/wp\/v2\/posts\/1276","targetHints":{"allow":["GET"]}}],"collection":[{"href":"https:\/\/www.euroresidentes.com\/empresa\/derecho-mercantil\/wp-json\/wp\/v2\/posts"}],"about":[{"href":"https:\/\/www.euroresidentes.com\/empresa\/derecho-mercantil\/wp-json\/wp\/v2\/types\/post"}],"author":[{"embeddable":true,"href":"https:\/\/www.euroresidentes.com\/empresa\/derecho-mercantil\/wp-json\/wp\/v2\/users\/9"}],"replies":[{"embeddable":true,"href":"https:\/\/www.euroresidentes.com\/empresa\/derecho-mercantil\/wp-json\/wp\/v2\/comments?post=1276"}],"version-history":[{"count":6,"href":"https:\/\/www.euroresidentes.com\/empresa\/derecho-mercantil\/wp-json\/wp\/v2\/posts\/1276\/revisions"}],"predecessor-version":[{"id":1284,"href":"https:\/\/www.euroresidentes.com\/empresa\/derecho-mercantil\/wp-json\/wp\/v2\/posts\/1276\/revisions\/1284"}],"wp:featuredmedia":[{"embeddable":true,"href":"https:\/\/www.euroresidentes.com\/empresa\/derecho-mercantil\/wp-json\/wp\/v2\/media\/1280"}],"wp:attachment":[{"href":"https:\/\/www.euroresidentes.com\/empresa\/derecho-mercantil\/wp-json\/wp\/v2\/media?parent=1276"}],"wp:term":[{"taxonomy":"category","embeddable":true,"href":"https:\/\/www.euroresidentes.com\/empresa\/derecho-mercantil\/wp-json\/wp\/v2\/categories?post=1276"},{"taxonomy":"post_tag","embeddable":true,"href":"https:\/\/www.euroresidentes.com\/empresa\/derecho-mercantil\/wp-json\/wp\/v2\/tags?post=1276"}],"curies":[{"name":"wp","href":"https:\/\/api.w.org\/{rel}","templated":true}]}}