
{"id":1257,"date":"2017-09-05T11:17:55","date_gmt":"2017-09-05T09:17:55","guid":{"rendered":"http:\/\/www.euroresidentes.com\/empresa\/derecho-mercantil\/?p=1257"},"modified":"2017-09-26T11:33:40","modified_gmt":"2017-09-26T09:33:40","slug":"union-europea-obsolescencia-programada","status":"publish","type":"post","link":"https:\/\/www.euroresidentes.com\/empresa\/derecho-mercantil\/union-europea-obsolescencia-programada\/","title":{"rendered":"La Uni\u00f3n Europea, a un paso de acabar con la obsolescencia programada"},"content":{"rendered":"<p>\u00bfCu\u00e1ntas impresoras han dejado de imprimir de la noche a la ma\u00f1ana?\u00a0 \u00bfCu\u00e1ntos m\u00f3viles aparentemente nuevos dejan de funcionar sin motivo alguno? Todo ello tiene una explicaci\u00f3n: la obsolescencia programada de los aparatos electr\u00f3nicos.\u00a0<\/p>\n<p><a href=\"http:\/\/www.euroresidentes.com\/empresa\/derecho-mercantil\/wp-content\/uploads\/sites\/12\/2017\/09\/obsolescencia-ue.jpg\"><img loading=\"lazy\" decoding=\"async\" class=\"aligncenter size-full wp-image-1274\" src=\"http:\/\/www.euroresidentes.com\/empresa\/derecho-mercantil\/wp-content\/uploads\/sites\/12\/2017\/09\/obsolescencia-ue.jpg\" alt=\"Obsolescencia programada Uni\u00f3n Europea\" width=\"700\" height=\"525\" srcset=\"https:\/\/www.euroresidentes.com\/empresa\/derecho-mercantil\/wp-content\/uploads\/sites\/12\/2017\/09\/obsolescencia-ue.jpg 700w, https:\/\/www.euroresidentes.com\/empresa\/derecho-mercantil\/wp-content\/uploads\/sites\/12\/2017\/09\/obsolescencia-ue-300x225.jpg 300w\" sizes=\"auto, (max-width: 700px) 100vw, 700px\" \/><\/a><\/p>\n<p>La Uni\u00f3n Europea se marca como pr\u00f3ximo objetivo acabar con esta obsolescencia programada, y terminar as\u00ed con una t\u00e9cnica que obliga a consumir m\u00e1s, cuando en realidad no es necesario.\u00a0<\/p>\n<p><!-- inserta publi --><\/p>\n<h3>Pero, \u00bfqu\u00e9 es exactamente la obsolescencia programada?<\/h3>\n<p>Hay que distinguir en este caso varias clases:<\/p>\n<p>&#8211; \u00a0 \u00a0<strong>La obsolescencia programada propiamente dicha<\/strong>: consiste en prever una duraci\u00f3n de vida reducida del producto, si fuera necesario mediante la inclusi\u00f3n de un dispositivo interno para que el aparato llegue al final de su vida \u00fatil despu\u00e9s de un cierto n\u00famero de utilizaciones.<\/p>\n<p>&#8211; \u00a0 \u00a0<strong>La obsolescencia indirecta<\/strong>: se deriva generalmente de la imposibilidad de reparar un producto por falta de piezas de recambio adecuadas o por resultar imposible la reparaci\u00f3n (por ejemplo, el caso de las bater\u00edas soldadas al aparato electr\u00f3nico).<\/p>\n<p>&#8211; \u00a0 \u00a0 <strong>La obsolescencia por incompatibilidad<\/strong>: como es el caso, por ejemplo, de un programa inform\u00e1tico que deja de funcionar al actualizarse el sistema operativo.<\/p>\n<p>&#8211; \u00a0 \u00a0 <strong>\u00a0La obsolescencia psicol\u00f3gica:<\/strong> deriva de las campa\u00f1as de marketing de las empresas encaminadas a hacer que los consumidores perciban como obsoletos los productos existentes. En este caso no servir\u00eda de nada, por ejemplo, obligar a un fabricante de tabletas electr\u00f3nicas a producir objetos cuya vida \u00fatil sea de diez a\u00f1os si nuestros patrones de consumo hacen que deseemos sustituirlas cada dos a\u00f1os. Actualmente cambiamos nuestros tel\u00e9fonos m\u00f3viles cada veinte meses aproximadamente, y si hablamos de adolescentes, la cifra se reduce.\u00a0<\/p>\n<h3>La petici\u00f3n del Parlamento Europeo<\/h3>\n<p>La petici\u00f3n que realiza el Parlamento Europeo se centra en las tres primeras clases de obsolescencia, y ha solicitado a la Comisi\u00f3n que trabaje con varias marcas de electr\u00f3nica e inform\u00e1tica para que los usuarios tengan al menos la posibilidad de reparar sus dispositivos f\u00e1cilmente a trav\u00e9s de cualquier proveedor, sin necesidad de que \u00e9ste sea el de la marca del dispositivo.<\/p>\n<p>Aunque de momento es s\u00f3lo una petici\u00f3n, es evidente que el problema ya se ha puesto sobre la mesa en el Parlamento Europeo, y es obvio que tendr\u00e1 consecuencias en el mercado, pues entre las recomendaciones del parlamento se encuentra exigir a los fabricantes extraer y cambiar de forma sencilla las bater\u00edas de los productos de electr\u00f3nica, algo que con los m\u00f3viles de \u00faltima generaci\u00f3n es misi\u00f3n imposible, pues est\u00e1n pegadas al tel\u00e9fono, lo que provoca que tiremos el producto cuando \u00e9stas fallan.<\/p>\n<p>Excluyendo la opci\u00f3n de una normativa obligatoria, <strong>el CESE fomenta las iniciativas voluntarias de certificaci\u00f3n.<\/strong> Se ha recomendado la creaci\u00f3n de una etiqueta a nivel europeo que identifique los productos que sean f\u00e1ciles de reparar para que los usuarios puedan identificarlos sin problema, o bien, ampliar los periodos de garant\u00eda de los productos, en el caso de que pasen m\u00e1s de un mes repar\u00e1ndose.<\/p>\n<p>Esta recomendaci\u00f3n del Parlamento Europeo tiene su origen en el Dictamen de iniciativa del Comit\u00e9 Europeo Econ\u00f3mico y Social Europeo que se empez\u00f3 a elaborar en febrero de 2013: <em>\u00abPor un consumo m\u00e1s sostenible: la duraci\u00f3n de la vida de los productos industriales y la informaci\u00f3n al consumidor para recuperar la confianza\u00bb<\/em> cuyo ponente fue Thierry Libaert. En octubre de ese mismo a\u00f1o el Comit\u00e9 Econ\u00f3mico y Social Europeo aprob\u00f3 por mayor\u00eda dicho dictamen.<\/p>\n<p>En dicho dictamen el CESE aboga por la prohibici\u00f3n total de los productos cuyos defectos se calculan para provocar el fin de la vida \u00fatil del aparato. Estos casos, contados pero flagrantes, como el repercutido por los medios de comunicaci\u00f3n de determinadas impresoras concebidas para dejar de funcionar al cabo de un cierto n\u00famero de p\u00e1ginas impresas, provoca en los ciudadanos desconfianza respecto de las empresas.\u00a0<\/p>\n<p><!-- inserta publi 2 --><\/p>\n<h3>M\u00e1s facilidad para reparar los productos<\/h3>\n<p>El CESE recomienda tambi\u00e9n a las empresas que <strong>faciliten la reparaci\u00f3n de sus productos<\/strong> a trav\u00e9s de tres formas. La primera de ellas, la posibilidad t\u00e9cnica (por ejemplo, las tabletas electr\u00f3nicas cuyas bater\u00ed\u00adas est\u00e1n soldadas a la carcasa del aparato para evitar cualquier reparaci\u00f3n y obligar a comprar una nueva).<\/p>\n<p>En segundo lugar, \u00a0deber\u00e1 mantenerse la posibilidad de que los consumidores puedan aprovisionarse de piezas de recambio durante un periodo de cinco a\u00f1os a partir de la adquisici\u00f3n. Por \u00faltimo, y en tercer lugar, al comprar el producto, se deber\u00eda proporcionar un manual en el que se detallen las posibilidades de reparaci\u00f3n y las instrucciones para realizarla.<\/p>\n<h3>La necesidad de regular la vida \u00fatil de los productos electr\u00f3nicos<\/h3>\n<p>En el \u00e1mbito dom\u00e9stico, ofrecer una garant\u00eda de diez o veinte a\u00f1os en el mantenimiento de un electrodom\u00e9stico es un gran reclamo publicitario para adquirir el producto.<\/p>\n<p>Ofrecer este tipo de garant\u00edas podr\u00ed\u00ada convertirse en una norma europea aplicable a todos los productos consumidos en los 28 pa\u00edses de la Uni\u00f3n para no penalizar a las empresas europeas.<\/p>\n<p>De igual modo, los fabricantes podr\u00edan comprometerse a publicar datos sobre las aver\u00edas m\u00e1s frecuentes, puesto que conocen las m\u00e1s recurrentes. Podr\u00ed\u00adan almacenar \u00fanicamente esas piezas o comprometerse a fabricarlas por encargo o buscar proveedores de la marca que pudieran producirlas.<\/p>\n<p>Ello podr\u00ed\u00ada constituir un compromiso fuerte por parte de determinadas empresas de garantizar la fiabilidad de su producto y, m\u00e1s all\u00e1 de su relaci\u00f3n con el consumidor, se corresponder\u00ed\u00ada con la idea de certificaci\u00f3n voluntaria como compromiso de facilitar aquello que sea necesario para el mantenimiento de los productos y lograr que duren.<\/p>\n<p>Actualmente <strong>no existen legislaciones<\/strong> sobre la duraci\u00f3n de la vida de los productos ni normas europeas que permitan evaluar este aspecto, pero es evidente que tras esta petici\u00f3n del Parlamento Europeo no tardaremos en verlas.\u00a0<\/p>\n<p>El objetivo de todo esto es que se alargue la vida \u00fatil de los aparatos electr\u00f3nicos, que en muchos casos ya est\u00e1 programada y empieza a fallar, casualmente, al poco tiempo de caducar su garant\u00ed\u00ada. Esto reducir\u00e1 tambi\u00e9n la <strong>basura electr\u00f3nica <\/strong>que produce la Uni\u00f3n Europea, y devolver\u00e1 la confianza a los consumidores, cada vez m\u00e1s preocupados por el medio ambiente. \u00a0<\/p>\n","protected":false},"excerpt":{"rendered":"<p>\u00bfCu\u00e1ntas impresoras han dejado de imprimir de la noche a la ma\u00f1ana?\u00a0 \u00bfCu\u00e1ntos m\u00f3viles aparentemente nuevos dejan de funcionar sin motivo alguno? Todo ello tiene una explicaci\u00f3n: la obsolescencia programada de los aparatos electr\u00f3nicos.\u00a0 La Uni\u00f3n Europea se marca como pr\u00f3ximo objetivo acabar con esta obsolescencia programada, y terminar as\u00ed con una t\u00e9cnica que obliga a consumir m\u00e1s, cuando en realidad no es necesario.\u00a0 Pero, \u00bfqu\u00e9 es exactamente la obsolescencia programada? Hay que distinguir en este caso varias clases: &#8211; \u00a0 \u00a0La obsolescencia programada propiamente dicha: consiste en prever una duraci\u00f3n de vida reducida del producto, si fuera necesario mediante <\/p>\n","protected":false},"author":9,"featured_media":1274,"comment_status":"open","ping_status":"open","sticky":false,"template":"","format":"standard","meta":{"footnotes":""},"categories":[15],"tags":[121],"class_list":["post-1257","post","type-post","status-publish","format-standard","has-post-thumbnail","hentry","category-general","tag-derecho-de-la-union-europea","has_thumb"],"yoast_head":"<!-- This site is optimized with the Yoast SEO plugin v27.5 - https:\/\/yoast.com\/product\/yoast-seo-wordpress\/ -->\n<title>La Uni\u00f3n Europea, a un paso de acabar con la obsolescencia programada - Derecho Mercantil<\/title>\n<meta name=\"robots\" content=\"index, follow, max-snippet:-1, max-image-preview:large, max-video-preview:-1\" \/>\n<link rel=\"canonical\" href=\"https:\/\/www.euroresidentes.com\/empresa\/derecho-mercantil\/union-europea-obsolescencia-programada\/\" \/>\n<meta property=\"og:locale\" content=\"es_ES\" \/>\n<meta property=\"og:type\" content=\"article\" \/>\n<meta property=\"og:title\" content=\"La Uni\u00f3n Europea, a un paso de acabar con la obsolescencia programada - Derecho Mercantil\" \/>\n<meta property=\"og:description\" content=\"\u00bfCu\u00e1ntas impresoras han dejado de imprimir de la noche a la ma\u00f1ana?\u00a0 \u00bfCu\u00e1ntos m\u00f3viles aparentemente nuevos dejan de funcionar sin motivo alguno? Todo ello tiene una explicaci\u00f3n: la obsolescencia programada de los aparatos electr\u00f3nicos.\u00a0 La Uni\u00f3n Europea se marca como pr\u00f3ximo objetivo acabar con esta obsolescencia programada, y terminar as\u00ed con una t\u00e9cnica que obliga a consumir m\u00e1s, cuando en realidad no es necesario.\u00a0 Pero, \u00bfqu\u00e9 es exactamente la obsolescencia programada? Hay que distinguir en este caso varias clases: &#8211; \u00a0 \u00a0La obsolescencia programada propiamente dicha: consiste en prever una duraci\u00f3n de vida reducida del producto, si fuera necesario mediante\" \/>\n<meta property=\"og:url\" content=\"https:\/\/www.euroresidentes.com\/empresa\/derecho-mercantil\/union-europea-obsolescencia-programada\/\" \/>\n<meta property=\"og:site_name\" content=\"Derecho Mercantil\" \/>\n<meta property=\"article:publisher\" content=\"https:\/\/www.facebook.com\/euroresidentes\/\" \/>\n<meta property=\"article:published_time\" content=\"2017-09-05T09:17:55+00:00\" \/>\n<meta property=\"article:modified_time\" content=\"2017-09-26T09:33:40+00:00\" \/>\n<meta property=\"og:image\" content=\"https:\/\/www.euroresidentes.com\/empresa\/derecho-mercantil\/wp-content\/uploads\/sites\/12\/2017\/09\/obsolescencia-ue.jpg\" \/>\n\t<meta property=\"og:image:width\" content=\"700\" \/>\n\t<meta property=\"og:image:height\" content=\"525\" \/>\n\t<meta property=\"og:image:type\" content=\"image\/jpeg\" \/>\n<meta name=\"author\" content=\"Manuel Pomares\" \/>\n<meta name=\"twitter:card\" content=\"summary_large_image\" \/>\n<meta name=\"twitter:label1\" content=\"Written by\" \/>\n\t<meta name=\"twitter:data1\" content=\"Manuel Pomares\" \/>\n\t<meta name=\"twitter:label2\" content=\"Est. reading time\" \/>\n\t<meta name=\"twitter:data2\" content=\"5 minutos\" \/>\n<script type=\"application\/ld+json\" class=\"yoast-schema-graph\">{\"@context\":\"https:\\\/\\\/schema.org\",\"@graph\":[{\"@type\":\"Article\",\"@id\":\"https:\\\/\\\/www.euroresidentes.com\\\/empresa\\\/derecho-mercantil\\\/union-europea-obsolescencia-programada\\\/#article\",\"isPartOf\":{\"@id\":\"https:\\\/\\\/www.euroresidentes.com\\\/empresa\\\/derecho-mercantil\\\/union-europea-obsolescencia-programada\\\/\"},\"author\":{\"name\":\"Manuel Pomares\",\"@id\":\"https:\\\/\\\/www.euroresidentes.com\\\/empresa\\\/derecho-mercantil\\\/#\\\/schema\\\/person\\\/1f848038ac5623245414f398a267708f\"},\"headline\":\"La Uni\u00f3n Europea, a un paso de acabar con la obsolescencia programada\",\"datePublished\":\"2017-09-05T09:17:55+00:00\",\"dateModified\":\"2017-09-26T09:33:40+00:00\",\"mainEntityOfPage\":{\"@id\":\"https:\\\/\\\/www.euroresidentes.com\\\/empresa\\\/derecho-mercantil\\\/union-europea-obsolescencia-programada\\\/\"},\"wordCount\":1104,\"commentCount\":0,\"image\":{\"@id\":\"https:\\\/\\\/www.euroresidentes.com\\\/empresa\\\/derecho-mercantil\\\/union-europea-obsolescencia-programada\\\/#primaryimage\"},\"thumbnailUrl\":\"https:\\\/\\\/www.euroresidentes.com\\\/empresa\\\/derecho-mercantil\\\/wp-content\\\/uploads\\\/sites\\\/12\\\/2017\\\/09\\\/obsolescencia-ue.jpg\",\"keywords\":[\"Derecho de la Uni\u00f3n Europea\"],\"articleSection\":[\"General\"],\"inLanguage\":\"es\",\"potentialAction\":[{\"@type\":\"CommentAction\",\"name\":\"Comment\",\"target\":[\"https:\\\/\\\/www.euroresidentes.com\\\/empresa\\\/derecho-mercantil\\\/union-europea-obsolescencia-programada\\\/#respond\"]}]},{\"@type\":\"WebPage\",\"@id\":\"https:\\\/\\\/www.euroresidentes.com\\\/empresa\\\/derecho-mercantil\\\/union-europea-obsolescencia-programada\\\/\",\"url\":\"https:\\\/\\\/www.euroresidentes.com\\\/empresa\\\/derecho-mercantil\\\/union-europea-obsolescencia-programada\\\/\",\"name\":\"La Uni\u00f3n Europea, a un paso de acabar con la obsolescencia programada - Derecho Mercantil\",\"isPartOf\":{\"@id\":\"https:\\\/\\\/www.euroresidentes.com\\\/empresa\\\/derecho-mercantil\\\/#website\"},\"primaryImageOfPage\":{\"@id\":\"https:\\\/\\\/www.euroresidentes.com\\\/empresa\\\/derecho-mercantil\\\/union-europea-obsolescencia-programada\\\/#primaryimage\"},\"image\":{\"@id\":\"https:\\\/\\\/www.euroresidentes.com\\\/empresa\\\/derecho-mercantil\\\/union-europea-obsolescencia-programada\\\/#primaryimage\"},\"thumbnailUrl\":\"https:\\\/\\\/www.euroresidentes.com\\\/empresa\\\/derecho-mercantil\\\/wp-content\\\/uploads\\\/sites\\\/12\\\/2017\\\/09\\\/obsolescencia-ue.jpg\",\"datePublished\":\"2017-09-05T09:17:55+00:00\",\"dateModified\":\"2017-09-26T09:33:40+00:00\",\"author\":{\"@id\":\"https:\\\/\\\/www.euroresidentes.com\\\/empresa\\\/derecho-mercantil\\\/#\\\/schema\\\/person\\\/1f848038ac5623245414f398a267708f\"},\"breadcrumb\":{\"@id\":\"https:\\\/\\\/www.euroresidentes.com\\\/empresa\\\/derecho-mercantil\\\/union-europea-obsolescencia-programada\\\/#breadcrumb\"},\"inLanguage\":\"es\",\"potentialAction\":[{\"@type\":\"ReadAction\",\"target\":[\"https:\\\/\\\/www.euroresidentes.com\\\/empresa\\\/derecho-mercantil\\\/union-europea-obsolescencia-programada\\\/\"]}]},{\"@type\":\"ImageObject\",\"inLanguage\":\"es\",\"@id\":\"https:\\\/\\\/www.euroresidentes.com\\\/empresa\\\/derecho-mercantil\\\/union-europea-obsolescencia-programada\\\/#primaryimage\",\"url\":\"https:\\\/\\\/www.euroresidentes.com\\\/empresa\\\/derecho-mercantil\\\/wp-content\\\/uploads\\\/sites\\\/12\\\/2017\\\/09\\\/obsolescencia-ue.jpg\",\"contentUrl\":\"https:\\\/\\\/www.euroresidentes.com\\\/empresa\\\/derecho-mercantil\\\/wp-content\\\/uploads\\\/sites\\\/12\\\/2017\\\/09\\\/obsolescencia-ue.jpg\",\"width\":700,\"height\":525,\"caption\":\"Obsolescencia programada Uni\u00f3n Europea\"},{\"@type\":\"BreadcrumbList\",\"@id\":\"https:\\\/\\\/www.euroresidentes.com\\\/empresa\\\/derecho-mercantil\\\/union-europea-obsolescencia-programada\\\/#breadcrumb\",\"itemListElement\":[{\"@type\":\"ListItem\",\"position\":1,\"name\":\"Portada\",\"item\":\"https:\\\/\\\/www.euroresidentes.com\\\/empresa\\\/derecho-mercantil\\\/\"},{\"@type\":\"ListItem\",\"position\":2,\"name\":\"La Uni\u00f3n Europea, a un paso de acabar con la obsolescencia programada\"}]},{\"@type\":\"WebSite\",\"@id\":\"https:\\\/\\\/www.euroresidentes.com\\\/empresa\\\/derecho-mercantil\\\/#website\",\"url\":\"https:\\\/\\\/www.euroresidentes.com\\\/empresa\\\/derecho-mercantil\\\/\",\"name\":\"Derecho Mercantil\",\"description\":\"Derecho y Empresa Euroresidentes\",\"potentialAction\":[{\"@type\":\"SearchAction\",\"target\":{\"@type\":\"EntryPoint\",\"urlTemplate\":\"https:\\\/\\\/www.euroresidentes.com\\\/empresa\\\/derecho-mercantil\\\/?s={search_term_string}\"},\"query-input\":{\"@type\":\"PropertyValueSpecification\",\"valueRequired\":true,\"valueName\":\"search_term_string\"}}],\"inLanguage\":\"es\"},{\"@type\":\"Person\",\"@id\":\"https:\\\/\\\/www.euroresidentes.com\\\/empresa\\\/derecho-mercantil\\\/#\\\/schema\\\/person\\\/1f848038ac5623245414f398a267708f\",\"name\":\"Manuel Pomares\",\"image\":{\"@type\":\"ImageObject\",\"inLanguage\":\"es\",\"@id\":\"https:\\\/\\\/www.euroresidentes.com\\\/empresa\\\/derecho-mercantil\\\/wp-content\\\/uploads\\\/sites\\\/12\\\/2016\\\/08\\\/manuel-pomares-abogados-150x150.jpg\",\"url\":\"https:\\\/\\\/www.euroresidentes.com\\\/empresa\\\/derecho-mercantil\\\/wp-content\\\/uploads\\\/sites\\\/12\\\/2016\\\/08\\\/manuel-pomares-abogados-150x150.jpg\",\"contentUrl\":\"https:\\\/\\\/www.euroresidentes.com\\\/empresa\\\/derecho-mercantil\\\/wp-content\\\/uploads\\\/sites\\\/12\\\/2016\\\/08\\\/manuel-pomares-abogados-150x150.jpg\",\"caption\":\"Manuel Pomares\"},\"description\":\"Manuel PomaresAbogado y socio director de la firma Pomares Abogados. Especialista en derecho mercantil-societario, bancario y responsabilidad civil-seguro.\",\"sameAs\":[\"http:\\\/\\\/www.euroresidentes.com\\\/empresa\\\/manuel-pomares-2.html\"],\"url\":\"https:\\\/\\\/www.euroresidentes.com\\\/empresa\\\/derecho-mercantil\\\/author\\\/manuel\\\/\"}]}<\/script>\n<!-- \/ Yoast SEO plugin. -->","yoast_head_json":{"title":"La Uni\u00f3n Europea, a un paso de acabar con la obsolescencia programada - Derecho Mercantil","robots":{"index":"index","follow":"follow","max-snippet":"max-snippet:-1","max-image-preview":"max-image-preview:large","max-video-preview":"max-video-preview:-1"},"canonical":"https:\/\/www.euroresidentes.com\/empresa\/derecho-mercantil\/union-europea-obsolescencia-programada\/","og_locale":"es_ES","og_type":"article","og_title":"La Uni\u00f3n Europea, a un paso de acabar con la obsolescencia programada - Derecho Mercantil","og_description":"\u00bfCu\u00e1ntas impresoras han dejado de imprimir de la noche a la ma\u00f1ana?\u00a0 \u00bfCu\u00e1ntos m\u00f3viles aparentemente nuevos dejan de funcionar sin motivo alguno? Todo ello tiene una explicaci\u00f3n: la obsolescencia programada de los aparatos electr\u00f3nicos.\u00a0 La Uni\u00f3n Europea se marca como pr\u00f3ximo objetivo acabar con esta obsolescencia programada, y terminar as\u00ed con una t\u00e9cnica que obliga a consumir m\u00e1s, cuando en realidad no es necesario.\u00a0 Pero, \u00bfqu\u00e9 es exactamente la obsolescencia programada? Hay que distinguir en este caso varias clases: &#8211; \u00a0 \u00a0La obsolescencia programada propiamente dicha: consiste en prever una duraci\u00f3n de vida reducida del producto, si fuera necesario mediante","og_url":"https:\/\/www.euroresidentes.com\/empresa\/derecho-mercantil\/union-europea-obsolescencia-programada\/","og_site_name":"Derecho Mercantil","article_publisher":"https:\/\/www.facebook.com\/euroresidentes\/","article_published_time":"2017-09-05T09:17:55+00:00","article_modified_time":"2017-09-26T09:33:40+00:00","og_image":[{"width":700,"height":525,"url":"https:\/\/www.euroresidentes.com\/empresa\/derecho-mercantil\/wp-content\/uploads\/sites\/12\/2017\/09\/obsolescencia-ue.jpg","type":"image\/jpeg"}],"author":"Manuel Pomares","twitter_card":"summary_large_image","twitter_misc":{"Written by":"Manuel Pomares","Est. reading time":"5 minutos"},"schema":{"@context":"https:\/\/schema.org","@graph":[{"@type":"Article","@id":"https:\/\/www.euroresidentes.com\/empresa\/derecho-mercantil\/union-europea-obsolescencia-programada\/#article","isPartOf":{"@id":"https:\/\/www.euroresidentes.com\/empresa\/derecho-mercantil\/union-europea-obsolescencia-programada\/"},"author":{"name":"Manuel Pomares","@id":"https:\/\/www.euroresidentes.com\/empresa\/derecho-mercantil\/#\/schema\/person\/1f848038ac5623245414f398a267708f"},"headline":"La Uni\u00f3n Europea, a un paso de acabar con la obsolescencia programada","datePublished":"2017-09-05T09:17:55+00:00","dateModified":"2017-09-26T09:33:40+00:00","mainEntityOfPage":{"@id":"https:\/\/www.euroresidentes.com\/empresa\/derecho-mercantil\/union-europea-obsolescencia-programada\/"},"wordCount":1104,"commentCount":0,"image":{"@id":"https:\/\/www.euroresidentes.com\/empresa\/derecho-mercantil\/union-europea-obsolescencia-programada\/#primaryimage"},"thumbnailUrl":"https:\/\/www.euroresidentes.com\/empresa\/derecho-mercantil\/wp-content\/uploads\/sites\/12\/2017\/09\/obsolescencia-ue.jpg","keywords":["Derecho de la Uni\u00f3n Europea"],"articleSection":["General"],"inLanguage":"es","potentialAction":[{"@type":"CommentAction","name":"Comment","target":["https:\/\/www.euroresidentes.com\/empresa\/derecho-mercantil\/union-europea-obsolescencia-programada\/#respond"]}]},{"@type":"WebPage","@id":"https:\/\/www.euroresidentes.com\/empresa\/derecho-mercantil\/union-europea-obsolescencia-programada\/","url":"https:\/\/www.euroresidentes.com\/empresa\/derecho-mercantil\/union-europea-obsolescencia-programada\/","name":"La Uni\u00f3n Europea, a un paso de acabar con la obsolescencia programada - Derecho Mercantil","isPartOf":{"@id":"https:\/\/www.euroresidentes.com\/empresa\/derecho-mercantil\/#website"},"primaryImageOfPage":{"@id":"https:\/\/www.euroresidentes.com\/empresa\/derecho-mercantil\/union-europea-obsolescencia-programada\/#primaryimage"},"image":{"@id":"https:\/\/www.euroresidentes.com\/empresa\/derecho-mercantil\/union-europea-obsolescencia-programada\/#primaryimage"},"thumbnailUrl":"https:\/\/www.euroresidentes.com\/empresa\/derecho-mercantil\/wp-content\/uploads\/sites\/12\/2017\/09\/obsolescencia-ue.jpg","datePublished":"2017-09-05T09:17:55+00:00","dateModified":"2017-09-26T09:33:40+00:00","author":{"@id":"https:\/\/www.euroresidentes.com\/empresa\/derecho-mercantil\/#\/schema\/person\/1f848038ac5623245414f398a267708f"},"breadcrumb":{"@id":"https:\/\/www.euroresidentes.com\/empresa\/derecho-mercantil\/union-europea-obsolescencia-programada\/#breadcrumb"},"inLanguage":"es","potentialAction":[{"@type":"ReadAction","target":["https:\/\/www.euroresidentes.com\/empresa\/derecho-mercantil\/union-europea-obsolescencia-programada\/"]}]},{"@type":"ImageObject","inLanguage":"es","@id":"https:\/\/www.euroresidentes.com\/empresa\/derecho-mercantil\/union-europea-obsolescencia-programada\/#primaryimage","url":"https:\/\/www.euroresidentes.com\/empresa\/derecho-mercantil\/wp-content\/uploads\/sites\/12\/2017\/09\/obsolescencia-ue.jpg","contentUrl":"https:\/\/www.euroresidentes.com\/empresa\/derecho-mercantil\/wp-content\/uploads\/sites\/12\/2017\/09\/obsolescencia-ue.jpg","width":700,"height":525,"caption":"Obsolescencia programada Uni\u00f3n Europea"},{"@type":"BreadcrumbList","@id":"https:\/\/www.euroresidentes.com\/empresa\/derecho-mercantil\/union-europea-obsolescencia-programada\/#breadcrumb","itemListElement":[{"@type":"ListItem","position":1,"name":"Portada","item":"https:\/\/www.euroresidentes.com\/empresa\/derecho-mercantil\/"},{"@type":"ListItem","position":2,"name":"La Uni\u00f3n Europea, a un paso de acabar con la obsolescencia programada"}]},{"@type":"WebSite","@id":"https:\/\/www.euroresidentes.com\/empresa\/derecho-mercantil\/#website","url":"https:\/\/www.euroresidentes.com\/empresa\/derecho-mercantil\/","name":"Derecho Mercantil","description":"Derecho y Empresa Euroresidentes","potentialAction":[{"@type":"SearchAction","target":{"@type":"EntryPoint","urlTemplate":"https:\/\/www.euroresidentes.com\/empresa\/derecho-mercantil\/?s={search_term_string}"},"query-input":{"@type":"PropertyValueSpecification","valueRequired":true,"valueName":"search_term_string"}}],"inLanguage":"es"},{"@type":"Person","@id":"https:\/\/www.euroresidentes.com\/empresa\/derecho-mercantil\/#\/schema\/person\/1f848038ac5623245414f398a267708f","name":"Manuel Pomares","image":{"@type":"ImageObject","inLanguage":"es","@id":"https:\/\/www.euroresidentes.com\/empresa\/derecho-mercantil\/wp-content\/uploads\/sites\/12\/2016\/08\/manuel-pomares-abogados-150x150.jpg","url":"https:\/\/www.euroresidentes.com\/empresa\/derecho-mercantil\/wp-content\/uploads\/sites\/12\/2016\/08\/manuel-pomares-abogados-150x150.jpg","contentUrl":"https:\/\/www.euroresidentes.com\/empresa\/derecho-mercantil\/wp-content\/uploads\/sites\/12\/2016\/08\/manuel-pomares-abogados-150x150.jpg","caption":"Manuel Pomares"},"description":"Manuel PomaresAbogado y socio director de la firma Pomares Abogados. Especialista en derecho mercantil-societario, bancario y responsabilidad civil-seguro.","sameAs":["http:\/\/www.euroresidentes.com\/empresa\/manuel-pomares-2.html"],"url":"https:\/\/www.euroresidentes.com\/empresa\/derecho-mercantil\/author\/manuel\/"}]}},"_links":{"self":[{"href":"https:\/\/www.euroresidentes.com\/empresa\/derecho-mercantil\/wp-json\/wp\/v2\/posts\/1257","targetHints":{"allow":["GET"]}}],"collection":[{"href":"https:\/\/www.euroresidentes.com\/empresa\/derecho-mercantil\/wp-json\/wp\/v2\/posts"}],"about":[{"href":"https:\/\/www.euroresidentes.com\/empresa\/derecho-mercantil\/wp-json\/wp\/v2\/types\/post"}],"author":[{"embeddable":true,"href":"https:\/\/www.euroresidentes.com\/empresa\/derecho-mercantil\/wp-json\/wp\/v2\/users\/9"}],"replies":[{"embeddable":true,"href":"https:\/\/www.euroresidentes.com\/empresa\/derecho-mercantil\/wp-json\/wp\/v2\/comments?post=1257"}],"version-history":[{"count":13,"href":"https:\/\/www.euroresidentes.com\/empresa\/derecho-mercantil\/wp-json\/wp\/v2\/posts\/1257\/revisions"}],"predecessor-version":[{"id":1275,"href":"https:\/\/www.euroresidentes.com\/empresa\/derecho-mercantil\/wp-json\/wp\/v2\/posts\/1257\/revisions\/1275"}],"wp:featuredmedia":[{"embeddable":true,"href":"https:\/\/www.euroresidentes.com\/empresa\/derecho-mercantil\/wp-json\/wp\/v2\/media\/1274"}],"wp:attachment":[{"href":"https:\/\/www.euroresidentes.com\/empresa\/derecho-mercantil\/wp-json\/wp\/v2\/media?parent=1257"}],"wp:term":[{"taxonomy":"category","embeddable":true,"href":"https:\/\/www.euroresidentes.com\/empresa\/derecho-mercantil\/wp-json\/wp\/v2\/categories?post=1257"},{"taxonomy":"post_tag","embeddable":true,"href":"https:\/\/www.euroresidentes.com\/empresa\/derecho-mercantil\/wp-json\/wp\/v2\/tags?post=1257"}],"curies":[{"name":"wp","href":"https:\/\/api.w.org\/{rel}","templated":true}]}}