
{"id":1190,"date":"2017-06-27T10:00:03","date_gmt":"2017-06-27T08:00:03","guid":{"rendered":"http:\/\/www.euroresidentes.com\/empresa\/derecho-mercantil\/?p=1190"},"modified":"2018-01-31T12:51:26","modified_gmt":"2018-01-31T11:51:26","slug":"la-venganza-tiene-un-precio-para-el-desahuciado-que-destroza-el-local","status":"publish","type":"post","link":"https:\/\/www.euroresidentes.com\/empresa\/derecho-mercantil\/la-venganza-tiene-un-precio-para-el-desahuciado-que-destroza-el-local\/","title":{"rendered":"La venganza tiene un precio para el desahuciado que destroza el local"},"content":{"rendered":"<h4 style=\"text-align: justify;\"><span style=\"color: #000000; font-family: Calibri;\">Tras la resoluci\u00f3n de un contrato de arrendamiento es habitual encontrarnos ante deterioros en los bienes muebles o en el propio inmueble que ha sido objeto del arrendamiento. En muchas ocasiones esos deterioros son consecuencia del tiempo y uso normal del bien en cuesti\u00f3n, pero, sin embargo, nos podemos encontrar ante situaciones muy diferentes, como procedimientos en los que el desahuciado, descontento con su situaci\u00f3n, provoca da\u00f1os de forma intencionada en la vivienda o local que ocupaba. <\/span><\/h4>\n<h4 style=\"text-align: justify;\"><span style=\"color: #000000; font-family: Calibri;\">El problema es determinar qui\u00e9n es el responsable de dichos da\u00f1os y el origen de los mismos, y obviamente, cobrar la posible indemnizaci\u00f3n, ya que nos enfrentamos ante un desahuciado que posiblemente no contar\u00e1 con los medios econ\u00f3micos suficientes para hacer frente al pago de los destrozos.<\/span><\/h4>\n<p style=\"text-align: justify;\">\u00a0<\/p>\n<p style=\"text-align: justify;\"><span style=\"color: #000000; font-family: Calibri;\">\u00a0<a href=\"http:\/\/www.euroresidentes.com\/empresa\/derecho-mercantil\/wp-content\/uploads\/sites\/12\/2017\/06\/venganza-precio-euroresidentes.jpg\"><img loading=\"lazy\" decoding=\"async\" class=\"aligncenter size-full wp-image-1195\" src=\"http:\/\/www.euroresidentes.com\/empresa\/derecho-mercantil\/wp-content\/uploads\/sites\/12\/2017\/06\/venganza-precio-euroresidentes.jpg\" alt=\"venganza-precio-euroresidentes\" width=\"700\" height=\"525\" srcset=\"https:\/\/www.euroresidentes.com\/empresa\/derecho-mercantil\/wp-content\/uploads\/sites\/12\/2017\/06\/venganza-precio-euroresidentes.jpg 700w, https:\/\/www.euroresidentes.com\/empresa\/derecho-mercantil\/wp-content\/uploads\/sites\/12\/2017\/06\/venganza-precio-euroresidentes-300x225.jpg 300w\" sizes=\"auto, (max-width: 700px) 100vw, 700px\" \/><\/a><\/span><\/p>\n<p style=\"text-align: justify;\"><span style=\"color: #000000; font-family: Calibri;\">En este sentido, una reciente sentencia de la Audiencia Provincial de Cantabria ha condenado a una multa de 1.800 euros y al pago de una indemnizaci\u00f3n de 98.000 euros a un hombre que destroz\u00f3 el local que ten\u00eda arrendado. <\/span><\/p>\n<p style=\"text-align: justify;\"><span style=\"color: #000000; font-family: Calibri;\">\u00a0<\/span><\/p>\n<p style=\"text-align: justify;\"><span style=\"color: #000000; font-family: Calibri;\">En este supuesto, el condenado, tras conocer que deb\u00eda abandonar el local por un desahucio, destroz\u00f3 el mismo hasta el punto de desmontar el tejado de un comedor, las terrazas, los aseos y la cocina, tir\u00f3 tabiques, arranc\u00f3 instalaciones el\u00e9ctricas, los radiadores y canalones, e hizo agujeros y rayones en el suelo. \u00a0<\/span><\/p>\n<p style=\"text-align: justify;\"><span style=\"color: #000000; font-family: Calibri;\">\u00a0<\/span><\/p>\n<p style=\"text-align: justify;\"><span style=\"color: #000000; font-family: Calibri;\">En su defensa, aleg\u00f3 que cuando comenz\u00f3 a ocupar el local en cuesti\u00f3n \u00e9ste se encontraba en \u201c<i>p\u00e9simo estado<\/i>\u201d y que \u00fanicamente retir\u00f3 el mobiliario que hab\u00eda instalado en el local con el fin de explotar su negocio.<\/span><\/p>\n<p style=\"text-align: justify;\"><span style=\"color: #000000; font-family: Calibri;\">\u00a0<\/span><\/p>\n<p style=\"text-align: justify;\"><span style=\"color: #000000; font-family: Calibri;\">En cambio, el tribunal entiende que existen evidentes destrozos en el local y los mismos \u201c<i>no se corresponden con la alegada retirada de los muebles por \u00e9l usados en la explotaci\u00f3n de su actividad, o a la retirada de los equipos separables del local<\/i>\u201d. Adem\u00e1s, manifiesta que la acci\u00f3n del acusado se corresponde con \u201c<i>un aut\u00e9ntico desmantelamiento de las instalaciones del local, con eliminaci\u00f3n de elementos estructurale<\/i>s\u201d, lo que \u201c<i>excede con mucho lo pretendido<\/i>\u201d y, por tanto, tales desperfectos \u201c<i>por su naturaleza y gravedad evidencia un prop\u00f3sito malintencionado de da\u00f1ar a la propiedad arrendadora<\/i>\u201d.<\/span><\/p>\n<p style=\"text-align: justify;\"><span style=\"color: #000000; font-family: Calibri;\">\u00a0<\/span><\/p>\n<p style=\"text-align: justify;\"><span style=\"color: #000000; font-family: Calibri;\">En definitiva, la mencionada resoluci\u00f3n establece como responsable al causante de los da\u00f1os. Sin embargo, la realidad pr\u00e1ctica se puede presentar muy dif\u00edcil para el propietario del bien inmueble, ya que \u00e9ste encontrar\u00e1 numerosos impedimentos para cobrar la indemnizaci\u00f3n correspondiente, como podr\u00eda ser la falta de solvencia econ\u00f3mica del causante de los da\u00f1os. Pues si se ha procedido a un desahucio, es porque ya exist\u00eda previamente una falta de pago del inquilino. <\/span><\/p>\n<p><span style=\"color: #000000; font-family: Calibri;\">\u00a0<\/span><\/p>\n","protected":false},"excerpt":{"rendered":"<p>Tras la resoluci\u00f3n de un contrato de arrendamiento es habitual encontrarnos ante deterioros en los bienes muebles o en el propio inmueble que ha sido objeto del arrendamiento. En muchas ocasiones esos deterioros son consecuencia del tiempo y uso normal del bien en cuesti\u00f3n, pero, sin embargo, nos podemos encontrar ante situaciones muy diferentes, como procedimientos en los que el desahuciado, descontento con su situaci\u00f3n, provoca da\u00f1os de forma intencionada en la vivienda o local que ocupaba. El problema es determinar qui\u00e9n es el responsable de dichos da\u00f1os y el origen de los mismos, y obviamente, cobrar la posible indemnizaci\u00f3n, <\/p>\n","protected":false},"author":9,"featured_media":1195,"comment_status":"open","ping_status":"open","sticky":false,"template":"","format":"standard","meta":{"footnotes":""},"categories":[83],"tags":[],"class_list":["post-1190","post","type-post","status-publish","format-standard","has-post-thumbnail","hentry","category-sentencias","has_thumb"],"yoast_head":"<!-- This site is optimized with the Yoast SEO plugin v27.5 - https:\/\/yoast.com\/product\/yoast-seo-wordpress\/ -->\n<title>La venganza tiene un precio para el desahuciado que destroza el local - Derecho Mercantil<\/title>\n<meta name=\"robots\" content=\"index, follow, max-snippet:-1, max-image-preview:large, max-video-preview:-1\" \/>\n<link rel=\"canonical\" href=\"https:\/\/www.euroresidentes.com\/empresa\/derecho-mercantil\/la-venganza-tiene-un-precio-para-el-desahuciado-que-destroza-el-local\/\" \/>\n<meta property=\"og:locale\" content=\"es_ES\" \/>\n<meta property=\"og:type\" content=\"article\" \/>\n<meta property=\"og:title\" content=\"La venganza tiene un precio para el desahuciado que destroza el local - Derecho Mercantil\" \/>\n<meta property=\"og:description\" content=\"Tras la resoluci\u00f3n de un contrato de arrendamiento es habitual encontrarnos ante deterioros en los bienes muebles o en el propio inmueble que ha sido objeto del arrendamiento. En muchas ocasiones esos deterioros son consecuencia del tiempo y uso normal del bien en cuesti\u00f3n, pero, sin embargo, nos podemos encontrar ante situaciones muy diferentes, como procedimientos en los que el desahuciado, descontento con su situaci\u00f3n, provoca da\u00f1os de forma intencionada en la vivienda o local que ocupaba. El problema es determinar qui\u00e9n es el responsable de dichos da\u00f1os y el origen de los mismos, y obviamente, cobrar la posible indemnizaci\u00f3n,\" \/>\n<meta property=\"og:url\" content=\"https:\/\/www.euroresidentes.com\/empresa\/derecho-mercantil\/la-venganza-tiene-un-precio-para-el-desahuciado-que-destroza-el-local\/\" \/>\n<meta property=\"og:site_name\" content=\"Derecho Mercantil\" \/>\n<meta property=\"article:publisher\" content=\"https:\/\/www.facebook.com\/euroresidentes\/\" \/>\n<meta property=\"article:published_time\" content=\"2017-06-27T08:00:03+00:00\" \/>\n<meta property=\"article:modified_time\" content=\"2018-01-31T11:51:26+00:00\" \/>\n<meta property=\"og:image\" content=\"https:\/\/www.euroresidentes.com\/empresa\/derecho-mercantil\/wp-content\/uploads\/sites\/12\/2017\/06\/venganza-precio-euroresidentes.jpg\" \/>\n\t<meta property=\"og:image:width\" content=\"700\" \/>\n\t<meta property=\"og:image:height\" content=\"525\" \/>\n\t<meta property=\"og:image:type\" content=\"image\/jpeg\" \/>\n<meta name=\"author\" content=\"Manuel Pomares\" \/>\n<meta name=\"twitter:card\" content=\"summary_large_image\" \/>\n<meta name=\"twitter:label1\" content=\"Written by\" \/>\n\t<meta name=\"twitter:data1\" content=\"Manuel Pomares\" \/>\n\t<meta name=\"twitter:label2\" content=\"Est. reading time\" \/>\n\t<meta name=\"twitter:data2\" content=\"2 minutos\" \/>\n<script type=\"application\/ld+json\" class=\"yoast-schema-graph\">{\"@context\":\"https:\\\/\\\/schema.org\",\"@graph\":[{\"@type\":\"Article\",\"@id\":\"https:\\\/\\\/www.euroresidentes.com\\\/empresa\\\/derecho-mercantil\\\/la-venganza-tiene-un-precio-para-el-desahuciado-que-destroza-el-local\\\/#article\",\"isPartOf\":{\"@id\":\"https:\\\/\\\/www.euroresidentes.com\\\/empresa\\\/derecho-mercantil\\\/la-venganza-tiene-un-precio-para-el-desahuciado-que-destroza-el-local\\\/\"},\"author\":{\"name\":\"Manuel Pomares\",\"@id\":\"https:\\\/\\\/www.euroresidentes.com\\\/empresa\\\/derecho-mercantil\\\/#\\\/schema\\\/person\\\/1f848038ac5623245414f398a267708f\"},\"headline\":\"La venganza tiene un precio para el desahuciado que destroza el local\",\"datePublished\":\"2017-06-27T08:00:03+00:00\",\"dateModified\":\"2018-01-31T11:51:26+00:00\",\"mainEntityOfPage\":{\"@id\":\"https:\\\/\\\/www.euroresidentes.com\\\/empresa\\\/derecho-mercantil\\\/la-venganza-tiene-un-precio-para-el-desahuciado-que-destroza-el-local\\\/\"},\"wordCount\":460,\"commentCount\":0,\"image\":{\"@id\":\"https:\\\/\\\/www.euroresidentes.com\\\/empresa\\\/derecho-mercantil\\\/la-venganza-tiene-un-precio-para-el-desahuciado-que-destroza-el-local\\\/#primaryimage\"},\"thumbnailUrl\":\"https:\\\/\\\/www.euroresidentes.com\\\/empresa\\\/derecho-mercantil\\\/wp-content\\\/uploads\\\/sites\\\/12\\\/2017\\\/06\\\/venganza-precio-euroresidentes.jpg\",\"articleSection\":[\"SENTENCIAS\"],\"inLanguage\":\"es\",\"potentialAction\":[{\"@type\":\"CommentAction\",\"name\":\"Comment\",\"target\":[\"https:\\\/\\\/www.euroresidentes.com\\\/empresa\\\/derecho-mercantil\\\/la-venganza-tiene-un-precio-para-el-desahuciado-que-destroza-el-local\\\/#respond\"]}]},{\"@type\":\"WebPage\",\"@id\":\"https:\\\/\\\/www.euroresidentes.com\\\/empresa\\\/derecho-mercantil\\\/la-venganza-tiene-un-precio-para-el-desahuciado-que-destroza-el-local\\\/\",\"url\":\"https:\\\/\\\/www.euroresidentes.com\\\/empresa\\\/derecho-mercantil\\\/la-venganza-tiene-un-precio-para-el-desahuciado-que-destroza-el-local\\\/\",\"name\":\"La venganza tiene un precio para el desahuciado que destroza el local - Derecho Mercantil\",\"isPartOf\":{\"@id\":\"https:\\\/\\\/www.euroresidentes.com\\\/empresa\\\/derecho-mercantil\\\/#website\"},\"primaryImageOfPage\":{\"@id\":\"https:\\\/\\\/www.euroresidentes.com\\\/empresa\\\/derecho-mercantil\\\/la-venganza-tiene-un-precio-para-el-desahuciado-que-destroza-el-local\\\/#primaryimage\"},\"image\":{\"@id\":\"https:\\\/\\\/www.euroresidentes.com\\\/empresa\\\/derecho-mercantil\\\/la-venganza-tiene-un-precio-para-el-desahuciado-que-destroza-el-local\\\/#primaryimage\"},\"thumbnailUrl\":\"https:\\\/\\\/www.euroresidentes.com\\\/empresa\\\/derecho-mercantil\\\/wp-content\\\/uploads\\\/sites\\\/12\\\/2017\\\/06\\\/venganza-precio-euroresidentes.jpg\",\"datePublished\":\"2017-06-27T08:00:03+00:00\",\"dateModified\":\"2018-01-31T11:51:26+00:00\",\"author\":{\"@id\":\"https:\\\/\\\/www.euroresidentes.com\\\/empresa\\\/derecho-mercantil\\\/#\\\/schema\\\/person\\\/1f848038ac5623245414f398a267708f\"},\"breadcrumb\":{\"@id\":\"https:\\\/\\\/www.euroresidentes.com\\\/empresa\\\/derecho-mercantil\\\/la-venganza-tiene-un-precio-para-el-desahuciado-que-destroza-el-local\\\/#breadcrumb\"},\"inLanguage\":\"es\",\"potentialAction\":[{\"@type\":\"ReadAction\",\"target\":[\"https:\\\/\\\/www.euroresidentes.com\\\/empresa\\\/derecho-mercantil\\\/la-venganza-tiene-un-precio-para-el-desahuciado-que-destroza-el-local\\\/\"]}]},{\"@type\":\"ImageObject\",\"inLanguage\":\"es\",\"@id\":\"https:\\\/\\\/www.euroresidentes.com\\\/empresa\\\/derecho-mercantil\\\/la-venganza-tiene-un-precio-para-el-desahuciado-que-destroza-el-local\\\/#primaryimage\",\"url\":\"https:\\\/\\\/www.euroresidentes.com\\\/empresa\\\/derecho-mercantil\\\/wp-content\\\/uploads\\\/sites\\\/12\\\/2017\\\/06\\\/venganza-precio-euroresidentes.jpg\",\"contentUrl\":\"https:\\\/\\\/www.euroresidentes.com\\\/empresa\\\/derecho-mercantil\\\/wp-content\\\/uploads\\\/sites\\\/12\\\/2017\\\/06\\\/venganza-precio-euroresidentes.jpg\",\"width\":700,\"height\":525},{\"@type\":\"BreadcrumbList\",\"@id\":\"https:\\\/\\\/www.euroresidentes.com\\\/empresa\\\/derecho-mercantil\\\/la-venganza-tiene-un-precio-para-el-desahuciado-que-destroza-el-local\\\/#breadcrumb\",\"itemListElement\":[{\"@type\":\"ListItem\",\"position\":1,\"name\":\"Portada\",\"item\":\"https:\\\/\\\/www.euroresidentes.com\\\/empresa\\\/derecho-mercantil\\\/\"},{\"@type\":\"ListItem\",\"position\":2,\"name\":\"La venganza tiene un precio para el desahuciado que destroza el local\"}]},{\"@type\":\"WebSite\",\"@id\":\"https:\\\/\\\/www.euroresidentes.com\\\/empresa\\\/derecho-mercantil\\\/#website\",\"url\":\"https:\\\/\\\/www.euroresidentes.com\\\/empresa\\\/derecho-mercantil\\\/\",\"name\":\"Derecho Mercantil\",\"description\":\"Derecho y Empresa Euroresidentes\",\"potentialAction\":[{\"@type\":\"SearchAction\",\"target\":{\"@type\":\"EntryPoint\",\"urlTemplate\":\"https:\\\/\\\/www.euroresidentes.com\\\/empresa\\\/derecho-mercantil\\\/?s={search_term_string}\"},\"query-input\":{\"@type\":\"PropertyValueSpecification\",\"valueRequired\":true,\"valueName\":\"search_term_string\"}}],\"inLanguage\":\"es\"},{\"@type\":\"Person\",\"@id\":\"https:\\\/\\\/www.euroresidentes.com\\\/empresa\\\/derecho-mercantil\\\/#\\\/schema\\\/person\\\/1f848038ac5623245414f398a267708f\",\"name\":\"Manuel Pomares\",\"image\":{\"@type\":\"ImageObject\",\"inLanguage\":\"es\",\"@id\":\"https:\\\/\\\/www.euroresidentes.com\\\/empresa\\\/derecho-mercantil\\\/wp-content\\\/uploads\\\/sites\\\/12\\\/2016\\\/08\\\/manuel-pomares-abogados-150x150.jpg\",\"url\":\"https:\\\/\\\/www.euroresidentes.com\\\/empresa\\\/derecho-mercantil\\\/wp-content\\\/uploads\\\/sites\\\/12\\\/2016\\\/08\\\/manuel-pomares-abogados-150x150.jpg\",\"contentUrl\":\"https:\\\/\\\/www.euroresidentes.com\\\/empresa\\\/derecho-mercantil\\\/wp-content\\\/uploads\\\/sites\\\/12\\\/2016\\\/08\\\/manuel-pomares-abogados-150x150.jpg\",\"caption\":\"Manuel Pomares\"},\"description\":\"Manuel PomaresAbogado y socio director de la firma Pomares Abogados. Especialista en derecho mercantil-societario, bancario y responsabilidad civil-seguro.\",\"sameAs\":[\"http:\\\/\\\/www.euroresidentes.com\\\/empresa\\\/manuel-pomares-2.html\"],\"url\":\"https:\\\/\\\/www.euroresidentes.com\\\/empresa\\\/derecho-mercantil\\\/author\\\/manuel\\\/\"}]}<\/script>\n<!-- \/ Yoast SEO plugin. -->","yoast_head_json":{"title":"La venganza tiene un precio para el desahuciado que destroza el local - Derecho Mercantil","robots":{"index":"index","follow":"follow","max-snippet":"max-snippet:-1","max-image-preview":"max-image-preview:large","max-video-preview":"max-video-preview:-1"},"canonical":"https:\/\/www.euroresidentes.com\/empresa\/derecho-mercantil\/la-venganza-tiene-un-precio-para-el-desahuciado-que-destroza-el-local\/","og_locale":"es_ES","og_type":"article","og_title":"La venganza tiene un precio para el desahuciado que destroza el local - Derecho Mercantil","og_description":"Tras la resoluci\u00f3n de un contrato de arrendamiento es habitual encontrarnos ante deterioros en los bienes muebles o en el propio inmueble que ha sido objeto del arrendamiento. En muchas ocasiones esos deterioros son consecuencia del tiempo y uso normal del bien en cuesti\u00f3n, pero, sin embargo, nos podemos encontrar ante situaciones muy diferentes, como procedimientos en los que el desahuciado, descontento con su situaci\u00f3n, provoca da\u00f1os de forma intencionada en la vivienda o local que ocupaba. El problema es determinar qui\u00e9n es el responsable de dichos da\u00f1os y el origen de los mismos, y obviamente, cobrar la posible indemnizaci\u00f3n,","og_url":"https:\/\/www.euroresidentes.com\/empresa\/derecho-mercantil\/la-venganza-tiene-un-precio-para-el-desahuciado-que-destroza-el-local\/","og_site_name":"Derecho Mercantil","article_publisher":"https:\/\/www.facebook.com\/euroresidentes\/","article_published_time":"2017-06-27T08:00:03+00:00","article_modified_time":"2018-01-31T11:51:26+00:00","og_image":[{"width":700,"height":525,"url":"https:\/\/www.euroresidentes.com\/empresa\/derecho-mercantil\/wp-content\/uploads\/sites\/12\/2017\/06\/venganza-precio-euroresidentes.jpg","type":"image\/jpeg"}],"author":"Manuel Pomares","twitter_card":"summary_large_image","twitter_misc":{"Written by":"Manuel Pomares","Est. reading time":"2 minutos"},"schema":{"@context":"https:\/\/schema.org","@graph":[{"@type":"Article","@id":"https:\/\/www.euroresidentes.com\/empresa\/derecho-mercantil\/la-venganza-tiene-un-precio-para-el-desahuciado-que-destroza-el-local\/#article","isPartOf":{"@id":"https:\/\/www.euroresidentes.com\/empresa\/derecho-mercantil\/la-venganza-tiene-un-precio-para-el-desahuciado-que-destroza-el-local\/"},"author":{"name":"Manuel Pomares","@id":"https:\/\/www.euroresidentes.com\/empresa\/derecho-mercantil\/#\/schema\/person\/1f848038ac5623245414f398a267708f"},"headline":"La venganza tiene un precio para el desahuciado que destroza el local","datePublished":"2017-06-27T08:00:03+00:00","dateModified":"2018-01-31T11:51:26+00:00","mainEntityOfPage":{"@id":"https:\/\/www.euroresidentes.com\/empresa\/derecho-mercantil\/la-venganza-tiene-un-precio-para-el-desahuciado-que-destroza-el-local\/"},"wordCount":460,"commentCount":0,"image":{"@id":"https:\/\/www.euroresidentes.com\/empresa\/derecho-mercantil\/la-venganza-tiene-un-precio-para-el-desahuciado-que-destroza-el-local\/#primaryimage"},"thumbnailUrl":"https:\/\/www.euroresidentes.com\/empresa\/derecho-mercantil\/wp-content\/uploads\/sites\/12\/2017\/06\/venganza-precio-euroresidentes.jpg","articleSection":["SENTENCIAS"],"inLanguage":"es","potentialAction":[{"@type":"CommentAction","name":"Comment","target":["https:\/\/www.euroresidentes.com\/empresa\/derecho-mercantil\/la-venganza-tiene-un-precio-para-el-desahuciado-que-destroza-el-local\/#respond"]}]},{"@type":"WebPage","@id":"https:\/\/www.euroresidentes.com\/empresa\/derecho-mercantil\/la-venganza-tiene-un-precio-para-el-desahuciado-que-destroza-el-local\/","url":"https:\/\/www.euroresidentes.com\/empresa\/derecho-mercantil\/la-venganza-tiene-un-precio-para-el-desahuciado-que-destroza-el-local\/","name":"La venganza tiene un precio para el desahuciado que destroza el local - Derecho Mercantil","isPartOf":{"@id":"https:\/\/www.euroresidentes.com\/empresa\/derecho-mercantil\/#website"},"primaryImageOfPage":{"@id":"https:\/\/www.euroresidentes.com\/empresa\/derecho-mercantil\/la-venganza-tiene-un-precio-para-el-desahuciado-que-destroza-el-local\/#primaryimage"},"image":{"@id":"https:\/\/www.euroresidentes.com\/empresa\/derecho-mercantil\/la-venganza-tiene-un-precio-para-el-desahuciado-que-destroza-el-local\/#primaryimage"},"thumbnailUrl":"https:\/\/www.euroresidentes.com\/empresa\/derecho-mercantil\/wp-content\/uploads\/sites\/12\/2017\/06\/venganza-precio-euroresidentes.jpg","datePublished":"2017-06-27T08:00:03+00:00","dateModified":"2018-01-31T11:51:26+00:00","author":{"@id":"https:\/\/www.euroresidentes.com\/empresa\/derecho-mercantil\/#\/schema\/person\/1f848038ac5623245414f398a267708f"},"breadcrumb":{"@id":"https:\/\/www.euroresidentes.com\/empresa\/derecho-mercantil\/la-venganza-tiene-un-precio-para-el-desahuciado-que-destroza-el-local\/#breadcrumb"},"inLanguage":"es","potentialAction":[{"@type":"ReadAction","target":["https:\/\/www.euroresidentes.com\/empresa\/derecho-mercantil\/la-venganza-tiene-un-precio-para-el-desahuciado-que-destroza-el-local\/"]}]},{"@type":"ImageObject","inLanguage":"es","@id":"https:\/\/www.euroresidentes.com\/empresa\/derecho-mercantil\/la-venganza-tiene-un-precio-para-el-desahuciado-que-destroza-el-local\/#primaryimage","url":"https:\/\/www.euroresidentes.com\/empresa\/derecho-mercantil\/wp-content\/uploads\/sites\/12\/2017\/06\/venganza-precio-euroresidentes.jpg","contentUrl":"https:\/\/www.euroresidentes.com\/empresa\/derecho-mercantil\/wp-content\/uploads\/sites\/12\/2017\/06\/venganza-precio-euroresidentes.jpg","width":700,"height":525},{"@type":"BreadcrumbList","@id":"https:\/\/www.euroresidentes.com\/empresa\/derecho-mercantil\/la-venganza-tiene-un-precio-para-el-desahuciado-que-destroza-el-local\/#breadcrumb","itemListElement":[{"@type":"ListItem","position":1,"name":"Portada","item":"https:\/\/www.euroresidentes.com\/empresa\/derecho-mercantil\/"},{"@type":"ListItem","position":2,"name":"La venganza tiene un precio para el desahuciado que destroza el local"}]},{"@type":"WebSite","@id":"https:\/\/www.euroresidentes.com\/empresa\/derecho-mercantil\/#website","url":"https:\/\/www.euroresidentes.com\/empresa\/derecho-mercantil\/","name":"Derecho Mercantil","description":"Derecho y Empresa Euroresidentes","potentialAction":[{"@type":"SearchAction","target":{"@type":"EntryPoint","urlTemplate":"https:\/\/www.euroresidentes.com\/empresa\/derecho-mercantil\/?s={search_term_string}"},"query-input":{"@type":"PropertyValueSpecification","valueRequired":true,"valueName":"search_term_string"}}],"inLanguage":"es"},{"@type":"Person","@id":"https:\/\/www.euroresidentes.com\/empresa\/derecho-mercantil\/#\/schema\/person\/1f848038ac5623245414f398a267708f","name":"Manuel Pomares","image":{"@type":"ImageObject","inLanguage":"es","@id":"https:\/\/www.euroresidentes.com\/empresa\/derecho-mercantil\/wp-content\/uploads\/sites\/12\/2016\/08\/manuel-pomares-abogados-150x150.jpg","url":"https:\/\/www.euroresidentes.com\/empresa\/derecho-mercantil\/wp-content\/uploads\/sites\/12\/2016\/08\/manuel-pomares-abogados-150x150.jpg","contentUrl":"https:\/\/www.euroresidentes.com\/empresa\/derecho-mercantil\/wp-content\/uploads\/sites\/12\/2016\/08\/manuel-pomares-abogados-150x150.jpg","caption":"Manuel Pomares"},"description":"Manuel PomaresAbogado y socio director de la firma Pomares Abogados. Especialista en derecho mercantil-societario, bancario y responsabilidad civil-seguro.","sameAs":["http:\/\/www.euroresidentes.com\/empresa\/manuel-pomares-2.html"],"url":"https:\/\/www.euroresidentes.com\/empresa\/derecho-mercantil\/author\/manuel\/"}]}},"_links":{"self":[{"href":"https:\/\/www.euroresidentes.com\/empresa\/derecho-mercantil\/wp-json\/wp\/v2\/posts\/1190","targetHints":{"allow":["GET"]}}],"collection":[{"href":"https:\/\/www.euroresidentes.com\/empresa\/derecho-mercantil\/wp-json\/wp\/v2\/posts"}],"about":[{"href":"https:\/\/www.euroresidentes.com\/empresa\/derecho-mercantil\/wp-json\/wp\/v2\/types\/post"}],"author":[{"embeddable":true,"href":"https:\/\/www.euroresidentes.com\/empresa\/derecho-mercantil\/wp-json\/wp\/v2\/users\/9"}],"replies":[{"embeddable":true,"href":"https:\/\/www.euroresidentes.com\/empresa\/derecho-mercantil\/wp-json\/wp\/v2\/comments?post=1190"}],"version-history":[{"count":5,"href":"https:\/\/www.euroresidentes.com\/empresa\/derecho-mercantil\/wp-json\/wp\/v2\/posts\/1190\/revisions"}],"predecessor-version":[{"id":1197,"href":"https:\/\/www.euroresidentes.com\/empresa\/derecho-mercantil\/wp-json\/wp\/v2\/posts\/1190\/revisions\/1197"}],"wp:featuredmedia":[{"embeddable":true,"href":"https:\/\/www.euroresidentes.com\/empresa\/derecho-mercantil\/wp-json\/wp\/v2\/media\/1195"}],"wp:attachment":[{"href":"https:\/\/www.euroresidentes.com\/empresa\/derecho-mercantil\/wp-json\/wp\/v2\/media?parent=1190"}],"wp:term":[{"taxonomy":"category","embeddable":true,"href":"https:\/\/www.euroresidentes.com\/empresa\/derecho-mercantil\/wp-json\/wp\/v2\/categories?post=1190"},{"taxonomy":"post_tag","embeddable":true,"href":"https:\/\/www.euroresidentes.com\/empresa\/derecho-mercantil\/wp-json\/wp\/v2\/tags?post=1190"}],"curies":[{"name":"wp","href":"https:\/\/api.w.org\/{rel}","templated":true}]}}