
{"id":1015,"date":"2017-02-07T09:29:53","date_gmt":"2017-02-07T08:29:53","guid":{"rendered":"http:\/\/www.euroresidentes.com\/empresa\/derecho-mercantil\/?p=1015"},"modified":"2017-03-27T14:36:21","modified_gmt":"2017-03-27T12:36:21","slug":"esta-preparada-su-empresa-para-los-ciberataques-del-2017","status":"publish","type":"post","link":"https:\/\/www.euroresidentes.com\/empresa\/derecho-mercantil\/esta-preparada-su-empresa-para-los-ciberataques-del-2017\/","title":{"rendered":"\u00bfEst\u00e1 preparada su empresa para los ciberataques del 2017?"},"content":{"rendered":"<h4 style=\"text-align: left;\">No es cuesti\u00f3n de amedrentar a la poblaci\u00f3n. Simplemente es hacernos eco de un informe que la compa\u00f1\u00eda brit\u00e1nica de gesti\u00f3n y an\u00e1lisis de informaci\u00f3n Experian, ha publicado.<\/h4>\n<h4 style=\"text-align: left;\">Es el <em>Fourth Annual 2017 Data Breach Industry Forecast <\/em>y en \u00e9l se recogen las principales brechas de seguridad en el \u00e1mbito empresarial que veremos en este 2017.<\/h4>\n<p><a href=\"http:\/\/www.euroresidentes.com\/empresa\/derecho-mercantil\/wp-content\/uploads\/sites\/12\/2017\/02\/14096_26739-Ciberataque.jpg\"><img loading=\"lazy\" decoding=\"async\" class=\"aligncenter wp-image-1016\" src=\"http:\/\/www.euroresidentes.com\/empresa\/derecho-mercantil\/wp-content\/uploads\/sites\/12\/2017\/02\/14096_26739-Ciberataque.jpg\" alt=\"\u00bfEst\u00e1 segura su empresa para los ciberataques del 2017?\" width=\"700\" height=\"525\" srcset=\"https:\/\/www.euroresidentes.com\/empresa\/derecho-mercantil\/wp-content\/uploads\/sites\/12\/2017\/02\/14096_26739-Ciberataque.jpg 712w, https:\/\/www.euroresidentes.com\/empresa\/derecho-mercantil\/wp-content\/uploads\/sites\/12\/2017\/02\/14096_26739-Ciberataque-300x225.jpg 300w\" sizes=\"auto, (max-width: 700px) 100vw, 700px\" \/><\/a><\/p>\n<h3><strong>Los ciberataques del 2017<\/strong><\/h3>\n<p style=\"text-align: left;\">Los principales ciberataques que sufrir\u00e1n las industrias a nivel internacional en este a\u00f1o 2017 ser\u00e1n:<\/p>\n<ul style=\"text-align: left;\">\n<li style=\"text-align: justify;\"><strong>Robo de contrase\u00f1as de usuarios<\/strong>: las consecuencias del robo de dichas credenciales pueden afectar a las empresas incluso a\u00f1os despu\u00e9s de producirse el hecho. Un ejemplo de este tipo de ataques lo hemos podido ver en grandes empresas como Yahoo! o Linkedin, donde miles de usuarios han sufrido el robo de sus cuentas.<\/li>\n<\/ul>\n<ul style=\"text-align: left;\">\n<li><strong>Los ciberataques se dirigir\u00e1n contra infraestructuras concretas: <\/strong>detr\u00e1s de muchos de los ciberataques se encuentran Estados, cuyo objetivo ya no es el simple espionaje de otro Estado, sino un ataque al mismo afectando a las principales industrias del pa\u00eds. En el punto de mira pueden estar las industrias el\u00e9ctricas o industrias de bienes de consumo de primera necesidad. A trav\u00e9s de un ciberataque se podr\u00eda ver interrumpido su servicio, con graves consecuencias para los usuarios, que podr\u00edan reclamar a las empresas por da\u00f1os y perjuicios.\u00a0En noviembre de 2016 fuimos testigos de c\u00f3mo el \u201cmalware\u201d Mirai afect\u00f3 a 900.000 usuarios de Deutsche Telekom en Alemania, que se quedaron tres d\u00edas sin telefon\u00eda fija, internet y televisi\u00f3n online.<\/li>\n<\/ul>\n<ul style=\"text-align: left;\">\n<li><strong>Robo de datos personales de los usuarios<\/strong>: en el punto de mira est\u00e1n las entidades sanitarias y las compa\u00f1\u00edas de seguros del sector. El paso de los ficheros de papel a ficheros online facilita el acceso a estos datos<\/li>\n<\/ul>\n<ul style=\"text-align: left;\">\n<li><strong>Ataques a las operaciones de pago a medianas y peque\u00f1as empresas<\/strong>: el hecho de que muchas de estas empresas no adoptan las medidas de seguridad adecuadas, en relaci\u00f3n a los m\u00e9todos de pago, las convierten en un claro objetivo para los ciberdelincuentes.\u00a0<\/li>\n<\/ul>\n<ul>\n<li style=\"text-align: left;\"><strong>\u00abPhising\u201d<\/strong>: El principal objetivo de esta pr\u00e1ctica ser\u00e1n los individuos, m\u00e1s que los sistemas inform\u00e1ticos de las industrias. Por ello ser\u00e1 necesario informar a los trabajadores de las industrias sobre los riesgos que conlleva su actividad y las medidas de seguridad que deben adoptar en su actividad laboral.<\/li>\n<\/ul>\n<p>&nbsp;<\/p>\n<h3><strong>\u00bfEst\u00e1n preparadas las empresas \u00a0para evitar estos ciberataques?<\/strong><\/h3>\n<p>La mayor\u00eda de estos ciberataques <strong>tienen como objetivo el robo de informaci\u00f3n<\/strong> que debe ser objeto de especial protecci\u00f3n en la empresa, a trav\u00e9s de las medidas de seguridad adecuadas a cada sector.<\/p>\n<p>&nbsp;<\/p>\n<p>Entre la normativa a tener en cuenta para la protecci\u00f3n de los datos que obran en poder de las empresas se encuentra el Reglamento 2016\/679 del Parlamento Europeo y del Consejo, de 27 de abril de 2016, relativo a la protecci\u00f3n de las personas f\u00edsicas en lo que respecta al tratamiento de datos personales y a la libre circulaci\u00f3n de estos datos. Las empresas espa\u00f1olas deber\u00e1n aplicar adem\u00e1s la Ley Org\u00e1nica 15\/1999, de 13 de diciembre, de Protecci\u00f3n de Datos de Car\u00e1cter Personal.<\/p>\n<p>&nbsp;<\/p>\n<p>El art\u00edculo 9 de la Ley de Protecci\u00f3n de Datos de Car\u00e1cter Personal dispone que el cargado del fichero, y en su caso, el encargado del tratamiento de los datos, \u201c<em>deber\u00e1n adoptar las medidas de \u00edndole t\u00e9cnica y organizativas necesarias que garanticen la seguridad de los datos de car\u00e1cter personal y eviten su alteraci\u00f3n, p\u00e9rdida, tratamiento o acceso no autorizado, habida cuenta del estado de la tecnolog\u00eda, la naturaleza de los datos almacenados y los riesgos a que est\u00e1n expuestos, ya provengan de la acci\u00f3n humana o del medio f\u00edsico o natural<\/em>.\u201d<\/p>\n<p>&nbsp;<\/p>\n<p><strong>Las medidas de seguridad que hay que aplicar cuando en una empresa trata datos personales de personas f\u00edsicas, se encuentran desarrolladas en el Reglamento de desarrollo de la Ley Org\u00e1nica 15\/1999, de 13 de diciembre.<\/strong><\/p>\n<p>&nbsp;<\/p>\n<h3>Entre las medidas concretas a adoptar para evitar un ciberataque y las consecuencias de una p\u00e9rdida de informaci\u00f3n se encuentran:<\/h3>\n<p>&#8211;\u00a0\u00a0\u00a0\u00a0\u00a0\u00a0\u00a0\u00a0\u00a0 <strong>Establecer un c\u00f3digo de usuario y una contrase\u00f1a de entrada al servidor.<\/strong><\/p>\n<p>&#8211;\u00a0\u00a0\u00a0\u00a0\u00a0\u00a0\u00a0\u00a0\u00a0 <strong>Establecer c\u00f3digos de usuario y contrase\u00f1as individuales, para poder entrar en el sistema operativo.<\/strong> Habr\u00e1 que elegir una contrase\u00f1a segura.<\/p>\n<p>&#8211;\u00a0\u00a0\u00a0\u00a0\u00a0\u00a0\u00a0\u00a0\u00a0 <strong>Caducidad peri\u00f3dica de las contrase\u00f1as<\/strong>: las contrase\u00f1as se deber\u00e1n cambiar peri\u00f3dicamente. Como m\u00e1ximo se utilizar\u00e1n durante un a\u00f1o las mismas.<\/p>\n<p>&#8211;\u00a0\u00a0\u00a0\u00a0\u00a0\u00a0\u00a0\u00a0\u00a0 <strong>Contrase\u00f1as almacenadas de forma ininteligible.<\/strong><\/p>\n<p>&#8211;\u00a0\u00a0\u00a0\u00a0\u00a0\u00a0\u00a0\u00a0\u00a0 <strong>Se debe realizar copias de seguridad, al menos cada semana, y ser\u00e1n comprobadas peri\u00f3dicamente.<\/strong> Si en funci\u00f3n de los datos personales tratados en la empresa, se debe aplicar un nivel alto de protecci\u00f3n, se deben realizar dos copias de seguridad, una en el local de tratamiento de los datos y otra fuera. Es preferible una copia online en un servidor remoto.<\/p>\n<p>&#8211;\u00a0\u00a0\u00a0\u00a0\u00a0\u00a0\u00a0\u00a0\u00a0<strong> Se deber\u00e1 realizar un registro de las incidencias que se produzcan.<\/strong><\/p>\n<p><strong>\u00a0<\/strong><\/p>\n<p>Obviamente, <strong>adem\u00e1s de estas medidas para evitar el robo de informaci\u00f3n de datos personales que obren en la empresa<\/strong>, es necesario instalar un buen antivirus si queremos evitar un ataque a los equipos inform\u00e1ticos.<\/p>\n<p><strong>\u00a0<\/strong><\/p>\n<h3><strong>La seguridad en las pymes<\/strong><\/h3>\n<p>\u00a0\u00a0\u00a0\u00a0 Como aparece en el informe mencionado, los ataques a las operaciones de pago en medianas y peque\u00f1as empresas ser\u00e1n m\u00e1s habituales.<\/p>\n<p>Tal vez tener conciencia de la vulnerabilidad de la seguridad sea m\u00e1s complicado para las medianas y peque\u00f1as empresas. Para acabar con esta situaci\u00f3n, el Instituto Nacional de Ciberseguridad (Incibe), ha creado un videojuego cuyo objetivo es ense\u00f1ar a las pymes a detectar sus vulnerabilidades y la importancia de protegerse para evitar un robo de informaci\u00f3n.<\/p>\n<p>El protagonista de \u201c<em>Hackend: Se acab\u00f3 el juego<\/em>\u201d, es un peque\u00f1o empresario que se enfrenta a varias situaciones reales del d\u00eda a d\u00eda de una pyme, como puede ser la elaboraci\u00f3n de un presupuesto, el uso del correo electr\u00f3nico o la presentaci\u00f3n de un producto en un congreso. En el videojuego la empresa ser\u00e1 v\u00edctima de varios de los ataques que se han mencionado anteriormente (robo de datos de clientes, acceso al sistema inform\u00e1tico sin permiso, cargos indebidos en la cuenta bancaria\u2026) y el jugador deber\u00e1 identificar qu\u00e9 es lo que ha fallado en la empresa, y qu\u00e9 medidas hay que adoptar para evitar estos ciberataques.<\/p>\n<p>&nbsp;<\/p>\n<p>\u00a0\u00a0\u00a0\u00a0\u00a0\u00a0<em> Sabiendo de antemano los ciberataques a los que las empresas est\u00e1n expuestas, ser\u00e1 necesario tomar las medidas de seguridad adecuadas para evitar males mayores.<\/em><\/p>\n<p><strong>Temas relacionados:<\/strong><\/p>\n<ul>\n<li><a href=\"https:\/\/www.euroresidentes.com\/tecnologia\/noticias-internet\/timos-por-interne\">Timos por Internet:\u00a0la estafa nigeriana y el timo del comprador en e-bay<\/a><\/li>\n<li><a href=\"https:\/\/www.euroresidentes.com\/tecnologia\/noticias-internet\/consejos-anti-phising\">Consejos anti-phising. C\u00f3mo evitar el fraude de la suplantaci\u00f3n de bancos<\/a><\/li>\n<li><a href=\"https:\/\/www.euroresidentes.com\/hogar\/consejos-trucos-remedios\/como-comprar-seguro-en-interne\">Como comprar seguro por Internet<\/a><\/li>\n<\/ul>\n","protected":false},"excerpt":{"rendered":"<p>No es cuesti\u00f3n de amedrentar a la poblaci\u00f3n. Simplemente es hacernos eco de un informe que la compa\u00f1\u00eda brit\u00e1nica de gesti\u00f3n y an\u00e1lisis de informaci\u00f3n Experian, ha publicado. Es el Fourth Annual 2017 Data Breach Industry Forecast y en \u00e9l se recogen las principales brechas de seguridad en el \u00e1mbito empresarial que veremos en este 2017. Los ciberataques del 2017 Los principales ciberataques que sufrir\u00e1n las industrias a nivel internacional en este a\u00f1o 2017 ser\u00e1n: Robo de contrase\u00f1as de usuarios: las consecuencias del robo de dichas credenciales pueden afectar a las empresas incluso a\u00f1os despu\u00e9s de producirse el hecho. Un <\/p>\n","protected":false},"author":9,"featured_media":1016,"comment_status":"open","ping_status":"open","sticky":false,"template":"","format":"standard","meta":{"footnotes":""},"categories":[15],"tags":[],"class_list":["post-1015","post","type-post","status-publish","format-standard","has-post-thumbnail","hentry","category-general","has_thumb"],"yoast_head":"<!-- This site is optimized with the Yoast SEO plugin v27.5 - https:\/\/yoast.com\/product\/yoast-seo-wordpress\/ -->\n<title>Estos son los ciberataques que sufrir\u00e1 tu empresa en 2017<\/title>\n<meta name=\"description\" content=\"No es cuesti\u00f3n de amedrentar a la poblaci\u00f3n. Pero debemos estar preparados para los ciberataques que este 2017 tu empresa puede llegar a sufrir...\" \/>\n<meta name=\"robots\" content=\"index, follow, max-snippet:-1, max-image-preview:large, max-video-preview:-1\" \/>\n<link rel=\"canonical\" href=\"https:\/\/www.euroresidentes.com\/empresa\/derecho-mercantil\/esta-preparada-su-empresa-para-los-ciberataques-del-2017\/\" \/>\n<meta property=\"og:locale\" content=\"es_ES\" \/>\n<meta property=\"og:type\" content=\"article\" \/>\n<meta property=\"og:title\" content=\"Estos son los ciberataques que sufrir\u00e1 tu empresa en 2017\" \/>\n<meta property=\"og:description\" content=\"No es cuesti\u00f3n de amedrentar a la poblaci\u00f3n. Pero debemos estar preparados para los ciberataques que este 2017 tu empresa puede llegar a sufrir...\" \/>\n<meta property=\"og:url\" content=\"https:\/\/www.euroresidentes.com\/empresa\/derecho-mercantil\/esta-preparada-su-empresa-para-los-ciberataques-del-2017\/\" \/>\n<meta property=\"og:site_name\" content=\"Derecho Mercantil\" \/>\n<meta property=\"article:publisher\" content=\"https:\/\/www.facebook.com\/euroresidentes\/\" \/>\n<meta property=\"article:published_time\" content=\"2017-02-07T08:29:53+00:00\" \/>\n<meta property=\"article:modified_time\" content=\"2017-03-27T12:36:21+00:00\" \/>\n<meta property=\"og:image\" content=\"https:\/\/www.euroresidentes.com\/empresa\/derecho-mercantil\/wp-content\/uploads\/sites\/12\/2017\/02\/14096_26739-Ciberataque.jpg\" \/>\n\t<meta property=\"og:image:width\" content=\"712\" \/>\n\t<meta property=\"og:image:height\" content=\"534\" \/>\n\t<meta property=\"og:image:type\" content=\"image\/jpeg\" \/>\n<meta name=\"author\" content=\"Manuel Pomares\" \/>\n<meta name=\"twitter:card\" content=\"summary_large_image\" \/>\n<meta name=\"twitter:label1\" content=\"Written by\" \/>\n\t<meta name=\"twitter:data1\" content=\"Manuel Pomares\" \/>\n\t<meta name=\"twitter:label2\" content=\"Est. reading time\" \/>\n\t<meta name=\"twitter:data2\" content=\"6 minutos\" \/>\n<script type=\"application\/ld+json\" class=\"yoast-schema-graph\">{\"@context\":\"https:\\\/\\\/schema.org\",\"@graph\":[{\"@type\":\"Article\",\"@id\":\"https:\\\/\\\/www.euroresidentes.com\\\/empresa\\\/derecho-mercantil\\\/esta-preparada-su-empresa-para-los-ciberataques-del-2017\\\/#article\",\"isPartOf\":{\"@id\":\"https:\\\/\\\/www.euroresidentes.com\\\/empresa\\\/derecho-mercantil\\\/esta-preparada-su-empresa-para-los-ciberataques-del-2017\\\/\"},\"author\":{\"name\":\"Manuel Pomares\",\"@id\":\"https:\\\/\\\/www.euroresidentes.com\\\/empresa\\\/derecho-mercantil\\\/#\\\/schema\\\/person\\\/1f848038ac5623245414f398a267708f\"},\"headline\":\"\u00bfEst\u00e1 preparada su empresa para los ciberataques del 2017?\",\"datePublished\":\"2017-02-07T08:29:53+00:00\",\"dateModified\":\"2017-03-27T12:36:21+00:00\",\"mainEntityOfPage\":{\"@id\":\"https:\\\/\\\/www.euroresidentes.com\\\/empresa\\\/derecho-mercantil\\\/esta-preparada-su-empresa-para-los-ciberataques-del-2017\\\/\"},\"wordCount\":1162,\"commentCount\":0,\"image\":{\"@id\":\"https:\\\/\\\/www.euroresidentes.com\\\/empresa\\\/derecho-mercantil\\\/esta-preparada-su-empresa-para-los-ciberataques-del-2017\\\/#primaryimage\"},\"thumbnailUrl\":\"https:\\\/\\\/www.euroresidentes.com\\\/empresa\\\/derecho-mercantil\\\/wp-content\\\/uploads\\\/sites\\\/12\\\/2017\\\/02\\\/14096_26739-Ciberataque.jpg\",\"articleSection\":[\"General\"],\"inLanguage\":\"es\",\"potentialAction\":[{\"@type\":\"CommentAction\",\"name\":\"Comment\",\"target\":[\"https:\\\/\\\/www.euroresidentes.com\\\/empresa\\\/derecho-mercantil\\\/esta-preparada-su-empresa-para-los-ciberataques-del-2017\\\/#respond\"]}]},{\"@type\":\"WebPage\",\"@id\":\"https:\\\/\\\/www.euroresidentes.com\\\/empresa\\\/derecho-mercantil\\\/esta-preparada-su-empresa-para-los-ciberataques-del-2017\\\/\",\"url\":\"https:\\\/\\\/www.euroresidentes.com\\\/empresa\\\/derecho-mercantil\\\/esta-preparada-su-empresa-para-los-ciberataques-del-2017\\\/\",\"name\":\"Estos son los ciberataques que sufrir\u00e1 tu empresa en 2017\",\"isPartOf\":{\"@id\":\"https:\\\/\\\/www.euroresidentes.com\\\/empresa\\\/derecho-mercantil\\\/#website\"},\"primaryImageOfPage\":{\"@id\":\"https:\\\/\\\/www.euroresidentes.com\\\/empresa\\\/derecho-mercantil\\\/esta-preparada-su-empresa-para-los-ciberataques-del-2017\\\/#primaryimage\"},\"image\":{\"@id\":\"https:\\\/\\\/www.euroresidentes.com\\\/empresa\\\/derecho-mercantil\\\/esta-preparada-su-empresa-para-los-ciberataques-del-2017\\\/#primaryimage\"},\"thumbnailUrl\":\"https:\\\/\\\/www.euroresidentes.com\\\/empresa\\\/derecho-mercantil\\\/wp-content\\\/uploads\\\/sites\\\/12\\\/2017\\\/02\\\/14096_26739-Ciberataque.jpg\",\"datePublished\":\"2017-02-07T08:29:53+00:00\",\"dateModified\":\"2017-03-27T12:36:21+00:00\",\"author\":{\"@id\":\"https:\\\/\\\/www.euroresidentes.com\\\/empresa\\\/derecho-mercantil\\\/#\\\/schema\\\/person\\\/1f848038ac5623245414f398a267708f\"},\"description\":\"No es cuesti\u00f3n de amedrentar a la poblaci\u00f3n. Pero debemos estar preparados para los ciberataques que este 2017 tu empresa puede llegar a sufrir...\",\"breadcrumb\":{\"@id\":\"https:\\\/\\\/www.euroresidentes.com\\\/empresa\\\/derecho-mercantil\\\/esta-preparada-su-empresa-para-los-ciberataques-del-2017\\\/#breadcrumb\"},\"inLanguage\":\"es\",\"potentialAction\":[{\"@type\":\"ReadAction\",\"target\":[\"https:\\\/\\\/www.euroresidentes.com\\\/empresa\\\/derecho-mercantil\\\/esta-preparada-su-empresa-para-los-ciberataques-del-2017\\\/\"]}]},{\"@type\":\"ImageObject\",\"inLanguage\":\"es\",\"@id\":\"https:\\\/\\\/www.euroresidentes.com\\\/empresa\\\/derecho-mercantil\\\/esta-preparada-su-empresa-para-los-ciberataques-del-2017\\\/#primaryimage\",\"url\":\"https:\\\/\\\/www.euroresidentes.com\\\/empresa\\\/derecho-mercantil\\\/wp-content\\\/uploads\\\/sites\\\/12\\\/2017\\\/02\\\/14096_26739-Ciberataque.jpg\",\"contentUrl\":\"https:\\\/\\\/www.euroresidentes.com\\\/empresa\\\/derecho-mercantil\\\/wp-content\\\/uploads\\\/sites\\\/12\\\/2017\\\/02\\\/14096_26739-Ciberataque.jpg\",\"width\":712,\"height\":534,\"caption\":\"\u00bfEst\u00e1 segura su empresa para los ciberataques del 2017?\"},{\"@type\":\"BreadcrumbList\",\"@id\":\"https:\\\/\\\/www.euroresidentes.com\\\/empresa\\\/derecho-mercantil\\\/esta-preparada-su-empresa-para-los-ciberataques-del-2017\\\/#breadcrumb\",\"itemListElement\":[{\"@type\":\"ListItem\",\"position\":1,\"name\":\"Portada\",\"item\":\"https:\\\/\\\/www.euroresidentes.com\\\/empresa\\\/derecho-mercantil\\\/\"},{\"@type\":\"ListItem\",\"position\":2,\"name\":\"\u00bfEst\u00e1 preparada su empresa para los ciberataques del 2017?\"}]},{\"@type\":\"WebSite\",\"@id\":\"https:\\\/\\\/www.euroresidentes.com\\\/empresa\\\/derecho-mercantil\\\/#website\",\"url\":\"https:\\\/\\\/www.euroresidentes.com\\\/empresa\\\/derecho-mercantil\\\/\",\"name\":\"Derecho Mercantil\",\"description\":\"Derecho y Empresa Euroresidentes\",\"potentialAction\":[{\"@type\":\"SearchAction\",\"target\":{\"@type\":\"EntryPoint\",\"urlTemplate\":\"https:\\\/\\\/www.euroresidentes.com\\\/empresa\\\/derecho-mercantil\\\/?s={search_term_string}\"},\"query-input\":{\"@type\":\"PropertyValueSpecification\",\"valueRequired\":true,\"valueName\":\"search_term_string\"}}],\"inLanguage\":\"es\"},{\"@type\":\"Person\",\"@id\":\"https:\\\/\\\/www.euroresidentes.com\\\/empresa\\\/derecho-mercantil\\\/#\\\/schema\\\/person\\\/1f848038ac5623245414f398a267708f\",\"name\":\"Manuel Pomares\",\"image\":{\"@type\":\"ImageObject\",\"inLanguage\":\"es\",\"@id\":\"https:\\\/\\\/www.euroresidentes.com\\\/empresa\\\/derecho-mercantil\\\/wp-content\\\/uploads\\\/sites\\\/12\\\/2016\\\/08\\\/manuel-pomares-abogados-150x150.jpg\",\"url\":\"https:\\\/\\\/www.euroresidentes.com\\\/empresa\\\/derecho-mercantil\\\/wp-content\\\/uploads\\\/sites\\\/12\\\/2016\\\/08\\\/manuel-pomares-abogados-150x150.jpg\",\"contentUrl\":\"https:\\\/\\\/www.euroresidentes.com\\\/empresa\\\/derecho-mercantil\\\/wp-content\\\/uploads\\\/sites\\\/12\\\/2016\\\/08\\\/manuel-pomares-abogados-150x150.jpg\",\"caption\":\"Manuel Pomares\"},\"description\":\"Manuel PomaresAbogado y socio director de la firma Pomares Abogados. Especialista en derecho mercantil-societario, bancario y responsabilidad civil-seguro.\",\"sameAs\":[\"http:\\\/\\\/www.euroresidentes.com\\\/empresa\\\/manuel-pomares-2.html\"],\"url\":\"https:\\\/\\\/www.euroresidentes.com\\\/empresa\\\/derecho-mercantil\\\/author\\\/manuel\\\/\"}]}<\/script>\n<!-- \/ Yoast SEO plugin. -->","yoast_head_json":{"title":"Estos son los ciberataques que sufrir\u00e1 tu empresa en 2017","description":"No es cuesti\u00f3n de amedrentar a la poblaci\u00f3n. Pero debemos estar preparados para los ciberataques que este 2017 tu empresa puede llegar a sufrir...","robots":{"index":"index","follow":"follow","max-snippet":"max-snippet:-1","max-image-preview":"max-image-preview:large","max-video-preview":"max-video-preview:-1"},"canonical":"https:\/\/www.euroresidentes.com\/empresa\/derecho-mercantil\/esta-preparada-su-empresa-para-los-ciberataques-del-2017\/","og_locale":"es_ES","og_type":"article","og_title":"Estos son los ciberataques que sufrir\u00e1 tu empresa en 2017","og_description":"No es cuesti\u00f3n de amedrentar a la poblaci\u00f3n. Pero debemos estar preparados para los ciberataques que este 2017 tu empresa puede llegar a sufrir...","og_url":"https:\/\/www.euroresidentes.com\/empresa\/derecho-mercantil\/esta-preparada-su-empresa-para-los-ciberataques-del-2017\/","og_site_name":"Derecho Mercantil","article_publisher":"https:\/\/www.facebook.com\/euroresidentes\/","article_published_time":"2017-02-07T08:29:53+00:00","article_modified_time":"2017-03-27T12:36:21+00:00","og_image":[{"width":712,"height":534,"url":"https:\/\/www.euroresidentes.com\/empresa\/derecho-mercantil\/wp-content\/uploads\/sites\/12\/2017\/02\/14096_26739-Ciberataque.jpg","type":"image\/jpeg"}],"author":"Manuel Pomares","twitter_card":"summary_large_image","twitter_misc":{"Written by":"Manuel Pomares","Est. reading time":"6 minutos"},"schema":{"@context":"https:\/\/schema.org","@graph":[{"@type":"Article","@id":"https:\/\/www.euroresidentes.com\/empresa\/derecho-mercantil\/esta-preparada-su-empresa-para-los-ciberataques-del-2017\/#article","isPartOf":{"@id":"https:\/\/www.euroresidentes.com\/empresa\/derecho-mercantil\/esta-preparada-su-empresa-para-los-ciberataques-del-2017\/"},"author":{"name":"Manuel Pomares","@id":"https:\/\/www.euroresidentes.com\/empresa\/derecho-mercantil\/#\/schema\/person\/1f848038ac5623245414f398a267708f"},"headline":"\u00bfEst\u00e1 preparada su empresa para los ciberataques del 2017?","datePublished":"2017-02-07T08:29:53+00:00","dateModified":"2017-03-27T12:36:21+00:00","mainEntityOfPage":{"@id":"https:\/\/www.euroresidentes.com\/empresa\/derecho-mercantil\/esta-preparada-su-empresa-para-los-ciberataques-del-2017\/"},"wordCount":1162,"commentCount":0,"image":{"@id":"https:\/\/www.euroresidentes.com\/empresa\/derecho-mercantil\/esta-preparada-su-empresa-para-los-ciberataques-del-2017\/#primaryimage"},"thumbnailUrl":"https:\/\/www.euroresidentes.com\/empresa\/derecho-mercantil\/wp-content\/uploads\/sites\/12\/2017\/02\/14096_26739-Ciberataque.jpg","articleSection":["General"],"inLanguage":"es","potentialAction":[{"@type":"CommentAction","name":"Comment","target":["https:\/\/www.euroresidentes.com\/empresa\/derecho-mercantil\/esta-preparada-su-empresa-para-los-ciberataques-del-2017\/#respond"]}]},{"@type":"WebPage","@id":"https:\/\/www.euroresidentes.com\/empresa\/derecho-mercantil\/esta-preparada-su-empresa-para-los-ciberataques-del-2017\/","url":"https:\/\/www.euroresidentes.com\/empresa\/derecho-mercantil\/esta-preparada-su-empresa-para-los-ciberataques-del-2017\/","name":"Estos son los ciberataques que sufrir\u00e1 tu empresa en 2017","isPartOf":{"@id":"https:\/\/www.euroresidentes.com\/empresa\/derecho-mercantil\/#website"},"primaryImageOfPage":{"@id":"https:\/\/www.euroresidentes.com\/empresa\/derecho-mercantil\/esta-preparada-su-empresa-para-los-ciberataques-del-2017\/#primaryimage"},"image":{"@id":"https:\/\/www.euroresidentes.com\/empresa\/derecho-mercantil\/esta-preparada-su-empresa-para-los-ciberataques-del-2017\/#primaryimage"},"thumbnailUrl":"https:\/\/www.euroresidentes.com\/empresa\/derecho-mercantil\/wp-content\/uploads\/sites\/12\/2017\/02\/14096_26739-Ciberataque.jpg","datePublished":"2017-02-07T08:29:53+00:00","dateModified":"2017-03-27T12:36:21+00:00","author":{"@id":"https:\/\/www.euroresidentes.com\/empresa\/derecho-mercantil\/#\/schema\/person\/1f848038ac5623245414f398a267708f"},"description":"No es cuesti\u00f3n de amedrentar a la poblaci\u00f3n. Pero debemos estar preparados para los ciberataques que este 2017 tu empresa puede llegar a sufrir...","breadcrumb":{"@id":"https:\/\/www.euroresidentes.com\/empresa\/derecho-mercantil\/esta-preparada-su-empresa-para-los-ciberataques-del-2017\/#breadcrumb"},"inLanguage":"es","potentialAction":[{"@type":"ReadAction","target":["https:\/\/www.euroresidentes.com\/empresa\/derecho-mercantil\/esta-preparada-su-empresa-para-los-ciberataques-del-2017\/"]}]},{"@type":"ImageObject","inLanguage":"es","@id":"https:\/\/www.euroresidentes.com\/empresa\/derecho-mercantil\/esta-preparada-su-empresa-para-los-ciberataques-del-2017\/#primaryimage","url":"https:\/\/www.euroresidentes.com\/empresa\/derecho-mercantil\/wp-content\/uploads\/sites\/12\/2017\/02\/14096_26739-Ciberataque.jpg","contentUrl":"https:\/\/www.euroresidentes.com\/empresa\/derecho-mercantil\/wp-content\/uploads\/sites\/12\/2017\/02\/14096_26739-Ciberataque.jpg","width":712,"height":534,"caption":"\u00bfEst\u00e1 segura su empresa para los ciberataques del 2017?"},{"@type":"BreadcrumbList","@id":"https:\/\/www.euroresidentes.com\/empresa\/derecho-mercantil\/esta-preparada-su-empresa-para-los-ciberataques-del-2017\/#breadcrumb","itemListElement":[{"@type":"ListItem","position":1,"name":"Portada","item":"https:\/\/www.euroresidentes.com\/empresa\/derecho-mercantil\/"},{"@type":"ListItem","position":2,"name":"\u00bfEst\u00e1 preparada su empresa para los ciberataques del 2017?"}]},{"@type":"WebSite","@id":"https:\/\/www.euroresidentes.com\/empresa\/derecho-mercantil\/#website","url":"https:\/\/www.euroresidentes.com\/empresa\/derecho-mercantil\/","name":"Derecho Mercantil","description":"Derecho y Empresa Euroresidentes","potentialAction":[{"@type":"SearchAction","target":{"@type":"EntryPoint","urlTemplate":"https:\/\/www.euroresidentes.com\/empresa\/derecho-mercantil\/?s={search_term_string}"},"query-input":{"@type":"PropertyValueSpecification","valueRequired":true,"valueName":"search_term_string"}}],"inLanguage":"es"},{"@type":"Person","@id":"https:\/\/www.euroresidentes.com\/empresa\/derecho-mercantil\/#\/schema\/person\/1f848038ac5623245414f398a267708f","name":"Manuel Pomares","image":{"@type":"ImageObject","inLanguage":"es","@id":"https:\/\/www.euroresidentes.com\/empresa\/derecho-mercantil\/wp-content\/uploads\/sites\/12\/2016\/08\/manuel-pomares-abogados-150x150.jpg","url":"https:\/\/www.euroresidentes.com\/empresa\/derecho-mercantil\/wp-content\/uploads\/sites\/12\/2016\/08\/manuel-pomares-abogados-150x150.jpg","contentUrl":"https:\/\/www.euroresidentes.com\/empresa\/derecho-mercantil\/wp-content\/uploads\/sites\/12\/2016\/08\/manuel-pomares-abogados-150x150.jpg","caption":"Manuel Pomares"},"description":"Manuel PomaresAbogado y socio director de la firma Pomares Abogados. Especialista en derecho mercantil-societario, bancario y responsabilidad civil-seguro.","sameAs":["http:\/\/www.euroresidentes.com\/empresa\/manuel-pomares-2.html"],"url":"https:\/\/www.euroresidentes.com\/empresa\/derecho-mercantil\/author\/manuel\/"}]}},"_links":{"self":[{"href":"https:\/\/www.euroresidentes.com\/empresa\/derecho-mercantil\/wp-json\/wp\/v2\/posts\/1015","targetHints":{"allow":["GET"]}}],"collection":[{"href":"https:\/\/www.euroresidentes.com\/empresa\/derecho-mercantil\/wp-json\/wp\/v2\/posts"}],"about":[{"href":"https:\/\/www.euroresidentes.com\/empresa\/derecho-mercantil\/wp-json\/wp\/v2\/types\/post"}],"author":[{"embeddable":true,"href":"https:\/\/www.euroresidentes.com\/empresa\/derecho-mercantil\/wp-json\/wp\/v2\/users\/9"}],"replies":[{"embeddable":true,"href":"https:\/\/www.euroresidentes.com\/empresa\/derecho-mercantil\/wp-json\/wp\/v2\/comments?post=1015"}],"version-history":[{"count":6,"href":"https:\/\/www.euroresidentes.com\/empresa\/derecho-mercantil\/wp-json\/wp\/v2\/posts\/1015\/revisions"}],"predecessor-version":[{"id":1022,"href":"https:\/\/www.euroresidentes.com\/empresa\/derecho-mercantil\/wp-json\/wp\/v2\/posts\/1015\/revisions\/1022"}],"wp:featuredmedia":[{"embeddable":true,"href":"https:\/\/www.euroresidentes.com\/empresa\/derecho-mercantil\/wp-json\/wp\/v2\/media\/1016"}],"wp:attachment":[{"href":"https:\/\/www.euroresidentes.com\/empresa\/derecho-mercantil\/wp-json\/wp\/v2\/media?parent=1015"}],"wp:term":[{"taxonomy":"category","embeddable":true,"href":"https:\/\/www.euroresidentes.com\/empresa\/derecho-mercantil\/wp-json\/wp\/v2\/categories?post=1015"},{"taxonomy":"post_tag","embeddable":true,"href":"https:\/\/www.euroresidentes.com\/empresa\/derecho-mercantil\/wp-json\/wp\/v2\/tags?post=1015"}],"curies":[{"name":"wp","href":"https:\/\/api.w.org\/{rel}","templated":true}]}}