	{"id":481,"date":"2010-11-27T11:39:00","date_gmt":"2010-11-27T11:39:00","guid":{"rendered":"http:\/\/www.euroresidentes.com\/alimentacion\/lo-mejor-de-la-gastronomia\/el-futuro-de-lo-mejor-de-la-gastronomia-2"},"modified":"2016-03-16T11:06:07","modified_gmt":"2016-03-16T11:06:07","slug":"el-futuro-de-lo-mejor-de-la-gastronomia-2","status":"publish","type":"post","link":"https:\/\/www.euroresidentes.com\/alimentacion\/lo-mejor-de-la-gastronomia\/el-futuro-de-lo-mejor-de-la-gastronomia-2\/","title":{"rendered":"El futuro de Lo Mejor de la Gastronom\u00eda"},"content":{"rendered":"<div style=\"text-align: left;\"><strong>An\u00e1lisis del Congreso Lo mejor de la gastronom\u00eda, 2\u00aa parte<\/strong><\/div>\n<div style=\"text-align: left;\">\n<p>En nuestro post del s\u00e1bado 20 de noviembre titulado <a href=\"http:\/\/lo-mejor-de-la-gastronomia.euroresidentes.com\/2010\/11\/congreso-lo-mejor-de-la-gastronomia.html\">Congreso lo mejor de la gastronom\u00eda 2010 <\/a>(1\u00aa parte) revisamos lo mejor de la gastronom\u00eda 2010 su \u00e9xito de visitantes y la gran variedad de talleres.<\/p>\n<p>En esta segunda parte analizamos el futuro del congreso lo mejor de la gastronom\u00eda.<\/p>\n<p>Vayamos ahora al futuro, al 2011, a las implicaciones de este evento tanto para la ciudad de Alicante y Elche, la Comunidad Valenciana, Espa\u00f1a y para la Universidad, las empresas del sector de hosteler\u00eda y los emprendedores.<\/p>\n<p>Si algo ha quedado claro en el XII Congreso de Lo Mejor de la Gastronom\u00eda esto ha sido identificar los caminos por donde va a ir la Nueva Alta Cocina. Estos <a href=\"http:\/\/lo-mejor-de-la-gastronomia.euroresidentes.com\/2010\/11\/que-es-el-nuevo-alfabeto-gastronomico.html\">nuevos alfabetos gastron\u00f3micos<\/a> van a venir de la mano de la interactividad, de las web 20, de la cercan\u00eda, de hacerlos m\u00e1s populares y de la ciencia y la investigaci\u00f3n.<\/p>\n<p>Es aqu\u00ed donde ofrecemos las primeras recomendaciones para el Congreso de lo Mejor de la Gastronom\u00eda 2011:<\/p>\n<ol>\n<li>La Universidad debe asociarse con los grandes Chef para fomentar el conocimiento y desarrollo de esta nueva industria. De la mano del I+D es como se desarrolla la Econom\u00eda del Conocimiento. Las Universidades y sus investigadores deben de estar incluidos en el pr\u00f3ximo congreso. La ciencia es parte importante de la Alta Cocina. La Universidad y la Empresa Gastron\u00f3mica han de ir de la mano.<\/li>\n<li>La empresa, las empresas creadoras de productos de alta calidad para el sector de la alta cocina, los verdaderos creadores de lo <a href=\"http:\/\/lo-mejor-de-la-gastronomia.euroresidentes.com\/2010\/11\/alfabeto-de-aromas-y-sabores.html\">alfabetos de aromas y sabores<\/a>, gastrobot\u00e1nica, texturas, cristalizados, deben de tener un lugar m\u00e1s amplio en el congreso y deben de acudir en mayor n\u00famero. La empresa, la gastronom\u00eda, la universidad y la econom\u00eda del conocimiento van siempre juntas.<\/li>\n<li>Los hoteles y la hosteler\u00eda de la zona deber\u00edan de hacer propuestas utilizando el t\u00e9rmino acu\u00f1ado este a\u00f1o de \u00absacamos el congreso fuera de IFA\u00bb para poder realizar talleres especializados en sus instalaciones haciendo propuestas atractivas para un turismo gastron\u00f3mico que cada vez tiene m\u00e1s a Espa\u00f1a como referente. Si ha esto le a\u00f1adimos que Alicante y Elche gozan de un clima \u00fanico, benigno y acogedor, el hecho de dejar pasar esta oportunidad podr\u00eda clasificarse como de fracaso.<\/li>\n<li>El congreso Lo mejor de la Gastronom\u00eda 2011 debe de abrir sus puertas a las Altas cocinas que no han estado representadas y que son de un nivel supino. Deben de abrirse las puertas a la Cocina Peruana, la Mexicana, los grandes Chefs de Estados Unidos, m\u00e1s representantes de la cocina japonesa, etc.<\/li>\n<\/ol>\n<p>Y ahora vayamos a recomendaciones important\u00edsimas de car\u00e1cter administrativo, de promoci\u00f3n tur\u00edstica, de fomento de la econom\u00eda y de convertir a Elche y a Alicante en el epicentro mundial de la Alta Cocina:<\/p>\n<ol>\n<li>A n\u00edvel local los Ayuntamientos de Elche y Alicante deben de entender que estamos ante una oportunidad \u00fanica creada por Rafael Garcia Santos de promover la industria tur\u00edstica hotelera, gastron\u00f3mica y empresarial de la provincia. Una exposici\u00f3n de car\u00e1cter mundial de los parabienes de nuestra zona, un Silicon Valley Gastron\u00f3mico. Para que esto tenga \u00e9xito deben de apoyar, fomentar y liderar.<\/li>\n<li>A nivel de la Comunidad Valenciana. La Generalitat debe de aliarse con Alicante y Elche para convertir este certamen en un referente de culto. Su conocimiento, su proyecci\u00f3n internacional como consecuencia de la creaci\u00f3n de una imagen de estilo al traer a la Comunidad Valenciana La Volvo Ocean Race, la Formula 1, Calatrava, la Ciudad de las Ciencias debe ser utilizada para lanzar este proyecto. Sus recursos financieros de fomento al turismo, la gastronom\u00eda y la imagen de la Comunidad como destino de inter\u00e9s general mundial deben ser puestos en conjunci\u00f3n con los Ayuntamientos de Elche y Alicante para aprovechar esta oportunidad \u00fanica.<\/li>\n<li>El gobierno de Espa\u00f1a a trav\u00e9s de sus institutos de promoci\u00f3n exterior ICEX y de sus ministerios pertinentes debe de apoyar este evento revolucionario que puede y debe convertir a Espa\u00f1a, a la Comunidad Valencia, a Elche y a Alicante en referente mundial de encuentros para el conocimiento y desarrollo cient\u00edfico de la Alta Cocina<\/li>\n<\/ol>\n<p><a href=\"http:\/\/2.bp.blogspot.com\/_aRPnE4Kp4iI\/TPDxNpFNkTI\/AAAAAAAAAdk\/xDIZ02Re2Ag\/s1600\/ElfuturodeLoMejordelaGastronom%25C3%25ADa.jpg\"><img decoding=\"async\" id=\"BLOGGER_PHOTO_ID_5544196357961388338\" style=\"display: block; margin: 0px auto 10px; text-align: center; cursor: pointer; width: 320px; height: 214px;\" src=\"http:\/\/www.euroresidentes.com\/alimentacion\/wp-content\/uploads\/sites\/2\/2010\/11\/El-futuro-de-Lo-Mejor-de-la-Gastronoma.jpg\" alt=\"\" border=\"0\" \/><\/a><\/p>\n<p>Resumiendo. Felicitamos a todos los organismos p\u00fablicos y privados que han apoyado el fomento y creaci\u00f3n de Lo Mejor de la Gastronom\u00eda en Alicante. Damos la enhorabuena a Rafael Garc\u00eda Santos y a su equipo por el trabajo realizado y por su \u00e9xito y recordamos, a todos, que es en Espa\u00f1a donde se encuentran los mejores Chefs del Mundo, la mejores empresas tecnol\u00f3gicas de la alta cocina y que es en Elche y Alicante donde a tomado forma este congreso \u00fanico. Como dice Ferr\u00e1n Adri\u00e0: El <a href=\"http:\/\/lo-mejor-de-la-gastronomia.euroresidentes.com\/2010\/11\/que-es-el-nuevo-alfabeto-gastronomico.html\">nuevo alfabeto gastron\u00f3mico<\/a> pasa por:<\/p>\n<ul>\n<li>creaci\u00f3n de nuevos productos<\/li>\n<li>creaci\u00f3n de nuevas t\u00e9cnicas<\/li>\n<li>creaci\u00f3n de nuevas elaboraciones<\/li>\n<li>creaci\u00f3n de nuevos conceptos<\/li>\n<li>creaci\u00f3n de una nueva filosof\u00eda y a\u00f1ado: aprovechamiento de esta oportunidad \u00fanica para convertirnos en referente mundial de la Alta Cocina<\/li>\n<\/ul>\n<p>Temas relacionados con el Congreso Lo Mejor de la Gastronom\u00eda:<\/p>\n<ul>\n<li><a href=\"http:\/\/lo-mejor-de-la-gastronomia.euroresidentes.com\/2010\/11\/congreso-lo-mejor-de-la-gastronomia.html\">Congreso lo mejor de la gastronom\u00eda 2010, 1\u00aa parte<\/a><\/li>\n<li><a href=\"http:\/\/alimentacion-cocina-gastronomia.euroresidentes.com\/2005\/11\/congreso-lo-mejor-de-la-gastronoma.html\">Congreso lo mejor de la gastronom\u00eda<\/a><\/li>\n<li><a href=\"http:\/\/www.euroresidentes.com\/libros\/gatronomia\/lo_mejor_de_la_gastronomia_garcia_santos.htm\">Lo mejor de la gastronom\u00eda<\/a> (obra-gu\u00eda de Garc\u00eda Santos)<\/li>\n<li><a href=\"http:\/\/alimentacion-cocina-gastronomia.euroresidentes.com\/2010\/11\/un-dia-en-lo-mejor-de-la-gastronomia.html\">Un d\u00eda en lo mejor de la gastronom\u00eda 2010<\/a><\/li>\n<li><a href=\"http:\/\/alimentacion-cocina-gastronomia.euroresidentes.com\/2010\/11\/lo-mejor-de-lo-mejor-de-la-gastronomia.html\">Lo mejor de lo mejor de la gastronom\u00eda<\/a><\/li>\n<li><a href=\"http:\/\/lo-mejor-de-la-gastronomia.euroresidentes.com\/\">Cr\u00f3nicas desde lo mejor de la gastronomia<\/a><\/li>\n<li><a href=\"http:\/\/www.flickr.com\/photos\/cronicasdesdelomejordelagastronomia\/\">Fotos de lo mejor de la gastronom\u00eda 2010<\/a><\/li>\n<\/ul>\n<p>Vicente Crown<\/p>\n<\/div>\n","protected":false},"excerpt":{"rendered":"<p>An\u00e1lisis del Congreso Lo mejor de la gastronom\u00eda, 2\u00aa parte En nuestro post del s\u00e1bado 20 de noviembre titulado Congreso lo mejor de la gastronom\u00eda 2010 (1\u00aa parte) revisamos lo mejor de la gastronom\u00eda 2010 su \u00e9xito de visitantes y la gran variedad de talleres. En esta segunda parte analizamos el futuro del congreso lo mejor de la gastronom\u00eda. Vayamos ahora al futuro, al 2011, a las implicaciones de este evento tanto para la ciudad de Alicante y Elche, la Comunidad Valenciana, Espa\u00f1a y para la Universidad, las empresas del sector de hosteler\u00eda y los emprendedores. Si algo ha quedado <\/p>\n","protected":false},"author":1,"featured_media":664,"comment_status":"open","ping_status":"open","sticky":false,"template":"","format":"standard","meta":{"jetpack_post_was_ever_published":false,"_jetpack_newsletter_access":"","_jetpack_dont_email_post_to_subs":false,"_jetpack_newsletter_tier_id":0,"_jetpack_memberships_contains_paywalled_content":false,"_jetpack_memberships_contains_paid_content":false,"footnotes":""},"categories":[1],"tags":[102,109,110,111,113],"class_list":["post-481","post","type-post","status-publish","format-standard","has-post-thumbnail","hentry","category-sin-categoria","tag-cronicas-desde-lo-mejor-de-la-gastronomia","tag-gastronomia-y-ciencia","tag-gastronomia-y-universidad","tag-nuevo-alfabeto-gastronomico","tag-rafael-garcia-santos","has_thumb"],"yoast_head":"<!-- This site is optimized with the Yoast SEO plugin v22.7 - https:\/\/yoast.com\/wordpress\/plugins\/seo\/ -->\n<title>El futuro de Lo Mejor de la Gastronom\u00eda - Lo mejor de la gastronom\u00eda<\/title>\n<meta name=\"robots\" content=\"index, follow, max-snippet:-1, max-image-preview:large, max-video-preview:-1\" \/>\n<link rel=\"canonical\" href=\"https:\/\/www.euroresidentes.com\/alimentacion\/lo-mejor-de-la-gastronomia\/el-futuro-de-lo-mejor-de-la-gastronomia-2\/\" \/>\n<meta property=\"og:locale\" content=\"es_ES\" \/>\n<meta property=\"og:type\" content=\"article\" \/>\n<meta property=\"og:title\" content=\"El futuro de Lo Mejor de la Gastronom\u00eda - Lo mejor de la gastronom\u00eda\" \/>\n<meta property=\"og:description\" content=\"An\u00e1lisis del Congreso Lo mejor de la gastronom\u00eda, 2\u00aa parte En nuestro post del s\u00e1bado 20 de noviembre titulado Congreso lo mejor de la gastronom\u00eda 2010 (1\u00aa parte) revisamos lo mejor de la gastronom\u00eda 2010 su \u00e9xito de visitantes y la gran variedad de talleres. En esta segunda parte analizamos el futuro del congreso lo mejor de la gastronom\u00eda. Vayamos ahora al futuro, al 2011, a las implicaciones de este evento tanto para la ciudad de Alicante y Elche, la Comunidad Valenciana, Espa\u00f1a y para la Universidad, las empresas del sector de hosteler\u00eda y los emprendedores. Si algo ha quedado\" \/>\n<meta property=\"og:url\" content=\"https:\/\/www.euroresidentes.com\/alimentacion\/lo-mejor-de-la-gastronomia\/el-futuro-de-lo-mejor-de-la-gastronomia-2\/\" \/>\n<meta property=\"og:site_name\" content=\"Lo mejor de la gastronom\u00eda\" \/>\n<meta property=\"article:published_time\" content=\"2010-11-27T11:39:00+00:00\" \/>\n<meta property=\"article:modified_time\" content=\"2016-03-16T11:06:07+00:00\" \/>\n<meta property=\"og:image\" content=\"https:\/\/www.euroresidentes.com\/alimentacion\/lo-mejor-de-la-gastronomia\/wp-content\/uploads\/2010\/11\/El-futuro-de-Lo-Mejor-de-la-Gastronoma.jpg\" \/>\n\t<meta property=\"og:image:width\" content=\"320\" \/>\n\t<meta property=\"og:image:height\" content=\"213\" \/>\n\t<meta property=\"og:image:type\" content=\"image\/jpeg\" \/>\n<meta name=\"author\" content=\"Euroresidentes\" \/>\n<meta name=\"twitter:card\" content=\"summary_large_image\" \/>\n<meta name=\"twitter:label1\" content=\"Written by\" \/>\n\t<meta name=\"twitter:data1\" content=\"Euroresidentes\" \/>\n\t<meta name=\"twitter:label2\" content=\"Est. reading time\" \/>\n\t<meta name=\"twitter:data2\" content=\"5 minutos\" \/>\n<script type=\"application\/ld+json\" class=\"yoast-schema-graph\">{\"@context\":\"https:\/\/schema.org\",\"@graph\":[{\"@type\":\"WebPage\",\"@id\":\"https:\/\/www.euroresidentes.com\/alimentacion\/lo-mejor-de-la-gastronomia\/el-futuro-de-lo-mejor-de-la-gastronomia-2\/\",\"url\":\"https:\/\/www.euroresidentes.com\/alimentacion\/lo-mejor-de-la-gastronomia\/el-futuro-de-lo-mejor-de-la-gastronomia-2\/\",\"name\":\"El futuro de Lo Mejor de la Gastronom\u00eda - Lo mejor de la gastronom\u00eda\",\"isPartOf\":{\"@id\":\"https:\/\/www.euroresidentes.com\/alimentacion\/lo-mejor-de-la-gastronomia\/#website\"},\"primaryImageOfPage\":{\"@id\":\"https:\/\/www.euroresidentes.com\/alimentacion\/lo-mejor-de-la-gastronomia\/el-futuro-de-lo-mejor-de-la-gastronomia-2\/#primaryimage\"},\"image\":{\"@id\":\"https:\/\/www.euroresidentes.com\/alimentacion\/lo-mejor-de-la-gastronomia\/el-futuro-de-lo-mejor-de-la-gastronomia-2\/#primaryimage\"},\"thumbnailUrl\":\"https:\/\/www.euroresidentes.com\/alimentacion\/lo-mejor-de-la-gastronomia\/wp-content\/uploads\/2010\/11\/El-futuro-de-Lo-Mejor-de-la-Gastronoma.jpg\",\"datePublished\":\"2010-11-27T11:39:00+00:00\",\"dateModified\":\"2016-03-16T11:06:07+00:00\",\"author\":{\"@id\":\"https:\/\/www.euroresidentes.com\/alimentacion\/lo-mejor-de-la-gastronomia\/#\/schema\/person\/a17bd74402f572912d324d8c56c2047d\"},\"breadcrumb\":{\"@id\":\"https:\/\/www.euroresidentes.com\/alimentacion\/lo-mejor-de-la-gastronomia\/el-futuro-de-lo-mejor-de-la-gastronomia-2\/#breadcrumb\"},\"inLanguage\":\"es\",\"potentialAction\":[{\"@type\":\"ReadAction\",\"target\":[\"https:\/\/www.euroresidentes.com\/alimentacion\/lo-mejor-de-la-gastronomia\/el-futuro-de-lo-mejor-de-la-gastronomia-2\/\"]}]},{\"@type\":\"ImageObject\",\"inLanguage\":\"es\",\"@id\":\"https:\/\/www.euroresidentes.com\/alimentacion\/lo-mejor-de-la-gastronomia\/el-futuro-de-lo-mejor-de-la-gastronomia-2\/#primaryimage\",\"url\":\"https:\/\/www.euroresidentes.com\/alimentacion\/lo-mejor-de-la-gastronomia\/wp-content\/uploads\/2010\/11\/El-futuro-de-Lo-Mejor-de-la-Gastronoma.jpg\",\"contentUrl\":\"https:\/\/www.euroresidentes.com\/alimentacion\/lo-mejor-de-la-gastronomia\/wp-content\/uploads\/2010\/11\/El-futuro-de-Lo-Mejor-de-la-Gastronoma.jpg\",\"width\":320,\"height\":213,\"caption\":\"VCrown\u00a92010\"},{\"@type\":\"BreadcrumbList\",\"@id\":\"https:\/\/www.euroresidentes.com\/alimentacion\/lo-mejor-de-la-gastronomia\/el-futuro-de-lo-mejor-de-la-gastronomia-2\/#breadcrumb\",\"itemListElement\":[{\"@type\":\"ListItem\",\"position\":1,\"name\":\"Portada\",\"item\":\"https:\/\/www.euroresidentes.com\/alimentacion\/lo-mejor-de-la-gastronomia\/\"},{\"@type\":\"ListItem\",\"position\":2,\"name\":\"El futuro de Lo Mejor de la Gastronom\u00eda\"}]},{\"@type\":\"WebSite\",\"@id\":\"https:\/\/www.euroresidentes.com\/alimentacion\/lo-mejor-de-la-gastronomia\/#website\",\"url\":\"https:\/\/www.euroresidentes.com\/alimentacion\/lo-mejor-de-la-gastronomia\/\",\"name\":\"Lo mejor de la gastronom\u00eda\",\"description\":\"Otro sitio m\u00e1s de Sitios de Alimentaci\u00f3n Euroresidentes\",\"potentialAction\":[{\"@type\":\"SearchAction\",\"target\":{\"@type\":\"EntryPoint\",\"urlTemplate\":\"https:\/\/www.euroresidentes.com\/alimentacion\/lo-mejor-de-la-gastronomia\/?s={search_term_string}\"},\"query-input\":\"required name=search_term_string\"}],\"inLanguage\":\"es\"},{\"@type\":\"Person\",\"@id\":\"https:\/\/www.euroresidentes.com\/alimentacion\/lo-mejor-de-la-gastronomia\/#\/schema\/person\/a17bd74402f572912d324d8c56c2047d\",\"name\":\"Euroresidentes\",\"image\":{\"@type\":\"ImageObject\",\"inLanguage\":\"es\",\"@id\":\"https:\/\/www.euroresidentes.com\/alimentacion\/lo-mejor-de-la-gastronomia\/#\/schema\/person\/image\/\",\"url\":\"https:\/\/www.euroresidentes.com\/alimentacion\/lo-mejor-de-la-gastronomia\/wp-content\/uploads\/2016\/09\/fav-euroresidentes-150x150.jpg\",\"contentUrl\":\"https:\/\/www.euroresidentes.com\/alimentacion\/lo-mejor-de-la-gastronomia\/wp-content\/uploads\/2016\/09\/fav-euroresidentes-150x150.jpg\",\"caption\":\"Euroresidentes\"},\"description\":\"EuroresidentesContenidos para resolver las necesidades grandes y peque\u00f1as de la vida cotidiana.\",\"url\":\"https:\/\/www.euroresidentes.com\/alimentacion\/lo-mejor-de-la-gastronomia\/author\/euroresidentes\/\"}]}<\/script>\n<!-- \/ Yoast SEO plugin. -->","yoast_head_json":{"title":"El futuro de Lo Mejor de la Gastronom\u00eda - Lo mejor de la gastronom\u00eda","robots":{"index":"index","follow":"follow","max-snippet":"max-snippet:-1","max-image-preview":"max-image-preview:large","max-video-preview":"max-video-preview:-1"},"canonical":"https:\/\/www.euroresidentes.com\/alimentacion\/lo-mejor-de-la-gastronomia\/el-futuro-de-lo-mejor-de-la-gastronomia-2\/","og_locale":"es_ES","og_type":"article","og_title":"El futuro de Lo Mejor de la Gastronom\u00eda - Lo mejor de la gastronom\u00eda","og_description":"An\u00e1lisis del Congreso Lo mejor de la gastronom\u00eda, 2\u00aa parte En nuestro post del s\u00e1bado 20 de noviembre titulado Congreso lo mejor de la gastronom\u00eda 2010 (1\u00aa parte) revisamos lo mejor de la gastronom\u00eda 2010 su \u00e9xito de visitantes y la gran variedad de talleres. En esta segunda parte analizamos el futuro del congreso lo mejor de la gastronom\u00eda. Vayamos ahora al futuro, al 2011, a las implicaciones de este evento tanto para la ciudad de Alicante y Elche, la Comunidad Valenciana, Espa\u00f1a y para la Universidad, las empresas del sector de hosteler\u00eda y los emprendedores. Si algo ha quedado","og_url":"https:\/\/www.euroresidentes.com\/alimentacion\/lo-mejor-de-la-gastronomia\/el-futuro-de-lo-mejor-de-la-gastronomia-2\/","og_site_name":"Lo mejor de la gastronom\u00eda","article_published_time":"2010-11-27T11:39:00+00:00","article_modified_time":"2016-03-16T11:06:07+00:00","og_image":[{"width":320,"height":213,"url":"https:\/\/www.euroresidentes.com\/alimentacion\/lo-mejor-de-la-gastronomia\/wp-content\/uploads\/2010\/11\/El-futuro-de-Lo-Mejor-de-la-Gastronoma.jpg","type":"image\/jpeg"}],"author":"Euroresidentes","twitter_card":"summary_large_image","twitter_misc":{"Written by":"Euroresidentes","Est. reading time":"5 minutos"},"schema":{"@context":"https:\/\/schema.org","@graph":[{"@type":"WebPage","@id":"https:\/\/www.euroresidentes.com\/alimentacion\/lo-mejor-de-la-gastronomia\/el-futuro-de-lo-mejor-de-la-gastronomia-2\/","url":"https:\/\/www.euroresidentes.com\/alimentacion\/lo-mejor-de-la-gastronomia\/el-futuro-de-lo-mejor-de-la-gastronomia-2\/","name":"El futuro de Lo Mejor de la Gastronom\u00eda - Lo mejor de la gastronom\u00eda","isPartOf":{"@id":"https:\/\/www.euroresidentes.com\/alimentacion\/lo-mejor-de-la-gastronomia\/#website"},"primaryImageOfPage":{"@id":"https:\/\/www.euroresidentes.com\/alimentacion\/lo-mejor-de-la-gastronomia\/el-futuro-de-lo-mejor-de-la-gastronomia-2\/#primaryimage"},"image":{"@id":"https:\/\/www.euroresidentes.com\/alimentacion\/lo-mejor-de-la-gastronomia\/el-futuro-de-lo-mejor-de-la-gastronomia-2\/#primaryimage"},"thumbnailUrl":"https:\/\/www.euroresidentes.com\/alimentacion\/lo-mejor-de-la-gastronomia\/wp-content\/uploads\/2010\/11\/El-futuro-de-Lo-Mejor-de-la-Gastronoma.jpg","datePublished":"2010-11-27T11:39:00+00:00","dateModified":"2016-03-16T11:06:07+00:00","author":{"@id":"https:\/\/www.euroresidentes.com\/alimentacion\/lo-mejor-de-la-gastronomia\/#\/schema\/person\/a17bd74402f572912d324d8c56c2047d"},"breadcrumb":{"@id":"https:\/\/www.euroresidentes.com\/alimentacion\/lo-mejor-de-la-gastronomia\/el-futuro-de-lo-mejor-de-la-gastronomia-2\/#breadcrumb"},"inLanguage":"es","potentialAction":[{"@type":"ReadAction","target":["https:\/\/www.euroresidentes.com\/alimentacion\/lo-mejor-de-la-gastronomia\/el-futuro-de-lo-mejor-de-la-gastronomia-2\/"]}]},{"@type":"ImageObject","inLanguage":"es","@id":"https:\/\/www.euroresidentes.com\/alimentacion\/lo-mejor-de-la-gastronomia\/el-futuro-de-lo-mejor-de-la-gastronomia-2\/#primaryimage","url":"https:\/\/www.euroresidentes.com\/alimentacion\/lo-mejor-de-la-gastronomia\/wp-content\/uploads\/2010\/11\/El-futuro-de-Lo-Mejor-de-la-Gastronoma.jpg","contentUrl":"https:\/\/www.euroresidentes.com\/alimentacion\/lo-mejor-de-la-gastronomia\/wp-content\/uploads\/2010\/11\/El-futuro-de-Lo-Mejor-de-la-Gastronoma.jpg","width":320,"height":213,"caption":"VCrown\u00a92010"},{"@type":"BreadcrumbList","@id":"https:\/\/www.euroresidentes.com\/alimentacion\/lo-mejor-de-la-gastronomia\/el-futuro-de-lo-mejor-de-la-gastronomia-2\/#breadcrumb","itemListElement":[{"@type":"ListItem","position":1,"name":"Portada","item":"https:\/\/www.euroresidentes.com\/alimentacion\/lo-mejor-de-la-gastronomia\/"},{"@type":"ListItem","position":2,"name":"El futuro de Lo Mejor de la Gastronom\u00eda"}]},{"@type":"WebSite","@id":"https:\/\/www.euroresidentes.com\/alimentacion\/lo-mejor-de-la-gastronomia\/#website","url":"https:\/\/www.euroresidentes.com\/alimentacion\/lo-mejor-de-la-gastronomia\/","name":"Lo mejor de la gastronom\u00eda","description":"Otro sitio m\u00e1s de Sitios de Alimentaci\u00f3n Euroresidentes","potentialAction":[{"@type":"SearchAction","target":{"@type":"EntryPoint","urlTemplate":"https:\/\/www.euroresidentes.com\/alimentacion\/lo-mejor-de-la-gastronomia\/?s={search_term_string}"},"query-input":"required name=search_term_string"}],"inLanguage":"es"},{"@type":"Person","@id":"https:\/\/www.euroresidentes.com\/alimentacion\/lo-mejor-de-la-gastronomia\/#\/schema\/person\/a17bd74402f572912d324d8c56c2047d","name":"Euroresidentes","image":{"@type":"ImageObject","inLanguage":"es","@id":"https:\/\/www.euroresidentes.com\/alimentacion\/lo-mejor-de-la-gastronomia\/#\/schema\/person\/image\/","url":"https:\/\/www.euroresidentes.com\/alimentacion\/lo-mejor-de-la-gastronomia\/wp-content\/uploads\/2016\/09\/fav-euroresidentes-150x150.jpg","contentUrl":"https:\/\/www.euroresidentes.com\/alimentacion\/lo-mejor-de-la-gastronomia\/wp-content\/uploads\/2016\/09\/fav-euroresidentes-150x150.jpg","caption":"Euroresidentes"},"description":"EuroresidentesContenidos para resolver las necesidades grandes y peque\u00f1as de la vida cotidiana.","url":"https:\/\/www.euroresidentes.com\/alimentacion\/lo-mejor-de-la-gastronomia\/author\/euroresidentes\/"}]}},"jetpack_sharing_enabled":true,"jetpack_featured_media_url":"https:\/\/www.euroresidentes.com\/alimentacion\/lo-mejor-de-la-gastronomia\/wp-content\/uploads\/2010\/11\/El-futuro-de-Lo-Mejor-de-la-Gastronoma.jpg","jetpack_shortlink":"https:\/\/wp.me\/p7l1IR-7L","_links":{"self":[{"href":"https:\/\/www.euroresidentes.com\/alimentacion\/lo-mejor-de-la-gastronomia\/wp-json\/wp\/v2\/posts\/481"}],"collection":[{"href":"https:\/\/www.euroresidentes.com\/alimentacion\/lo-mejor-de-la-gastronomia\/wp-json\/wp\/v2\/posts"}],"about":[{"href":"https:\/\/www.euroresidentes.com\/alimentacion\/lo-mejor-de-la-gastronomia\/wp-json\/wp\/v2\/types\/post"}],"author":[{"embeddable":true,"href":"https:\/\/www.euroresidentes.com\/alimentacion\/lo-mejor-de-la-gastronomia\/wp-json\/wp\/v2\/users\/1"}],"replies":[{"embeddable":true,"href":"https:\/\/www.euroresidentes.com\/alimentacion\/lo-mejor-de-la-gastronomia\/wp-json\/wp\/v2\/comments?post=481"}],"version-history":[{"count":3,"href":"https:\/\/www.euroresidentes.com\/alimentacion\/lo-mejor-de-la-gastronomia\/wp-json\/wp\/v2\/posts\/481\/revisions"}],"predecessor-version":[{"id":665,"href":"https:\/\/www.euroresidentes.com\/alimentacion\/lo-mejor-de-la-gastronomia\/wp-json\/wp\/v2\/posts\/481\/revisions\/665"}],"wp:featuredmedia":[{"embeddable":true,"href":"https:\/\/www.euroresidentes.com\/alimentacion\/lo-mejor-de-la-gastronomia\/wp-json\/wp\/v2\/media\/664"}],"wp:attachment":[{"href":"https:\/\/www.euroresidentes.com\/alimentacion\/lo-mejor-de-la-gastronomia\/wp-json\/wp\/v2\/media?parent=481"}],"wp:term":[{"taxonomy":"category","embeddable":true,"href":"https:\/\/www.euroresidentes.com\/alimentacion\/lo-mejor-de-la-gastronomia\/wp-json\/wp\/v2\/categories?post=481"},{"taxonomy":"post_tag","embeddable":true,"href":"https:\/\/www.euroresidentes.com\/alimentacion\/lo-mejor-de-la-gastronomia\/wp-json\/wp\/v2\/tags?post=481"}],"curies":[{"name":"wp","href":"https:\/\/api.w.org\/{rel}","templated":true}]}}