	{"id":1869,"date":"2019-09-10T09:16:10","date_gmt":"2019-09-10T09:16:10","guid":{"rendered":"https:\/\/www.euroresidentes.com\/alimentacion\/comida\/?p=1869"},"modified":"2019-09-10T12:01:10","modified_gmt":"2019-09-10T12:01:10","slug":"septiembre-frutas-y-verduras","status":"publish","type":"post","link":"https:\/\/www.euroresidentes.com\/alimentacion\/comida\/septiembre-frutas-y-verduras\/","title":{"rendered":"Septiembre: frutas y verduras de temporada"},"content":{"rendered":"\n<p>Septiembre es un mes de transici\u00f3n entre el verano y el oto\u00f1o, el verano todav\u00eda colea y podemos disfrutar todav\u00eda de d\u00edas de campo y playa pero tambi\u00e9n empiezan a bajar las temperaturas y empiezan a llegar las lluvias. <\/p>\n\n\n\n<p>Lo mismo sucede con las frutas y verduras podemos disfrutar todav\u00eda de frutas t\u00edpicas del verano como los higos o la sand\u00eda, el mel\u00f3n, melocotones, y empiezan a estar deliciosas las moras, ar\u00e1ndanos, las uvas, y  los calabacines, calabazas y remolachas empiezan a llenar de color nuestra cocina. <\/p>\n\n\n\n<figure class=\"wp-block-image\"><img loading=\"lazy\" decoding=\"async\" width=\"800\" height=\"450\" src=\"https:\/\/www.euroresidentes.com\/alimentacion\/comida\/wp-content\/uploads\/sites\/3\/2019\/09\/frutas-verduras-septiembre.jpg\" alt=\"\" class=\"wp-image-1870\" srcset=\"https:\/\/www.euroresidentes.com\/alimentacion\/comida\/wp-content\/uploads\/sites\/3\/2019\/09\/frutas-verduras-septiembre.jpg 800w, https:\/\/www.euroresidentes.com\/alimentacion\/comida\/wp-content\/uploads\/sites\/3\/2019\/09\/frutas-verduras-septiembre-300x169.jpg 300w, https:\/\/www.euroresidentes.com\/alimentacion\/comida\/wp-content\/uploads\/sites\/3\/2019\/09\/frutas-verduras-septiembre-768x432.jpg 768w, https:\/\/www.euroresidentes.com\/alimentacion\/comida\/wp-content\/uploads\/sites\/3\/2019\/09\/frutas-verduras-septiembre-528x297.jpg 528w\" sizes=\"(max-width: 800px) 100vw, 800px\" \/><figcaption>Imagen de&nbsp;Free-Photos&nbsp;en&nbsp;Pixabay&nbsp;<\/figcaption><\/figure>\n\n\n\n<p>En septiembre adem\u00e1s empieza la <a href=\"https:\/\/euroresidentes.com\/calendario\/vuelta-al-cole\/\">vuelta al cole<\/a>, la vuelta al trabajo, la rutina, el estr\u00e9s, los resfriados&#8230;Prepara la transici\u00f3n incluyendo en tu dieta todos estos deliciosos <strong>alimentos de temporada ricos en antioxidantes<\/strong> que estimulan nuestro <strong>sistema inmunitario<\/strong>, como <strong>el betacaroteno<\/strong> presente en las naranjas, zanahorias, calabazas o el br\u00f3coli, <strong>la lute\u00edna <\/strong>presente en los vegetales de hoja verde y el <strong>licopeno<\/strong> que tienen sand\u00edas y tomates. <\/p>\n\n\n\n<p>Aunque esta lista puede variar dependiendo de la zona o pa\u00eds en la que vivas, estas son algunas de las frutas y verduras de temporada que puedes disfrutar en septiembre.<br><\/p>\n\n\n\n<h3 class=\"wp-block-heading\">Verduras de septiembre<\/h3>\n\n\n\n<p>Acelgas, espinacas, jud\u00edas verdes, ajos, alcachofas, repollo, coliflor, col blanca, col rizada, coles de bruselas, br\u00f3coli, pepino, achicoria, cebolla, champi\u00f1\u00f3n, lechuga, berenjena, ortiga, patata, tomate, pimiento, ruibarbo, remolacha, nabos, r\u00e1bano, puerro, apio, r\u00facula, chalota, calabac\u00edn, calabaza, ma\u00edz,  aguacate, zanahorias.<\/p>\n\n\n\n<h3 class=\"wp-block-heading\">Frutas de septiembre<\/h3>\n\n\n\n<p>Sand\u00eda, higos, mango, kiwi, pi\u00f1a, membrillo, manzanas, mel\u00f3n, ar\u00e1ndanos, moras, n\u00edsperos, peras, ciruelas, melocotones, nectarinas, uvas, pomelo, pl\u00e1tano.<\/p>\n\n\n\n<p>C\u00f3mo ya hemos comentado esta lista puede variar dependiendo de la zona y el pa\u00eds en el que vivas, as\u00ed que estaremos encantados si nos dejas un comentario y nos cuentas cu\u00e1les son tus frutas y verduras favoritas del mes de septiembre de la zona en la que vives.<\/p>\n\n\n\n<p>Fuentes: <a href=\"https:\/\/www.ocu.org\/alimentacion\/alimentos\/calculadora\/calendario-de-frutas-y-verduras\">ocu,<\/a>\u00a0<a href=\"https:\/\/luvofoods.com\/blog\/what-fruits-vegetables-in-season-september\/\">luvofoods<\/a><\/p>\n\n\n\n<p><strong>Lecturas relacionadas:<\/strong><\/p>\n\n\n\n<p><a href=\"https:\/\/www.euroresidentes.com\/salud\/salud-hoy\/los-mejores-alimentos-para-nuestro-cerebro\">Los mejores alimentos para nuestro cerebro<\/a><br><a href=\"https:\/\/www.euroresidentes.com\/estilo-de-vida\/consejos-belleza-bienestar\/10-mejores-antioxidantes-y-una-dieta\">10 alimentos antioxidantes y una dieta energ\u00e9tica<\/a><br><a href=\"https:\/\/www.euroresidentes.com\/salud\/salud-hoy\/que-comer-antes-de-un-examen\">Qu\u00e9 comer para mejorar los resultados de un ex\u00e1men<\/a><\/p>\n","protected":false},"excerpt":{"rendered":"<p>Septiembre es un mes de transici\u00f3n entre el verano y el oto\u00f1o, el verano todav\u00eda colea y podemos disfrutar todav\u00eda de d\u00edas de campo y playa pero tambi\u00e9n empiezan a bajar las temperaturas y empiezan a llegar las lluvias. Lo mismo sucede con las frutas y verduras podemos disfrutar todav\u00eda de frutas t\u00edpicas del verano como los higos o la sand\u00eda, el mel\u00f3n, melocotones, y empiezan a estar deliciosas las moras, ar\u00e1ndanos, las uvas, y los calabacines, calabazas y remolachas empiezan a llenar de color nuestra cocina. En septiembre adem\u00e1s empieza la vuelta al cole, la vuelta al trabajo, la <\/p>\n","protected":false},"author":1,"featured_media":1870,"comment_status":"open","ping_status":"closed","sticky":false,"template":"","format":"standard","meta":{"jetpack_post_was_ever_published":false,"_jetpack_newsletter_access":"","_jetpack_dont_email_post_to_subs":false,"_jetpack_newsletter_tier_id":0,"_jetpack_memberships_contains_paywalled_content":false,"_jetpack_memberships_contains_paid_content":false,"footnotes":""},"categories":[1],"tags":[],"class_list":["post-1869","post","type-post","status-publish","format-standard","has-post-thumbnail","hentry","category-general","has_thumb"],"yoast_head":"<!-- This site is optimized with the Yoast SEO plugin v22.7 - https:\/\/yoast.com\/wordpress\/plugins\/seo\/ -->\n<title>Septiembre: frutas y verduras de temporada<\/title>\n<meta name=\"description\" content=\"Calabazas, espinacas, ar\u00e1ndanos, moras, aunque la lista puede variar dependiendo de d\u00f3nde vivas,\u00a0 estas son las frutas y verduras de temporada de septiembre\" \/>\n<meta name=\"robots\" content=\"index, follow, max-snippet:-1, max-image-preview:large, max-video-preview:-1\" \/>\n<link rel=\"canonical\" href=\"https:\/\/www.euroresidentes.com\/alimentacion\/comida\/septiembre-frutas-y-verduras\/\" \/>\n<meta property=\"og:locale\" content=\"es_ES\" \/>\n<meta property=\"og:type\" content=\"article\" \/>\n<meta property=\"og:title\" content=\"Septiembre: frutas y verduras de temporada\" \/>\n<meta property=\"og:description\" content=\"Calabazas, espinacas, ar\u00e1ndanos, moras, aunque la lista puede variar dependiendo de d\u00f3nde vivas,\u00a0 estas son las frutas y verduras de temporada de septiembre\" \/>\n<meta property=\"og:url\" content=\"https:\/\/www.euroresidentes.com\/alimentacion\/comida\/septiembre-frutas-y-verduras\/\" \/>\n<meta property=\"og:site_name\" content=\"Comida\" \/>\n<meta property=\"article:published_time\" content=\"2019-09-10T09:16:10+00:00\" \/>\n<meta property=\"article:modified_time\" content=\"2019-09-10T12:01:10+00:00\" \/>\n<meta property=\"og:image\" content=\"https:\/\/www.euroresidentes.com\/alimentacion\/comida\/wp-content\/uploads\/sites\/3\/2019\/09\/frutas-verduras-septiembre.jpg\" \/>\n\t<meta property=\"og:image:width\" content=\"800\" \/>\n\t<meta property=\"og:image:height\" content=\"450\" \/>\n\t<meta property=\"og:image:type\" content=\"image\/jpeg\" \/>\n<meta name=\"author\" content=\"Euroresidentes\" \/>\n<meta name=\"twitter:card\" content=\"summary_large_image\" \/>\n<meta name=\"twitter:label1\" content=\"Written by\" \/>\n\t<meta name=\"twitter:data1\" content=\"Euroresidentes\" \/>\n\t<meta name=\"twitter:label2\" content=\"Est. reading time\" \/>\n\t<meta name=\"twitter:data2\" content=\"2 minutos\" \/>\n<script type=\"application\/ld+json\" class=\"yoast-schema-graph\">{\"@context\":\"https:\/\/schema.org\",\"@graph\":[{\"@type\":\"WebPage\",\"@id\":\"https:\/\/www.euroresidentes.com\/alimentacion\/comida\/septiembre-frutas-y-verduras\/\",\"url\":\"https:\/\/www.euroresidentes.com\/alimentacion\/comida\/septiembre-frutas-y-verduras\/\",\"name\":\"Septiembre: frutas y verduras de temporada\",\"isPartOf\":{\"@id\":\"https:\/\/www.euroresidentes.com\/alimentacion\/comida\/#website\"},\"primaryImageOfPage\":{\"@id\":\"https:\/\/www.euroresidentes.com\/alimentacion\/comida\/septiembre-frutas-y-verduras\/#primaryimage\"},\"image\":{\"@id\":\"https:\/\/www.euroresidentes.com\/alimentacion\/comida\/septiembre-frutas-y-verduras\/#primaryimage\"},\"thumbnailUrl\":\"https:\/\/www.euroresidentes.com\/alimentacion\/comida\/wp-content\/uploads\/sites\/3\/2019\/09\/frutas-verduras-septiembre.jpg\",\"datePublished\":\"2019-09-10T09:16:10+00:00\",\"dateModified\":\"2019-09-10T12:01:10+00:00\",\"author\":{\"@id\":\"https:\/\/www.euroresidentes.com\/alimentacion\/comida\/#\/schema\/person\/a17bd74402f572912d324d8c56c2047d\"},\"description\":\"Calabazas, espinacas, ar\u00e1ndanos, moras, aunque la lista puede variar dependiendo de d\u00f3nde vivas,\u00a0 estas son las frutas y verduras de temporada de septiembre\",\"breadcrumb\":{\"@id\":\"https:\/\/www.euroresidentes.com\/alimentacion\/comida\/septiembre-frutas-y-verduras\/#breadcrumb\"},\"inLanguage\":\"es\",\"potentialAction\":[{\"@type\":\"ReadAction\",\"target\":[\"https:\/\/www.euroresidentes.com\/alimentacion\/comida\/septiembre-frutas-y-verduras\/\"]}]},{\"@type\":\"ImageObject\",\"inLanguage\":\"es\",\"@id\":\"https:\/\/www.euroresidentes.com\/alimentacion\/comida\/septiembre-frutas-y-verduras\/#primaryimage\",\"url\":\"https:\/\/www.euroresidentes.com\/alimentacion\/comida\/wp-content\/uploads\/sites\/3\/2019\/09\/frutas-verduras-septiembre.jpg\",\"contentUrl\":\"https:\/\/www.euroresidentes.com\/alimentacion\/comida\/wp-content\/uploads\/sites\/3\/2019\/09\/frutas-verduras-septiembre.jpg\",\"width\":800,\"height\":450,\"caption\":\"Imagen de Free-Photos en Pixabay\"},{\"@type\":\"BreadcrumbList\",\"@id\":\"https:\/\/www.euroresidentes.com\/alimentacion\/comida\/septiembre-frutas-y-verduras\/#breadcrumb\",\"itemListElement\":[{\"@type\":\"ListItem\",\"position\":1,\"name\":\"Portada\",\"item\":\"https:\/\/www.euroresidentes.com\/alimentacion\/comida\/\"},{\"@type\":\"ListItem\",\"position\":2,\"name\":\"Septiembre: frutas y verduras de temporada\"}]},{\"@type\":\"WebSite\",\"@id\":\"https:\/\/www.euroresidentes.com\/alimentacion\/comida\/#website\",\"url\":\"https:\/\/www.euroresidentes.com\/alimentacion\/comida\/\",\"name\":\"Comida\",\"description\":\"Comida Euroresidentes\",\"potentialAction\":[{\"@type\":\"SearchAction\",\"target\":{\"@type\":\"EntryPoint\",\"urlTemplate\":\"https:\/\/www.euroresidentes.com\/alimentacion\/comida\/?s={search_term_string}\"},\"query-input\":\"required name=search_term_string\"}],\"inLanguage\":\"es\"},{\"@type\":\"Person\",\"@id\":\"https:\/\/www.euroresidentes.com\/alimentacion\/comida\/#\/schema\/person\/a17bd74402f572912d324d8c56c2047d\",\"name\":\"Euroresidentes\",\"image\":{\"@type\":\"ImageObject\",\"inLanguage\":\"es\",\"@id\":\"https:\/\/www.euroresidentes.com\/alimentacion\/comida\/#\/schema\/person\/image\/\",\"url\":\"https:\/\/www.euroresidentes.com\/alimentacion\/comida\/wp-content\/uploads\/sites\/3\/2016\/10\/logo-euroresidentes-300x300-150x150.jpg\",\"contentUrl\":\"https:\/\/www.euroresidentes.com\/alimentacion\/comida\/wp-content\/uploads\/sites\/3\/2016\/10\/logo-euroresidentes-300x300-150x150.jpg\",\"caption\":\"Euroresidentes\"},\"description\":\"EuroresidentesContenidos para resolver las necesidades grandes y peque\u00f1as de la vida cotidiana.\",\"url\":\"https:\/\/www.euroresidentes.com\/alimentacion\/comida\/author\/euroresidentes\/\"}]}<\/script>\n<!-- \/ Yoast SEO plugin. -->","yoast_head_json":{"title":"Septiembre: frutas y verduras de temporada","description":"Calabazas, espinacas, ar\u00e1ndanos, moras, aunque la lista puede variar dependiendo de d\u00f3nde vivas,\u00a0 estas son las frutas y verduras de temporada de septiembre","robots":{"index":"index","follow":"follow","max-snippet":"max-snippet:-1","max-image-preview":"max-image-preview:large","max-video-preview":"max-video-preview:-1"},"canonical":"https:\/\/www.euroresidentes.com\/alimentacion\/comida\/septiembre-frutas-y-verduras\/","og_locale":"es_ES","og_type":"article","og_title":"Septiembre: frutas y verduras de temporada","og_description":"Calabazas, espinacas, ar\u00e1ndanos, moras, aunque la lista puede variar dependiendo de d\u00f3nde vivas,\u00a0 estas son las frutas y verduras de temporada de septiembre","og_url":"https:\/\/www.euroresidentes.com\/alimentacion\/comida\/septiembre-frutas-y-verduras\/","og_site_name":"Comida","article_published_time":"2019-09-10T09:16:10+00:00","article_modified_time":"2019-09-10T12:01:10+00:00","og_image":[{"width":800,"height":450,"url":"https:\/\/www.euroresidentes.com\/alimentacion\/comida\/wp-content\/uploads\/sites\/3\/2019\/09\/frutas-verduras-septiembre.jpg","type":"image\/jpeg"}],"author":"Euroresidentes","twitter_card":"summary_large_image","twitter_misc":{"Written by":"Euroresidentes","Est. reading time":"2 minutos"},"schema":{"@context":"https:\/\/schema.org","@graph":[{"@type":"WebPage","@id":"https:\/\/www.euroresidentes.com\/alimentacion\/comida\/septiembre-frutas-y-verduras\/","url":"https:\/\/www.euroresidentes.com\/alimentacion\/comida\/septiembre-frutas-y-verduras\/","name":"Septiembre: frutas y verduras de temporada","isPartOf":{"@id":"https:\/\/www.euroresidentes.com\/alimentacion\/comida\/#website"},"primaryImageOfPage":{"@id":"https:\/\/www.euroresidentes.com\/alimentacion\/comida\/septiembre-frutas-y-verduras\/#primaryimage"},"image":{"@id":"https:\/\/www.euroresidentes.com\/alimentacion\/comida\/septiembre-frutas-y-verduras\/#primaryimage"},"thumbnailUrl":"https:\/\/www.euroresidentes.com\/alimentacion\/comida\/wp-content\/uploads\/sites\/3\/2019\/09\/frutas-verduras-septiembre.jpg","datePublished":"2019-09-10T09:16:10+00:00","dateModified":"2019-09-10T12:01:10+00:00","author":{"@id":"https:\/\/www.euroresidentes.com\/alimentacion\/comida\/#\/schema\/person\/a17bd74402f572912d324d8c56c2047d"},"description":"Calabazas, espinacas, ar\u00e1ndanos, moras, aunque la lista puede variar dependiendo de d\u00f3nde vivas,\u00a0 estas son las frutas y verduras de temporada de septiembre","breadcrumb":{"@id":"https:\/\/www.euroresidentes.com\/alimentacion\/comida\/septiembre-frutas-y-verduras\/#breadcrumb"},"inLanguage":"es","potentialAction":[{"@type":"ReadAction","target":["https:\/\/www.euroresidentes.com\/alimentacion\/comida\/septiembre-frutas-y-verduras\/"]}]},{"@type":"ImageObject","inLanguage":"es","@id":"https:\/\/www.euroresidentes.com\/alimentacion\/comida\/septiembre-frutas-y-verduras\/#primaryimage","url":"https:\/\/www.euroresidentes.com\/alimentacion\/comida\/wp-content\/uploads\/sites\/3\/2019\/09\/frutas-verduras-septiembre.jpg","contentUrl":"https:\/\/www.euroresidentes.com\/alimentacion\/comida\/wp-content\/uploads\/sites\/3\/2019\/09\/frutas-verduras-septiembre.jpg","width":800,"height":450,"caption":"Imagen de Free-Photos en Pixabay"},{"@type":"BreadcrumbList","@id":"https:\/\/www.euroresidentes.com\/alimentacion\/comida\/septiembre-frutas-y-verduras\/#breadcrumb","itemListElement":[{"@type":"ListItem","position":1,"name":"Portada","item":"https:\/\/www.euroresidentes.com\/alimentacion\/comida\/"},{"@type":"ListItem","position":2,"name":"Septiembre: frutas y verduras de temporada"}]},{"@type":"WebSite","@id":"https:\/\/www.euroresidentes.com\/alimentacion\/comida\/#website","url":"https:\/\/www.euroresidentes.com\/alimentacion\/comida\/","name":"Comida","description":"Comida Euroresidentes","potentialAction":[{"@type":"SearchAction","target":{"@type":"EntryPoint","urlTemplate":"https:\/\/www.euroresidentes.com\/alimentacion\/comida\/?s={search_term_string}"},"query-input":"required name=search_term_string"}],"inLanguage":"es"},{"@type":"Person","@id":"https:\/\/www.euroresidentes.com\/alimentacion\/comida\/#\/schema\/person\/a17bd74402f572912d324d8c56c2047d","name":"Euroresidentes","image":{"@type":"ImageObject","inLanguage":"es","@id":"https:\/\/www.euroresidentes.com\/alimentacion\/comida\/#\/schema\/person\/image\/","url":"https:\/\/www.euroresidentes.com\/alimentacion\/comida\/wp-content\/uploads\/sites\/3\/2016\/10\/logo-euroresidentes-300x300-150x150.jpg","contentUrl":"https:\/\/www.euroresidentes.com\/alimentacion\/comida\/wp-content\/uploads\/sites\/3\/2016\/10\/logo-euroresidentes-300x300-150x150.jpg","caption":"Euroresidentes"},"description":"EuroresidentesContenidos para resolver las necesidades grandes y peque\u00f1as de la vida cotidiana.","url":"https:\/\/www.euroresidentes.com\/alimentacion\/comida\/author\/euroresidentes\/"}]}},"jetpack_sharing_enabled":true,"jetpack_featured_media_url":"https:\/\/www.euroresidentes.com\/alimentacion\/comida\/wp-content\/uploads\/sites\/3\/2019\/09\/frutas-verduras-septiembre.jpg","jetpack_shortlink":"https:\/\/wp.me\/p7DCyl-u9","_links":{"self":[{"href":"https:\/\/www.euroresidentes.com\/alimentacion\/comida\/wp-json\/wp\/v2\/posts\/1869"}],"collection":[{"href":"https:\/\/www.euroresidentes.com\/alimentacion\/comida\/wp-json\/wp\/v2\/posts"}],"about":[{"href":"https:\/\/www.euroresidentes.com\/alimentacion\/comida\/wp-json\/wp\/v2\/types\/post"}],"author":[{"embeddable":true,"href":"https:\/\/www.euroresidentes.com\/alimentacion\/comida\/wp-json\/wp\/v2\/users\/1"}],"replies":[{"embeddable":true,"href":"https:\/\/www.euroresidentes.com\/alimentacion\/comida\/wp-json\/wp\/v2\/comments?post=1869"}],"version-history":[{"count":4,"href":"https:\/\/www.euroresidentes.com\/alimentacion\/comida\/wp-json\/wp\/v2\/posts\/1869\/revisions"}],"predecessor-version":[{"id":1875,"href":"https:\/\/www.euroresidentes.com\/alimentacion\/comida\/wp-json\/wp\/v2\/posts\/1869\/revisions\/1875"}],"wp:featuredmedia":[{"embeddable":true,"href":"https:\/\/www.euroresidentes.com\/alimentacion\/comida\/wp-json\/wp\/v2\/media\/1870"}],"wp:attachment":[{"href":"https:\/\/www.euroresidentes.com\/alimentacion\/comida\/wp-json\/wp\/v2\/media?parent=1869"}],"wp:term":[{"taxonomy":"category","embeddable":true,"href":"https:\/\/www.euroresidentes.com\/alimentacion\/comida\/wp-json\/wp\/v2\/categories?post=1869"},{"taxonomy":"post_tag","embeddable":true,"href":"https:\/\/www.euroresidentes.com\/alimentacion\/comida\/wp-json\/wp\/v2\/tags?post=1869"}],"curies":[{"name":"wp","href":"https:\/\/api.w.org\/{rel}","templated":true}]}}